{"id":10369,"date":"2023-04-20T11:06:09","date_gmt":"2023-04-20T11:06:09","guid":{"rendered":"https:\/\/unisale.com.br\/pastoral\/?p=6681"},"modified":"2023-04-20T11:06:09","modified_gmt":"2023-04-20T11:06:09","slug":"26-04-eu-sou-o-pao-da-vida-quem-vem-a-mim-nao-tera-mais-fome-e-quem-cre-em-mim-nunca-mais-tera-sede","status":"publish","type":"post","link":"https:\/\/unisale.com.br\/pastoral\/26-04-eu-sou-o-pao-da-vida-quem-vem-a-mim-nao-tera-mais-fome-e-quem-cre-em-mim-nunca-mais-tera-sede\/","title":{"rendered":"26\/04 &#8211; Eu sou o p\u00e3o da vida. Quem vem a mim n\u00e3o ter\u00e1 mais fome e quem cr\u00ea em mim nunca mais ter\u00e1 sede."},"content":{"rendered":"<p>Quarta-feira, 26 de abril de 2023.<\/p>\n<p>&nbsp;<\/p>\n<p>Evangelho (Jo 6,35-40)<\/p>\n<p>&nbsp;<\/p>\n<p><strong>\u201cEu sou o p\u00e3o da vida. Quem vem a mim n\u00e3o ter\u00e1 mais fome e quem cr\u00ea em mim nunca mais ter\u00e1 sede.\u201d<\/strong><\/p>\n<p>&nbsp;<\/p>\n<p>Naquele tempo, disse Jesus \u00e0 multid\u00e3o: 35\u201cEu sou o p\u00e3o da vida. Quem vem a mim n\u00e3o ter\u00e1 mais fome e quem cr\u00ea em mim nunca mais ter\u00e1 sede. 36Eu, por\u00e9m, vos disse que v\u00f3s me vistes, mas n\u00e3o acreditais. 37Todos os que o Pai me confia vir\u00e3o a mim, e quando vierem, n\u00e3o os afastarei. 38Pois eu desci do c\u00e9u n\u00e3o para fazer a minha vontade, mas a vontade daquele que me enviou. 39E esta \u00e9 a vontade daquele que me enviou: que eu n\u00e3o perca nenhum daqueles que ele me deu, mas os ressuscite no \u00faltimo dia. 40Pois esta \u00e9 a vontade do meu Pai: que toda pessoa que v\u00ea o Filho e nele cr\u00ea tenha a vida eterna. E eu o ressuscitarei no \u00faltimo dia\u201d.<\/p>\n<p>&nbsp;<\/p>\n<p><strong>Reflex\u00e3o<\/strong><\/p>\n<p>&nbsp;<\/p>\n<p>A pergunta \u00e9: O que Deus quer nos dar? O que Deus sonha para cada um de n\u00f3s? Esta resposta parece que encontramos no evangelho de hoje.<\/p>\n<p>&nbsp;<\/p>\n<p>\u201cE esta \u00e9 a vontade daquele que me enviou: que eu n\u00e3o perca nenhum daqueles que ele me deu, mas os ressuscite no \u00faltimo dia. Pois esta \u00e9 a vontade do meu Pai: que toda pessoa que v\u00ea o Filho e nele cr\u00ea tenha a vida eterna. E eu o ressuscitarei no \u00faltimo dia\u201d.<\/p>\n<p>Mas \u00e9 errado pensar que a vida eterna \u00e9 somente uma quest\u00e3o p\u00f3s-morte. A vida eterna tamb\u00e9m \u00e9 uma quest\u00e3o a ser vivida tamb\u00e9m aqui. \u00c9 aqui que iniciamos a vida eterna. \u00c9 aqui que para n\u00f3s se inicia o para\u00edso e o inferno. E o para\u00edso n\u00e3o \u00e9 n\u00e3o ter problemas. O para\u00edso \u00e9 saber-se amado por Algu\u00e9m. E igualmente o inferno \u00e9 n\u00e3o se sentir amado por algu\u00e9m. Se sabemos que somos amados, tudo \u00e9 para\u00edso, tamb\u00e9m os problemas. Mas se n\u00e3o nos sentimos amados, tudo \u00e9 inferno, tamb\u00e9m as coisas belas da vida. Depois da nossa morte aquilo que escolhemos com a nossa liberdade se torna definitivo. Mas \u00e9 aqui que fazemos as nossas escolhas. \u00c9 aqui que escolhemos ou n\u00e3o a Cristo. Eis porque dev\u00eassemos reformular as palavras de Jesus de modo que consigamos compreender em profundidade o que \u00e9 a Ressurrei\u00e7\u00e3o. A ressurrei\u00e7\u00e3o \u00e9 ter uma vida nova que nos \u00e9 doada pelo amor, do saber-se amado. At\u00e9 a morte foge diante do amor. \u201cO amor \u00e9 mais forte do que a morte\u201d como nos diz o livro do C\u00e2ntico dos C\u00e2nticos. Agora n\u00e3o devemos ler \u201co ressuscitarei no \u00faltimo dia\u201d, mas \u201co ressuscitarei todos os dias, at\u00e9 o \u00faltimo dia\u201d. Eis porque agora devemos aprender a considerar dois aspectos da nossa f\u00e9: um que diz respeito ao presente e um que tem a haver com o nosso \u00faltimo destino. Tudo o que diz respeito ao nosso fim \u00faltimo n\u00e3o se refere ao \u201cdepois\u201d, mas j\u00e1 o agora. Est\u00e1 aqui escondido nos sinais. A realidade est\u00e1 repleta do nosso \u00faltimo destino, mas o \u00e9 como um sacramento. \u00a0Devemos, portanto, sempre decifrar qual o nosso destino nas coisas deste mundo. Mas isto n\u00e3o \u00e9 suficiente porque devemos recordar que por fim este fato emergir\u00e1 com evid\u00eancia, ser\u00e1 uma realidade e n\u00e3o simplesmente um sinal de algo que vir\u00e1. O futuro se tornar\u00e1 presente e cada um de n\u00f3s viver\u00e1 para sempre daquilo que escolhei cada dia de sua vida.<\/p>\n<p>&nbsp;<\/p>\n<p><strong>Pe. Paulo Eduardo J\u00e1como, SDB.<\/strong><\/p>\n","protected":false},"excerpt":{"rendered":"<p>Quarta-feira, 26 de abril de 2023. &nbsp; Evangelho (Jo 6,35-40) &nbsp; \u201cEu sou o p\u00e3o da vida. Quem vem a mim n\u00e3o ter\u00e1 mais fome&#8230;<\/p>\n","protected":false},"author":1,"featured_media":10371,"comment_status":"closed","ping_status":"closed","sticky":false,"template":"","format":"standard","meta":{"_acf_changed":false,"footnotes":""},"categories":[13],"tags":[],"class_list":["post-10369","post","type-post","status-publish","format-standard","has-post-thumbnail","hentry","category-reflexaodoevagelho"],"acf":[],"yoast_head":"<!-- This site is optimized with the Yoast SEO plugin v27.3 - https:\/\/yoast.com\/product\/yoast-seo-wordpress\/ -->\n<title>26\/04 - Eu sou o p\u00e3o da vida. Quem vem a mim n\u00e3o ter\u00e1 mais fome e quem cr\u00ea em mim nunca mais ter\u00e1 sede. - Pastoral Universit\u00e1ria UniSALESIANO<\/title>\n<meta name=\"robots\" content=\"index, follow, max-snippet:-1, max-image-preview:large, max-video-preview:-1\" \/>\n<link rel=\"canonical\" href=\"https:\/\/unisale.com.br\/novo\/26-04-eu-sou-o-pao-da-vida-quem-vem-a-mim-nao-tera-mais-fome-e-quem-cre-em-mim-nunca-mais-tera-sede\/\" \/>\n<meta property=\"og:locale\" content=\"pt_BR\" \/>\n<meta property=\"og:type\" content=\"article\" \/>\n<meta property=\"og:title\" content=\"26\/04 - Eu sou o p\u00e3o da vida. Quem vem a mim n\u00e3o ter\u00e1 mais fome e quem cr\u00ea em mim nunca mais ter\u00e1 sede. - Pastoral Universit\u00e1ria UniSALESIANO\" \/>\n<meta property=\"og:description\" content=\"Quarta-feira, 26 de abril de 2023. &nbsp; Evangelho (Jo 6,35-40) &nbsp; \u201cEu sou o p\u00e3o da vida. Quem vem a mim n\u00e3o ter\u00e1 mais fome...\" \/>\n<meta property=\"og:url\" content=\"https:\/\/unisale.com.br\/novo\/26-04-eu-sou-o-pao-da-vida-quem-vem-a-mim-nao-tera-mais-fome-e-quem-cre-em-mim-nunca-mais-tera-sede\/\" \/>\n<meta property=\"og:site_name\" content=\"Pastoral Universit\u00e1ria UniSALESIANO\" \/>\n<meta property=\"article:published_time\" content=\"2023-04-20T11:06:09+00:00\" \/>\n<meta name=\"author\" content=\"pastoral\" \/>\n<meta name=\"twitter:card\" content=\"summary_large_image\" \/>\n<meta name=\"twitter:label1\" content=\"Escrito por\" \/>\n\t<meta name=\"twitter:data1\" content=\"pastoral\" \/>\n\t<meta name=\"twitter:label2\" content=\"Est. tempo de leitura\" \/>\n\t<meta name=\"twitter:data2\" content=\"3 minutos\" \/>\n<script type=\"application\/ld+json\" class=\"yoast-schema-graph\">{\"@context\":\"https:\\\/\\\/schema.org\",\"@graph\":[{\"@type\":\"Article\",\"@id\":\"https:\\\/\\\/unisale.com.br\\\/novo\\\/26-04-eu-sou-o-pao-da-vida-quem-vem-a-mim-nao-tera-mais-fome-e-quem-cre-em-mim-nunca-mais-tera-sede\\\/#article\",\"isPartOf\":{\"@id\":\"https:\\\/\\\/unisale.com.br\\\/novo\\\/26-04-eu-sou-o-pao-da-vida-quem-vem-a-mim-nao-tera-mais-fome-e-quem-cre-em-mim-nunca-mais-tera-sede\\\/\"},\"author\":{\"name\":\"pastoral\",\"@id\":\"https:\\\/\\\/unisale.com.br\\\/pastoral\\\/#\\\/schema\\\/person\\\/a16ba711a0f7dec9cb6b44563144d5a3\"},\"headline\":\"26\\\/04 &#8211; Eu sou o p\u00e3o da vida. Quem vem a mim n\u00e3o ter\u00e1 mais fome e quem cr\u00ea em mim nunca mais ter\u00e1 sede.\",\"datePublished\":\"2023-04-20T11:06:09+00:00\",\"mainEntityOfPage\":{\"@id\":\"https:\\\/\\\/unisale.com.br\\\/novo\\\/26-04-eu-sou-o-pao-da-vida-quem-vem-a-mim-nao-tera-mais-fome-e-quem-cre-em-mim-nunca-mais-tera-sede\\\/\"},\"wordCount\":634,\"image\":{\"@id\":\"https:\\\/\\\/unisale.com.br\\\/novo\\\/26-04-eu-sou-o-pao-da-vida-quem-vem-a-mim-nao-tera-mais-fome-e-quem-cre-em-mim-nunca-mais-tera-sede\\\/#primaryimage\"},\"thumbnailUrl\":\"https:\\\/\\\/unisale.com.br\\\/pastoral\\\/wp-content\\\/uploads\\\/2023\\\/04\\\/Ev-26.jpg\",\"articleSection\":[\"Reflex\u00e3o do Evangelho\"],\"inLanguage\":\"pt-BR\"},{\"@type\":\"WebPage\",\"@id\":\"https:\\\/\\\/unisale.com.br\\\/novo\\\/26-04-eu-sou-o-pao-da-vida-quem-vem-a-mim-nao-tera-mais-fome-e-quem-cre-em-mim-nunca-mais-tera-sede\\\/\",\"url\":\"https:\\\/\\\/unisale.com.br\\\/novo\\\/26-04-eu-sou-o-pao-da-vida-quem-vem-a-mim-nao-tera-mais-fome-e-quem-cre-em-mim-nunca-mais-tera-sede\\\/\",\"name\":\"26\\\/04 - Eu sou o p\u00e3o da vida. Quem vem a mim n\u00e3o ter\u00e1 mais fome e quem cr\u00ea em mim nunca mais ter\u00e1 sede. - Pastoral Universit\u00e1ria UniSALESIANO\",\"isPartOf\":{\"@id\":\"https:\\\/\\\/unisale.com.br\\\/pastoral\\\/#website\"},\"primaryImageOfPage\":{\"@id\":\"https:\\\/\\\/unisale.com.br\\\/novo\\\/26-04-eu-sou-o-pao-da-vida-quem-vem-a-mim-nao-tera-mais-fome-e-quem-cre-em-mim-nunca-mais-tera-sede\\\/#primaryimage\"},\"image\":{\"@id\":\"https:\\\/\\\/unisale.com.br\\\/novo\\\/26-04-eu-sou-o-pao-da-vida-quem-vem-a-mim-nao-tera-mais-fome-e-quem-cre-em-mim-nunca-mais-tera-sede\\\/#primaryimage\"},\"thumbnailUrl\":\"https:\\\/\\\/unisale.com.br\\\/pastoral\\\/wp-content\\\/uploads\\\/2023\\\/04\\\/Ev-26.jpg\",\"datePublished\":\"2023-04-20T11:06:09+00:00\",\"author\":{\"@id\":\"https:\\\/\\\/unisale.com.br\\\/pastoral\\\/#\\\/schema\\\/person\\\/a16ba711a0f7dec9cb6b44563144d5a3\"},\"inLanguage\":\"pt-BR\",\"potentialAction\":[{\"@type\":\"ReadAction\",\"target\":[\"https:\\\/\\\/unisale.com.br\\\/novo\\\/26-04-eu-sou-o-pao-da-vida-quem-vem-a-mim-nao-tera-mais-fome-e-quem-cre-em-mim-nunca-mais-tera-sede\\\/\"]}]},{\"@type\":\"ImageObject\",\"inLanguage\":\"pt-BR\",\"@id\":\"https:\\\/\\\/unisale.com.br\\\/novo\\\/26-04-eu-sou-o-pao-da-vida-quem-vem-a-mim-nao-tera-mais-fome-e-quem-cre-em-mim-nunca-mais-tera-sede\\\/#primaryimage\",\"url\":\"https:\\\/\\\/unisale.com.br\\\/pastoral\\\/wp-content\\\/uploads\\\/2023\\\/04\\\/Ev-26.jpg\",\"contentUrl\":\"https:\\\/\\\/unisale.com.br\\\/pastoral\\\/wp-content\\\/uploads\\\/2023\\\/04\\\/Ev-26.jpg\",\"width\":750,\"height\":350},{\"@type\":\"WebSite\",\"@id\":\"https:\\\/\\\/unisale.com.br\\\/pastoral\\\/#website\",\"url\":\"https:\\\/\\\/unisale.com.br\\\/pastoral\\\/\",\"name\":\"Pastoral Universit\u00e1ria UniSALESIANO\",\"description\":\"Site da Pastoral Universit\u00e1ria do UniSALESIANO\",\"potentialAction\":[{\"@type\":\"SearchAction\",\"target\":{\"@type\":\"EntryPoint\",\"urlTemplate\":\"https:\\\/\\\/unisale.com.br\\\/pastoral\\\/?s={search_term_string}\"},\"query-input\":{\"@type\":\"PropertyValueSpecification\",\"valueRequired\":true,\"valueName\":\"search_term_string\"}}],\"inLanguage\":\"pt-BR\"},{\"@type\":\"Person\",\"@id\":\"https:\\\/\\\/unisale.com.br\\\/pastoral\\\/#\\\/schema\\\/person\\\/a16ba711a0f7dec9cb6b44563144d5a3\",\"name\":\"pastoral\",\"url\":\"https:\\\/\\\/unisale.com.br\\\/pastoral\\\/author\\\/pastoral\\\/\"}]}<\/script>\n<!-- \/ Yoast SEO plugin. -->","yoast_head_json":{"title":"26\/04 - Eu sou o p\u00e3o da vida. Quem vem a mim n\u00e3o ter\u00e1 mais fome e quem cr\u00ea em mim nunca mais ter\u00e1 sede. - Pastoral Universit\u00e1ria UniSALESIANO","robots":{"index":"index","follow":"follow","max-snippet":"max-snippet:-1","max-image-preview":"max-image-preview:large","max-video-preview":"max-video-preview:-1"},"canonical":"https:\/\/unisale.com.br\/novo\/26-04-eu-sou-o-pao-da-vida-quem-vem-a-mim-nao-tera-mais-fome-e-quem-cre-em-mim-nunca-mais-tera-sede\/","og_locale":"pt_BR","og_type":"article","og_title":"26\/04 - Eu sou o p\u00e3o da vida. Quem vem a mim n\u00e3o ter\u00e1 mais fome e quem cr\u00ea em mim nunca mais ter\u00e1 sede. - Pastoral Universit\u00e1ria UniSALESIANO","og_description":"Quarta-feira, 26 de abril de 2023. &nbsp; Evangelho (Jo 6,35-40) &nbsp; \u201cEu sou o p\u00e3o da vida. Quem vem a mim n\u00e3o ter\u00e1 mais fome...","og_url":"https:\/\/unisale.com.br\/novo\/26-04-eu-sou-o-pao-da-vida-quem-vem-a-mim-nao-tera-mais-fome-e-quem-cre-em-mim-nunca-mais-tera-sede\/","og_site_name":"Pastoral Universit\u00e1ria UniSALESIANO","article_published_time":"2023-04-20T11:06:09+00:00","author":"pastoral","twitter_card":"summary_large_image","twitter_misc":{"Escrito por":"pastoral","Est. tempo de leitura":"3 minutos"},"schema":{"@context":"https:\/\/schema.org","@graph":[{"@type":"Article","@id":"https:\/\/unisale.com.br\/novo\/26-04-eu-sou-o-pao-da-vida-quem-vem-a-mim-nao-tera-mais-fome-e-quem-cre-em-mim-nunca-mais-tera-sede\/#article","isPartOf":{"@id":"https:\/\/unisale.com.br\/novo\/26-04-eu-sou-o-pao-da-vida-quem-vem-a-mim-nao-tera-mais-fome-e-quem-cre-em-mim-nunca-mais-tera-sede\/"},"author":{"name":"pastoral","@id":"https:\/\/unisale.com.br\/pastoral\/#\/schema\/person\/a16ba711a0f7dec9cb6b44563144d5a3"},"headline":"26\/04 &#8211; Eu sou o p\u00e3o da vida. Quem vem a mim n\u00e3o ter\u00e1 mais fome e quem cr\u00ea em mim nunca mais ter\u00e1 sede.","datePublished":"2023-04-20T11:06:09+00:00","mainEntityOfPage":{"@id":"https:\/\/unisale.com.br\/novo\/26-04-eu-sou-o-pao-da-vida-quem-vem-a-mim-nao-tera-mais-fome-e-quem-cre-em-mim-nunca-mais-tera-sede\/"},"wordCount":634,"image":{"@id":"https:\/\/unisale.com.br\/novo\/26-04-eu-sou-o-pao-da-vida-quem-vem-a-mim-nao-tera-mais-fome-e-quem-cre-em-mim-nunca-mais-tera-sede\/#primaryimage"},"thumbnailUrl":"https:\/\/unisale.com.br\/pastoral\/wp-content\/uploads\/2023\/04\/Ev-26.jpg","articleSection":["Reflex\u00e3o do Evangelho"],"inLanguage":"pt-BR"},{"@type":"WebPage","@id":"https:\/\/unisale.com.br\/novo\/26-04-eu-sou-o-pao-da-vida-quem-vem-a-mim-nao-tera-mais-fome-e-quem-cre-em-mim-nunca-mais-tera-sede\/","url":"https:\/\/unisale.com.br\/novo\/26-04-eu-sou-o-pao-da-vida-quem-vem-a-mim-nao-tera-mais-fome-e-quem-cre-em-mim-nunca-mais-tera-sede\/","name":"26\/04 - Eu sou o p\u00e3o da vida. Quem vem a mim n\u00e3o ter\u00e1 mais fome e quem cr\u00ea em mim nunca mais ter\u00e1 sede. - Pastoral Universit\u00e1ria UniSALESIANO","isPartOf":{"@id":"https:\/\/unisale.com.br\/pastoral\/#website"},"primaryImageOfPage":{"@id":"https:\/\/unisale.com.br\/novo\/26-04-eu-sou-o-pao-da-vida-quem-vem-a-mim-nao-tera-mais-fome-e-quem-cre-em-mim-nunca-mais-tera-sede\/#primaryimage"},"image":{"@id":"https:\/\/unisale.com.br\/novo\/26-04-eu-sou-o-pao-da-vida-quem-vem-a-mim-nao-tera-mais-fome-e-quem-cre-em-mim-nunca-mais-tera-sede\/#primaryimage"},"thumbnailUrl":"https:\/\/unisale.com.br\/pastoral\/wp-content\/uploads\/2023\/04\/Ev-26.jpg","datePublished":"2023-04-20T11:06:09+00:00","author":{"@id":"https:\/\/unisale.com.br\/pastoral\/#\/schema\/person\/a16ba711a0f7dec9cb6b44563144d5a3"},"inLanguage":"pt-BR","potentialAction":[{"@type":"ReadAction","target":["https:\/\/unisale.com.br\/novo\/26-04-eu-sou-o-pao-da-vida-quem-vem-a-mim-nao-tera-mais-fome-e-quem-cre-em-mim-nunca-mais-tera-sede\/"]}]},{"@type":"ImageObject","inLanguage":"pt-BR","@id":"https:\/\/unisale.com.br\/novo\/26-04-eu-sou-o-pao-da-vida-quem-vem-a-mim-nao-tera-mais-fome-e-quem-cre-em-mim-nunca-mais-tera-sede\/#primaryimage","url":"https:\/\/unisale.com.br\/pastoral\/wp-content\/uploads\/2023\/04\/Ev-26.jpg","contentUrl":"https:\/\/unisale.com.br\/pastoral\/wp-content\/uploads\/2023\/04\/Ev-26.jpg","width":750,"height":350},{"@type":"WebSite","@id":"https:\/\/unisale.com.br\/pastoral\/#website","url":"https:\/\/unisale.com.br\/pastoral\/","name":"Pastoral Universit\u00e1ria UniSALESIANO","description":"Site da Pastoral Universit\u00e1ria do UniSALESIANO","potentialAction":[{"@type":"SearchAction","target":{"@type":"EntryPoint","urlTemplate":"https:\/\/unisale.com.br\/pastoral\/?s={search_term_string}"},"query-input":{"@type":"PropertyValueSpecification","valueRequired":true,"valueName":"search_term_string"}}],"inLanguage":"pt-BR"},{"@type":"Person","@id":"https:\/\/unisale.com.br\/pastoral\/#\/schema\/person\/a16ba711a0f7dec9cb6b44563144d5a3","name":"pastoral","url":"https:\/\/unisale.com.br\/pastoral\/author\/pastoral\/"}]}},"_links":{"self":[{"href":"https:\/\/unisale.com.br\/pastoral\/wp-json\/wp\/v2\/posts\/10369","targetHints":{"allow":["GET"]}}],"collection":[{"href":"https:\/\/unisale.com.br\/pastoral\/wp-json\/wp\/v2\/posts"}],"about":[{"href":"https:\/\/unisale.com.br\/pastoral\/wp-json\/wp\/v2\/types\/post"}],"author":[{"embeddable":true,"href":"https:\/\/unisale.com.br\/pastoral\/wp-json\/wp\/v2\/users\/1"}],"replies":[{"embeddable":true,"href":"https:\/\/unisale.com.br\/pastoral\/wp-json\/wp\/v2\/comments?post=10369"}],"version-history":[{"count":0,"href":"https:\/\/unisale.com.br\/pastoral\/wp-json\/wp\/v2\/posts\/10369\/revisions"}],"wp:featuredmedia":[{"embeddable":true,"href":"https:\/\/unisale.com.br\/pastoral\/wp-json\/wp\/v2\/media\/10371"}],"wp:attachment":[{"href":"https:\/\/unisale.com.br\/pastoral\/wp-json\/wp\/v2\/media?parent=10369"}],"wp:term":[{"taxonomy":"category","embeddable":true,"href":"https:\/\/unisale.com.br\/pastoral\/wp-json\/wp\/v2\/categories?post=10369"},{"taxonomy":"post_tag","embeddable":true,"href":"https:\/\/unisale.com.br\/pastoral\/wp-json\/wp\/v2\/tags?post=10369"}],"curies":[{"name":"wp","href":"https:\/\/api.w.org\/{rel}","templated":true}]}}