{"id":10397,"date":"2023-05-12T11:19:40","date_gmt":"2023-05-12T11:19:40","guid":{"rendered":"https:\/\/unisale.com.br\/pastoral\/?p=6774"},"modified":"2023-05-12T11:19:40","modified_gmt":"2023-05-12T11:19:40","slug":"14-05-ora-quem-me-ama-sera-amado-por-meu-pai-e-eu-o-amarei-e-me-manifestarei-a-ele","status":"publish","type":"post","link":"https:\/\/unisale.com.br\/pastoral\/14-05-ora-quem-me-ama-sera-amado-por-meu-pai-e-eu-o-amarei-e-me-manifestarei-a-ele\/","title":{"rendered":"14\/05 &#8211; Ora, quem me ama ser\u00e1 amado por meu Pai, e eu o amarei e me manifestarei a ele."},"content":{"rendered":"<p>Domingo, 14 de maio de 2023.<\/p>\n<p>&nbsp;<\/p>\n<p>Evangelho (Jo 14,15-21)<\/p>\n<p>&nbsp;<\/p>\n<p><strong>\u201cOra, quem me ama ser\u00e1 amado por meu Pai, e eu o amarei e me manifestarei a ele.\u201d<\/strong><\/p>\n<p>&nbsp;<\/p>\n<p>Naquele tempo, disse Jesus a seus disc\u00edpulos: <sup>15<\/sup>Se me amais, guardareis os meus mandamentos, <sup>16<\/sup>e eu rogarei ao Pai, e ele vos dar\u00e1 um outro Defensor, para que permane\u00e7a sempre convosco: <sup>17<\/sup>o Esp\u00edrito da Verdade, que o mundo n\u00e3o \u00e9 capaz de receber, porque n\u00e3o o v\u00ea nem o conhece. V\u00f3s o conheceis, porque ele permanece junto de v\u00f3s e estar\u00e1 dentro de v\u00f3s. <sup>18<\/sup>N\u00e3o vos deixarei \u00f3rf\u00e3os. Eu virei a v\u00f3s. <sup>19<\/sup>Pouco tempo ainda, e o mundo n\u00e3o mais me ver\u00e1, mas v\u00f3s me vereis, porque eu vivo e v\u00f3s vivereis. <sup>20<\/sup>Naquele dia sabereis que eu estou no meu Pai e v\u00f3s em mim e eu em v\u00f3s. <sup>21<\/sup>Quem acolheu os meus mandamentos e os observa, esse me ama. Ora, quem me ama ser\u00e1 amado por meu Pai, e eu o amarei e me manifestarei a ele.<\/p>\n<p>&nbsp;<\/p>\n<p>&nbsp;<\/p>\n<p><strong>Reflex\u00e3o<\/strong><\/p>\n<p>&nbsp;<\/p>\n<p>Muitas vezes n\u00f3s pensamos que a solu\u00e7\u00e3o de muitos dos nossos problemas devem vir de fora. Por exemplo, se sofremos por causa de uma pessoa, achamos que para as coisas melhorarem, \u00e9 a pessoa que deve mudar e n\u00e3o n\u00f3s. Mas n\u00e3o \u00e9 certo pensar assim. Muitas vezes somos n\u00f3s que devemos mudar a nossa maneira de pensar e assumir posturas diferentes. Isto tamb\u00e9m vale em rela\u00e7\u00e3o a Deus. Muitas vezes esperamos de Deus sabe-se l\u00e1 que tipo de sinal. Mas para se fazer conhecer, Deus n\u00e3o precisa fazer mais nada, para fazer-se conhecer Deus n\u00e3o precisa dar mais do que j\u00e1 deu. Se algu\u00e9m espera este \u201calgo mais\u201d, se ilude: de fato, o amor de Deus j\u00e1 foi manifestado diante de n\u00f3s, precisamos somente enxerg\u00e1-lo e acolh\u00ea-lo. O problema est\u00e1 em n\u00f3s e n\u00e3o em Deus. Por isso Jesus insiste sobre a mudan\u00e7a interior dos Ap\u00f3stolos e fala da necessidade de receber o Esp\u00edrito Santo. Por qu\u00ea? Porque o Esp\u00edrito Santo \u00c9 Deus acolhido dentro de n\u00f3s, a fim de que seja Ele a nos reerguer, a nos conduzir, a preencher o vario da nossa alma. Sim, o vazio. De fato, o primeiro momento da convers\u00e3o de uma pessoa \u00e9 a consci\u00eancia de estar vazio e pobre, a consci\u00eancia de ser um nada. Esta consci\u00eancia \u00e9 infeliz se o orgulho a toma pela m\u00e3o e a domina atrav\u00e9s da rebeli\u00e3o ou pela vaidade. Mas se esta consci\u00eancia se torna humilde abertura a Quem pode salvar, agora conduz a Deus, \u00e9 a alegria de Deus. Jesus disse: \u201cAquilo que gerou a carne, \u00e9 carne (Jo 3,6). Estas palavras significam que a pessoa \u00e9 feita para acolher Deus, assim, a carne (isto \u00e9, as solu\u00e7\u00f5es terrestres) n\u00e3o poder\u00e3o jamais satisfazer a pessoa. Se n\u00e3o se acolhe Deus, nos condenamos ao inferno: dentro de n\u00f3s evidentemente! Acolher o Espirito Santo, agora, se torna o nosso trabalho de todos os dias. Jesus disse: \u201c&#8230;eu rogarei ao Pai, e ele vos dar\u00e1 um outro Defensor, para que permane\u00e7a sempre convosco: o Esp\u00edrito da Verdade, que o mundo n\u00e3o \u00e9 capaz de receber, porque n\u00e3o o v\u00ea nem o conhece\u201d. Jesus insiste sobre as condi\u00e7\u00f5es interiores para acolher Deus e ver Deus: at\u00e9 que o nosso cora\u00e7\u00e3o esteja preso ao pecado, n\u00f3s seremos como cegos: n\u00e3o poderemos ver Deus. Mas a culpa n\u00e3o \u00e9 da luz, mas sim dos nossos olhos obstinadamente fechados \u00e0 luz. Sobre isto devemos pensar todos os dias. Jesus nos garante a possibilidade de uma experi\u00eancia nova fruto da sua morte e Ressurrei\u00e7\u00e3o: \u00e9 a experi\u00eancia da vida nova no Espirito Santo. Tantos crist\u00e3os fizeram esta experi\u00eancia: e n\u00e3o somente os santos do calend\u00e1rio. Tantas pessoas encontraram na vida o que n\u00f3s n\u00e3o conseguimos encontrar: se encontraram a paz, a paz existe; se encontraram a alegria, a alegria existe; se encontraram Cristo, Cristo est\u00e1 vivo e podemos encontra-lo. Outra quest\u00e3o pode ainda nos incomodar: qual \u00e9 o sinal da presen\u00e7a do Espirito de Jesus dentro de n\u00f3s e em meio a n\u00f3s? Jesus disse aos Ap\u00f3stolos na \u00daltima Ceia: \u201cEu sou a videira; voc\u00eas s\u00e3o os ramos. Se algu\u00e9m permanecer em mim e eu nele, esse dar\u00e1 muito fruto; pois sem mim voc\u00eas n\u00e3o podem fazer coisa alguma.\u201d. O que significa permanecer em Cristo? Significa permanecer no amor. Deus \u00e9 Amor. Vivendo o amor, n\u00f3s mergulharemos em Deus e nos encheremos da sua alegria. Conclus\u00e3o importante: quem vive na caridade vive em Deus e possui j\u00e1 o Para\u00edso dentro de si, mesmo que o mundo deva ruir \u00e0s suas costas. Quem n\u00e3o vive na caridade, n\u00e3o vive em Deus e possui j\u00e1 o inferno dentro de si, tamb\u00e9m se humanamente tudo vai bem. Quando o cora\u00e7\u00e3o \u00e9 habitado pelo amor, vive todas as exig\u00eancias do amor. Se falta a caridade, tudo perde o valor.<\/p>\n<p>&nbsp;<\/p>\n<p><strong>Pe. Paulo Eduardo J\u00e1como, SDB.<\/strong><\/p>\n","protected":false},"excerpt":{"rendered":"<p>Domingo, 14 de maio de 2023. &nbsp; Evangelho (Jo 14,15-21) &nbsp; \u201cOra, quem me ama ser\u00e1 amado por meu Pai, e eu o amarei e&#8230;<\/p>\n","protected":false},"author":1,"featured_media":10396,"comment_status":"closed","ping_status":"closed","sticky":false,"template":"","format":"standard","meta":{"_acf_changed":false,"footnotes":""},"categories":[13],"tags":[],"class_list":["post-10397","post","type-post","status-publish","format-standard","has-post-thumbnail","hentry","category-reflexaodoevagelho"],"acf":[],"yoast_head":"<!-- This site is optimized with the Yoast SEO plugin v27.3 - https:\/\/yoast.com\/product\/yoast-seo-wordpress\/ -->\n<title>14\/05 - Ora, quem me ama ser\u00e1 amado por meu Pai, e eu o amarei e me manifestarei a ele. - Pastoral Universit\u00e1ria UniSALESIANO<\/title>\n<meta name=\"robots\" content=\"index, follow, max-snippet:-1, max-image-preview:large, max-video-preview:-1\" \/>\n<link rel=\"canonical\" href=\"https:\/\/unisale.com.br\/novo\/14-05-ora-quem-me-ama-sera-amado-por-meu-pai-e-eu-o-amarei-e-me-manifestarei-a-ele\/\" \/>\n<meta property=\"og:locale\" content=\"pt_BR\" \/>\n<meta property=\"og:type\" content=\"article\" \/>\n<meta property=\"og:title\" content=\"14\/05 - Ora, quem me ama ser\u00e1 amado por meu Pai, e eu o amarei e me manifestarei a ele. - Pastoral Universit\u00e1ria UniSALESIANO\" \/>\n<meta property=\"og:description\" content=\"Domingo, 14 de maio de 2023. &nbsp; Evangelho (Jo 14,15-21) &nbsp; \u201cOra, quem me ama ser\u00e1 amado por meu Pai, e eu o amarei e...\" \/>\n<meta property=\"og:url\" content=\"https:\/\/unisale.com.br\/novo\/14-05-ora-quem-me-ama-sera-amado-por-meu-pai-e-eu-o-amarei-e-me-manifestarei-a-ele\/\" \/>\n<meta property=\"og:site_name\" content=\"Pastoral Universit\u00e1ria UniSALESIANO\" \/>\n<meta property=\"article:published_time\" content=\"2023-05-12T11:19:40+00:00\" \/>\n<meta name=\"author\" content=\"pastoral\" \/>\n<meta name=\"twitter:card\" content=\"summary_large_image\" \/>\n<meta name=\"twitter:label1\" content=\"Escrito por\" \/>\n\t<meta name=\"twitter:data1\" content=\"pastoral\" \/>\n\t<meta name=\"twitter:label2\" content=\"Est. tempo de leitura\" \/>\n\t<meta name=\"twitter:data2\" content=\"4 minutos\" \/>\n<script type=\"application\/ld+json\" class=\"yoast-schema-graph\">{\"@context\":\"https:\\\/\\\/schema.org\",\"@graph\":[{\"@type\":\"Article\",\"@id\":\"https:\\\/\\\/unisale.com.br\\\/novo\\\/14-05-ora-quem-me-ama-sera-amado-por-meu-pai-e-eu-o-amarei-e-me-manifestarei-a-ele\\\/#article\",\"isPartOf\":{\"@id\":\"https:\\\/\\\/unisale.com.br\\\/novo\\\/14-05-ora-quem-me-ama-sera-amado-por-meu-pai-e-eu-o-amarei-e-me-manifestarei-a-ele\\\/\"},\"author\":{\"name\":\"pastoral\",\"@id\":\"https:\\\/\\\/unisale.com.br\\\/pastoral\\\/#\\\/schema\\\/person\\\/a16ba711a0f7dec9cb6b44563144d5a3\"},\"headline\":\"14\\\/05 &#8211; Ora, quem me ama ser\u00e1 amado por meu Pai, e eu o amarei e me manifestarei a ele.\",\"datePublished\":\"2023-05-12T11:19:40+00:00\",\"mainEntityOfPage\":{\"@id\":\"https:\\\/\\\/unisale.com.br\\\/novo\\\/14-05-ora-quem-me-ama-sera-amado-por-meu-pai-e-eu-o-amarei-e-me-manifestarei-a-ele\\\/\"},\"wordCount\":898,\"image\":{\"@id\":\"https:\\\/\\\/unisale.com.br\\\/novo\\\/14-05-ora-quem-me-ama-sera-amado-por-meu-pai-e-eu-o-amarei-e-me-manifestarei-a-ele\\\/#primaryimage\"},\"thumbnailUrl\":\"https:\\\/\\\/unisale.com.br\\\/pastoral\\\/wp-content\\\/uploads\\\/2023\\\/05\\\/Ev-14.jpg\",\"articleSection\":[\"Reflex\u00e3o do Evangelho\"],\"inLanguage\":\"pt-BR\"},{\"@type\":\"WebPage\",\"@id\":\"https:\\\/\\\/unisale.com.br\\\/novo\\\/14-05-ora-quem-me-ama-sera-amado-por-meu-pai-e-eu-o-amarei-e-me-manifestarei-a-ele\\\/\",\"url\":\"https:\\\/\\\/unisale.com.br\\\/novo\\\/14-05-ora-quem-me-ama-sera-amado-por-meu-pai-e-eu-o-amarei-e-me-manifestarei-a-ele\\\/\",\"name\":\"14\\\/05 - Ora, quem me ama ser\u00e1 amado por meu Pai, e eu o amarei e me manifestarei a ele. - Pastoral Universit\u00e1ria UniSALESIANO\",\"isPartOf\":{\"@id\":\"https:\\\/\\\/unisale.com.br\\\/pastoral\\\/#website\"},\"primaryImageOfPage\":{\"@id\":\"https:\\\/\\\/unisale.com.br\\\/novo\\\/14-05-ora-quem-me-ama-sera-amado-por-meu-pai-e-eu-o-amarei-e-me-manifestarei-a-ele\\\/#primaryimage\"},\"image\":{\"@id\":\"https:\\\/\\\/unisale.com.br\\\/novo\\\/14-05-ora-quem-me-ama-sera-amado-por-meu-pai-e-eu-o-amarei-e-me-manifestarei-a-ele\\\/#primaryimage\"},\"thumbnailUrl\":\"https:\\\/\\\/unisale.com.br\\\/pastoral\\\/wp-content\\\/uploads\\\/2023\\\/05\\\/Ev-14.jpg\",\"datePublished\":\"2023-05-12T11:19:40+00:00\",\"author\":{\"@id\":\"https:\\\/\\\/unisale.com.br\\\/pastoral\\\/#\\\/schema\\\/person\\\/a16ba711a0f7dec9cb6b44563144d5a3\"},\"inLanguage\":\"pt-BR\",\"potentialAction\":[{\"@type\":\"ReadAction\",\"target\":[\"https:\\\/\\\/unisale.com.br\\\/novo\\\/14-05-ora-quem-me-ama-sera-amado-por-meu-pai-e-eu-o-amarei-e-me-manifestarei-a-ele\\\/\"]}]},{\"@type\":\"ImageObject\",\"inLanguage\":\"pt-BR\",\"@id\":\"https:\\\/\\\/unisale.com.br\\\/novo\\\/14-05-ora-quem-me-ama-sera-amado-por-meu-pai-e-eu-o-amarei-e-me-manifestarei-a-ele\\\/#primaryimage\",\"url\":\"https:\\\/\\\/unisale.com.br\\\/pastoral\\\/wp-content\\\/uploads\\\/2023\\\/05\\\/Ev-14.jpg\",\"contentUrl\":\"https:\\\/\\\/unisale.com.br\\\/pastoral\\\/wp-content\\\/uploads\\\/2023\\\/05\\\/Ev-14.jpg\",\"width\":783,\"height\":500},{\"@type\":\"WebSite\",\"@id\":\"https:\\\/\\\/unisale.com.br\\\/pastoral\\\/#website\",\"url\":\"https:\\\/\\\/unisale.com.br\\\/pastoral\\\/\",\"name\":\"Pastoral Universit\u00e1ria UniSALESIANO\",\"description\":\"Site da Pastoral Universit\u00e1ria do UniSALESIANO\",\"potentialAction\":[{\"@type\":\"SearchAction\",\"target\":{\"@type\":\"EntryPoint\",\"urlTemplate\":\"https:\\\/\\\/unisale.com.br\\\/pastoral\\\/?s={search_term_string}\"},\"query-input\":{\"@type\":\"PropertyValueSpecification\",\"valueRequired\":true,\"valueName\":\"search_term_string\"}}],\"inLanguage\":\"pt-BR\"},{\"@type\":\"Person\",\"@id\":\"https:\\\/\\\/unisale.com.br\\\/pastoral\\\/#\\\/schema\\\/person\\\/a16ba711a0f7dec9cb6b44563144d5a3\",\"name\":\"pastoral\",\"url\":\"https:\\\/\\\/unisale.com.br\\\/pastoral\\\/author\\\/pastoral\\\/\"}]}<\/script>\n<!-- \/ Yoast SEO plugin. -->","yoast_head_json":{"title":"14\/05 - Ora, quem me ama ser\u00e1 amado por meu Pai, e eu o amarei e me manifestarei a ele. - Pastoral Universit\u00e1ria UniSALESIANO","robots":{"index":"index","follow":"follow","max-snippet":"max-snippet:-1","max-image-preview":"max-image-preview:large","max-video-preview":"max-video-preview:-1"},"canonical":"https:\/\/unisale.com.br\/novo\/14-05-ora-quem-me-ama-sera-amado-por-meu-pai-e-eu-o-amarei-e-me-manifestarei-a-ele\/","og_locale":"pt_BR","og_type":"article","og_title":"14\/05 - Ora, quem me ama ser\u00e1 amado por meu Pai, e eu o amarei e me manifestarei a ele. - Pastoral Universit\u00e1ria UniSALESIANO","og_description":"Domingo, 14 de maio de 2023. &nbsp; Evangelho (Jo 14,15-21) &nbsp; \u201cOra, quem me ama ser\u00e1 amado por meu Pai, e eu o amarei e...","og_url":"https:\/\/unisale.com.br\/novo\/14-05-ora-quem-me-ama-sera-amado-por-meu-pai-e-eu-o-amarei-e-me-manifestarei-a-ele\/","og_site_name":"Pastoral Universit\u00e1ria UniSALESIANO","article_published_time":"2023-05-12T11:19:40+00:00","author":"pastoral","twitter_card":"summary_large_image","twitter_misc":{"Escrito por":"pastoral","Est. tempo de leitura":"4 minutos"},"schema":{"@context":"https:\/\/schema.org","@graph":[{"@type":"Article","@id":"https:\/\/unisale.com.br\/novo\/14-05-ora-quem-me-ama-sera-amado-por-meu-pai-e-eu-o-amarei-e-me-manifestarei-a-ele\/#article","isPartOf":{"@id":"https:\/\/unisale.com.br\/novo\/14-05-ora-quem-me-ama-sera-amado-por-meu-pai-e-eu-o-amarei-e-me-manifestarei-a-ele\/"},"author":{"name":"pastoral","@id":"https:\/\/unisale.com.br\/pastoral\/#\/schema\/person\/a16ba711a0f7dec9cb6b44563144d5a3"},"headline":"14\/05 &#8211; Ora, quem me ama ser\u00e1 amado por meu Pai, e eu o amarei e me manifestarei a ele.","datePublished":"2023-05-12T11:19:40+00:00","mainEntityOfPage":{"@id":"https:\/\/unisale.com.br\/novo\/14-05-ora-quem-me-ama-sera-amado-por-meu-pai-e-eu-o-amarei-e-me-manifestarei-a-ele\/"},"wordCount":898,"image":{"@id":"https:\/\/unisale.com.br\/novo\/14-05-ora-quem-me-ama-sera-amado-por-meu-pai-e-eu-o-amarei-e-me-manifestarei-a-ele\/#primaryimage"},"thumbnailUrl":"https:\/\/unisale.com.br\/pastoral\/wp-content\/uploads\/2023\/05\/Ev-14.jpg","articleSection":["Reflex\u00e3o do Evangelho"],"inLanguage":"pt-BR"},{"@type":"WebPage","@id":"https:\/\/unisale.com.br\/novo\/14-05-ora-quem-me-ama-sera-amado-por-meu-pai-e-eu-o-amarei-e-me-manifestarei-a-ele\/","url":"https:\/\/unisale.com.br\/novo\/14-05-ora-quem-me-ama-sera-amado-por-meu-pai-e-eu-o-amarei-e-me-manifestarei-a-ele\/","name":"14\/05 - Ora, quem me ama ser\u00e1 amado por meu Pai, e eu o amarei e me manifestarei a ele. - Pastoral Universit\u00e1ria UniSALESIANO","isPartOf":{"@id":"https:\/\/unisale.com.br\/pastoral\/#website"},"primaryImageOfPage":{"@id":"https:\/\/unisale.com.br\/novo\/14-05-ora-quem-me-ama-sera-amado-por-meu-pai-e-eu-o-amarei-e-me-manifestarei-a-ele\/#primaryimage"},"image":{"@id":"https:\/\/unisale.com.br\/novo\/14-05-ora-quem-me-ama-sera-amado-por-meu-pai-e-eu-o-amarei-e-me-manifestarei-a-ele\/#primaryimage"},"thumbnailUrl":"https:\/\/unisale.com.br\/pastoral\/wp-content\/uploads\/2023\/05\/Ev-14.jpg","datePublished":"2023-05-12T11:19:40+00:00","author":{"@id":"https:\/\/unisale.com.br\/pastoral\/#\/schema\/person\/a16ba711a0f7dec9cb6b44563144d5a3"},"inLanguage":"pt-BR","potentialAction":[{"@type":"ReadAction","target":["https:\/\/unisale.com.br\/novo\/14-05-ora-quem-me-ama-sera-amado-por-meu-pai-e-eu-o-amarei-e-me-manifestarei-a-ele\/"]}]},{"@type":"ImageObject","inLanguage":"pt-BR","@id":"https:\/\/unisale.com.br\/novo\/14-05-ora-quem-me-ama-sera-amado-por-meu-pai-e-eu-o-amarei-e-me-manifestarei-a-ele\/#primaryimage","url":"https:\/\/unisale.com.br\/pastoral\/wp-content\/uploads\/2023\/05\/Ev-14.jpg","contentUrl":"https:\/\/unisale.com.br\/pastoral\/wp-content\/uploads\/2023\/05\/Ev-14.jpg","width":783,"height":500},{"@type":"WebSite","@id":"https:\/\/unisale.com.br\/pastoral\/#website","url":"https:\/\/unisale.com.br\/pastoral\/","name":"Pastoral Universit\u00e1ria UniSALESIANO","description":"Site da Pastoral Universit\u00e1ria do UniSALESIANO","potentialAction":[{"@type":"SearchAction","target":{"@type":"EntryPoint","urlTemplate":"https:\/\/unisale.com.br\/pastoral\/?s={search_term_string}"},"query-input":{"@type":"PropertyValueSpecification","valueRequired":true,"valueName":"search_term_string"}}],"inLanguage":"pt-BR"},{"@type":"Person","@id":"https:\/\/unisale.com.br\/pastoral\/#\/schema\/person\/a16ba711a0f7dec9cb6b44563144d5a3","name":"pastoral","url":"https:\/\/unisale.com.br\/pastoral\/author\/pastoral\/"}]}},"_links":{"self":[{"href":"https:\/\/unisale.com.br\/pastoral\/wp-json\/wp\/v2\/posts\/10397","targetHints":{"allow":["GET"]}}],"collection":[{"href":"https:\/\/unisale.com.br\/pastoral\/wp-json\/wp\/v2\/posts"}],"about":[{"href":"https:\/\/unisale.com.br\/pastoral\/wp-json\/wp\/v2\/types\/post"}],"author":[{"embeddable":true,"href":"https:\/\/unisale.com.br\/pastoral\/wp-json\/wp\/v2\/users\/1"}],"replies":[{"embeddable":true,"href":"https:\/\/unisale.com.br\/pastoral\/wp-json\/wp\/v2\/comments?post=10397"}],"version-history":[{"count":0,"href":"https:\/\/unisale.com.br\/pastoral\/wp-json\/wp\/v2\/posts\/10397\/revisions"}],"wp:featuredmedia":[{"embeddable":true,"href":"https:\/\/unisale.com.br\/pastoral\/wp-json\/wp\/v2\/media\/10396"}],"wp:attachment":[{"href":"https:\/\/unisale.com.br\/pastoral\/wp-json\/wp\/v2\/media?parent=10397"}],"wp:term":[{"taxonomy":"category","embeddable":true,"href":"https:\/\/unisale.com.br\/pastoral\/wp-json\/wp\/v2\/categories?post=10397"},{"taxonomy":"post_tag","embeddable":true,"href":"https:\/\/unisale.com.br\/pastoral\/wp-json\/wp\/v2\/tags?post=10397"}],"curies":[{"name":"wp","href":"https:\/\/api.w.org\/{rel}","templated":true}]}}