{"id":10398,"date":"2023-05-12T11:20:47","date_gmt":"2023-05-12T11:20:47","guid":{"rendered":"https:\/\/unisale.com.br\/pastoral\/?p=6776"},"modified":"2023-05-12T11:20:47","modified_gmt":"2023-05-12T11:20:47","slug":"15-04-quando-vier-o-defensor-que-eu-vos-mandarei-da-parte-do-pai-o-espirito-da-verdade-que-procede-do-pai-ele-dara-testemunho-de-mim","status":"publish","type":"post","link":"https:\/\/unisale.com.br\/pastoral\/15-04-quando-vier-o-defensor-que-eu-vos-mandarei-da-parte-do-pai-o-espirito-da-verdade-que-procede-do-pai-ele-dara-testemunho-de-mim\/","title":{"rendered":"15\/05 &#8211; Quando vier o Defensor que eu vos mandarei da parte do Pai, o Esp\u00edrito da Verdade, que procede do Pai, ele dar\u00e1 testemunho de mim."},"content":{"rendered":"<p>Segunda-feira, 15 de maio de 2023.<\/p>\n<p>&nbsp;<\/p>\n<p>Evangelho (Jo 15,26-16,4)<\/p>\n<p>&nbsp;<\/p>\n<p><strong>\u201cQuando vier o Defensor que eu vos mandarei da parte do Pai, o Esp\u00edrito da Verdade, que procede do Pai, ele dar\u00e1 testemunho de mim.\u201d<\/strong><\/p>\n<p>&nbsp;<\/p>\n<p>Naquele tempo, disse Jesus aos seus disc\u00edpulos: <sup>15,26<\/sup>\u201cQuando vier o Defensor que eu vos mandarei da parte do Pai, o Esp\u00edrito da Verdade, que procede do Pai, ele dar\u00e1 testemunho de mim. <sup>27<\/sup>E v\u00f3s tamb\u00e9m dareis testemunho, porque estais comigo desde o come\u00e7o. <sup>16,1<\/sup>Eu vos disse estas coisas para que a vossa f\u00e9 n\u00e3o seja abalada. <sup>2<\/sup>Expulsar-vos-\u00e3o das sinagogas, e vir\u00e1 a hora em que aquele que vos matar julgar\u00e1 estar prestando culto a Deus. <sup>3<\/sup>Agir\u00e3o assim, porque n\u00e3o conheceram o Pai, nem a mim. <sup>4a<\/sup>Eu vos digo isto, para que vos lembreis de que eu o disse, quando chegar a hora\u201d.<\/p>\n<p>&nbsp;<\/p>\n<p><strong>Reflex\u00e3o<\/strong><\/p>\n<p>&nbsp;<\/p>\n<p>Dar testemunho \u00e9 tornar vis\u00edvel o que n\u00e3o se consegue ver. Este \u00e9 o papel do Espirito Santo \u00e9 este o papel de cada crist\u00e3o: \u201cQuando vier o Defensor que eu vos mandarei da parte do Pai, o Esp\u00edrito da Verdade, que procede do Pai, ele dar\u00e1 testemunho de mim. E v\u00f3s tamb\u00e9m dareis testemunho, porque estais comigo desde o come\u00e7o\u201d. Mas tornar vis\u00edvel o invis\u00edvel \u00e9 poss\u00edvel somente atrav\u00e9s dos efeitos. De fato, o sal dissolvido na comida fala da sua presen\u00e7a somente atrav\u00e9s do sabor. O fermento colocado na massa fala da sua presen\u00e7a somente atrav\u00e9s da fermenta\u00e7\u00e3o. E assim o Cristo se torna vis\u00edvel na hist\u00f3ria somente atrav\u00e9s da nossa santidade. \u00c9 esta grande responsabilidade que compartilhamos com o Espirito Santo: tornar vis\u00edvel Cristo atrav\u00e9s da santidade. O Espirito santifica, e cada um de n\u00f3s deveria oferecer a pr\u00f3pria santidade como prova da presen\u00e7a de Cristo na hist\u00f3ria. Mas muitas vezes a santidade \u00e9 mostra uma vida contra a corrente. Jesus o diz explicitamente na p\u00e1gina do Evangelho de hoje para que ningu\u00e9m se sinta enganado quando se encontra na situa\u00e7\u00e3o de dever \u201cir contra\u201d para poder \u201cagir justamente\u201d: <sup>\u201c<\/sup>Eu vos disse estas coisas para que a vossa f\u00e9 n\u00e3o seja abalada. Expulsar-vos-\u00e3o das sinagogas, e vir\u00e1 a hora em que aquele que vos matar julgar\u00e1 estar prestando culto a Deus. Agir\u00e3o assim, porque n\u00e3o conheceram o Pai, nem a mim. <sup>4a<\/sup>Eu vos digo isto, para que vos lembreis de que eu o disse, quando chegar a hora\u201d. Para muitos de n\u00f3s estas palavras podem ter um sabor de hist\u00f3ria muito distante, mas muitos de nossos irm\u00e3os e irm\u00e3s justamente hoje em diversas partes do mundo sofrem a persegui\u00e7\u00e3o e em muitos casos a morte. Interessar-se por eles, conhecer a sua hist\u00f3ria, pensar na heroicidade da sua f\u00e9, poder\u00e1 quem sabe nos afastar de uma f\u00e9 aburguesada que confunde o testemunho com um simples voluntariado feito para sentir-se melhores e em paz com a consci\u00eancia.<\/p>\n<p><strong>Pe. Paulo Eduardo J\u00e1como, SDB.<\/strong><\/p>\n","protected":false},"excerpt":{"rendered":"<p>Segunda-feira, 15 de maio de 2023. &nbsp; Evangelho (Jo 15,26-16,4) &nbsp; \u201cQuando vier o Defensor que eu vos mandarei da parte do Pai, o Esp\u00edrito&#8230;<\/p>\n","protected":false},"author":1,"featured_media":6768,"comment_status":"closed","ping_status":"closed","sticky":false,"template":"","format":"standard","meta":{"_acf_changed":false,"footnotes":""},"categories":[13],"tags":[],"class_list":["post-10398","post","type-post","status-publish","format-standard","has-post-thumbnail","hentry","category-reflexaodoevagelho"],"acf":[],"yoast_head":"<!-- This site is optimized with the Yoast SEO plugin v27.3 - https:\/\/yoast.com\/product\/yoast-seo-wordpress\/ -->\n<title>15\/05 - Quando vier o Defensor que eu vos mandarei da parte do Pai, o Esp\u00edrito da Verdade, que procede do Pai, ele dar\u00e1 testemunho de mim. - Pastoral Universit\u00e1ria UniSALESIANO<\/title>\n<meta name=\"robots\" content=\"index, follow, max-snippet:-1, max-image-preview:large, max-video-preview:-1\" \/>\n<link rel=\"canonical\" href=\"https:\/\/unisale.com.br\/novo\/15-04-quando-vier-o-defensor-que-eu-vos-mandarei-da-parte-do-pai-o-espirito-da-verdade-que-procede-do-pai-ele-dara-testemunho-de-mim\/\" \/>\n<meta property=\"og:locale\" content=\"pt_BR\" \/>\n<meta property=\"og:type\" content=\"article\" \/>\n<meta property=\"og:title\" content=\"15\/05 - Quando vier o Defensor que eu vos mandarei da parte do Pai, o Esp\u00edrito da Verdade, que procede do Pai, ele dar\u00e1 testemunho de mim. - Pastoral Universit\u00e1ria UniSALESIANO\" \/>\n<meta property=\"og:description\" content=\"Segunda-feira, 15 de maio de 2023. &nbsp; Evangelho (Jo 15,26-16,4) &nbsp; \u201cQuando vier o Defensor que eu vos mandarei da parte do Pai, o Esp\u00edrito...\" \/>\n<meta property=\"og:url\" content=\"https:\/\/unisale.com.br\/novo\/15-04-quando-vier-o-defensor-que-eu-vos-mandarei-da-parte-do-pai-o-espirito-da-verdade-que-procede-do-pai-ele-dara-testemunho-de-mim\/\" \/>\n<meta property=\"og:site_name\" content=\"Pastoral Universit\u00e1ria UniSALESIANO\" \/>\n<meta property=\"article:published_time\" content=\"2023-05-12T11:20:47+00:00\" \/>\n<meta name=\"author\" content=\"pastoral\" \/>\n<meta name=\"twitter:card\" content=\"summary_large_image\" \/>\n<meta name=\"twitter:label1\" content=\"Escrito por\" \/>\n\t<meta name=\"twitter:data1\" content=\"pastoral\" \/>\n\t<meta name=\"twitter:label2\" content=\"Est. tempo de leitura\" \/>\n\t<meta name=\"twitter:data2\" content=\"3 minutos\" \/>\n<script type=\"application\/ld+json\" class=\"yoast-schema-graph\">{\"@context\":\"https:\\\/\\\/schema.org\",\"@graph\":[{\"@type\":\"Article\",\"@id\":\"https:\\\/\\\/unisale.com.br\\\/novo\\\/15-04-quando-vier-o-defensor-que-eu-vos-mandarei-da-parte-do-pai-o-espirito-da-verdade-que-procede-do-pai-ele-dara-testemunho-de-mim\\\/#article\",\"isPartOf\":{\"@id\":\"https:\\\/\\\/unisale.com.br\\\/novo\\\/15-04-quando-vier-o-defensor-que-eu-vos-mandarei-da-parte-do-pai-o-espirito-da-verdade-que-procede-do-pai-ele-dara-testemunho-de-mim\\\/\"},\"author\":{\"name\":\"pastoral\",\"@id\":\"https:\\\/\\\/unisale.com.br\\\/pastoral\\\/#\\\/schema\\\/person\\\/a16ba711a0f7dec9cb6b44563144d5a3\"},\"headline\":\"15\\\/05 &#8211; Quando vier o Defensor que eu vos mandarei da parte do Pai, o Esp\u00edrito da Verdade, que procede do Pai, ele dar\u00e1 testemunho de mim.\",\"datePublished\":\"2023-05-12T11:20:47+00:00\",\"mainEntityOfPage\":{\"@id\":\"https:\\\/\\\/unisale.com.br\\\/novo\\\/15-04-quando-vier-o-defensor-que-eu-vos-mandarei-da-parte-do-pai-o-espirito-da-verdade-que-procede-do-pai-ele-dara-testemunho-de-mim\\\/\"},\"wordCount\":545,\"image\":{\"@id\":\"https:\\\/\\\/unisale.com.br\\\/novo\\\/15-04-quando-vier-o-defensor-que-eu-vos-mandarei-da-parte-do-pai-o-espirito-da-verdade-que-procede-do-pai-ele-dara-testemunho-de-mim\\\/#primaryimage\"},\"thumbnailUrl\":\"https:\\\/\\\/unisale.com.br\\\/pastoral\\\/wp-content\\\/uploads\\\/2023\\\/05\\\/Ev-15.jpg\",\"articleSection\":[\"Reflex\u00e3o do Evangelho\"],\"inLanguage\":\"pt-BR\"},{\"@type\":\"WebPage\",\"@id\":\"https:\\\/\\\/unisale.com.br\\\/novo\\\/15-04-quando-vier-o-defensor-que-eu-vos-mandarei-da-parte-do-pai-o-espirito-da-verdade-que-procede-do-pai-ele-dara-testemunho-de-mim\\\/\",\"url\":\"https:\\\/\\\/unisale.com.br\\\/novo\\\/15-04-quando-vier-o-defensor-que-eu-vos-mandarei-da-parte-do-pai-o-espirito-da-verdade-que-procede-do-pai-ele-dara-testemunho-de-mim\\\/\",\"name\":\"15\\\/05 - Quando vier o Defensor que eu vos mandarei da parte do Pai, o Esp\u00edrito da Verdade, que procede do Pai, ele dar\u00e1 testemunho de mim. - Pastoral Universit\u00e1ria UniSALESIANO\",\"isPartOf\":{\"@id\":\"https:\\\/\\\/unisale.com.br\\\/pastoral\\\/#website\"},\"primaryImageOfPage\":{\"@id\":\"https:\\\/\\\/unisale.com.br\\\/novo\\\/15-04-quando-vier-o-defensor-que-eu-vos-mandarei-da-parte-do-pai-o-espirito-da-verdade-que-procede-do-pai-ele-dara-testemunho-de-mim\\\/#primaryimage\"},\"image\":{\"@id\":\"https:\\\/\\\/unisale.com.br\\\/novo\\\/15-04-quando-vier-o-defensor-que-eu-vos-mandarei-da-parte-do-pai-o-espirito-da-verdade-que-procede-do-pai-ele-dara-testemunho-de-mim\\\/#primaryimage\"},\"thumbnailUrl\":\"https:\\\/\\\/unisale.com.br\\\/pastoral\\\/wp-content\\\/uploads\\\/2023\\\/05\\\/Ev-15.jpg\",\"datePublished\":\"2023-05-12T11:20:47+00:00\",\"author\":{\"@id\":\"https:\\\/\\\/unisale.com.br\\\/pastoral\\\/#\\\/schema\\\/person\\\/a16ba711a0f7dec9cb6b44563144d5a3\"},\"inLanguage\":\"pt-BR\",\"potentialAction\":[{\"@type\":\"ReadAction\",\"target\":[\"https:\\\/\\\/unisale.com.br\\\/novo\\\/15-04-quando-vier-o-defensor-que-eu-vos-mandarei-da-parte-do-pai-o-espirito-da-verdade-que-procede-do-pai-ele-dara-testemunho-de-mim\\\/\"]}]},{\"@type\":\"ImageObject\",\"inLanguage\":\"pt-BR\",\"@id\":\"https:\\\/\\\/unisale.com.br\\\/novo\\\/15-04-quando-vier-o-defensor-que-eu-vos-mandarei-da-parte-do-pai-o-espirito-da-verdade-que-procede-do-pai-ele-dara-testemunho-de-mim\\\/#primaryimage\",\"url\":\"https:\\\/\\\/unisale.com.br\\\/pastoral\\\/wp-content\\\/uploads\\\/2023\\\/05\\\/Ev-15.jpg\",\"contentUrl\":\"https:\\\/\\\/unisale.com.br\\\/pastoral\\\/wp-content\\\/uploads\\\/2023\\\/05\\\/Ev-15.jpg\",\"width\":293,\"height\":172},{\"@type\":\"WebSite\",\"@id\":\"https:\\\/\\\/unisale.com.br\\\/pastoral\\\/#website\",\"url\":\"https:\\\/\\\/unisale.com.br\\\/pastoral\\\/\",\"name\":\"Pastoral Universit\u00e1ria UniSALESIANO\",\"description\":\"Site da Pastoral Universit\u00e1ria do UniSALESIANO\",\"potentialAction\":[{\"@type\":\"SearchAction\",\"target\":{\"@type\":\"EntryPoint\",\"urlTemplate\":\"https:\\\/\\\/unisale.com.br\\\/pastoral\\\/?s={search_term_string}\"},\"query-input\":{\"@type\":\"PropertyValueSpecification\",\"valueRequired\":true,\"valueName\":\"search_term_string\"}}],\"inLanguage\":\"pt-BR\"},{\"@type\":\"Person\",\"@id\":\"https:\\\/\\\/unisale.com.br\\\/pastoral\\\/#\\\/schema\\\/person\\\/a16ba711a0f7dec9cb6b44563144d5a3\",\"name\":\"pastoral\",\"url\":\"https:\\\/\\\/unisale.com.br\\\/pastoral\\\/author\\\/pastoral\\\/\"}]}<\/script>\n<!-- \/ Yoast SEO plugin. -->","yoast_head_json":{"title":"15\/05 - Quando vier o Defensor que eu vos mandarei da parte do Pai, o Esp\u00edrito da Verdade, que procede do Pai, ele dar\u00e1 testemunho de mim. - Pastoral Universit\u00e1ria UniSALESIANO","robots":{"index":"index","follow":"follow","max-snippet":"max-snippet:-1","max-image-preview":"max-image-preview:large","max-video-preview":"max-video-preview:-1"},"canonical":"https:\/\/unisale.com.br\/novo\/15-04-quando-vier-o-defensor-que-eu-vos-mandarei-da-parte-do-pai-o-espirito-da-verdade-que-procede-do-pai-ele-dara-testemunho-de-mim\/","og_locale":"pt_BR","og_type":"article","og_title":"15\/05 - Quando vier o Defensor que eu vos mandarei da parte do Pai, o Esp\u00edrito da Verdade, que procede do Pai, ele dar\u00e1 testemunho de mim. - Pastoral Universit\u00e1ria UniSALESIANO","og_description":"Segunda-feira, 15 de maio de 2023. &nbsp; Evangelho (Jo 15,26-16,4) &nbsp; \u201cQuando vier o Defensor que eu vos mandarei da parte do Pai, o Esp\u00edrito...","og_url":"https:\/\/unisale.com.br\/novo\/15-04-quando-vier-o-defensor-que-eu-vos-mandarei-da-parte-do-pai-o-espirito-da-verdade-que-procede-do-pai-ele-dara-testemunho-de-mim\/","og_site_name":"Pastoral Universit\u00e1ria UniSALESIANO","article_published_time":"2023-05-12T11:20:47+00:00","author":"pastoral","twitter_card":"summary_large_image","twitter_misc":{"Escrito por":"pastoral","Est. tempo de leitura":"3 minutos"},"schema":{"@context":"https:\/\/schema.org","@graph":[{"@type":"Article","@id":"https:\/\/unisale.com.br\/novo\/15-04-quando-vier-o-defensor-que-eu-vos-mandarei-da-parte-do-pai-o-espirito-da-verdade-que-procede-do-pai-ele-dara-testemunho-de-mim\/#article","isPartOf":{"@id":"https:\/\/unisale.com.br\/novo\/15-04-quando-vier-o-defensor-que-eu-vos-mandarei-da-parte-do-pai-o-espirito-da-verdade-que-procede-do-pai-ele-dara-testemunho-de-mim\/"},"author":{"name":"pastoral","@id":"https:\/\/unisale.com.br\/pastoral\/#\/schema\/person\/a16ba711a0f7dec9cb6b44563144d5a3"},"headline":"15\/05 &#8211; Quando vier o Defensor que eu vos mandarei da parte do Pai, o Esp\u00edrito da Verdade, que procede do Pai, ele dar\u00e1 testemunho de mim.","datePublished":"2023-05-12T11:20:47+00:00","mainEntityOfPage":{"@id":"https:\/\/unisale.com.br\/novo\/15-04-quando-vier-o-defensor-que-eu-vos-mandarei-da-parte-do-pai-o-espirito-da-verdade-que-procede-do-pai-ele-dara-testemunho-de-mim\/"},"wordCount":545,"image":{"@id":"https:\/\/unisale.com.br\/novo\/15-04-quando-vier-o-defensor-que-eu-vos-mandarei-da-parte-do-pai-o-espirito-da-verdade-que-procede-do-pai-ele-dara-testemunho-de-mim\/#primaryimage"},"thumbnailUrl":"https:\/\/unisale.com.br\/pastoral\/wp-content\/uploads\/2023\/05\/Ev-15.jpg","articleSection":["Reflex\u00e3o do Evangelho"],"inLanguage":"pt-BR"},{"@type":"WebPage","@id":"https:\/\/unisale.com.br\/novo\/15-04-quando-vier-o-defensor-que-eu-vos-mandarei-da-parte-do-pai-o-espirito-da-verdade-que-procede-do-pai-ele-dara-testemunho-de-mim\/","url":"https:\/\/unisale.com.br\/novo\/15-04-quando-vier-o-defensor-que-eu-vos-mandarei-da-parte-do-pai-o-espirito-da-verdade-que-procede-do-pai-ele-dara-testemunho-de-mim\/","name":"15\/05 - Quando vier o Defensor que eu vos mandarei da parte do Pai, o Esp\u00edrito da Verdade, que procede do Pai, ele dar\u00e1 testemunho de mim. - Pastoral Universit\u00e1ria UniSALESIANO","isPartOf":{"@id":"https:\/\/unisale.com.br\/pastoral\/#website"},"primaryImageOfPage":{"@id":"https:\/\/unisale.com.br\/novo\/15-04-quando-vier-o-defensor-que-eu-vos-mandarei-da-parte-do-pai-o-espirito-da-verdade-que-procede-do-pai-ele-dara-testemunho-de-mim\/#primaryimage"},"image":{"@id":"https:\/\/unisale.com.br\/novo\/15-04-quando-vier-o-defensor-que-eu-vos-mandarei-da-parte-do-pai-o-espirito-da-verdade-que-procede-do-pai-ele-dara-testemunho-de-mim\/#primaryimage"},"thumbnailUrl":"https:\/\/unisale.com.br\/pastoral\/wp-content\/uploads\/2023\/05\/Ev-15.jpg","datePublished":"2023-05-12T11:20:47+00:00","author":{"@id":"https:\/\/unisale.com.br\/pastoral\/#\/schema\/person\/a16ba711a0f7dec9cb6b44563144d5a3"},"inLanguage":"pt-BR","potentialAction":[{"@type":"ReadAction","target":["https:\/\/unisale.com.br\/novo\/15-04-quando-vier-o-defensor-que-eu-vos-mandarei-da-parte-do-pai-o-espirito-da-verdade-que-procede-do-pai-ele-dara-testemunho-de-mim\/"]}]},{"@type":"ImageObject","inLanguage":"pt-BR","@id":"https:\/\/unisale.com.br\/novo\/15-04-quando-vier-o-defensor-que-eu-vos-mandarei-da-parte-do-pai-o-espirito-da-verdade-que-procede-do-pai-ele-dara-testemunho-de-mim\/#primaryimage","url":"https:\/\/unisale.com.br\/pastoral\/wp-content\/uploads\/2023\/05\/Ev-15.jpg","contentUrl":"https:\/\/unisale.com.br\/pastoral\/wp-content\/uploads\/2023\/05\/Ev-15.jpg","width":293,"height":172},{"@type":"WebSite","@id":"https:\/\/unisale.com.br\/pastoral\/#website","url":"https:\/\/unisale.com.br\/pastoral\/","name":"Pastoral Universit\u00e1ria UniSALESIANO","description":"Site da Pastoral Universit\u00e1ria do UniSALESIANO","potentialAction":[{"@type":"SearchAction","target":{"@type":"EntryPoint","urlTemplate":"https:\/\/unisale.com.br\/pastoral\/?s={search_term_string}"},"query-input":{"@type":"PropertyValueSpecification","valueRequired":true,"valueName":"search_term_string"}}],"inLanguage":"pt-BR"},{"@type":"Person","@id":"https:\/\/unisale.com.br\/pastoral\/#\/schema\/person\/a16ba711a0f7dec9cb6b44563144d5a3","name":"pastoral","url":"https:\/\/unisale.com.br\/pastoral\/author\/pastoral\/"}]}},"_links":{"self":[{"href":"https:\/\/unisale.com.br\/pastoral\/wp-json\/wp\/v2\/posts\/10398","targetHints":{"allow":["GET"]}}],"collection":[{"href":"https:\/\/unisale.com.br\/pastoral\/wp-json\/wp\/v2\/posts"}],"about":[{"href":"https:\/\/unisale.com.br\/pastoral\/wp-json\/wp\/v2\/types\/post"}],"author":[{"embeddable":true,"href":"https:\/\/unisale.com.br\/pastoral\/wp-json\/wp\/v2\/users\/1"}],"replies":[{"embeddable":true,"href":"https:\/\/unisale.com.br\/pastoral\/wp-json\/wp\/v2\/comments?post=10398"}],"version-history":[{"count":0,"href":"https:\/\/unisale.com.br\/pastoral\/wp-json\/wp\/v2\/posts\/10398\/revisions"}],"wp:featuredmedia":[{"embeddable":true,"href":"https:\/\/unisale.com.br\/pastoral\/wp-json\/wp\/v2\/media\/6768"}],"wp:attachment":[{"href":"https:\/\/unisale.com.br\/pastoral\/wp-json\/wp\/v2\/media?parent=10398"}],"wp:term":[{"taxonomy":"category","embeddable":true,"href":"https:\/\/unisale.com.br\/pastoral\/wp-json\/wp\/v2\/categories?post=10398"},{"taxonomy":"post_tag","embeddable":true,"href":"https:\/\/unisale.com.br\/pastoral\/wp-json\/wp\/v2\/tags?post=10398"}],"curies":[{"name":"wp","href":"https:\/\/api.w.org\/{rel}","templated":true}]}}