{"id":10400,"date":"2023-05-12T11:23:41","date_gmt":"2023-05-12T11:23:41","guid":{"rendered":"https:\/\/unisale.com.br\/pastoral\/?p=6780"},"modified":"2023-05-12T11:23:41","modified_gmt":"2023-05-12T11:23:41","slug":"17-05-pouco-tempo-ainda-e-ja-nao-me-vereis-e-outra-vez-pouco-tempo-e-me-vereis-de-novo","status":"publish","type":"post","link":"https:\/\/unisale.com.br\/pastoral\/17-05-pouco-tempo-ainda-e-ja-nao-me-vereis-e-outra-vez-pouco-tempo-e-me-vereis-de-novo\/","title":{"rendered":"17\/05 &#8211; Pouco tempo ainda, e j\u00e1 n\u00e3o me vereis. E outra vez pouco tempo, e me vereis de novo."},"content":{"rendered":"<p>Quarta-feira, 17 de maio de 2023.<\/p>\n<p>&nbsp;<\/p>\n<p>Evangelho (Jo 16,12-15)<\/p>\n<p>&nbsp;<\/p>\n<p><strong>\u201cPouco tempo ainda, e j\u00e1 n\u00e3o me vereis. E outra vez pouco tempo, e me vereis de novo\u201d<\/strong><\/p>\n<p>&nbsp;<\/p>\n<p>Naquele tempo, disse Jesus aos seus disc\u00edpulos: <sup>16<\/sup>\u201cPouco tempo ainda, e j\u00e1 n\u00e3o me vereis. E outra vez pouco tempo, e me vereis de novo\u201d. <sup>17<\/sup>Alguns dos seus disc\u00edpulos disseram ent\u00e3o entre si: \u201cO que significa o que ele nos est\u00e1 dizendo: \u2018Pouco tempo, e n\u00e3o me vereis, e outra vez pouco tempo, e me vereis de novo\u2019, e: \u2018Eu vou para junto do Pai?\u2019\u201d. <sup>18<\/sup>Diziam, pois: \u201cO que significa este pouco tempo? N\u00e3o entendemos o que ele quer dizer\u201d. <sup>19<\/sup>Jesus compreendeu que eles queriam interrog\u00e1-lo; ent\u00e3o disse-lhes: \u2018Estais discutindo entre v\u00f3s porque eu disse: \u2018Pouco tempo e j\u00e1 n\u00e3o me vereis, e outra vez pouco tempo e me vereis?\u2019 <sup>20<\/sup>Em verdade, em verdade vos digo: V\u00f3s chorareis e vos lamentareis, mas o mundo se alegrar\u00e1; v\u00f3s ficareis tristes, mas a vossa tristeza se transformar\u00e1 em alegria\u201d.<\/p>\n<p>&nbsp;<\/p>\n<p><strong>Reflex\u00e3o<\/strong><\/p>\n<p>&nbsp;<\/p>\n<p>Mas a pergunta que podemos fazer \u00e9: existe uma diferen\u00e7a no tempo? Ou seja, um tempo breve e um tempo longo? N\u00f3s costumamos medir o tempo com base ao rel\u00f3gio, mas tamb\u00e9m o nosso estado de \u00e2nimo \u00e9 um \u201crel\u00f3gio\u201d para medir o tempo. Existe um tempo cronol\u00f3gico e um tempo psicol\u00f3gico; de fato, como passa r\u00e1pido o tempo quando n\u00f3s nos divertimos e como ao contr\u00e1rio, \u00e9 longa a noite para um doente que sofre. Da \u00daltima Ceia at\u00e9 a primeira apari\u00e7\u00e3o de Cristo Ressuscitado passaram-se somente tr\u00eas dias. Cronologicamente \u00e9 um tempo breve, mas aos disc\u00edpulos mergulhados na tristeza, provavelmente pareceu longu\u00edssimo. Na vida espiritual se fala da desola\u00e7\u00e3o. S\u00e3o per\u00edodos ou momentos nos quais nos parece que Cristo nos tenha abandonado, deixando-nos psicologicamente sozinhos. Agora a ora\u00e7\u00e3o nos parece in\u00fatil, n\u00e3o nos agrada a liturgia, a leitura espiritual enfadonha, toda a vida espiritual parece uma ilus\u00e3o. Como devemos nos comportar? Ter coragem e crer firmemente que estas prova\u00e7\u00f5es durem por breve tempo. Todos, tamb\u00e9m os grandes santos fizeram esta experi\u00eancia. Ap\u00f3s a Quaresma os dias da semana pascal s\u00e3o momentos de grandes a alegres encontros com o Ressuscitado. Tamb\u00e9m na vida espiritual tem um ritmo semelhante, e depois da desola\u00e7\u00e3o vem a consola\u00e7\u00e3o. A um certo ponto tudo parece f\u00e1cil, a ora\u00e7\u00e3o d\u00e1 gosto, o exerc\u00edcio da caridade nos enche de alegria. Podemos confiar neste estado de \u00e2nimo? Os autores espirituais aconselham a n\u00e3o tomar decis\u00f5es importantes nestes momentos, porque se trata de um entusiasmo passageiro. Mas devemos ser gratos a Deus pelo conforto que nos d\u00e1. \u00c9 como um descanso durante um passeio pela montanha: repousamos, matamos a sede, mas sem esquecermos que o caminho ainda \u00e9 longo, e a subida ser\u00e1 de novo cansativa. Este \u00e9 o ritmo da vida, e aceitando-o se pode provar uma alegria na consola\u00e7\u00e3o e na desola\u00e7\u00e3o. A subida da montanha \u00e9 tamb\u00e9m s\u00edmbolo de uma outra experi\u00eancia da vida. Do vale ao p\u00e9 da montanha a estrada normalmente n\u00e3o \u00e9 \u00edngreme, mas parece longa. Depois se torna \u00edngreme e cansativa, e n\u00e3o obstante a \u00faltima etapa seja muito dif\u00edcil, o escalador acelera o passo e n\u00e3o quer mais parar. A vis\u00e3o do cume o estimular a continuar. Tamb\u00e9m na vida terrena as \u00faltimas etapas s\u00e3o as mais dif\u00edceis. A idade faz surgir as doen\u00e7as, o trabalho desilude, mas se come\u00e7a a ver o cume: vamos em dire\u00e7\u00e3o ao Pai. O rosto envelhecido das pessoas devotas tem um fasc\u00ednio especial, e os pintores os representam com prazer sobre as telas. Nas suas express\u00f5es existe um misto de sofrimento e consola\u00e7\u00e3o por aproximar-se do fim da vida: o tempo que permanece \u00e9 breve, mas a eternidade \u00e9 pr\u00f3xima.<\/p>\n<p><strong>Pe. Paulo Eduardo J\u00e1como, SDB.<\/strong><\/p>\n","protected":false},"excerpt":{"rendered":"<p>Quarta-feira, 17 de maio de 2023. &nbsp; Evangelho (Jo 16,12-15) &nbsp; \u201cPouco tempo ainda, e j\u00e1 n\u00e3o me vereis. E outra vez pouco tempo, e&#8230;<\/p>\n","protected":false},"author":1,"featured_media":10394,"comment_status":"closed","ping_status":"closed","sticky":false,"template":"","format":"standard","meta":{"_acf_changed":false,"footnotes":""},"categories":[13],"tags":[],"class_list":["post-10400","post","type-post","status-publish","format-standard","has-post-thumbnail","hentry","category-reflexaodoevagelho"],"acf":[],"yoast_head":"<!-- This site is optimized with the Yoast SEO plugin v27.3 - https:\/\/yoast.com\/product\/yoast-seo-wordpress\/ -->\n<title>17\/05 - Pouco tempo ainda, e j\u00e1 n\u00e3o me vereis. E outra vez pouco tempo, e me vereis de novo. - Pastoral Universit\u00e1ria UniSALESIANO<\/title>\n<meta name=\"robots\" content=\"index, follow, max-snippet:-1, max-image-preview:large, max-video-preview:-1\" \/>\n<link rel=\"canonical\" href=\"https:\/\/unisale.com.br\/novo\/17-05-pouco-tempo-ainda-e-ja-nao-me-vereis-e-outra-vez-pouco-tempo-e-me-vereis-de-novo\/\" \/>\n<meta property=\"og:locale\" content=\"pt_BR\" \/>\n<meta property=\"og:type\" content=\"article\" \/>\n<meta property=\"og:title\" content=\"17\/05 - Pouco tempo ainda, e j\u00e1 n\u00e3o me vereis. E outra vez pouco tempo, e me vereis de novo. - Pastoral Universit\u00e1ria UniSALESIANO\" \/>\n<meta property=\"og:description\" content=\"Quarta-feira, 17 de maio de 2023. &nbsp; Evangelho (Jo 16,12-15) &nbsp; \u201cPouco tempo ainda, e j\u00e1 n\u00e3o me vereis. E outra vez pouco tempo, e...\" \/>\n<meta property=\"og:url\" content=\"https:\/\/unisale.com.br\/novo\/17-05-pouco-tempo-ainda-e-ja-nao-me-vereis-e-outra-vez-pouco-tempo-e-me-vereis-de-novo\/\" \/>\n<meta property=\"og:site_name\" content=\"Pastoral Universit\u00e1ria UniSALESIANO\" \/>\n<meta property=\"article:published_time\" content=\"2023-05-12T11:23:41+00:00\" \/>\n<meta name=\"author\" content=\"pastoral\" \/>\n<meta name=\"twitter:card\" content=\"summary_large_image\" \/>\n<meta name=\"twitter:label1\" content=\"Escrito por\" \/>\n\t<meta name=\"twitter:data1\" content=\"pastoral\" \/>\n\t<meta name=\"twitter:label2\" content=\"Est. tempo de leitura\" \/>\n\t<meta name=\"twitter:data2\" content=\"3 minutos\" \/>\n<script type=\"application\/ld+json\" class=\"yoast-schema-graph\">{\"@context\":\"https:\\\/\\\/schema.org\",\"@graph\":[{\"@type\":\"Article\",\"@id\":\"https:\\\/\\\/unisale.com.br\\\/novo\\\/17-05-pouco-tempo-ainda-e-ja-nao-me-vereis-e-outra-vez-pouco-tempo-e-me-vereis-de-novo\\\/#article\",\"isPartOf\":{\"@id\":\"https:\\\/\\\/unisale.com.br\\\/novo\\\/17-05-pouco-tempo-ainda-e-ja-nao-me-vereis-e-outra-vez-pouco-tempo-e-me-vereis-de-novo\\\/\"},\"author\":{\"name\":\"pastoral\",\"@id\":\"https:\\\/\\\/unisale.com.br\\\/pastoral\\\/#\\\/schema\\\/person\\\/a16ba711a0f7dec9cb6b44563144d5a3\"},\"headline\":\"17\\\/05 &#8211; Pouco tempo ainda, e j\u00e1 n\u00e3o me vereis. E outra vez pouco tempo, e me vereis de novo.\",\"datePublished\":\"2023-05-12T11:23:41+00:00\",\"mainEntityOfPage\":{\"@id\":\"https:\\\/\\\/unisale.com.br\\\/novo\\\/17-05-pouco-tempo-ainda-e-ja-nao-me-vereis-e-outra-vez-pouco-tempo-e-me-vereis-de-novo\\\/\"},\"wordCount\":698,\"image\":{\"@id\":\"https:\\\/\\\/unisale.com.br\\\/novo\\\/17-05-pouco-tempo-ainda-e-ja-nao-me-vereis-e-outra-vez-pouco-tempo-e-me-vereis-de-novo\\\/#primaryimage\"},\"thumbnailUrl\":\"https:\\\/\\\/unisale.com.br\\\/pastoral\\\/wp-content\\\/uploads\\\/2023\\\/05\\\/Ev-17.jpg\",\"articleSection\":[\"Reflex\u00e3o do Evangelho\"],\"inLanguage\":\"pt-BR\"},{\"@type\":\"WebPage\",\"@id\":\"https:\\\/\\\/unisale.com.br\\\/novo\\\/17-05-pouco-tempo-ainda-e-ja-nao-me-vereis-e-outra-vez-pouco-tempo-e-me-vereis-de-novo\\\/\",\"url\":\"https:\\\/\\\/unisale.com.br\\\/novo\\\/17-05-pouco-tempo-ainda-e-ja-nao-me-vereis-e-outra-vez-pouco-tempo-e-me-vereis-de-novo\\\/\",\"name\":\"17\\\/05 - Pouco tempo ainda, e j\u00e1 n\u00e3o me vereis. E outra vez pouco tempo, e me vereis de novo. - Pastoral Universit\u00e1ria UniSALESIANO\",\"isPartOf\":{\"@id\":\"https:\\\/\\\/unisale.com.br\\\/pastoral\\\/#website\"},\"primaryImageOfPage\":{\"@id\":\"https:\\\/\\\/unisale.com.br\\\/novo\\\/17-05-pouco-tempo-ainda-e-ja-nao-me-vereis-e-outra-vez-pouco-tempo-e-me-vereis-de-novo\\\/#primaryimage\"},\"image\":{\"@id\":\"https:\\\/\\\/unisale.com.br\\\/novo\\\/17-05-pouco-tempo-ainda-e-ja-nao-me-vereis-e-outra-vez-pouco-tempo-e-me-vereis-de-novo\\\/#primaryimage\"},\"thumbnailUrl\":\"https:\\\/\\\/unisale.com.br\\\/pastoral\\\/wp-content\\\/uploads\\\/2023\\\/05\\\/Ev-17.jpg\",\"datePublished\":\"2023-05-12T11:23:41+00:00\",\"author\":{\"@id\":\"https:\\\/\\\/unisale.com.br\\\/pastoral\\\/#\\\/schema\\\/person\\\/a16ba711a0f7dec9cb6b44563144d5a3\"},\"inLanguage\":\"pt-BR\",\"potentialAction\":[{\"@type\":\"ReadAction\",\"target\":[\"https:\\\/\\\/unisale.com.br\\\/novo\\\/17-05-pouco-tempo-ainda-e-ja-nao-me-vereis-e-outra-vez-pouco-tempo-e-me-vereis-de-novo\\\/\"]}]},{\"@type\":\"ImageObject\",\"inLanguage\":\"pt-BR\",\"@id\":\"https:\\\/\\\/unisale.com.br\\\/novo\\\/17-05-pouco-tempo-ainda-e-ja-nao-me-vereis-e-outra-vez-pouco-tempo-e-me-vereis-de-novo\\\/#primaryimage\",\"url\":\"https:\\\/\\\/unisale.com.br\\\/pastoral\\\/wp-content\\\/uploads\\\/2023\\\/05\\\/Ev-17.jpg\",\"contentUrl\":\"https:\\\/\\\/unisale.com.br\\\/pastoral\\\/wp-content\\\/uploads\\\/2023\\\/05\\\/Ev-17.jpg\",\"width\":450,\"height\":309},{\"@type\":\"WebSite\",\"@id\":\"https:\\\/\\\/unisale.com.br\\\/pastoral\\\/#website\",\"url\":\"https:\\\/\\\/unisale.com.br\\\/pastoral\\\/\",\"name\":\"Pastoral Universit\u00e1ria UniSALESIANO\",\"description\":\"Site da Pastoral Universit\u00e1ria do UniSALESIANO\",\"potentialAction\":[{\"@type\":\"SearchAction\",\"target\":{\"@type\":\"EntryPoint\",\"urlTemplate\":\"https:\\\/\\\/unisale.com.br\\\/pastoral\\\/?s={search_term_string}\"},\"query-input\":{\"@type\":\"PropertyValueSpecification\",\"valueRequired\":true,\"valueName\":\"search_term_string\"}}],\"inLanguage\":\"pt-BR\"},{\"@type\":\"Person\",\"@id\":\"https:\\\/\\\/unisale.com.br\\\/pastoral\\\/#\\\/schema\\\/person\\\/a16ba711a0f7dec9cb6b44563144d5a3\",\"name\":\"pastoral\",\"url\":\"https:\\\/\\\/unisale.com.br\\\/pastoral\\\/author\\\/pastoral\\\/\"}]}<\/script>\n<!-- \/ Yoast SEO plugin. -->","yoast_head_json":{"title":"17\/05 - Pouco tempo ainda, e j\u00e1 n\u00e3o me vereis. E outra vez pouco tempo, e me vereis de novo. - Pastoral Universit\u00e1ria UniSALESIANO","robots":{"index":"index","follow":"follow","max-snippet":"max-snippet:-1","max-image-preview":"max-image-preview:large","max-video-preview":"max-video-preview:-1"},"canonical":"https:\/\/unisale.com.br\/novo\/17-05-pouco-tempo-ainda-e-ja-nao-me-vereis-e-outra-vez-pouco-tempo-e-me-vereis-de-novo\/","og_locale":"pt_BR","og_type":"article","og_title":"17\/05 - Pouco tempo ainda, e j\u00e1 n\u00e3o me vereis. E outra vez pouco tempo, e me vereis de novo. - Pastoral Universit\u00e1ria UniSALESIANO","og_description":"Quarta-feira, 17 de maio de 2023. &nbsp; Evangelho (Jo 16,12-15) &nbsp; \u201cPouco tempo ainda, e j\u00e1 n\u00e3o me vereis. E outra vez pouco tempo, e...","og_url":"https:\/\/unisale.com.br\/novo\/17-05-pouco-tempo-ainda-e-ja-nao-me-vereis-e-outra-vez-pouco-tempo-e-me-vereis-de-novo\/","og_site_name":"Pastoral Universit\u00e1ria UniSALESIANO","article_published_time":"2023-05-12T11:23:41+00:00","author":"pastoral","twitter_card":"summary_large_image","twitter_misc":{"Escrito por":"pastoral","Est. tempo de leitura":"3 minutos"},"schema":{"@context":"https:\/\/schema.org","@graph":[{"@type":"Article","@id":"https:\/\/unisale.com.br\/novo\/17-05-pouco-tempo-ainda-e-ja-nao-me-vereis-e-outra-vez-pouco-tempo-e-me-vereis-de-novo\/#article","isPartOf":{"@id":"https:\/\/unisale.com.br\/novo\/17-05-pouco-tempo-ainda-e-ja-nao-me-vereis-e-outra-vez-pouco-tempo-e-me-vereis-de-novo\/"},"author":{"name":"pastoral","@id":"https:\/\/unisale.com.br\/pastoral\/#\/schema\/person\/a16ba711a0f7dec9cb6b44563144d5a3"},"headline":"17\/05 &#8211; Pouco tempo ainda, e j\u00e1 n\u00e3o me vereis. E outra vez pouco tempo, e me vereis de novo.","datePublished":"2023-05-12T11:23:41+00:00","mainEntityOfPage":{"@id":"https:\/\/unisale.com.br\/novo\/17-05-pouco-tempo-ainda-e-ja-nao-me-vereis-e-outra-vez-pouco-tempo-e-me-vereis-de-novo\/"},"wordCount":698,"image":{"@id":"https:\/\/unisale.com.br\/novo\/17-05-pouco-tempo-ainda-e-ja-nao-me-vereis-e-outra-vez-pouco-tempo-e-me-vereis-de-novo\/#primaryimage"},"thumbnailUrl":"https:\/\/unisale.com.br\/pastoral\/wp-content\/uploads\/2023\/05\/Ev-17.jpg","articleSection":["Reflex\u00e3o do Evangelho"],"inLanguage":"pt-BR"},{"@type":"WebPage","@id":"https:\/\/unisale.com.br\/novo\/17-05-pouco-tempo-ainda-e-ja-nao-me-vereis-e-outra-vez-pouco-tempo-e-me-vereis-de-novo\/","url":"https:\/\/unisale.com.br\/novo\/17-05-pouco-tempo-ainda-e-ja-nao-me-vereis-e-outra-vez-pouco-tempo-e-me-vereis-de-novo\/","name":"17\/05 - Pouco tempo ainda, e j\u00e1 n\u00e3o me vereis. E outra vez pouco tempo, e me vereis de novo. - Pastoral Universit\u00e1ria UniSALESIANO","isPartOf":{"@id":"https:\/\/unisale.com.br\/pastoral\/#website"},"primaryImageOfPage":{"@id":"https:\/\/unisale.com.br\/novo\/17-05-pouco-tempo-ainda-e-ja-nao-me-vereis-e-outra-vez-pouco-tempo-e-me-vereis-de-novo\/#primaryimage"},"image":{"@id":"https:\/\/unisale.com.br\/novo\/17-05-pouco-tempo-ainda-e-ja-nao-me-vereis-e-outra-vez-pouco-tempo-e-me-vereis-de-novo\/#primaryimage"},"thumbnailUrl":"https:\/\/unisale.com.br\/pastoral\/wp-content\/uploads\/2023\/05\/Ev-17.jpg","datePublished":"2023-05-12T11:23:41+00:00","author":{"@id":"https:\/\/unisale.com.br\/pastoral\/#\/schema\/person\/a16ba711a0f7dec9cb6b44563144d5a3"},"inLanguage":"pt-BR","potentialAction":[{"@type":"ReadAction","target":["https:\/\/unisale.com.br\/novo\/17-05-pouco-tempo-ainda-e-ja-nao-me-vereis-e-outra-vez-pouco-tempo-e-me-vereis-de-novo\/"]}]},{"@type":"ImageObject","inLanguage":"pt-BR","@id":"https:\/\/unisale.com.br\/novo\/17-05-pouco-tempo-ainda-e-ja-nao-me-vereis-e-outra-vez-pouco-tempo-e-me-vereis-de-novo\/#primaryimage","url":"https:\/\/unisale.com.br\/pastoral\/wp-content\/uploads\/2023\/05\/Ev-17.jpg","contentUrl":"https:\/\/unisale.com.br\/pastoral\/wp-content\/uploads\/2023\/05\/Ev-17.jpg","width":450,"height":309},{"@type":"WebSite","@id":"https:\/\/unisale.com.br\/pastoral\/#website","url":"https:\/\/unisale.com.br\/pastoral\/","name":"Pastoral Universit\u00e1ria UniSALESIANO","description":"Site da Pastoral Universit\u00e1ria do UniSALESIANO","potentialAction":[{"@type":"SearchAction","target":{"@type":"EntryPoint","urlTemplate":"https:\/\/unisale.com.br\/pastoral\/?s={search_term_string}"},"query-input":{"@type":"PropertyValueSpecification","valueRequired":true,"valueName":"search_term_string"}}],"inLanguage":"pt-BR"},{"@type":"Person","@id":"https:\/\/unisale.com.br\/pastoral\/#\/schema\/person\/a16ba711a0f7dec9cb6b44563144d5a3","name":"pastoral","url":"https:\/\/unisale.com.br\/pastoral\/author\/pastoral\/"}]}},"_links":{"self":[{"href":"https:\/\/unisale.com.br\/pastoral\/wp-json\/wp\/v2\/posts\/10400","targetHints":{"allow":["GET"]}}],"collection":[{"href":"https:\/\/unisale.com.br\/pastoral\/wp-json\/wp\/v2\/posts"}],"about":[{"href":"https:\/\/unisale.com.br\/pastoral\/wp-json\/wp\/v2\/types\/post"}],"author":[{"embeddable":true,"href":"https:\/\/unisale.com.br\/pastoral\/wp-json\/wp\/v2\/users\/1"}],"replies":[{"embeddable":true,"href":"https:\/\/unisale.com.br\/pastoral\/wp-json\/wp\/v2\/comments?post=10400"}],"version-history":[{"count":0,"href":"https:\/\/unisale.com.br\/pastoral\/wp-json\/wp\/v2\/posts\/10400\/revisions"}],"wp:featuredmedia":[{"embeddable":true,"href":"https:\/\/unisale.com.br\/pastoral\/wp-json\/wp\/v2\/media\/10394"}],"wp:attachment":[{"href":"https:\/\/unisale.com.br\/pastoral\/wp-json\/wp\/v2\/media?parent=10400"}],"wp:term":[{"taxonomy":"category","embeddable":true,"href":"https:\/\/unisale.com.br\/pastoral\/wp-json\/wp\/v2\/categories?post=10400"},{"taxonomy":"post_tag","embeddable":true,"href":"https:\/\/unisale.com.br\/pastoral\/wp-json\/wp\/v2\/tags?post=10400"}],"curies":[{"name":"wp","href":"https:\/\/api.w.org\/{rel}","templated":true}]}}