{"id":10419,"date":"2023-05-22T11:23:37","date_gmt":"2023-05-22T11:23:37","guid":{"rendered":"https:\/\/unisale.com.br\/pastoral\/?p=6963"},"modified":"2023-05-22T11:23:37","modified_gmt":"2023-05-22T11:23:37","slug":"22-05-mas-tende-coragem-eu-venci-o-mundo","status":"publish","type":"post","link":"https:\/\/unisale.com.br\/pastoral\/22-05-mas-tende-coragem-eu-venci-o-mundo\/","title":{"rendered":"22\/05 &#8211; Mas tende coragem! Eu venci o mundo!"},"content":{"rendered":"<p>Segunda-feira, 22 de maio de 2023.<\/p>\n<p>&nbsp;<\/p>\n<p>Evangelho (Jo 16,29-33)<\/p>\n<p>&nbsp;<\/p>\n<p><strong>\u201cMas tende coragem! Eu venci o mundo!\u201d<\/strong><\/p>\n<p>&nbsp;<\/p>\n<p>Naquele tempo, <sup>29<\/sup>os disc\u00edpulos disseram a Jesus: \u201cEis, agora falas claramente e n\u00e3o usas mais figuras. <sup>30<\/sup>Agora sabemos que conheces tudo e que n\u00e3o precisas que algu\u00e9m te interrogue. Por isto cremos que vieste da parte de Deus\u201d. <sup>31<\/sup>Jesus respondeu: \u201cCredes agora? <sup>32<\/sup>Eis que vem a hora \u2013 e j\u00e1 chegou \u2013 em que vos dispersareis, cada um para seu lado, e me deixareis s\u00f3. Mas eu n\u00e3o estou s\u00f3; o Pai est\u00e1 comigo. <sup>33<\/sup>Disse-vos estas coisas para que tenhais paz em mim. No mundo, tereis tribula\u00e7\u00f5es. Mas tende coragem! Eu venci o mundo!\u201d<\/p>\n<p>&nbsp;<\/p>\n<p><strong>Reflex\u00e3o<\/strong><\/p>\n<p>&nbsp;<\/p>\n<p>Quando a gente se convence de que finalmente compreendemos tudo, agora devemos come\u00e7ar a preocupar-nos porque diante de determinadas convic\u00e7\u00f5es, normalmente seguem grandes golpes. \u201cEis, agora falas claramente e n\u00e3o usas mais figuras. Agora sabemos que conheces tudo e que n\u00e3o precisas que algu\u00e9m te interrogue. Por isto cremos que vieste da parte de Deus\u201d. \u00c9 a experi\u00eancia que faze os disc\u00edpulos do Evangelho de hoje. E \u00e9 por isso que Jesus responde: \u201cCredes agora? Eis que vem a hora \u2013 e j\u00e1 chegou \u2013 em que vos dispersareis, cada um para seu lado, e me deixareis s\u00f3. Mas eu n\u00e3o estou s\u00f3; o Pai est\u00e1 comigo. \u00c9 justamente aquele o momento no qual n\u00e3o s\u00f3 os disc\u00edpulos n\u00e3o compreender\u00e3o mais nada, mas justamente pela confus\u00e3o reagir\u00e3o com a mais humana das rea\u00e7\u00f5es: fugir\u00e3o. A solid\u00e3o a qual condenar\u00e3o Jesus ser\u00e1 uma das experi\u00eancias mais dolorosas da Paix\u00e3o. Mas Jesus diz abertamente que por quanto se sentir\u00e1 humanamente s\u00f3, Ele sabe bem que n\u00e3o est\u00e1 radicalmente sozinho porque o Pai est\u00e1 sempre com Ele. \u201c<sup>33<\/sup>Disse-vos estas coisas para que tenhais paz em mim. No mundo, tereis tribula\u00e7\u00f5es. Mas tende coragem! Eu venci o mundo!\u201d. A paz que Jesus nos d\u00e1, n\u00e3o \u00e9 aquela emotiva, \u00e9 a paz que acontece no profundo de n\u00f3s, aquela parte que nos sustenta quando tudo parece perdido. N\u00e3o podemos evitar as tribula\u00e7\u00f5es que o mundo nos d\u00e1, mas podemos continuar a ter confian\u00e7a, n\u00e3o obstante as tribula\u00e7\u00f5es. \u00c9 esta a grande vit\u00f3ria da f\u00e9, defender a confian\u00e7a em Deus justamente quando tudo nos parece vir de encontro e Ele parece paradoxalmente ausente. Naquela sensa\u00e7\u00e3o de aus\u00eancia e naquela evid\u00eancia de derrota devemos fazer mem\u00f3ria das palavras de Jesus: \u201cEu venci o mundo!\u201d. \u00c9 a mem\u00f3ria desta vit\u00f3ria nos faz permanecer em p\u00e9 tamb\u00e9m nas derrotas. A n\u00f3s muitas vezes falta uma vis\u00e3o do conjunto da hist\u00f3ria, olhamos sempre tudo como se o presente fosse a \u00faltima palavra. Um crist\u00e3o sabe j\u00e1 como termina a hist\u00f3ria e \u00e9 por isso que n\u00e3o se desencoraja.<\/p>\n<p><strong>Pe. Paulo Eduardo J\u00e1como, SDB.<\/strong><\/p>\n","protected":false},"excerpt":{"rendered":"<p>Segunda-feira, 22 de maio de 2023. &nbsp; Evangelho (Jo 16,29-33) &nbsp; \u201cMas tende coragem! Eu venci o mundo!\u201d &nbsp; Naquele tempo, 29os disc\u00edpulos disseram a&#8230;<\/p>\n","protected":false},"author":1,"featured_media":10414,"comment_status":"closed","ping_status":"closed","sticky":false,"template":"","format":"standard","meta":{"_acf_changed":false,"footnotes":""},"categories":[13],"tags":[],"class_list":["post-10419","post","type-post","status-publish","format-standard","has-post-thumbnail","hentry","category-reflexaodoevagelho"],"acf":[],"yoast_head":"<!-- This site is optimized with the Yoast SEO plugin v27.3 - https:\/\/yoast.com\/product\/yoast-seo-wordpress\/ -->\n<title>22\/05 - Mas tende coragem! Eu venci o mundo! - Pastoral Universit\u00e1ria UniSALESIANO<\/title>\n<meta name=\"robots\" content=\"index, follow, max-snippet:-1, max-image-preview:large, max-video-preview:-1\" \/>\n<link rel=\"canonical\" href=\"https:\/\/unisale.com.br\/novo\/22-05-mas-tende-coragem-eu-venci-o-mundo\/\" \/>\n<meta property=\"og:locale\" content=\"pt_BR\" \/>\n<meta property=\"og:type\" content=\"article\" \/>\n<meta property=\"og:title\" content=\"22\/05 - Mas tende coragem! Eu venci o mundo! - Pastoral Universit\u00e1ria UniSALESIANO\" \/>\n<meta property=\"og:description\" content=\"Segunda-feira, 22 de maio de 2023. &nbsp; Evangelho (Jo 16,29-33) &nbsp; \u201cMas tende coragem! Eu venci o mundo!\u201d &nbsp; Naquele tempo, 29os disc\u00edpulos disseram a...\" \/>\n<meta property=\"og:url\" content=\"https:\/\/unisale.com.br\/novo\/22-05-mas-tende-coragem-eu-venci-o-mundo\/\" \/>\n<meta property=\"og:site_name\" content=\"Pastoral Universit\u00e1ria UniSALESIANO\" \/>\n<meta property=\"article:published_time\" content=\"2023-05-22T11:23:37+00:00\" \/>\n<meta name=\"author\" content=\"pastoral\" \/>\n<meta name=\"twitter:card\" content=\"summary_large_image\" \/>\n<meta name=\"twitter:label1\" content=\"Escrito por\" \/>\n\t<meta name=\"twitter:data1\" content=\"pastoral\" \/>\n\t<meta name=\"twitter:label2\" content=\"Est. tempo de leitura\" \/>\n\t<meta name=\"twitter:data2\" content=\"2 minutos\" \/>\n<script type=\"application\/ld+json\" class=\"yoast-schema-graph\">{\"@context\":\"https:\\\/\\\/schema.org\",\"@graph\":[{\"@type\":\"Article\",\"@id\":\"https:\\\/\\\/unisale.com.br\\\/novo\\\/22-05-mas-tende-coragem-eu-venci-o-mundo\\\/#article\",\"isPartOf\":{\"@id\":\"https:\\\/\\\/unisale.com.br\\\/novo\\\/22-05-mas-tende-coragem-eu-venci-o-mundo\\\/\"},\"author\":{\"name\":\"pastoral\",\"@id\":\"https:\\\/\\\/unisale.com.br\\\/pastoral\\\/#\\\/schema\\\/person\\\/a16ba711a0f7dec9cb6b44563144d5a3\"},\"headline\":\"22\\\/05 &#8211; Mas tende coragem! Eu venci o mundo!\",\"datePublished\":\"2023-05-22T11:23:37+00:00\",\"mainEntityOfPage\":{\"@id\":\"https:\\\/\\\/unisale.com.br\\\/novo\\\/22-05-mas-tende-coragem-eu-venci-o-mundo\\\/\"},\"wordCount\":505,\"image\":{\"@id\":\"https:\\\/\\\/unisale.com.br\\\/novo\\\/22-05-mas-tende-coragem-eu-venci-o-mundo\\\/#primaryimage\"},\"thumbnailUrl\":\"https:\\\/\\\/unisale.com.br\\\/pastoral\\\/wp-content\\\/uploads\\\/2023\\\/05\\\/Ev-22.png\",\"articleSection\":[\"Reflex\u00e3o do Evangelho\"],\"inLanguage\":\"pt-BR\"},{\"@type\":\"WebPage\",\"@id\":\"https:\\\/\\\/unisale.com.br\\\/novo\\\/22-05-mas-tende-coragem-eu-venci-o-mundo\\\/\",\"url\":\"https:\\\/\\\/unisale.com.br\\\/novo\\\/22-05-mas-tende-coragem-eu-venci-o-mundo\\\/\",\"name\":\"22\\\/05 - Mas tende coragem! Eu venci o mundo! - Pastoral Universit\u00e1ria UniSALESIANO\",\"isPartOf\":{\"@id\":\"https:\\\/\\\/unisale.com.br\\\/pastoral\\\/#website\"},\"primaryImageOfPage\":{\"@id\":\"https:\\\/\\\/unisale.com.br\\\/novo\\\/22-05-mas-tende-coragem-eu-venci-o-mundo\\\/#primaryimage\"},\"image\":{\"@id\":\"https:\\\/\\\/unisale.com.br\\\/novo\\\/22-05-mas-tende-coragem-eu-venci-o-mundo\\\/#primaryimage\"},\"thumbnailUrl\":\"https:\\\/\\\/unisale.com.br\\\/pastoral\\\/wp-content\\\/uploads\\\/2023\\\/05\\\/Ev-22.png\",\"datePublished\":\"2023-05-22T11:23:37+00:00\",\"author\":{\"@id\":\"https:\\\/\\\/unisale.com.br\\\/pastoral\\\/#\\\/schema\\\/person\\\/a16ba711a0f7dec9cb6b44563144d5a3\"},\"inLanguage\":\"pt-BR\",\"potentialAction\":[{\"@type\":\"ReadAction\",\"target\":[\"https:\\\/\\\/unisale.com.br\\\/novo\\\/22-05-mas-tende-coragem-eu-venci-o-mundo\\\/\"]}]},{\"@type\":\"ImageObject\",\"inLanguage\":\"pt-BR\",\"@id\":\"https:\\\/\\\/unisale.com.br\\\/novo\\\/22-05-mas-tende-coragem-eu-venci-o-mundo\\\/#primaryimage\",\"url\":\"https:\\\/\\\/unisale.com.br\\\/pastoral\\\/wp-content\\\/uploads\\\/2023\\\/05\\\/Ev-22.png\",\"contentUrl\":\"https:\\\/\\\/unisale.com.br\\\/pastoral\\\/wp-content\\\/uploads\\\/2023\\\/05\\\/Ev-22.png\",\"width\":400,\"height\":242},{\"@type\":\"WebSite\",\"@id\":\"https:\\\/\\\/unisale.com.br\\\/pastoral\\\/#website\",\"url\":\"https:\\\/\\\/unisale.com.br\\\/pastoral\\\/\",\"name\":\"Pastoral Universit\u00e1ria UniSALESIANO\",\"description\":\"Site da Pastoral Universit\u00e1ria do UniSALESIANO\",\"potentialAction\":[{\"@type\":\"SearchAction\",\"target\":{\"@type\":\"EntryPoint\",\"urlTemplate\":\"https:\\\/\\\/unisale.com.br\\\/pastoral\\\/?s={search_term_string}\"},\"query-input\":{\"@type\":\"PropertyValueSpecification\",\"valueRequired\":true,\"valueName\":\"search_term_string\"}}],\"inLanguage\":\"pt-BR\"},{\"@type\":\"Person\",\"@id\":\"https:\\\/\\\/unisale.com.br\\\/pastoral\\\/#\\\/schema\\\/person\\\/a16ba711a0f7dec9cb6b44563144d5a3\",\"name\":\"pastoral\",\"url\":\"https:\\\/\\\/unisale.com.br\\\/pastoral\\\/author\\\/pastoral\\\/\"}]}<\/script>\n<!-- \/ Yoast SEO plugin. -->","yoast_head_json":{"title":"22\/05 - Mas tende coragem! Eu venci o mundo! - Pastoral Universit\u00e1ria UniSALESIANO","robots":{"index":"index","follow":"follow","max-snippet":"max-snippet:-1","max-image-preview":"max-image-preview:large","max-video-preview":"max-video-preview:-1"},"canonical":"https:\/\/unisale.com.br\/novo\/22-05-mas-tende-coragem-eu-venci-o-mundo\/","og_locale":"pt_BR","og_type":"article","og_title":"22\/05 - Mas tende coragem! Eu venci o mundo! - Pastoral Universit\u00e1ria UniSALESIANO","og_description":"Segunda-feira, 22 de maio de 2023. &nbsp; Evangelho (Jo 16,29-33) &nbsp; \u201cMas tende coragem! Eu venci o mundo!\u201d &nbsp; Naquele tempo, 29os disc\u00edpulos disseram a...","og_url":"https:\/\/unisale.com.br\/novo\/22-05-mas-tende-coragem-eu-venci-o-mundo\/","og_site_name":"Pastoral Universit\u00e1ria UniSALESIANO","article_published_time":"2023-05-22T11:23:37+00:00","author":"pastoral","twitter_card":"summary_large_image","twitter_misc":{"Escrito por":"pastoral","Est. tempo de leitura":"2 minutos"},"schema":{"@context":"https:\/\/schema.org","@graph":[{"@type":"Article","@id":"https:\/\/unisale.com.br\/novo\/22-05-mas-tende-coragem-eu-venci-o-mundo\/#article","isPartOf":{"@id":"https:\/\/unisale.com.br\/novo\/22-05-mas-tende-coragem-eu-venci-o-mundo\/"},"author":{"name":"pastoral","@id":"https:\/\/unisale.com.br\/pastoral\/#\/schema\/person\/a16ba711a0f7dec9cb6b44563144d5a3"},"headline":"22\/05 &#8211; Mas tende coragem! Eu venci o mundo!","datePublished":"2023-05-22T11:23:37+00:00","mainEntityOfPage":{"@id":"https:\/\/unisale.com.br\/novo\/22-05-mas-tende-coragem-eu-venci-o-mundo\/"},"wordCount":505,"image":{"@id":"https:\/\/unisale.com.br\/novo\/22-05-mas-tende-coragem-eu-venci-o-mundo\/#primaryimage"},"thumbnailUrl":"https:\/\/unisale.com.br\/pastoral\/wp-content\/uploads\/2023\/05\/Ev-22.png","articleSection":["Reflex\u00e3o do Evangelho"],"inLanguage":"pt-BR"},{"@type":"WebPage","@id":"https:\/\/unisale.com.br\/novo\/22-05-mas-tende-coragem-eu-venci-o-mundo\/","url":"https:\/\/unisale.com.br\/novo\/22-05-mas-tende-coragem-eu-venci-o-mundo\/","name":"22\/05 - Mas tende coragem! Eu venci o mundo! - Pastoral Universit\u00e1ria UniSALESIANO","isPartOf":{"@id":"https:\/\/unisale.com.br\/pastoral\/#website"},"primaryImageOfPage":{"@id":"https:\/\/unisale.com.br\/novo\/22-05-mas-tende-coragem-eu-venci-o-mundo\/#primaryimage"},"image":{"@id":"https:\/\/unisale.com.br\/novo\/22-05-mas-tende-coragem-eu-venci-o-mundo\/#primaryimage"},"thumbnailUrl":"https:\/\/unisale.com.br\/pastoral\/wp-content\/uploads\/2023\/05\/Ev-22.png","datePublished":"2023-05-22T11:23:37+00:00","author":{"@id":"https:\/\/unisale.com.br\/pastoral\/#\/schema\/person\/a16ba711a0f7dec9cb6b44563144d5a3"},"inLanguage":"pt-BR","potentialAction":[{"@type":"ReadAction","target":["https:\/\/unisale.com.br\/novo\/22-05-mas-tende-coragem-eu-venci-o-mundo\/"]}]},{"@type":"ImageObject","inLanguage":"pt-BR","@id":"https:\/\/unisale.com.br\/novo\/22-05-mas-tende-coragem-eu-venci-o-mundo\/#primaryimage","url":"https:\/\/unisale.com.br\/pastoral\/wp-content\/uploads\/2023\/05\/Ev-22.png","contentUrl":"https:\/\/unisale.com.br\/pastoral\/wp-content\/uploads\/2023\/05\/Ev-22.png","width":400,"height":242},{"@type":"WebSite","@id":"https:\/\/unisale.com.br\/pastoral\/#website","url":"https:\/\/unisale.com.br\/pastoral\/","name":"Pastoral Universit\u00e1ria UniSALESIANO","description":"Site da Pastoral Universit\u00e1ria do UniSALESIANO","potentialAction":[{"@type":"SearchAction","target":{"@type":"EntryPoint","urlTemplate":"https:\/\/unisale.com.br\/pastoral\/?s={search_term_string}"},"query-input":{"@type":"PropertyValueSpecification","valueRequired":true,"valueName":"search_term_string"}}],"inLanguage":"pt-BR"},{"@type":"Person","@id":"https:\/\/unisale.com.br\/pastoral\/#\/schema\/person\/a16ba711a0f7dec9cb6b44563144d5a3","name":"pastoral","url":"https:\/\/unisale.com.br\/pastoral\/author\/pastoral\/"}]}},"_links":{"self":[{"href":"https:\/\/unisale.com.br\/pastoral\/wp-json\/wp\/v2\/posts\/10419","targetHints":{"allow":["GET"]}}],"collection":[{"href":"https:\/\/unisale.com.br\/pastoral\/wp-json\/wp\/v2\/posts"}],"about":[{"href":"https:\/\/unisale.com.br\/pastoral\/wp-json\/wp\/v2\/types\/post"}],"author":[{"embeddable":true,"href":"https:\/\/unisale.com.br\/pastoral\/wp-json\/wp\/v2\/users\/1"}],"replies":[{"embeddable":true,"href":"https:\/\/unisale.com.br\/pastoral\/wp-json\/wp\/v2\/comments?post=10419"}],"version-history":[{"count":0,"href":"https:\/\/unisale.com.br\/pastoral\/wp-json\/wp\/v2\/posts\/10419\/revisions"}],"wp:featuredmedia":[{"embeddable":true,"href":"https:\/\/unisale.com.br\/pastoral\/wp-json\/wp\/v2\/media\/10414"}],"wp:attachment":[{"href":"https:\/\/unisale.com.br\/pastoral\/wp-json\/wp\/v2\/media?parent=10419"}],"wp:term":[{"taxonomy":"category","embeddable":true,"href":"https:\/\/unisale.com.br\/pastoral\/wp-json\/wp\/v2\/categories?post=10419"},{"taxonomy":"post_tag","embeddable":true,"href":"https:\/\/unisale.com.br\/pastoral\/wp-json\/wp\/v2\/tags?post=10419"}],"curies":[{"name":"wp","href":"https:\/\/api.w.org\/{rel}","templated":true}]}}