{"id":10554,"date":"2024-09-09T17:48:39","date_gmt":"2024-09-09T17:48:39","guid":{"rendered":"https:\/\/unisale.com.br\/pastoral\/?p=10554"},"modified":"2024-09-09T17:48:39","modified_gmt":"2024-09-09T17:48:39","slug":"novo-diretor-da-comunidade-salesiana-de-aracatuba-toma-posse-durante-reuniao-plenaria","status":"publish","type":"post","link":"https:\/\/unisale.com.br\/pastoral\/novo-diretor-da-comunidade-salesiana-de-aracatuba-toma-posse-durante-reuniao-plenaria\/","title":{"rendered":"Novo Diretor da Comunidade Salesiana de Ara\u00e7atuba toma posse durante Reuni\u00e3o Plen\u00e1ria"},"content":{"rendered":"<h2>Sua experi\u00eancia e trajet\u00f3ria na Miss\u00e3o Salesiana s\u00e3o marcadas por uma longa e dedicada atua\u00e7\u00e3o<\/h2>\n<p><strong>Pe. Paulo Fernando Vendrame, SDB<\/strong>, de 56 anos, foi oficialmente empossado como o novo\u00a0<strong>Diretor-Geral da Comunidade Salesiana<\/strong>, em Ara\u00e7atuba, na manh\u00e3 de 27 de janeiro, durante a Reuni\u00e3o Plen\u00e1ria do UniSALESIANO.<\/p>\n<p>At\u00e9 2023, Pe. Paulo, que \u00e9 natural de Piacatu, na regi\u00e3o de Ara\u00e7atuba, desempenhava o papel de Diretor da Presen\u00e7a Salesiana de Lins e tamb\u00e9m Reitor do UniSALESIANO.<\/p>\n<p>Durante a cerim\u00f4nia de posse, o Vice-Inspetor da Miss\u00e3o Salesiana de Mato Grosso,\u00a0<strong>Pe. Ademir Lima, SDB<\/strong>, expressou sua satisfa\u00e7\u00e3o com a nomea\u00e7\u00e3o de Pe. Paulo. \u201cAra\u00e7atuba ganha um grande dir<a href=\"http:\/\/www.pick1custom.com\/\"><strong>human hair wigs<\/strong><\/a>\u00a0<a href=\"http:\/\/fansideastore.com\/\"><strong>custom nfl jersey<\/strong><\/a>\u00a0<a href=\"http:\/\/carpartonline.net\/\"><strong>car parts online<\/strong><\/a>\u00a0<a href=\"https:\/\/www.iairjordansneakers.com\/\"><strong>air jordan 1<\/strong><\/a>\u00a0<a href=\"https:\/\/www.49ernfljerseys.com\/\"><strong>jersey mls<\/strong><\/a>\u00a0<a href=\"https:\/\/www.customjerseybest.com\/\"><strong>personalized celtics jersey<\/strong><\/a>\u00a0<a href=\"https:\/\/www.49ernfljerseys.com\/\"><strong>jersey mls<\/strong><\/a>\u00a0<a href=\"http:\/\/www.jordannikeairstore.com\/\"><strong>air jordan 1 low flyease<\/strong><\/a>\u00a0<a href=\"https:\/\/www.footballcustomjerseys.net\/\"><strong>custom kings jersey<\/strong><\/a>\u00a0<a href=\"https:\/\/www.airjordanmen.com\/\"><strong>nike air jordan 1<\/strong><\/a>\u00a0<a href=\"https:\/\/www.toysonlinecheap.com\/\"><strong>lingerie super sexy<\/strong><\/a>\u00a0<a href=\"https:\/\/www.wigscheapforsale.com\/\"><strong>iwona wig<\/strong><\/a>\u00a0<a href=\"http:\/\/cressicompany.com\/\"><strong>water shoes<\/strong><\/a>\u00a0<a href=\"http:\/\/asufootballjersey.com\/\"><strong>asu football jersey<\/strong><\/a>\u00a0<a href=\"http:\/\/cressinegozio.it\/\"><strong>scarpe da scoglio<\/strong><\/a>\u00a0etor, e eu quero agradecer a disponibilidade do Pe. Paulo Fernando, em nome do nosso Inspetor, Pe. Ricardo Carlos, SDB, agradecer pelo sim que ele deu\u201d, declarou Pe. Ademir.<\/p>\n<p>O Vice-Inspetor tamb\u00e9m ressaltou o afeto e a dedica\u00e7\u00e3o que Pe. Paulo tem demonstrado ao longo de sua carreira, destacando sua passagem por Lins, Campo Grande e Cuiab\u00e1. A comunidade salesiana, confiante na experi\u00eancia e compet\u00eancia do novo diretor, espera fortalecer ainda mais a miss\u00e3o educacional e pastoral que caracteriza a presen\u00e7a salesiana nesta regi\u00e3o.<\/p>\n<p><strong>TRAJET\u00d3RIA<\/strong><\/p>\n<p>Sua experi\u00eancia e trajet\u00f3ria na Miss\u00e3o Salesiana s\u00e3o marcadas por uma longa e dedicada atua\u00e7\u00e3o. Foi Diretor do Col\u00e9gio Dom Bosco, em Campo Grande (2000-2002); Ec\u00f4nomo da Inspetoria (2002-2004); Diretor em Lins (2005-2010); Diretor do Col\u00e9gio Salesiano S\u00e3o Gon\u00e7alo, em Cuiab\u00e1 (2016-2019). Tamb\u00e9m foi o primeiro Reitor do UniSALESIANO, cargo que ocupou at\u00e9 o final de 2010, sendo este Centro Universit\u00e1rio credenciado no Minist\u00e9rio da Educa\u00e7\u00e3o, em 2005. E, desde 2021, \u00e9 o atual Reitor do UniSALESIANO.<\/p>\n<p>&nbsp;<\/p>\n<p>&nbsp;<\/p>\n\n\t\t<style type=\"text\/css\">\n\t\t\t#gallery-1 {\n\t\t\t\tmargin: auto;\n\t\t\t}\n\t\t\t#gallery-1 .gallery-item {\n\t\t\t\tfloat: left;\n\t\t\t\tmargin-top: 10px;\n\t\t\t\ttext-align: center;\n\t\t\t\twidth: 33%;\n\t\t\t}\n\t\t\t#gallery-1 img {\n\t\t\t\tborder: 2px solid #cfcfcf;\n\t\t\t}\n\t\t\t#gallery-1 .gallery-caption {\n\t\t\t\tmargin-left: 0;\n\t\t\t}\n\t\t\t\/* see gallery_shortcode() in wp-includes\/media.php *\/\n\t\t<\/style>\n\t\t<div id='gallery-1' class='gallery galleryid-10554 gallery-columns-3 gallery-size-thumbnail'><dl class='gallery-item'>\n\t\t\t<dt class='gallery-icon landscape'>\n\t\t\t\t<a href='https:\/\/unisale.com.br\/pastoral\/novo-diretor-da-comunidade-salesiana-de-aracatuba-toma-posse-durante-reuniao-plenaria\/784a9753-768x512\/'><img decoding=\"async\" width=\"150\" height=\"150\" src=\"https:\/\/unisale.com.br\/pastoral\/wp-content\/uploads\/2024\/09\/784A9753-768x512-1-150x150.jpg\" class=\"attachment-thumbnail size-thumbnail\" alt=\"\" \/><\/a>\n\t\t\t<\/dt><\/dl><dl class='gallery-item'>\n\t\t\t<dt class='gallery-icon landscape'>\n\t\t\t\t<a href='https:\/\/unisale.com.br\/pastoral\/novo-diretor-da-comunidade-salesiana-de-aracatuba-toma-posse-durante-reuniao-plenaria\/784a9751-1024x683\/'><img decoding=\"async\" width=\"150\" height=\"150\" src=\"https:\/\/unisale.com.br\/pastoral\/wp-content\/uploads\/2024\/09\/784A9751-1024x683-1-150x150.jpg\" class=\"attachment-thumbnail size-thumbnail\" alt=\"\" \/><\/a>\n\t\t\t<\/dt><\/dl><dl class='gallery-item'>\n\t\t\t<dt class='gallery-icon landscape'>\n\t\t\t\t<a href='https:\/\/unisale.com.br\/pastoral\/novo-diretor-da-comunidade-salesiana-de-aracatuba-toma-posse-durante-reuniao-plenaria\/784a9735-1024x683\/'><img decoding=\"async\" width=\"150\" height=\"150\" src=\"https:\/\/unisale.com.br\/pastoral\/wp-content\/uploads\/2024\/09\/784A9735-1024x683-1-150x150.jpg\" class=\"attachment-thumbnail size-thumbnail\" alt=\"\" \/><\/a>\n\t\t\t<\/dt><\/dl><br style=\"clear: both\" \/><dl class='gallery-item'>\n\t\t\t<dt class='gallery-icon landscape'>\n\t\t\t\t<a href='https:\/\/unisale.com.br\/pastoral\/novo-diretor-da-comunidade-salesiana-de-aracatuba-toma-posse-durante-reuniao-plenaria\/784a9726-1024x683\/'><img loading=\"lazy\" decoding=\"async\" width=\"150\" height=\"150\" src=\"https:\/\/unisale.com.br\/pastoral\/wp-content\/uploads\/2024\/09\/784A9726-1024x683-1-150x150.jpg\" class=\"attachment-thumbnail size-thumbnail\" alt=\"\" \/><\/a>\n\t\t\t<\/dt><\/dl><dl class='gallery-item'>\n\t\t\t<dt class='gallery-icon landscape'>\n\t\t\t\t<a href='https:\/\/unisale.com.br\/pastoral\/novo-diretor-da-comunidade-salesiana-de-aracatuba-toma-posse-durante-reuniao-plenaria\/784a9716-1-2048x1365\/'><img loading=\"lazy\" decoding=\"async\" width=\"150\" height=\"150\" src=\"https:\/\/unisale.com.br\/pastoral\/wp-content\/uploads\/2024\/09\/784A9716-1-2048x1365-1-150x150.jpg\" class=\"attachment-thumbnail size-thumbnail\" alt=\"\" \/><\/a>\n\t\t\t<\/dt><\/dl><dl class='gallery-item'>\n\t\t\t<dt class='gallery-icon landscape'>\n\t\t\t\t<a href='https:\/\/unisale.com.br\/pastoral\/novo-diretor-da-comunidade-salesiana-de-aracatuba-toma-posse-durante-reuniao-plenaria\/784a9714-1-2048x1365\/'><img loading=\"lazy\" decoding=\"async\" width=\"150\" height=\"150\" src=\"https:\/\/unisale.com.br\/pastoral\/wp-content\/uploads\/2024\/09\/784A9714-1-2048x1365-1-150x150.jpg\" class=\"attachment-thumbnail size-thumbnail\" alt=\"\" \/><\/a>\n\t\t\t<\/dt><\/dl><br style=\"clear: both\" \/><dl class='gallery-item'>\n\t\t\t<dt class='gallery-icon landscape'>\n\t\t\t\t<a href='https:\/\/unisale.com.br\/pastoral\/novo-diretor-da-comunidade-salesiana-de-aracatuba-toma-posse-durante-reuniao-plenaria\/784a9694-1-2048x1365\/'><img loading=\"lazy\" decoding=\"async\" width=\"150\" height=\"150\" src=\"https:\/\/unisale.com.br\/pastoral\/wp-content\/uploads\/2024\/09\/784A9694-1-2048x1365-1-150x150.jpg\" class=\"attachment-thumbnail size-thumbnail\" alt=\"\" \/><\/a>\n\t\t\t<\/dt><\/dl><dl class='gallery-item'>\n\t\t\t<dt class='gallery-icon landscape'>\n\t\t\t\t<a href='https:\/\/unisale.com.br\/pastoral\/novo-diretor-da-comunidade-salesiana-de-aracatuba-toma-posse-durante-reuniao-plenaria\/784a9685-1024x683\/'><img loading=\"lazy\" decoding=\"async\" width=\"150\" height=\"150\" src=\"https:\/\/unisale.com.br\/pastoral\/wp-content\/uploads\/2024\/09\/784A9685-1024x683-1-150x150.jpg\" class=\"attachment-thumbnail size-thumbnail\" alt=\"\" \/><\/a>\n\t\t\t<\/dt><\/dl><dl class='gallery-item'>\n\t\t\t<dt class='gallery-icon landscape'>\n\t\t\t\t<a href='https:\/\/unisale.com.br\/pastoral\/novo-diretor-da-comunidade-salesiana-de-aracatuba-toma-posse-durante-reuniao-plenaria\/784a9668-1024x683\/'><img loading=\"lazy\" decoding=\"async\" width=\"150\" height=\"150\" src=\"https:\/\/unisale.com.br\/pastoral\/wp-content\/uploads\/2024\/09\/784A9668-1024x683-1-150x150.jpg\" class=\"attachment-thumbnail size-thumbnail\" alt=\"\" \/><\/a>\n\t\t\t<\/dt><\/dl><br style=\"clear: both\" \/><dl class='gallery-item'>\n\t\t\t<dt class='gallery-icon landscape'>\n\t\t\t\t<a href='https:\/\/unisale.com.br\/pastoral\/novo-diretor-da-comunidade-salesiana-de-aracatuba-toma-posse-durante-reuniao-plenaria\/784a9665-1024x683\/'><img loading=\"lazy\" decoding=\"async\" width=\"150\" height=\"150\" src=\"https:\/\/unisale.com.br\/pastoral\/wp-content\/uploads\/2024\/09\/784A9665-1024x683-1-150x150.jpg\" class=\"attachment-thumbnail size-thumbnail\" alt=\"\" \/><\/a>\n\t\t\t<\/dt><\/dl><dl class='gallery-item'>\n\t\t\t<dt class='gallery-icon landscape'>\n\t\t\t\t<a href='https:\/\/unisale.com.br\/pastoral\/novo-diretor-da-comunidade-salesiana-de-aracatuba-toma-posse-durante-reuniao-plenaria\/784a9664-1024x683\/'><img loading=\"lazy\" decoding=\"async\" width=\"150\" height=\"150\" src=\"https:\/\/unisale.com.br\/pastoral\/wp-content\/uploads\/2024\/09\/784A9664-1024x683-1-150x150.jpg\" class=\"attachment-thumbnail size-thumbnail\" alt=\"\" \/><\/a>\n\t\t\t<\/dt><\/dl><dl class='gallery-item'>\n\t\t\t<dt class='gallery-icon landscape'>\n\t\t\t\t<a href='https:\/\/unisale.com.br\/pastoral\/novo-diretor-da-comunidade-salesiana-de-aracatuba-toma-posse-durante-reuniao-plenaria\/784a9657-1-2048x1365\/'><img loading=\"lazy\" decoding=\"async\" width=\"150\" height=\"150\" src=\"https:\/\/unisale.com.br\/pastoral\/wp-content\/uploads\/2024\/09\/784A9657-1-2048x1365-1-150x150.jpg\" class=\"attachment-thumbnail size-thumbnail\" alt=\"\" \/><\/a>\n\t\t\t<\/dt><\/dl><br style=\"clear: both\" \/><dl class='gallery-item'>\n\t\t\t<dt class='gallery-icon landscape'>\n\t\t\t\t<a href='https:\/\/unisale.com.br\/pastoral\/novo-diretor-da-comunidade-salesiana-de-aracatuba-toma-posse-durante-reuniao-plenaria\/784a9649-1-2048x1365\/'><img loading=\"lazy\" decoding=\"async\" width=\"150\" height=\"150\" src=\"https:\/\/unisale.com.br\/pastoral\/wp-content\/uploads\/2024\/09\/784A9649-1-2048x1365-1-150x150.jpg\" class=\"attachment-thumbnail size-thumbnail\" alt=\"\" \/><\/a>\n\t\t\t<\/dt><\/dl><dl class='gallery-item'>\n\t\t\t<dt class='gallery-icon landscape'>\n\t\t\t\t<a href='https:\/\/unisale.com.br\/pastoral\/novo-diretor-da-comunidade-salesiana-de-aracatuba-toma-posse-durante-reuniao-plenaria\/784a9638-2048x1365\/'><img loading=\"lazy\" decoding=\"async\" width=\"150\" height=\"150\" src=\"https:\/\/unisale.com.br\/pastoral\/wp-content\/uploads\/2024\/09\/784A9638-2048x1365-1-150x150.jpg\" class=\"attachment-thumbnail size-thumbnail\" alt=\"\" \/><\/a>\n\t\t\t<\/dt><\/dl><dl class='gallery-item'>\n\t\t\t<dt class='gallery-icon landscape'>\n\t\t\t\t<a href='https:\/\/unisale.com.br\/pastoral\/novo-diretor-da-comunidade-salesiana-de-aracatuba-toma-posse-durante-reuniao-plenaria\/784a9637-2048x1365\/'><img loading=\"lazy\" decoding=\"async\" width=\"150\" height=\"150\" src=\"https:\/\/unisale.com.br\/pastoral\/wp-content\/uploads\/2024\/09\/784A9637-2048x1365-1-150x150.jpg\" class=\"attachment-thumbnail size-thumbnail\" alt=\"\" \/><\/a>\n\t\t\t<\/dt><\/dl><br style=\"clear: both\" \/><dl class='gallery-item'>\n\t\t\t<dt class='gallery-icon landscape'>\n\t\t\t\t<a href='https:\/\/unisale.com.br\/pastoral\/novo-diretor-da-comunidade-salesiana-de-aracatuba-toma-posse-durante-reuniao-plenaria\/784a9635-1-2048x1365\/'><img loading=\"lazy\" decoding=\"async\" width=\"150\" height=\"150\" src=\"https:\/\/unisale.com.br\/pastoral\/wp-content\/uploads\/2024\/09\/784A9635-1-2048x1365-1-150x150.jpg\" class=\"attachment-thumbnail size-thumbnail\" alt=\"\" \/><\/a>\n\t\t\t<\/dt><\/dl><dl class='gallery-item'>\n\t\t\t<dt class='gallery-icon landscape'>\n\t\t\t\t<a href='https:\/\/unisale.com.br\/pastoral\/novo-diretor-da-comunidade-salesiana-de-aracatuba-toma-posse-durante-reuniao-plenaria\/784a9633-1-2048x1365\/'><img loading=\"lazy\" decoding=\"async\" width=\"150\" height=\"150\" src=\"https:\/\/unisale.com.br\/pastoral\/wp-content\/uploads\/2024\/09\/784A9633-1-2048x1365-1-150x150.jpg\" class=\"attachment-thumbnail size-thumbnail\" alt=\"\" \/><\/a>\n\t\t\t<\/dt><\/dl><dl class='gallery-item'>\n\t\t\t<dt class='gallery-icon landscape'>\n\t\t\t\t<a href='https:\/\/unisale.com.br\/pastoral\/novo-diretor-da-comunidade-salesiana-de-aracatuba-toma-posse-durante-reuniao-plenaria\/784a9630-1-2048x1365\/'><img loading=\"lazy\" decoding=\"async\" width=\"150\" height=\"150\" src=\"https:\/\/unisale.com.br\/pastoral\/wp-content\/uploads\/2024\/09\/784A9630-1-2048x1365-1-150x150.jpg\" class=\"attachment-thumbnail size-thumbnail\" alt=\"\" \/><\/a>\n\t\t\t<\/dt><\/dl><br style=\"clear: both\" \/><dl class='gallery-item'>\n\t\t\t<dt class='gallery-icon landscape'>\n\t\t\t\t<a href='https:\/\/unisale.com.br\/pastoral\/novo-diretor-da-comunidade-salesiana-de-aracatuba-toma-posse-durante-reuniao-plenaria\/3-2\/'><img loading=\"lazy\" decoding=\"async\" width=\"150\" height=\"150\" src=\"https:\/\/unisale.com.br\/pastoral\/wp-content\/uploads\/2024\/09\/3-150x150.jpg\" class=\"attachment-thumbnail size-thumbnail\" alt=\"\" \/><\/a>\n\t\t\t<\/dt><\/dl>\n\t\t\t<br style='clear: both' \/>\n\t\t<\/div>\n\n","protected":false},"excerpt":{"rendered":"<p>Sua experi\u00eancia e trajet\u00f3ria na Miss\u00e3o Salesiana s\u00e3o marcadas por uma longa e dedicada atua\u00e7\u00e3o Pe. Paulo Fernando Vendrame, SDB, de 56 anos, foi oficialmente&#8230;<\/p>\n","protected":false},"author":1,"featured_media":10575,"comment_status":"closed","ping_status":"closed","sticky":false,"template":"","format":"standard","meta":{"_acf_changed":false,"footnotes":""},"categories":[1],"tags":[],"class_list":["post-10554","post","type-post","status-publish","format-standard","has-post-thumbnail","hentry","category-uncategorized"],"acf":[],"yoast_head":"<!-- This site is optimized with the Yoast SEO plugin v27.3 - https:\/\/yoast.com\/product\/yoast-seo-wordpress\/ -->\n<title>Novo Diretor da Comunidade Salesiana de Ara\u00e7atuba toma posse durante Reuni\u00e3o Plen\u00e1ria - Pastoral Universit\u00e1ria UniSALESIANO<\/title>\n<meta name=\"robots\" content=\"index, follow, max-snippet:-1, max-image-preview:large, max-video-preview:-1\" \/>\n<link rel=\"canonical\" href=\"https:\/\/unisale.com.br\/novo\/novo-diretor-da-comunidade-salesiana-de-aracatuba-toma-posse-durante-reuniao-plenaria\/\" \/>\n<meta property=\"og:locale\" content=\"pt_BR\" \/>\n<meta property=\"og:type\" content=\"article\" \/>\n<meta property=\"og:title\" content=\"Novo Diretor da Comunidade Salesiana de Ara\u00e7atuba toma posse durante Reuni\u00e3o Plen\u00e1ria - Pastoral Universit\u00e1ria UniSALESIANO\" \/>\n<meta property=\"og:description\" content=\"Sua experi\u00eancia e trajet\u00f3ria na Miss\u00e3o Salesiana s\u00e3o marcadas por uma longa e dedicada atua\u00e7\u00e3o Pe. Paulo Fernando Vendrame, SDB, de 56 anos, foi oficialmente...\" \/>\n<meta property=\"og:url\" content=\"https:\/\/unisale.com.br\/novo\/novo-diretor-da-comunidade-salesiana-de-aracatuba-toma-posse-durante-reuniao-plenaria\/\" \/>\n<meta property=\"og:site_name\" content=\"Pastoral Universit\u00e1ria UniSALESIANO\" \/>\n<meta property=\"article:published_time\" content=\"2024-09-09T17:48:39+00:00\" \/>\n<meta property=\"og:image\" content=\"https:\/\/unisale.com.br\/novo\/wp-content\/uploads\/2024\/09\/784A9753-768x512-1.jpg\" \/>\n\t<meta property=\"og:image:width\" content=\"768\" \/>\n\t<meta property=\"og:image:height\" content=\"512\" \/>\n\t<meta property=\"og:image:type\" content=\"image\/jpeg\" \/>\n<meta name=\"author\" content=\"pastoral\" \/>\n<meta name=\"twitter:card\" content=\"summary_large_image\" \/>\n<meta name=\"twitter:label1\" content=\"Escrito por\" \/>\n\t<meta name=\"twitter:data1\" content=\"pastoral\" \/>\n\t<meta name=\"twitter:label2\" content=\"Est. tempo de leitura\" \/>\n\t<meta name=\"twitter:data2\" content=\"2 minutos\" \/>\n<script type=\"application\/ld+json\" class=\"yoast-schema-graph\">{\"@context\":\"https:\\\/\\\/schema.org\",\"@graph\":[{\"@type\":\"Article\",\"@id\":\"https:\\\/\\\/unisale.com.br\\\/novo\\\/novo-diretor-da-comunidade-salesiana-de-aracatuba-toma-posse-durante-reuniao-plenaria\\\/#article\",\"isPartOf\":{\"@id\":\"https:\\\/\\\/unisale.com.br\\\/novo\\\/novo-diretor-da-comunidade-salesiana-de-aracatuba-toma-posse-durante-reuniao-plenaria\\\/\"},\"author\":{\"name\":\"pastoral\",\"@id\":\"https:\\\/\\\/unisale.com.br\\\/pastoral\\\/#\\\/schema\\\/person\\\/a16ba711a0f7dec9cb6b44563144d5a3\"},\"headline\":\"Novo Diretor da Comunidade Salesiana de Ara\u00e7atuba toma posse durante Reuni\u00e3o Plen\u00e1ria\",\"datePublished\":\"2024-09-09T17:48:39+00:00\",\"mainEntityOfPage\":{\"@id\":\"https:\\\/\\\/unisale.com.br\\\/novo\\\/novo-diretor-da-comunidade-salesiana-de-aracatuba-toma-posse-durante-reuniao-plenaria\\\/\"},\"wordCount\":359,\"image\":{\"@id\":\"https:\\\/\\\/unisale.com.br\\\/novo\\\/novo-diretor-da-comunidade-salesiana-de-aracatuba-toma-posse-durante-reuniao-plenaria\\\/#primaryimage\"},\"thumbnailUrl\":\"https:\\\/\\\/unisale.com.br\\\/pastoral\\\/wp-content\\\/uploads\\\/2024\\\/09\\\/784A9753-768x512-1.jpg\",\"inLanguage\":\"pt-BR\"},{\"@type\":\"WebPage\",\"@id\":\"https:\\\/\\\/unisale.com.br\\\/novo\\\/novo-diretor-da-comunidade-salesiana-de-aracatuba-toma-posse-durante-reuniao-plenaria\\\/\",\"url\":\"https:\\\/\\\/unisale.com.br\\\/novo\\\/novo-diretor-da-comunidade-salesiana-de-aracatuba-toma-posse-durante-reuniao-plenaria\\\/\",\"name\":\"Novo Diretor da Comunidade Salesiana de Ara\u00e7atuba toma posse durante Reuni\u00e3o Plen\u00e1ria - Pastoral Universit\u00e1ria UniSALESIANO\",\"isPartOf\":{\"@id\":\"https:\\\/\\\/unisale.com.br\\\/pastoral\\\/#website\"},\"primaryImageOfPage\":{\"@id\":\"https:\\\/\\\/unisale.com.br\\\/novo\\\/novo-diretor-da-comunidade-salesiana-de-aracatuba-toma-posse-durante-reuniao-plenaria\\\/#primaryimage\"},\"image\":{\"@id\":\"https:\\\/\\\/unisale.com.br\\\/novo\\\/novo-diretor-da-comunidade-salesiana-de-aracatuba-toma-posse-durante-reuniao-plenaria\\\/#primaryimage\"},\"thumbnailUrl\":\"https:\\\/\\\/unisale.com.br\\\/pastoral\\\/wp-content\\\/uploads\\\/2024\\\/09\\\/784A9753-768x512-1.jpg\",\"datePublished\":\"2024-09-09T17:48:39+00:00\",\"author\":{\"@id\":\"https:\\\/\\\/unisale.com.br\\\/pastoral\\\/#\\\/schema\\\/person\\\/a16ba711a0f7dec9cb6b44563144d5a3\"},\"inLanguage\":\"pt-BR\",\"potentialAction\":[{\"@type\":\"ReadAction\",\"target\":[\"https:\\\/\\\/unisale.com.br\\\/novo\\\/novo-diretor-da-comunidade-salesiana-de-aracatuba-toma-posse-durante-reuniao-plenaria\\\/\"]}]},{\"@type\":\"ImageObject\",\"inLanguage\":\"pt-BR\",\"@id\":\"https:\\\/\\\/unisale.com.br\\\/novo\\\/novo-diretor-da-comunidade-salesiana-de-aracatuba-toma-posse-durante-reuniao-plenaria\\\/#primaryimage\",\"url\":\"https:\\\/\\\/unisale.com.br\\\/pastoral\\\/wp-content\\\/uploads\\\/2024\\\/09\\\/784A9753-768x512-1.jpg\",\"contentUrl\":\"https:\\\/\\\/unisale.com.br\\\/pastoral\\\/wp-content\\\/uploads\\\/2024\\\/09\\\/784A9753-768x512-1.jpg\",\"width\":750,\"height\":500},{\"@type\":\"WebSite\",\"@id\":\"https:\\\/\\\/unisale.com.br\\\/pastoral\\\/#website\",\"url\":\"https:\\\/\\\/unisale.com.br\\\/pastoral\\\/\",\"name\":\"Pastoral Universit\u00e1ria UniSALESIANO\",\"description\":\"Site da Pastoral Universit\u00e1ria do UniSALESIANO\",\"potentialAction\":[{\"@type\":\"SearchAction\",\"target\":{\"@type\":\"EntryPoint\",\"urlTemplate\":\"https:\\\/\\\/unisale.com.br\\\/pastoral\\\/?s={search_term_string}\"},\"query-input\":{\"@type\":\"PropertyValueSpecification\",\"valueRequired\":true,\"valueName\":\"search_term_string\"}}],\"inLanguage\":\"pt-BR\"},{\"@type\":\"Person\",\"@id\":\"https:\\\/\\\/unisale.com.br\\\/pastoral\\\/#\\\/schema\\\/person\\\/a16ba711a0f7dec9cb6b44563144d5a3\",\"name\":\"pastoral\",\"url\":\"https:\\\/\\\/unisale.com.br\\\/pastoral\\\/author\\\/pastoral\\\/\"}]}<\/script>\n<!-- \/ Yoast SEO plugin. -->","yoast_head_json":{"title":"Novo Diretor da Comunidade Salesiana de Ara\u00e7atuba toma posse durante Reuni\u00e3o Plen\u00e1ria - Pastoral Universit\u00e1ria UniSALESIANO","robots":{"index":"index","follow":"follow","max-snippet":"max-snippet:-1","max-image-preview":"max-image-preview:large","max-video-preview":"max-video-preview:-1"},"canonical":"https:\/\/unisale.com.br\/novo\/novo-diretor-da-comunidade-salesiana-de-aracatuba-toma-posse-durante-reuniao-plenaria\/","og_locale":"pt_BR","og_type":"article","og_title":"Novo Diretor da Comunidade Salesiana de Ara\u00e7atuba toma posse durante Reuni\u00e3o Plen\u00e1ria - Pastoral Universit\u00e1ria UniSALESIANO","og_description":"Sua experi\u00eancia e trajet\u00f3ria na Miss\u00e3o Salesiana s\u00e3o marcadas por uma longa e dedicada atua\u00e7\u00e3o Pe. Paulo Fernando Vendrame, SDB, de 56 anos, foi oficialmente...","og_url":"https:\/\/unisale.com.br\/novo\/novo-diretor-da-comunidade-salesiana-de-aracatuba-toma-posse-durante-reuniao-plenaria\/","og_site_name":"Pastoral Universit\u00e1ria UniSALESIANO","article_published_time":"2024-09-09T17:48:39+00:00","og_image":[{"width":768,"height":512,"url":"https:\/\/unisale.com.br\/novo\/wp-content\/uploads\/2024\/09\/784A9753-768x512-1.jpg","type":"image\/jpeg"}],"author":"pastoral","twitter_card":"summary_large_image","twitter_misc":{"Escrito por":"pastoral","Est. tempo de leitura":"2 minutos"},"schema":{"@context":"https:\/\/schema.org","@graph":[{"@type":"Article","@id":"https:\/\/unisale.com.br\/novo\/novo-diretor-da-comunidade-salesiana-de-aracatuba-toma-posse-durante-reuniao-plenaria\/#article","isPartOf":{"@id":"https:\/\/unisale.com.br\/novo\/novo-diretor-da-comunidade-salesiana-de-aracatuba-toma-posse-durante-reuniao-plenaria\/"},"author":{"name":"pastoral","@id":"https:\/\/unisale.com.br\/pastoral\/#\/schema\/person\/a16ba711a0f7dec9cb6b44563144d5a3"},"headline":"Novo Diretor da Comunidade Salesiana de Ara\u00e7atuba toma posse durante Reuni\u00e3o Plen\u00e1ria","datePublished":"2024-09-09T17:48:39+00:00","mainEntityOfPage":{"@id":"https:\/\/unisale.com.br\/novo\/novo-diretor-da-comunidade-salesiana-de-aracatuba-toma-posse-durante-reuniao-plenaria\/"},"wordCount":359,"image":{"@id":"https:\/\/unisale.com.br\/novo\/novo-diretor-da-comunidade-salesiana-de-aracatuba-toma-posse-durante-reuniao-plenaria\/#primaryimage"},"thumbnailUrl":"https:\/\/unisale.com.br\/pastoral\/wp-content\/uploads\/2024\/09\/784A9753-768x512-1.jpg","inLanguage":"pt-BR"},{"@type":"WebPage","@id":"https:\/\/unisale.com.br\/novo\/novo-diretor-da-comunidade-salesiana-de-aracatuba-toma-posse-durante-reuniao-plenaria\/","url":"https:\/\/unisale.com.br\/novo\/novo-diretor-da-comunidade-salesiana-de-aracatuba-toma-posse-durante-reuniao-plenaria\/","name":"Novo Diretor da Comunidade Salesiana de Ara\u00e7atuba toma posse durante Reuni\u00e3o Plen\u00e1ria - Pastoral Universit\u00e1ria UniSALESIANO","isPartOf":{"@id":"https:\/\/unisale.com.br\/pastoral\/#website"},"primaryImageOfPage":{"@id":"https:\/\/unisale.com.br\/novo\/novo-diretor-da-comunidade-salesiana-de-aracatuba-toma-posse-durante-reuniao-plenaria\/#primaryimage"},"image":{"@id":"https:\/\/unisale.com.br\/novo\/novo-diretor-da-comunidade-salesiana-de-aracatuba-toma-posse-durante-reuniao-plenaria\/#primaryimage"},"thumbnailUrl":"https:\/\/unisale.com.br\/pastoral\/wp-content\/uploads\/2024\/09\/784A9753-768x512-1.jpg","datePublished":"2024-09-09T17:48:39+00:00","author":{"@id":"https:\/\/unisale.com.br\/pastoral\/#\/schema\/person\/a16ba711a0f7dec9cb6b44563144d5a3"},"inLanguage":"pt-BR","potentialAction":[{"@type":"ReadAction","target":["https:\/\/unisale.com.br\/novo\/novo-diretor-da-comunidade-salesiana-de-aracatuba-toma-posse-durante-reuniao-plenaria\/"]}]},{"@type":"ImageObject","inLanguage":"pt-BR","@id":"https:\/\/unisale.com.br\/novo\/novo-diretor-da-comunidade-salesiana-de-aracatuba-toma-posse-durante-reuniao-plenaria\/#primaryimage","url":"https:\/\/unisale.com.br\/pastoral\/wp-content\/uploads\/2024\/09\/784A9753-768x512-1.jpg","contentUrl":"https:\/\/unisale.com.br\/pastoral\/wp-content\/uploads\/2024\/09\/784A9753-768x512-1.jpg","width":750,"height":500},{"@type":"WebSite","@id":"https:\/\/unisale.com.br\/pastoral\/#website","url":"https:\/\/unisale.com.br\/pastoral\/","name":"Pastoral Universit\u00e1ria UniSALESIANO","description":"Site da Pastoral Universit\u00e1ria do UniSALESIANO","potentialAction":[{"@type":"SearchAction","target":{"@type":"EntryPoint","urlTemplate":"https:\/\/unisale.com.br\/pastoral\/?s={search_term_string}"},"query-input":{"@type":"PropertyValueSpecification","valueRequired":true,"valueName":"search_term_string"}}],"inLanguage":"pt-BR"},{"@type":"Person","@id":"https:\/\/unisale.com.br\/pastoral\/#\/schema\/person\/a16ba711a0f7dec9cb6b44563144d5a3","name":"pastoral","url":"https:\/\/unisale.com.br\/pastoral\/author\/pastoral\/"}]}},"_links":{"self":[{"href":"https:\/\/unisale.com.br\/pastoral\/wp-json\/wp\/v2\/posts\/10554","targetHints":{"allow":["GET"]}}],"collection":[{"href":"https:\/\/unisale.com.br\/pastoral\/wp-json\/wp\/v2\/posts"}],"about":[{"href":"https:\/\/unisale.com.br\/pastoral\/wp-json\/wp\/v2\/types\/post"}],"author":[{"embeddable":true,"href":"https:\/\/unisale.com.br\/pastoral\/wp-json\/wp\/v2\/users\/1"}],"replies":[{"embeddable":true,"href":"https:\/\/unisale.com.br\/pastoral\/wp-json\/wp\/v2\/comments?post=10554"}],"version-history":[{"count":1,"href":"https:\/\/unisale.com.br\/pastoral\/wp-json\/wp\/v2\/posts\/10554\/revisions"}],"predecessor-version":[{"id":10576,"href":"https:\/\/unisale.com.br\/pastoral\/wp-json\/wp\/v2\/posts\/10554\/revisions\/10576"}],"wp:featuredmedia":[{"embeddable":true,"href":"https:\/\/unisale.com.br\/pastoral\/wp-json\/wp\/v2\/media\/10575"}],"wp:attachment":[{"href":"https:\/\/unisale.com.br\/pastoral\/wp-json\/wp\/v2\/media?parent=10554"}],"wp:term":[{"taxonomy":"category","embeddable":true,"href":"https:\/\/unisale.com.br\/pastoral\/wp-json\/wp\/v2\/categories?post=10554"},{"taxonomy":"post_tag","embeddable":true,"href":"https:\/\/unisale.com.br\/pastoral\/wp-json\/wp\/v2\/tags?post=10554"}],"curies":[{"name":"wp","href":"https:\/\/api.w.org\/{rel}","templated":true}]}}