{"id":10577,"date":"2024-09-09T17:58:48","date_gmt":"2024-09-09T17:58:48","guid":{"rendered":"https:\/\/unisale.com.br\/pastoral\/?p=10577"},"modified":"2024-09-09T17:58:48","modified_gmt":"2024-09-09T17:58:48","slug":"bicentenario-do-sonho-dos-9-anos-de-dom-bosco-e-tema-da-palestra-em-reuniao-plenaria","status":"publish","type":"post","link":"https:\/\/unisale.com.br\/pastoral\/bicentenario-do-sonho-dos-9-anos-de-dom-bosco-e-tema-da-palestra-em-reuniao-plenaria\/","title":{"rendered":"Bicenten\u00e1rio do sonho dos 9 anos de Dom Bosco \u00e9 tema da palestra em Reuni\u00e3o Plen\u00e1ria"},"content":{"rendered":"<h2>Participantes foram acolhidos com uma celebra\u00e7\u00e3o realizada pelo Pe. Paulo J\u00e1como<\/h2>\n<p>&nbsp;<\/p>\n<p>O\u00a0<strong>UniSALESIANO<\/strong>\u00a0reuniu seus membros da comunidade acad\u00eamica para a\u00a0<strong>Plen\u00e1ria de 2024<\/strong>, um evento marcante que celebrou o bicenten\u00e1rio do sonho inspirador de Dom Bosco, fundador dos salesianos. A palestra central foi proferida pelo\u00a0<strong>Pe. Ademir Lima, SDB<\/strong>, vice-presidente da Miss\u00e3o Salesiana de Mato Grosso, mantenedora do UniSALESIANO.<\/p>\n<p>O evento teve a presen\u00e7a dos integrantes da Reitoria: Reitor e novo Diretor-Geral do UniSALESIANO Ara\u00e7atuba,\u00a0<strong>Pe. Paulo Fernando Vendrame, SDB<\/strong>, Pr\u00f3-Reitor de Ensino, Pesquisa e P\u00f3s-Gradua\u00e7\u00e3o,\u00a0<strong>Prof. Dr. Andr\u00e9 Ornellas<\/strong>,\u00a0Pr\u00f3-Reitor de Pastoral,\u00a0<strong>Pe. Paulo Eduardo J\u00e1como, SDB<\/strong>, Pr\u00f3-Reitora Administrativa,\u00a0<strong>Vanda Aparecida Guilherme Moura<\/strong>; al\u00e9m do mestre\u00a0<strong>Arnaldo Ernest Sugshi, SDB<\/strong>, do\u00a0<strong>Pe. Delmiro Vieira do Nascimento, SDB<\/strong>, que atua na Par\u00f3quia Salesiana S\u00e3o Francisco e Santa Clara, e do novo Diretor-Geral da Comunidade Salesiana de Lins,\u00a0<strong>Pe. Jo\u00e3o Marcos Ara\u00fajo Ramos, SDB.<\/strong><\/p>\n<p>Inicialmente, os participantes foram acolhidos com uma celebra\u00e7\u00e3o realizada pelo Pe. Paulo J\u00e1como e sua equipe de Pastoral. Tiveram acesso tamb\u00e9m a conte\u00fado explanado pelo Prof. Andr\u00e9 Ornellas em rela\u00e7\u00e3o \u00e0 \u00e1rea acad\u00eamica.<\/p>\n<p>Em seguida, Pe. Ademir Lima ministrou a palestra com o objetivo de demonstrar que o sonho de Dom Bosco foi a base do carisma salesiano e um elemento inspirador para o trabalho educativo realizado nas institui\u00e7\u00f5es salesianas. \u201cO \u2018sonho dos 9 anos\u2019 \u00e9 inspirador e o analisamos como o comportamento de Dom Bosco ao longo de sua vida. Isso \u00e9 uma quest\u00e3o antropol\u00f3gica\u201d, destacou.<\/p>\n<p>O evento encerrou-se com uma reflex\u00e3o profunda sobre a proposta do \u201csonho dos 9 anos\u201d para os dias atuais, refor\u00e7ando o compromisso da Institui\u00e7\u00e3o em oferecer uma educa\u00e7\u00e3o de qualidade que vai al\u00e9m do acad\u00eamico, visando o desenvolvimento integral dos jovens. O bicenten\u00e1rio do sonho dos 9 anos de Dom Bosco foi celebrado n\u00e3o apenas como um marco hist\u00f3rico, mas como uma inspira\u00e7\u00e3o cont\u00ednua para a miss\u00e3o salesiana de transformar vidas, na linguagem de Dom Bosco, transformar \u201clobos em cordeiros\u201d.<\/p>\n<p>&nbsp;<\/p>\n\n\t\t<style type=\"text\/css\">\n\t\t\t#gallery-1 {\n\t\t\t\tmargin: auto;\n\t\t\t}\n\t\t\t#gallery-1 .gallery-item {\n\t\t\t\tfloat: left;\n\t\t\t\tmargin-top: 10px;\n\t\t\t\ttext-align: center;\n\t\t\t\twidth: 33%;\n\t\t\t}\n\t\t\t#gallery-1 img {\n\t\t\t\tborder: 2px solid #cfcfcf;\n\t\t\t}\n\t\t\t#gallery-1 .gallery-caption {\n\t\t\t\tmargin-left: 0;\n\t\t\t}\n\t\t\t\/* see gallery_shortcode() in wp-includes\/media.php *\/\n\t\t<\/style>\n\t\t<div id='gallery-1' class='gallery galleryid-10577 gallery-columns-3 gallery-size-thumbnail'><dl class='gallery-item'>\n\t\t\t<dt class='gallery-icon landscape'>\n\t\t\t\t<a href='https:\/\/unisale.com.br\/pastoral\/bicentenario-do-sonho-dos-9-anos-de-dom-bosco-e-tema-da-palestra-em-reuniao-plenaria\/attachment\/10578\/'><img decoding=\"async\" width=\"150\" height=\"150\" src=\"https:\/\/unisale.com.br\/pastoral\/wp-content\/uploads\/2024\/09\/unnamed-file-150x150.jpg\" class=\"attachment-thumbnail size-thumbnail\" alt=\"\" \/><\/a>\n\t\t\t<\/dt><\/dl><dl class='gallery-item'>\n\t\t\t<dt class='gallery-icon landscape'>\n\t\t\t\t<a href='https:\/\/unisale.com.br\/pastoral\/bicentenario-do-sonho-dos-9-anos-de-dom-bosco-e-tema-da-palestra-em-reuniao-plenaria\/784a9670-768x512-1\/'><img decoding=\"async\" width=\"150\" height=\"150\" src=\"https:\/\/unisale.com.br\/pastoral\/wp-content\/uploads\/2024\/09\/784A9670-768x512-1-1-150x150.jpg\" class=\"attachment-thumbnail size-thumbnail\" alt=\"\" \/><\/a>\n\t\t\t<\/dt><\/dl><dl class='gallery-item'>\n\t\t\t<dt class='gallery-icon landscape'>\n\t\t\t\t<a href='https:\/\/unisale.com.br\/pastoral\/bicentenario-do-sonho-dos-9-anos-de-dom-bosco-e-tema-da-palestra-em-reuniao-plenaria\/784a9627-1-2048x1365\/'><img decoding=\"async\" width=\"150\" height=\"150\" src=\"https:\/\/unisale.com.br\/pastoral\/wp-content\/uploads\/2024\/09\/784A9627-1-2048x1365-1-150x150.jpg\" class=\"attachment-thumbnail size-thumbnail\" alt=\"\" \/><\/a>\n\t\t\t<\/dt><\/dl><br style=\"clear: both\" \/><dl class='gallery-item'>\n\t\t\t<dt class='gallery-icon landscape'>\n\t\t\t\t<a href='https:\/\/unisale.com.br\/pastoral\/bicentenario-do-sonho-dos-9-anos-de-dom-bosco-e-tema-da-palestra-em-reuniao-plenaria\/784a9630-1-2048x1365-2\/'><img loading=\"lazy\" decoding=\"async\" width=\"150\" height=\"150\" src=\"https:\/\/unisale.com.br\/pastoral\/wp-content\/uploads\/2024\/09\/784A9630-1-2048x1365-2-150x150.jpg\" class=\"attachment-thumbnail size-thumbnail\" alt=\"\" \/><\/a>\n\t\t\t<\/dt><\/dl><dl class='gallery-item'>\n\t\t\t<dt class='gallery-icon landscape'>\n\t\t\t\t<a href='https:\/\/unisale.com.br\/pastoral\/bicentenario-do-sonho-dos-9-anos-de-dom-bosco-e-tema-da-palestra-em-reuniao-plenaria\/784a9633-1-2048x1365-1\/'><img loading=\"lazy\" decoding=\"async\" width=\"150\" height=\"150\" src=\"https:\/\/unisale.com.br\/pastoral\/wp-content\/uploads\/2024\/09\/784A9633-1-2048x1365-1-1-150x150.jpg\" class=\"attachment-thumbnail size-thumbnail\" alt=\"\" \/><\/a>\n\t\t\t<\/dt><\/dl><dl class='gallery-item'>\n\t\t\t<dt class='gallery-icon landscape'>\n\t\t\t\t<a href='https:\/\/unisale.com.br\/pastoral\/bicentenario-do-sonho-dos-9-anos-de-dom-bosco-e-tema-da-palestra-em-reuniao-plenaria\/784a9633-1-2048x1365-2\/'><img loading=\"lazy\" decoding=\"async\" width=\"150\" height=\"150\" src=\"https:\/\/unisale.com.br\/pastoral\/wp-content\/uploads\/2024\/09\/784A9633-1-2048x1365-2-150x150.jpg\" class=\"attachment-thumbnail size-thumbnail\" alt=\"\" \/><\/a>\n\t\t\t<\/dt><\/dl><br style=\"clear: both\" \/><dl class='gallery-item'>\n\t\t\t<dt class='gallery-icon landscape'>\n\t\t\t\t<a href='https:\/\/unisale.com.br\/pastoral\/bicentenario-do-sonho-dos-9-anos-de-dom-bosco-e-tema-da-palestra-em-reuniao-plenaria\/784a9638-2048x1365-2\/'><img loading=\"lazy\" decoding=\"async\" width=\"150\" height=\"150\" src=\"https:\/\/unisale.com.br\/pastoral\/wp-content\/uploads\/2024\/09\/784A9638-2048x1365-2-150x150.jpg\" class=\"attachment-thumbnail size-thumbnail\" alt=\"\" \/><\/a>\n\t\t\t<\/dt><\/dl><dl class='gallery-item'>\n\t\t\t<dt class='gallery-icon landscape'>\n\t\t\t\t<a href='https:\/\/unisale.com.br\/pastoral\/bicentenario-do-sonho-dos-9-anos-de-dom-bosco-e-tema-da-palestra-em-reuniao-plenaria\/784a9649-1-2048x1365-2\/'><img loading=\"lazy\" decoding=\"async\" width=\"150\" height=\"150\" src=\"https:\/\/unisale.com.br\/pastoral\/wp-content\/uploads\/2024\/09\/784A9649-1-2048x1365-2-150x150.jpg\" class=\"attachment-thumbnail size-thumbnail\" alt=\"\" \/><\/a>\n\t\t\t<\/dt><\/dl><dl class='gallery-item'>\n\t\t\t<dt class='gallery-icon landscape'>\n\t\t\t\t<a href='https:\/\/unisale.com.br\/pastoral\/bicentenario-do-sonho-dos-9-anos-de-dom-bosco-e-tema-da-palestra-em-reuniao-plenaria\/784a9657-1-2048x1365-2\/'><img loading=\"lazy\" decoding=\"async\" width=\"150\" height=\"150\" src=\"https:\/\/unisale.com.br\/pastoral\/wp-content\/uploads\/2024\/09\/784A9657-1-2048x1365-2-150x150.jpg\" class=\"attachment-thumbnail size-thumbnail\" alt=\"\" \/><\/a>\n\t\t\t<\/dt><\/dl><br style=\"clear: both\" \/>\n\t\t<\/div>\n\n","protected":false},"excerpt":{"rendered":"<p>Participantes foram acolhidos com uma celebra\u00e7\u00e3o realizada pelo Pe. Paulo J\u00e1como &nbsp; O\u00a0UniSALESIANO\u00a0reuniu seus membros da comunidade acad\u00eamica para a\u00a0Plen\u00e1ria de 2024, um evento marcante&#8230;<\/p>\n","protected":false},"author":1,"featured_media":10591,"comment_status":"closed","ping_status":"closed","sticky":false,"template":"","format":"standard","meta":{"_acf_changed":false,"footnotes":""},"categories":[3],"tags":[],"class_list":["post-10577","post","type-post","status-publish","format-standard","has-post-thumbnail","hentry","category-not"],"acf":[],"yoast_head":"<!-- This site is optimized with the Yoast SEO plugin v27.3 - https:\/\/yoast.com\/product\/yoast-seo-wordpress\/ -->\n<title>Bicenten\u00e1rio do sonho dos 9 anos de Dom Bosco \u00e9 tema da palestra em Reuni\u00e3o Plen\u00e1ria - Pastoral Universit\u00e1ria UniSALESIANO<\/title>\n<meta name=\"robots\" content=\"index, follow, max-snippet:-1, max-image-preview:large, max-video-preview:-1\" \/>\n<link rel=\"canonical\" href=\"https:\/\/unisale.com.br\/novo\/bicentenario-do-sonho-dos-9-anos-de-dom-bosco-e-tema-da-palestra-em-reuniao-plenaria\/\" \/>\n<meta property=\"og:locale\" content=\"pt_BR\" \/>\n<meta property=\"og:type\" content=\"article\" \/>\n<meta property=\"og:title\" content=\"Bicenten\u00e1rio do sonho dos 9 anos de Dom Bosco \u00e9 tema da palestra em Reuni\u00e3o Plen\u00e1ria - Pastoral Universit\u00e1ria UniSALESIANO\" \/>\n<meta property=\"og:description\" content=\"Participantes foram acolhidos com uma celebra\u00e7\u00e3o realizada pelo Pe. Paulo J\u00e1como &nbsp; O\u00a0UniSALESIANO\u00a0reuniu seus membros da comunidade acad\u00eamica para a\u00a0Plen\u00e1ria de 2024, um evento marcante...\" \/>\n<meta property=\"og:url\" content=\"https:\/\/unisale.com.br\/novo\/bicentenario-do-sonho-dos-9-anos-de-dom-bosco-e-tema-da-palestra-em-reuniao-plenaria\/\" \/>\n<meta property=\"og:site_name\" content=\"Pastoral Universit\u00e1ria UniSALESIANO\" \/>\n<meta property=\"article:published_time\" content=\"2024-09-09T17:58:48+00:00\" \/>\n<meta property=\"og:image\" content=\"https:\/\/unisale.com.br\/novo\/wp-content\/uploads\/2024\/09\/784A9670-768x512-1-1.jpg\" \/>\n\t<meta property=\"og:image:width\" content=\"768\" \/>\n\t<meta property=\"og:image:height\" content=\"512\" \/>\n\t<meta property=\"og:image:type\" content=\"image\/jpeg\" \/>\n<meta name=\"author\" content=\"pastoral\" \/>\n<meta name=\"twitter:card\" content=\"summary_large_image\" \/>\n<meta name=\"twitter:label1\" content=\"Escrito por\" \/>\n\t<meta name=\"twitter:data1\" content=\"pastoral\" \/>\n\t<meta name=\"twitter:label2\" content=\"Est. tempo de leitura\" \/>\n\t<meta name=\"twitter:data2\" content=\"2 minutos\" \/>\n<script type=\"application\/ld+json\" class=\"yoast-schema-graph\">{\"@context\":\"https:\\\/\\\/schema.org\",\"@graph\":[{\"@type\":\"Article\",\"@id\":\"https:\\\/\\\/unisale.com.br\\\/novo\\\/bicentenario-do-sonho-dos-9-anos-de-dom-bosco-e-tema-da-palestra-em-reuniao-plenaria\\\/#article\",\"isPartOf\":{\"@id\":\"https:\\\/\\\/unisale.com.br\\\/novo\\\/bicentenario-do-sonho-dos-9-anos-de-dom-bosco-e-tema-da-palestra-em-reuniao-plenaria\\\/\"},\"author\":{\"name\":\"pastoral\",\"@id\":\"https:\\\/\\\/unisale.com.br\\\/pastoral\\\/#\\\/schema\\\/person\\\/a16ba711a0f7dec9cb6b44563144d5a3\"},\"headline\":\"Bicenten\u00e1rio do sonho dos 9 anos de Dom Bosco \u00e9 tema da palestra em Reuni\u00e3o Plen\u00e1ria\",\"datePublished\":\"2024-09-09T17:58:48+00:00\",\"mainEntityOfPage\":{\"@id\":\"https:\\\/\\\/unisale.com.br\\\/novo\\\/bicentenario-do-sonho-dos-9-anos-de-dom-bosco-e-tema-da-palestra-em-reuniao-plenaria\\\/\"},\"wordCount\":375,\"image\":{\"@id\":\"https:\\\/\\\/unisale.com.br\\\/novo\\\/bicentenario-do-sonho-dos-9-anos-de-dom-bosco-e-tema-da-palestra-em-reuniao-plenaria\\\/#primaryimage\"},\"thumbnailUrl\":\"https:\\\/\\\/unisale.com.br\\\/pastoral\\\/wp-content\\\/uploads\\\/2024\\\/09\\\/784A9670-768x512-1-1.jpg\",\"articleSection\":[\"Not\u00edcias\"],\"inLanguage\":\"pt-BR\"},{\"@type\":\"WebPage\",\"@id\":\"https:\\\/\\\/unisale.com.br\\\/novo\\\/bicentenario-do-sonho-dos-9-anos-de-dom-bosco-e-tema-da-palestra-em-reuniao-plenaria\\\/\",\"url\":\"https:\\\/\\\/unisale.com.br\\\/novo\\\/bicentenario-do-sonho-dos-9-anos-de-dom-bosco-e-tema-da-palestra-em-reuniao-plenaria\\\/\",\"name\":\"Bicenten\u00e1rio do sonho dos 9 anos de Dom Bosco \u00e9 tema da palestra em Reuni\u00e3o Plen\u00e1ria - Pastoral Universit\u00e1ria UniSALESIANO\",\"isPartOf\":{\"@id\":\"https:\\\/\\\/unisale.com.br\\\/pastoral\\\/#website\"},\"primaryImageOfPage\":{\"@id\":\"https:\\\/\\\/unisale.com.br\\\/novo\\\/bicentenario-do-sonho-dos-9-anos-de-dom-bosco-e-tema-da-palestra-em-reuniao-plenaria\\\/#primaryimage\"},\"image\":{\"@id\":\"https:\\\/\\\/unisale.com.br\\\/novo\\\/bicentenario-do-sonho-dos-9-anos-de-dom-bosco-e-tema-da-palestra-em-reuniao-plenaria\\\/#primaryimage\"},\"thumbnailUrl\":\"https:\\\/\\\/unisale.com.br\\\/pastoral\\\/wp-content\\\/uploads\\\/2024\\\/09\\\/784A9670-768x512-1-1.jpg\",\"datePublished\":\"2024-09-09T17:58:48+00:00\",\"author\":{\"@id\":\"https:\\\/\\\/unisale.com.br\\\/pastoral\\\/#\\\/schema\\\/person\\\/a16ba711a0f7dec9cb6b44563144d5a3\"},\"inLanguage\":\"pt-BR\",\"potentialAction\":[{\"@type\":\"ReadAction\",\"target\":[\"https:\\\/\\\/unisale.com.br\\\/novo\\\/bicentenario-do-sonho-dos-9-anos-de-dom-bosco-e-tema-da-palestra-em-reuniao-plenaria\\\/\"]}]},{\"@type\":\"ImageObject\",\"inLanguage\":\"pt-BR\",\"@id\":\"https:\\\/\\\/unisale.com.br\\\/novo\\\/bicentenario-do-sonho-dos-9-anos-de-dom-bosco-e-tema-da-palestra-em-reuniao-plenaria\\\/#primaryimage\",\"url\":\"https:\\\/\\\/unisale.com.br\\\/pastoral\\\/wp-content\\\/uploads\\\/2024\\\/09\\\/784A9670-768x512-1-1.jpg\",\"contentUrl\":\"https:\\\/\\\/unisale.com.br\\\/pastoral\\\/wp-content\\\/uploads\\\/2024\\\/09\\\/784A9670-768x512-1-1.jpg\",\"width\":750,\"height\":500},{\"@type\":\"WebSite\",\"@id\":\"https:\\\/\\\/unisale.com.br\\\/pastoral\\\/#website\",\"url\":\"https:\\\/\\\/unisale.com.br\\\/pastoral\\\/\",\"name\":\"Pastoral Universit\u00e1ria UniSALESIANO\",\"description\":\"Site da Pastoral Universit\u00e1ria do UniSALESIANO\",\"potentialAction\":[{\"@type\":\"SearchAction\",\"target\":{\"@type\":\"EntryPoint\",\"urlTemplate\":\"https:\\\/\\\/unisale.com.br\\\/pastoral\\\/?s={search_term_string}\"},\"query-input\":{\"@type\":\"PropertyValueSpecification\",\"valueRequired\":true,\"valueName\":\"search_term_string\"}}],\"inLanguage\":\"pt-BR\"},{\"@type\":\"Person\",\"@id\":\"https:\\\/\\\/unisale.com.br\\\/pastoral\\\/#\\\/schema\\\/person\\\/a16ba711a0f7dec9cb6b44563144d5a3\",\"name\":\"pastoral\",\"url\":\"https:\\\/\\\/unisale.com.br\\\/pastoral\\\/author\\\/pastoral\\\/\"}]}<\/script>\n<!-- \/ Yoast SEO plugin. -->","yoast_head_json":{"title":"Bicenten\u00e1rio do sonho dos 9 anos de Dom Bosco \u00e9 tema da palestra em Reuni\u00e3o Plen\u00e1ria - Pastoral Universit\u00e1ria UniSALESIANO","robots":{"index":"index","follow":"follow","max-snippet":"max-snippet:-1","max-image-preview":"max-image-preview:large","max-video-preview":"max-video-preview:-1"},"canonical":"https:\/\/unisale.com.br\/novo\/bicentenario-do-sonho-dos-9-anos-de-dom-bosco-e-tema-da-palestra-em-reuniao-plenaria\/","og_locale":"pt_BR","og_type":"article","og_title":"Bicenten\u00e1rio do sonho dos 9 anos de Dom Bosco \u00e9 tema da palestra em Reuni\u00e3o Plen\u00e1ria - Pastoral Universit\u00e1ria UniSALESIANO","og_description":"Participantes foram acolhidos com uma celebra\u00e7\u00e3o realizada pelo Pe. Paulo J\u00e1como &nbsp; O\u00a0UniSALESIANO\u00a0reuniu seus membros da comunidade acad\u00eamica para a\u00a0Plen\u00e1ria de 2024, um evento marcante...","og_url":"https:\/\/unisale.com.br\/novo\/bicentenario-do-sonho-dos-9-anos-de-dom-bosco-e-tema-da-palestra-em-reuniao-plenaria\/","og_site_name":"Pastoral Universit\u00e1ria UniSALESIANO","article_published_time":"2024-09-09T17:58:48+00:00","og_image":[{"width":768,"height":512,"url":"https:\/\/unisale.com.br\/novo\/wp-content\/uploads\/2024\/09\/784A9670-768x512-1-1.jpg","type":"image\/jpeg"}],"author":"pastoral","twitter_card":"summary_large_image","twitter_misc":{"Escrito por":"pastoral","Est. tempo de leitura":"2 minutos"},"schema":{"@context":"https:\/\/schema.org","@graph":[{"@type":"Article","@id":"https:\/\/unisale.com.br\/novo\/bicentenario-do-sonho-dos-9-anos-de-dom-bosco-e-tema-da-palestra-em-reuniao-plenaria\/#article","isPartOf":{"@id":"https:\/\/unisale.com.br\/novo\/bicentenario-do-sonho-dos-9-anos-de-dom-bosco-e-tema-da-palestra-em-reuniao-plenaria\/"},"author":{"name":"pastoral","@id":"https:\/\/unisale.com.br\/pastoral\/#\/schema\/person\/a16ba711a0f7dec9cb6b44563144d5a3"},"headline":"Bicenten\u00e1rio do sonho dos 9 anos de Dom Bosco \u00e9 tema da palestra em Reuni\u00e3o Plen\u00e1ria","datePublished":"2024-09-09T17:58:48+00:00","mainEntityOfPage":{"@id":"https:\/\/unisale.com.br\/novo\/bicentenario-do-sonho-dos-9-anos-de-dom-bosco-e-tema-da-palestra-em-reuniao-plenaria\/"},"wordCount":375,"image":{"@id":"https:\/\/unisale.com.br\/novo\/bicentenario-do-sonho-dos-9-anos-de-dom-bosco-e-tema-da-palestra-em-reuniao-plenaria\/#primaryimage"},"thumbnailUrl":"https:\/\/unisale.com.br\/pastoral\/wp-content\/uploads\/2024\/09\/784A9670-768x512-1-1.jpg","articleSection":["Not\u00edcias"],"inLanguage":"pt-BR"},{"@type":"WebPage","@id":"https:\/\/unisale.com.br\/novo\/bicentenario-do-sonho-dos-9-anos-de-dom-bosco-e-tema-da-palestra-em-reuniao-plenaria\/","url":"https:\/\/unisale.com.br\/novo\/bicentenario-do-sonho-dos-9-anos-de-dom-bosco-e-tema-da-palestra-em-reuniao-plenaria\/","name":"Bicenten\u00e1rio do sonho dos 9 anos de Dom Bosco \u00e9 tema da palestra em Reuni\u00e3o Plen\u00e1ria - Pastoral Universit\u00e1ria UniSALESIANO","isPartOf":{"@id":"https:\/\/unisale.com.br\/pastoral\/#website"},"primaryImageOfPage":{"@id":"https:\/\/unisale.com.br\/novo\/bicentenario-do-sonho-dos-9-anos-de-dom-bosco-e-tema-da-palestra-em-reuniao-plenaria\/#primaryimage"},"image":{"@id":"https:\/\/unisale.com.br\/novo\/bicentenario-do-sonho-dos-9-anos-de-dom-bosco-e-tema-da-palestra-em-reuniao-plenaria\/#primaryimage"},"thumbnailUrl":"https:\/\/unisale.com.br\/pastoral\/wp-content\/uploads\/2024\/09\/784A9670-768x512-1-1.jpg","datePublished":"2024-09-09T17:58:48+00:00","author":{"@id":"https:\/\/unisale.com.br\/pastoral\/#\/schema\/person\/a16ba711a0f7dec9cb6b44563144d5a3"},"inLanguage":"pt-BR","potentialAction":[{"@type":"ReadAction","target":["https:\/\/unisale.com.br\/novo\/bicentenario-do-sonho-dos-9-anos-de-dom-bosco-e-tema-da-palestra-em-reuniao-plenaria\/"]}]},{"@type":"ImageObject","inLanguage":"pt-BR","@id":"https:\/\/unisale.com.br\/novo\/bicentenario-do-sonho-dos-9-anos-de-dom-bosco-e-tema-da-palestra-em-reuniao-plenaria\/#primaryimage","url":"https:\/\/unisale.com.br\/pastoral\/wp-content\/uploads\/2024\/09\/784A9670-768x512-1-1.jpg","contentUrl":"https:\/\/unisale.com.br\/pastoral\/wp-content\/uploads\/2024\/09\/784A9670-768x512-1-1.jpg","width":750,"height":500},{"@type":"WebSite","@id":"https:\/\/unisale.com.br\/pastoral\/#website","url":"https:\/\/unisale.com.br\/pastoral\/","name":"Pastoral Universit\u00e1ria UniSALESIANO","description":"Site da Pastoral Universit\u00e1ria do UniSALESIANO","potentialAction":[{"@type":"SearchAction","target":{"@type":"EntryPoint","urlTemplate":"https:\/\/unisale.com.br\/pastoral\/?s={search_term_string}"},"query-input":{"@type":"PropertyValueSpecification","valueRequired":true,"valueName":"search_term_string"}}],"inLanguage":"pt-BR"},{"@type":"Person","@id":"https:\/\/unisale.com.br\/pastoral\/#\/schema\/person\/a16ba711a0f7dec9cb6b44563144d5a3","name":"pastoral","url":"https:\/\/unisale.com.br\/pastoral\/author\/pastoral\/"}]}},"_links":{"self":[{"href":"https:\/\/unisale.com.br\/pastoral\/wp-json\/wp\/v2\/posts\/10577","targetHints":{"allow":["GET"]}}],"collection":[{"href":"https:\/\/unisale.com.br\/pastoral\/wp-json\/wp\/v2\/posts"}],"about":[{"href":"https:\/\/unisale.com.br\/pastoral\/wp-json\/wp\/v2\/types\/post"}],"author":[{"embeddable":true,"href":"https:\/\/unisale.com.br\/pastoral\/wp-json\/wp\/v2\/users\/1"}],"replies":[{"embeddable":true,"href":"https:\/\/unisale.com.br\/pastoral\/wp-json\/wp\/v2\/comments?post=10577"}],"version-history":[{"count":1,"href":"https:\/\/unisale.com.br\/pastoral\/wp-json\/wp\/v2\/posts\/10577\/revisions"}],"predecessor-version":[{"id":10592,"href":"https:\/\/unisale.com.br\/pastoral\/wp-json\/wp\/v2\/posts\/10577\/revisions\/10592"}],"wp:featuredmedia":[{"embeddable":true,"href":"https:\/\/unisale.com.br\/pastoral\/wp-json\/wp\/v2\/media\/10591"}],"wp:attachment":[{"href":"https:\/\/unisale.com.br\/pastoral\/wp-json\/wp\/v2\/media?parent=10577"}],"wp:term":[{"taxonomy":"category","embeddable":true,"href":"https:\/\/unisale.com.br\/pastoral\/wp-json\/wp\/v2\/categories?post=10577"},{"taxonomy":"post_tag","embeddable":true,"href":"https:\/\/unisale.com.br\/pastoral\/wp-json\/wp\/v2\/tags?post=10577"}],"curies":[{"name":"wp","href":"https:\/\/api.w.org\/{rel}","templated":true}]}}