{"id":10593,"date":"2024-09-09T18:03:31","date_gmt":"2024-09-09T18:03:31","guid":{"rendered":"https:\/\/unisale.com.br\/pastoral\/?p=10593"},"modified":"2024-09-09T18:03:31","modified_gmt":"2024-09-09T18:03:31","slug":"encontro-formativo-do-unisalesiano-aborda-tema-da-espiritualidade-salesiana","status":"publish","type":"post","link":"https:\/\/unisale.com.br\/pastoral\/encontro-formativo-do-unisalesiano-aborda-tema-da-espiritualidade-salesiana\/","title":{"rendered":"Encontro formativo do UniSALESIANO aborda tema da Espiritualidade Salesiana"},"content":{"rendered":"<p>O Magn\u00edfico Reitor do\u00a0<strong>UniSALESIANO, Pe. Paulo Vendrame, SDB<\/strong>, participou ativamente da\u00a0<strong>Forma\u00e7\u00e3o da Espiritualidade Salesiana<\/strong>, promovida pela Pastoral Universit\u00e1ria e o Departamento de Recursos Humanos da Institui\u00e7\u00e3o, no dia 31 de janeiro, no audit\u00f3rio Papa Francisco.<\/p>\n<p>O evento, que coincidiu com o dia da passagem de Dom Bosco ao para\u00edso, teve como destaque a explana\u00e7\u00e3o do Pe. Paulo sobre o sonho dos 9 anos do fundador dos salesianos, S\u00e3o Jo\u00e3o Bosco.<\/p>\n<p>Pe. Paulo come\u00e7ou a apresenta\u00e7\u00e3o ressaltando a import\u00e2ncia do dia 31\u00a0de janeiro para a fam\u00edlia salesiana e a Igreja como um todo. \u201cHoje \u00e9 um dia muito especial para a fam\u00edlia salesiana, porque \u00e9 o dia em que a fam\u00edlia e a Igreja inteira se voltam para a figura carism\u00e1tica de S\u00e3o Jo\u00e3o Bosco\u201d, afirmou.<\/p>\n<p>O Reitor recordou que, neste dia, a Igreja celebra a mem\u00f3ria de S\u00e3o Jo\u00e3o Bosco, destacando que o santo partiu para o para\u00edso em 31 de janeiro de 1888. Ele enfatizou a vis\u00e3o salesiana sobre a morte, ressaltando que n\u00e3o \u00e9 o fim, mas sim uma celebra\u00e7\u00e3o da vida eterna para aqueles que amaram de maneira extraordin\u00e1ria.<\/p>\n<p><strong>200 ANOS<\/strong><\/p>\n<p>A parte central da apresenta\u00e7\u00e3o foi dedicada ao sonho dos 9 anos de Dom Bosco, que completa 200 anos em 2024. Pe. Paulo contextualizou o sonho, no qual Dom Bosco viu crian\u00e7as brigando em um p\u00e1tio e, ao intervir, foi aconselhado por uma figura misteriosa, que mais tarde ele identificou como Nossa Senhora, a usar a paci\u00eancia e a mansid\u00e3o para transformar \u201canimais ferozes em cordeiros\u201d.<\/p>\n<p>Na narrativa do sonho, Dom Bosco segue o conselho, e as crian\u00e7as agressivas se transformam em cordeiros. Esse epis\u00f3dio simb\u00f3lico foi interpretado pelo pr\u00f3prio Dom Bosco e pelos salesianos como um chamado divino para dedicar sua vida ao cuidado e orienta\u00e7\u00e3o das crian\u00e7as e jovens em situa\u00e7\u00f5es de risco, tornando-se conhecido por seu trabalho educacional e pastoral.<\/p>\n<p>\u201cO sonho de Dom Bosco \u00e9 inspirador, porque ele n\u00e3o se limita a um tempo e a um espa\u00e7o. Ele transcende o tempo e o espa\u00e7o\u201d, explicou.<\/p>\n<p>Ao final da apresenta\u00e7\u00e3o, o diretor enfatizou a import\u00e2ncia do di\u00e1logo e da paci\u00eancia na transforma\u00e7\u00e3o das pessoas. Ele mencionou o livro que os colaboradores receberam, contendo o relato do pr\u00f3prio Dom Bosco sobre o sonho, e encorajou a comunidade acad\u00eamica a explorar as li\u00e7\u00f5es valiosas presentes na narrativa.<\/p>\n<p>O evento n\u00e3o apenas proporcionou uma reflex\u00e3o profunda sobre a espiritualidade salesiana, mas tamb\u00e9m estabeleceu um tom positivo para o in\u00edcio do mandato do Pe. Paulo Vendrame como Diretor-Geral do UniSALESIANO Ara\u00e7atuba. Ao final, os aniversariantes dos meses de dezembro de 2023 e janeiro de 2024, ganharam presentes.<\/p>\n<p>&nbsp;<\/p>\n<p><img fetchpriority=\"high\" decoding=\"async\" class=\"alignnone  wp-image-10602\" src=\"https:\/\/unisale.com.br\/pastoral\/wp-content\/uploads\/2024\/09\/784A9915-2048x1365-1-e1725904903606.jpg\" alt=\"\" width=\"785\" height=\"523\" \/><\/p>\n<p>&nbsp;<\/p>\n\n\t\t<style type=\"text\/css\">\n\t\t\t#gallery-1 {\n\t\t\t\tmargin: auto;\n\t\t\t}\n\t\t\t#gallery-1 .gallery-item {\n\t\t\t\tfloat: left;\n\t\t\t\tmargin-top: 10px;\n\t\t\t\ttext-align: center;\n\t\t\t\twidth: 25%;\n\t\t\t}\n\t\t\t#gallery-1 img {\n\t\t\t\tborder: 2px solid #cfcfcf;\n\t\t\t}\n\t\t\t#gallery-1 .gallery-caption {\n\t\t\t\tmargin-left: 0;\n\t\t\t}\n\t\t\t\/* see gallery_shortcode() in wp-includes\/media.php *\/\n\t\t<\/style>\n\t\t<div id='gallery-1' class='gallery galleryid-10593 gallery-columns-4 gallery-size-thumbnail'><dl class='gallery-item'>\n\t\t\t<dt class='gallery-icon landscape'>\n\t\t\t\t<a href='https:\/\/unisale.com.br\/pastoral\/encontro-formativo-do-unisalesiano-aborda-tema-da-espiritualidade-salesiana\/784a9915-2048x1365\/'><img decoding=\"async\" width=\"150\" height=\"150\" src=\"https:\/\/unisale.com.br\/pastoral\/wp-content\/uploads\/2024\/09\/784A9915-2048x1365-1-150x150.jpg\" class=\"attachment-thumbnail size-thumbnail\" alt=\"\" \/><\/a>\n\t\t\t<\/dt><\/dl><dl class='gallery-item'>\n\t\t\t<dt class='gallery-icon landscape'>\n\t\t\t\t<a href='https:\/\/unisale.com.br\/pastoral\/encontro-formativo-do-unisalesiano-aborda-tema-da-espiritualidade-salesiana\/784a9868-1024x683\/'><img decoding=\"async\" width=\"150\" height=\"150\" src=\"https:\/\/unisale.com.br\/pastoral\/wp-content\/uploads\/2024\/09\/784A9868-1024x683-1-150x150.jpg\" class=\"attachment-thumbnail size-thumbnail\" alt=\"\" \/><\/a>\n\t\t\t<\/dt><\/dl><dl class='gallery-item'>\n\t\t\t<dt class='gallery-icon landscape'>\n\t\t\t\t<a href='https:\/\/unisale.com.br\/pastoral\/encontro-formativo-do-unisalesiano-aborda-tema-da-espiritualidade-salesiana\/784a9834-1024x683\/'><img loading=\"lazy\" decoding=\"async\" width=\"150\" height=\"150\" src=\"https:\/\/unisale.com.br\/pastoral\/wp-content\/uploads\/2024\/09\/784A9834-1024x683-1-150x150.jpg\" class=\"attachment-thumbnail size-thumbnail\" alt=\"\" \/><\/a>\n\t\t\t<\/dt><\/dl><dl class='gallery-item'>\n\t\t\t<dt class='gallery-icon landscape'>\n\t\t\t\t<a href='https:\/\/unisale.com.br\/pastoral\/encontro-formativo-do-unisalesiano-aborda-tema-da-espiritualidade-salesiana\/784a9831-1024x683\/'><img loading=\"lazy\" decoding=\"async\" width=\"150\" height=\"150\" src=\"https:\/\/unisale.com.br\/pastoral\/wp-content\/uploads\/2024\/09\/784A9831-1024x683-1-150x150.jpg\" class=\"attachment-thumbnail size-thumbnail\" alt=\"\" \/><\/a>\n\t\t\t<\/dt><\/dl><br style=\"clear: both\" \/><dl class='gallery-item'>\n\t\t\t<dt class='gallery-icon landscape'>\n\t\t\t\t<a href='https:\/\/unisale.com.br\/pastoral\/encontro-formativo-do-unisalesiano-aborda-tema-da-espiritualidade-salesiana\/784a9815-1024x683\/'><img loading=\"lazy\" decoding=\"async\" width=\"150\" height=\"150\" src=\"https:\/\/unisale.com.br\/pastoral\/wp-content\/uploads\/2024\/09\/784A9815-1024x683-1-150x150.jpg\" class=\"attachment-thumbnail size-thumbnail\" alt=\"\" \/><\/a>\n\t\t\t<\/dt><\/dl><dl class='gallery-item'>\n\t\t\t<dt class='gallery-icon landscape'>\n\t\t\t\t<a href='https:\/\/unisale.com.br\/pastoral\/encontro-formativo-do-unisalesiano-aborda-tema-da-espiritualidade-salesiana\/784a9805-1024x683\/'><img loading=\"lazy\" decoding=\"async\" width=\"150\" height=\"150\" src=\"https:\/\/unisale.com.br\/pastoral\/wp-content\/uploads\/2024\/09\/784A9805-1024x683-1-150x150.jpg\" class=\"attachment-thumbnail size-thumbnail\" alt=\"\" \/><\/a>\n\t\t\t<\/dt><\/dl><dl class='gallery-item'>\n\t\t\t<dt class='gallery-icon landscape'>\n\t\t\t\t<a href='https:\/\/unisale.com.br\/pastoral\/encontro-formativo-do-unisalesiano-aborda-tema-da-espiritualidade-salesiana\/784a9800-1024x683\/'><img loading=\"lazy\" decoding=\"async\" width=\"150\" height=\"150\" src=\"https:\/\/unisale.com.br\/pastoral\/wp-content\/uploads\/2024\/09\/784A9800-1024x683-1-150x150.jpg\" class=\"attachment-thumbnail size-thumbnail\" alt=\"\" \/><\/a>\n\t\t\t<\/dt><\/dl><dl class='gallery-item'>\n\t\t\t<dt class='gallery-icon landscape'>\n\t\t\t\t<a href='https:\/\/unisale.com.br\/pastoral\/encontro-formativo-do-unisalesiano-aborda-tema-da-espiritualidade-salesiana\/784a9798-1024x683\/'><img loading=\"lazy\" decoding=\"async\" width=\"150\" height=\"150\" src=\"https:\/\/unisale.com.br\/pastoral\/wp-content\/uploads\/2024\/09\/784A9798-1024x683-1-150x150.jpg\" class=\"attachment-thumbnail size-thumbnail\" alt=\"\" \/><\/a>\n\t\t\t<\/dt><\/dl><br style=\"clear: both\" \/>\n\t\t<\/div>\n\n","protected":false},"excerpt":{"rendered":"<p>O Magn\u00edfico Reitor do\u00a0UniSALESIANO, Pe. Paulo Vendrame, SDB, participou ativamente da\u00a0Forma\u00e7\u00e3o da Espiritualidade Salesiana, promovida pela Pastoral Universit\u00e1ria e o Departamento de Recursos Humanos da&#8230;<\/p>\n","protected":false},"author":1,"featured_media":10600,"comment_status":"closed","ping_status":"closed","sticky":false,"template":"","format":"standard","meta":{"_acf_changed":false,"footnotes":""},"categories":[3],"tags":[],"class_list":["post-10593","post","type-post","status-publish","format-standard","has-post-thumbnail","hentry","category-not"],"acf":[],"yoast_head":"<!-- This site is optimized with the Yoast SEO plugin v27.3 - https:\/\/yoast.com\/product\/yoast-seo-wordpress\/ -->\n<title>Encontro formativo do UniSALESIANO aborda tema da Espiritualidade Salesiana - Pastoral Universit\u00e1ria UniSALESIANO<\/title>\n<meta name=\"robots\" content=\"index, follow, max-snippet:-1, max-image-preview:large, max-video-preview:-1\" \/>\n<link rel=\"canonical\" href=\"https:\/\/unisale.com.br\/novo\/encontro-formativo-do-unisalesiano-aborda-tema-da-espiritualidade-salesiana\/\" \/>\n<meta property=\"og:locale\" content=\"pt_BR\" \/>\n<meta property=\"og:type\" content=\"article\" \/>\n<meta property=\"og:title\" content=\"Encontro formativo do UniSALESIANO aborda tema da Espiritualidade Salesiana - Pastoral Universit\u00e1ria UniSALESIANO\" \/>\n<meta property=\"og:description\" content=\"O Magn\u00edfico Reitor do\u00a0UniSALESIANO, Pe. Paulo Vendrame, SDB, participou ativamente da\u00a0Forma\u00e7\u00e3o da Espiritualidade Salesiana, promovida pela Pastoral Universit\u00e1ria e o Departamento de Recursos Humanos da...\" \/>\n<meta property=\"og:url\" content=\"https:\/\/unisale.com.br\/novo\/encontro-formativo-do-unisalesiano-aborda-tema-da-espiritualidade-salesiana\/\" \/>\n<meta property=\"og:site_name\" content=\"Pastoral Universit\u00e1ria UniSALESIANO\" \/>\n<meta property=\"article:published_time\" content=\"2024-09-09T18:03:31+00:00\" \/>\n<meta property=\"og:image\" content=\"https:\/\/unisale.com.br\/novo\/wp-content\/uploads\/2024\/09\/784A9858-768x512-1.jpg\" \/>\n\t<meta property=\"og:image:width\" content=\"768\" \/>\n\t<meta property=\"og:image:height\" content=\"512\" \/>\n\t<meta property=\"og:image:type\" content=\"image\/jpeg\" \/>\n<meta name=\"author\" content=\"pastoral\" \/>\n<meta name=\"twitter:card\" content=\"summary_large_image\" \/>\n<meta name=\"twitter:label1\" content=\"Escrito por\" \/>\n\t<meta name=\"twitter:data1\" content=\"pastoral\" \/>\n\t<meta name=\"twitter:label2\" content=\"Est. tempo de leitura\" \/>\n\t<meta name=\"twitter:data2\" content=\"3 minutos\" \/>\n<script type=\"application\/ld+json\" class=\"yoast-schema-graph\">{\"@context\":\"https:\\\/\\\/schema.org\",\"@graph\":[{\"@type\":\"Article\",\"@id\":\"https:\\\/\\\/unisale.com.br\\\/novo\\\/encontro-formativo-do-unisalesiano-aborda-tema-da-espiritualidade-salesiana\\\/#article\",\"isPartOf\":{\"@id\":\"https:\\\/\\\/unisale.com.br\\\/novo\\\/encontro-formativo-do-unisalesiano-aborda-tema-da-espiritualidade-salesiana\\\/\"},\"author\":{\"name\":\"pastoral\",\"@id\":\"https:\\\/\\\/unisale.com.br\\\/pastoral\\\/#\\\/schema\\\/person\\\/a16ba711a0f7dec9cb6b44563144d5a3\"},\"headline\":\"Encontro formativo do UniSALESIANO aborda tema da Espiritualidade Salesiana\",\"datePublished\":\"2024-09-09T18:03:31+00:00\",\"mainEntityOfPage\":{\"@id\":\"https:\\\/\\\/unisale.com.br\\\/novo\\\/encontro-formativo-do-unisalesiano-aborda-tema-da-espiritualidade-salesiana\\\/\"},\"wordCount\":487,\"image\":{\"@id\":\"https:\\\/\\\/unisale.com.br\\\/novo\\\/encontro-formativo-do-unisalesiano-aborda-tema-da-espiritualidade-salesiana\\\/#primaryimage\"},\"thumbnailUrl\":\"https:\\\/\\\/unisale.com.br\\\/pastoral\\\/wp-content\\\/uploads\\\/2024\\\/09\\\/784A9858-768x512-1.jpg\",\"articleSection\":[\"Not\u00edcias\"],\"inLanguage\":\"pt-BR\"},{\"@type\":\"WebPage\",\"@id\":\"https:\\\/\\\/unisale.com.br\\\/novo\\\/encontro-formativo-do-unisalesiano-aborda-tema-da-espiritualidade-salesiana\\\/\",\"url\":\"https:\\\/\\\/unisale.com.br\\\/novo\\\/encontro-formativo-do-unisalesiano-aborda-tema-da-espiritualidade-salesiana\\\/\",\"name\":\"Encontro formativo do UniSALESIANO aborda tema da Espiritualidade Salesiana - Pastoral Universit\u00e1ria UniSALESIANO\",\"isPartOf\":{\"@id\":\"https:\\\/\\\/unisale.com.br\\\/pastoral\\\/#website\"},\"primaryImageOfPage\":{\"@id\":\"https:\\\/\\\/unisale.com.br\\\/novo\\\/encontro-formativo-do-unisalesiano-aborda-tema-da-espiritualidade-salesiana\\\/#primaryimage\"},\"image\":{\"@id\":\"https:\\\/\\\/unisale.com.br\\\/novo\\\/encontro-formativo-do-unisalesiano-aborda-tema-da-espiritualidade-salesiana\\\/#primaryimage\"},\"thumbnailUrl\":\"https:\\\/\\\/unisale.com.br\\\/pastoral\\\/wp-content\\\/uploads\\\/2024\\\/09\\\/784A9858-768x512-1.jpg\",\"datePublished\":\"2024-09-09T18:03:31+00:00\",\"author\":{\"@id\":\"https:\\\/\\\/unisale.com.br\\\/pastoral\\\/#\\\/schema\\\/person\\\/a16ba711a0f7dec9cb6b44563144d5a3\"},\"inLanguage\":\"pt-BR\",\"potentialAction\":[{\"@type\":\"ReadAction\",\"target\":[\"https:\\\/\\\/unisale.com.br\\\/novo\\\/encontro-formativo-do-unisalesiano-aborda-tema-da-espiritualidade-salesiana\\\/\"]}]},{\"@type\":\"ImageObject\",\"inLanguage\":\"pt-BR\",\"@id\":\"https:\\\/\\\/unisale.com.br\\\/novo\\\/encontro-formativo-do-unisalesiano-aborda-tema-da-espiritualidade-salesiana\\\/#primaryimage\",\"url\":\"https:\\\/\\\/unisale.com.br\\\/pastoral\\\/wp-content\\\/uploads\\\/2024\\\/09\\\/784A9858-768x512-1.jpg\",\"contentUrl\":\"https:\\\/\\\/unisale.com.br\\\/pastoral\\\/wp-content\\\/uploads\\\/2024\\\/09\\\/784A9858-768x512-1.jpg\",\"width\":750,\"height\":500},{\"@type\":\"WebSite\",\"@id\":\"https:\\\/\\\/unisale.com.br\\\/pastoral\\\/#website\",\"url\":\"https:\\\/\\\/unisale.com.br\\\/pastoral\\\/\",\"name\":\"Pastoral Universit\u00e1ria UniSALESIANO\",\"description\":\"Site da Pastoral Universit\u00e1ria do UniSALESIANO\",\"potentialAction\":[{\"@type\":\"SearchAction\",\"target\":{\"@type\":\"EntryPoint\",\"urlTemplate\":\"https:\\\/\\\/unisale.com.br\\\/pastoral\\\/?s={search_term_string}\"},\"query-input\":{\"@type\":\"PropertyValueSpecification\",\"valueRequired\":true,\"valueName\":\"search_term_string\"}}],\"inLanguage\":\"pt-BR\"},{\"@type\":\"Person\",\"@id\":\"https:\\\/\\\/unisale.com.br\\\/pastoral\\\/#\\\/schema\\\/person\\\/a16ba711a0f7dec9cb6b44563144d5a3\",\"name\":\"pastoral\",\"url\":\"https:\\\/\\\/unisale.com.br\\\/pastoral\\\/author\\\/pastoral\\\/\"}]}<\/script>\n<!-- \/ Yoast SEO plugin. -->","yoast_head_json":{"title":"Encontro formativo do UniSALESIANO aborda tema da Espiritualidade Salesiana - Pastoral Universit\u00e1ria UniSALESIANO","robots":{"index":"index","follow":"follow","max-snippet":"max-snippet:-1","max-image-preview":"max-image-preview:large","max-video-preview":"max-video-preview:-1"},"canonical":"https:\/\/unisale.com.br\/novo\/encontro-formativo-do-unisalesiano-aborda-tema-da-espiritualidade-salesiana\/","og_locale":"pt_BR","og_type":"article","og_title":"Encontro formativo do UniSALESIANO aborda tema da Espiritualidade Salesiana - Pastoral Universit\u00e1ria UniSALESIANO","og_description":"O Magn\u00edfico Reitor do\u00a0UniSALESIANO, Pe. Paulo Vendrame, SDB, participou ativamente da\u00a0Forma\u00e7\u00e3o da Espiritualidade Salesiana, promovida pela Pastoral Universit\u00e1ria e o Departamento de Recursos Humanos da...","og_url":"https:\/\/unisale.com.br\/novo\/encontro-formativo-do-unisalesiano-aborda-tema-da-espiritualidade-salesiana\/","og_site_name":"Pastoral Universit\u00e1ria UniSALESIANO","article_published_time":"2024-09-09T18:03:31+00:00","og_image":[{"width":768,"height":512,"url":"https:\/\/unisale.com.br\/novo\/wp-content\/uploads\/2024\/09\/784A9858-768x512-1.jpg","type":"image\/jpeg"}],"author":"pastoral","twitter_card":"summary_large_image","twitter_misc":{"Escrito por":"pastoral","Est. tempo de leitura":"3 minutos"},"schema":{"@context":"https:\/\/schema.org","@graph":[{"@type":"Article","@id":"https:\/\/unisale.com.br\/novo\/encontro-formativo-do-unisalesiano-aborda-tema-da-espiritualidade-salesiana\/#article","isPartOf":{"@id":"https:\/\/unisale.com.br\/novo\/encontro-formativo-do-unisalesiano-aborda-tema-da-espiritualidade-salesiana\/"},"author":{"name":"pastoral","@id":"https:\/\/unisale.com.br\/pastoral\/#\/schema\/person\/a16ba711a0f7dec9cb6b44563144d5a3"},"headline":"Encontro formativo do UniSALESIANO aborda tema da Espiritualidade Salesiana","datePublished":"2024-09-09T18:03:31+00:00","mainEntityOfPage":{"@id":"https:\/\/unisale.com.br\/novo\/encontro-formativo-do-unisalesiano-aborda-tema-da-espiritualidade-salesiana\/"},"wordCount":487,"image":{"@id":"https:\/\/unisale.com.br\/novo\/encontro-formativo-do-unisalesiano-aborda-tema-da-espiritualidade-salesiana\/#primaryimage"},"thumbnailUrl":"https:\/\/unisale.com.br\/pastoral\/wp-content\/uploads\/2024\/09\/784A9858-768x512-1.jpg","articleSection":["Not\u00edcias"],"inLanguage":"pt-BR"},{"@type":"WebPage","@id":"https:\/\/unisale.com.br\/novo\/encontro-formativo-do-unisalesiano-aborda-tema-da-espiritualidade-salesiana\/","url":"https:\/\/unisale.com.br\/novo\/encontro-formativo-do-unisalesiano-aborda-tema-da-espiritualidade-salesiana\/","name":"Encontro formativo do UniSALESIANO aborda tema da Espiritualidade Salesiana - Pastoral Universit\u00e1ria UniSALESIANO","isPartOf":{"@id":"https:\/\/unisale.com.br\/pastoral\/#website"},"primaryImageOfPage":{"@id":"https:\/\/unisale.com.br\/novo\/encontro-formativo-do-unisalesiano-aborda-tema-da-espiritualidade-salesiana\/#primaryimage"},"image":{"@id":"https:\/\/unisale.com.br\/novo\/encontro-formativo-do-unisalesiano-aborda-tema-da-espiritualidade-salesiana\/#primaryimage"},"thumbnailUrl":"https:\/\/unisale.com.br\/pastoral\/wp-content\/uploads\/2024\/09\/784A9858-768x512-1.jpg","datePublished":"2024-09-09T18:03:31+00:00","author":{"@id":"https:\/\/unisale.com.br\/pastoral\/#\/schema\/person\/a16ba711a0f7dec9cb6b44563144d5a3"},"inLanguage":"pt-BR","potentialAction":[{"@type":"ReadAction","target":["https:\/\/unisale.com.br\/novo\/encontro-formativo-do-unisalesiano-aborda-tema-da-espiritualidade-salesiana\/"]}]},{"@type":"ImageObject","inLanguage":"pt-BR","@id":"https:\/\/unisale.com.br\/novo\/encontro-formativo-do-unisalesiano-aborda-tema-da-espiritualidade-salesiana\/#primaryimage","url":"https:\/\/unisale.com.br\/pastoral\/wp-content\/uploads\/2024\/09\/784A9858-768x512-1.jpg","contentUrl":"https:\/\/unisale.com.br\/pastoral\/wp-content\/uploads\/2024\/09\/784A9858-768x512-1.jpg","width":750,"height":500},{"@type":"WebSite","@id":"https:\/\/unisale.com.br\/pastoral\/#website","url":"https:\/\/unisale.com.br\/pastoral\/","name":"Pastoral Universit\u00e1ria UniSALESIANO","description":"Site da Pastoral Universit\u00e1ria do UniSALESIANO","potentialAction":[{"@type":"SearchAction","target":{"@type":"EntryPoint","urlTemplate":"https:\/\/unisale.com.br\/pastoral\/?s={search_term_string}"},"query-input":{"@type":"PropertyValueSpecification","valueRequired":true,"valueName":"search_term_string"}}],"inLanguage":"pt-BR"},{"@type":"Person","@id":"https:\/\/unisale.com.br\/pastoral\/#\/schema\/person\/a16ba711a0f7dec9cb6b44563144d5a3","name":"pastoral","url":"https:\/\/unisale.com.br\/pastoral\/author\/pastoral\/"}]}},"_links":{"self":[{"href":"https:\/\/unisale.com.br\/pastoral\/wp-json\/wp\/v2\/posts\/10593","targetHints":{"allow":["GET"]}}],"collection":[{"href":"https:\/\/unisale.com.br\/pastoral\/wp-json\/wp\/v2\/posts"}],"about":[{"href":"https:\/\/unisale.com.br\/pastoral\/wp-json\/wp\/v2\/types\/post"}],"author":[{"embeddable":true,"href":"https:\/\/unisale.com.br\/pastoral\/wp-json\/wp\/v2\/users\/1"}],"replies":[{"embeddable":true,"href":"https:\/\/unisale.com.br\/pastoral\/wp-json\/wp\/v2\/comments?post=10593"}],"version-history":[{"count":1,"href":"https:\/\/unisale.com.br\/pastoral\/wp-json\/wp\/v2\/posts\/10593\/revisions"}],"predecessor-version":[{"id":10604,"href":"https:\/\/unisale.com.br\/pastoral\/wp-json\/wp\/v2\/posts\/10593\/revisions\/10604"}],"wp:featuredmedia":[{"embeddable":true,"href":"https:\/\/unisale.com.br\/pastoral\/wp-json\/wp\/v2\/media\/10600"}],"wp:attachment":[{"href":"https:\/\/unisale.com.br\/pastoral\/wp-json\/wp\/v2\/media?parent=10593"}],"wp:term":[{"taxonomy":"category","embeddable":true,"href":"https:\/\/unisale.com.br\/pastoral\/wp-json\/wp\/v2\/categories?post=10593"},{"taxonomy":"post_tag","embeddable":true,"href":"https:\/\/unisale.com.br\/pastoral\/wp-json\/wp\/v2\/tags?post=10593"}],"curies":[{"name":"wp","href":"https:\/\/api.w.org\/{rel}","templated":true}]}}