{"id":10605,"date":"2024-09-09T18:07:54","date_gmt":"2024-09-09T18:07:54","guid":{"rendered":"https:\/\/unisale.com.br\/pastoral\/?p=10605"},"modified":"2024-09-09T18:07:54","modified_gmt":"2024-09-09T18:07:54","slug":"missas-de-cinzas-marcam-o-inicio-da-quaresma-com-reflexao-e-espiritualidade","status":"publish","type":"post","link":"https:\/\/unisale.com.br\/pastoral\/missas-de-cinzas-marcam-o-inicio-da-quaresma-com-reflexao-e-espiritualidade\/","title":{"rendered":"Missas de Cinzas marcam o in\u00edcio da Quaresma com reflex\u00e3o e espiritualidade"},"content":{"rendered":"<h2>A imposi\u00e7\u00e3o das cinzas trata-se de um gesto simb\u00f3lico que recorda a fragilidade da vida e a busca de convers\u00e3o e arrependimento.<\/h2>\n<p>As\u00a0<strong>Missas de Cinzas<\/strong>, realizadas na manh\u00e3 e noite de 20 de fevereiro, na Igreja Universit\u00e1ria do UniSALESIANO, marcaram o in\u00edcio do per\u00edodo quaresmal, um tempo de reflex\u00e3o e prepara\u00e7\u00e3o espiritual para a P\u00e1scoa de Jesus Cristo que, neste ano, ser\u00e1 celebrada em 31 de mar\u00e7o.<\/p>\n<p>As cerim\u00f4nias, que reuniram acad\u00eamicos, professores e colaboradores da Institui\u00e7\u00e3o, foram presididas pelo Reitor do UniSALESIANO,\u00a0<strong>Pe. Paulo Vendrame, SDB<\/strong>, e concelebrada pelo\u00a0<strong>Pr\u00f3-Reitor de Pastoral, Pe. Paulo J\u00e1como, SDB<\/strong>.<\/p>\n<p>Pe. Paulo Vendrame, em sua fala, destacou a import\u00e2ncia desse momento para a comunidade cat\u00f3lica, ressaltando o significado profundo da Quaresma. \u201cEste \u00e9 um tempo de reflex\u00e3o, de olhar para dentro de n\u00f3s mesmos e avaliar a nossa rela\u00e7\u00e3o com Deus, com o pr\u00f3ximo e conosco mesmo. As cinzas que recebemos hoje n\u00e3o s\u00e3o apenas um sinal exterior, mas um convite interior para a convers\u00e3o, para mudarmos aquilo que precisa ser convertido em nossas vidas\u201d, enfatizou.<\/p>\n<p>A\u00a0<strong>imposi\u00e7\u00e3o das cinzas<\/strong>\u00a0trata-se de um gesto simb\u00f3lico que recorda a fragilidade da vida e a busca de convers\u00e3o e arrependimento.<\/p>\n<p>Ao final das cerim\u00f4nias, os fi\u00e9is sa\u00edram da igreja com as cinzas marcando suas cabe\u00e7as, carregando consigo o compromisso de viver intensamente os pr\u00f3ximos 40 dias, o tempo de quaresma.<\/p>\n<p>As Missas de Cinzas no UniSALESIANO marcaram o in\u00edcio da Quaresma e tamb\u00e9m proporcionaram um espa\u00e7o para a comunidade universit\u00e1ria se reunir em ora\u00e7\u00e3o e reflex\u00e3o, fortalecendo os la\u00e7os espirituais que unem as pessoas na f\u00e9 em Jesus Cristo, o filho de Deus.<\/p>\n<p>&nbsp;<\/p>\n\n\t\t<style type=\"text\/css\">\n\t\t\t#gallery-1 {\n\t\t\t\tmargin: auto;\n\t\t\t}\n\t\t\t#gallery-1 .gallery-item {\n\t\t\t\tfloat: left;\n\t\t\t\tmargin-top: 10px;\n\t\t\t\ttext-align: center;\n\t\t\t\twidth: 33%;\n\t\t\t}\n\t\t\t#gallery-1 img {\n\t\t\t\tborder: 2px solid #cfcfcf;\n\t\t\t}\n\t\t\t#gallery-1 .gallery-caption {\n\t\t\t\tmargin-left: 0;\n\t\t\t}\n\t\t\t\/* see gallery_shortcode() in wp-includes\/media.php *\/\n\t\t<\/style>\n\t\t<div id='gallery-1' class='gallery galleryid-10605 gallery-columns-3 gallery-size-thumbnail'><dl class='gallery-item'>\n\t\t\t<dt class='gallery-icon landscape'>\n\t\t\t\t<a href='https:\/\/unisale.com.br\/pastoral\/wp-content\/uploads\/2024\/09\/IMG_8107-1024x683-1.jpg'><img decoding=\"async\" width=\"150\" height=\"150\" src=\"https:\/\/unisale.com.br\/pastoral\/wp-content\/uploads\/2024\/09\/IMG_8107-1024x683-1-150x150.jpg\" class=\"attachment-thumbnail size-thumbnail\" alt=\"\" \/><\/a>\n\t\t\t<\/dt><\/dl><dl class='gallery-item'>\n\t\t\t<dt class='gallery-icon landscape'>\n\t\t\t\t<a href='https:\/\/unisale.com.br\/pastoral\/wp-content\/uploads\/2024\/09\/IMG_8048-1024x683-1.jpg'><img decoding=\"async\" width=\"150\" height=\"150\" src=\"https:\/\/unisale.com.br\/pastoral\/wp-content\/uploads\/2024\/09\/IMG_8048-1024x683-1-150x150.jpg\" class=\"attachment-thumbnail size-thumbnail\" alt=\"\" \/><\/a>\n\t\t\t<\/dt><\/dl><dl class='gallery-item'>\n\t\t\t<dt class='gallery-icon landscape'>\n\t\t\t\t<a href='https:\/\/unisale.com.br\/pastoral\/wp-content\/uploads\/2024\/09\/IMG_8019-1024x683-1.jpg'><img decoding=\"async\" width=\"150\" height=\"150\" src=\"https:\/\/unisale.com.br\/pastoral\/wp-content\/uploads\/2024\/09\/IMG_8019-1024x683-1-150x150.jpg\" class=\"attachment-thumbnail size-thumbnail\" alt=\"\" \/><\/a>\n\t\t\t<\/dt><\/dl><br style=\"clear: both\" \/><dl class='gallery-item'>\n\t\t\t<dt class='gallery-icon landscape'>\n\t\t\t\t<a href='https:\/\/unisale.com.br\/pastoral\/wp-content\/uploads\/2024\/09\/IMG_8015-1024x683-1.jpg'><img loading=\"lazy\" decoding=\"async\" width=\"150\" height=\"150\" src=\"https:\/\/unisale.com.br\/pastoral\/wp-content\/uploads\/2024\/09\/IMG_8015-1024x683-1-150x150.jpg\" class=\"attachment-thumbnail size-thumbnail\" alt=\"\" \/><\/a>\n\t\t\t<\/dt><\/dl><dl class='gallery-item'>\n\t\t\t<dt class='gallery-icon landscape'>\n\t\t\t\t<a href='https:\/\/unisale.com.br\/pastoral\/wp-content\/uploads\/2024\/09\/IMG_8006-1024x683-1.jpg'><img loading=\"lazy\" decoding=\"async\" width=\"150\" height=\"150\" src=\"https:\/\/unisale.com.br\/pastoral\/wp-content\/uploads\/2024\/09\/IMG_8006-1024x683-1-150x150.jpg\" class=\"attachment-thumbnail size-thumbnail\" alt=\"\" \/><\/a>\n\t\t\t<\/dt><\/dl><dl class='gallery-item'>\n\t\t\t<dt class='gallery-icon portrait'>\n\t\t\t\t<a href='https:\/\/unisale.com.br\/pastoral\/wp-content\/uploads\/2024\/09\/784A0701-683x1024-1.jpg'><img loading=\"lazy\" decoding=\"async\" width=\"150\" height=\"150\" src=\"https:\/\/unisale.com.br\/pastoral\/wp-content\/uploads\/2024\/09\/784A0701-683x1024-1-150x150.jpg\" class=\"attachment-thumbnail size-thumbnail\" alt=\"\" \/><\/a>\n\t\t\t<\/dt><\/dl><br style=\"clear: both\" \/><dl class='gallery-item'>\n\t\t\t<dt class='gallery-icon landscape'>\n\t\t\t\t<a href='https:\/\/unisale.com.br\/pastoral\/wp-content\/uploads\/2024\/09\/784A0546-1024x683-1.jpg'><img loading=\"lazy\" decoding=\"async\" width=\"150\" height=\"150\" src=\"https:\/\/unisale.com.br\/pastoral\/wp-content\/uploads\/2024\/09\/784A0546-1024x683-1-150x150.jpg\" class=\"attachment-thumbnail size-thumbnail\" alt=\"\" \/><\/a>\n\t\t\t<\/dt><\/dl><dl class='gallery-item'>\n\t\t\t<dt class='gallery-icon landscape'>\n\t\t\t\t<a href='https:\/\/unisale.com.br\/pastoral\/wp-content\/uploads\/2024\/09\/784A0538-1024x683-1.jpg'><img loading=\"lazy\" decoding=\"async\" width=\"150\" height=\"150\" src=\"https:\/\/unisale.com.br\/pastoral\/wp-content\/uploads\/2024\/09\/784A0538-1024x683-1-150x150.jpg\" class=\"attachment-thumbnail size-thumbnail\" alt=\"\" \/><\/a>\n\t\t\t<\/dt><\/dl><dl class='gallery-item'>\n\t\t\t<dt class='gallery-icon landscape'>\n\t\t\t\t<a href='https:\/\/unisale.com.br\/pastoral\/wp-content\/uploads\/2024\/09\/784A0532-1024x683-1.jpg'><img loading=\"lazy\" decoding=\"async\" width=\"150\" height=\"150\" src=\"https:\/\/unisale.com.br\/pastoral\/wp-content\/uploads\/2024\/09\/784A0532-1024x683-1-150x150.jpg\" class=\"attachment-thumbnail size-thumbnail\" alt=\"\" \/><\/a>\n\t\t\t<\/dt><\/dl><br style=\"clear: both\" \/><dl class='gallery-item'>\n\t\t\t<dt class='gallery-icon landscape'>\n\t\t\t\t<a href='https:\/\/unisale.com.br\/pastoral\/wp-content\/uploads\/2024\/09\/784A0519-1024x683-1.jpg'><img loading=\"lazy\" decoding=\"async\" width=\"150\" height=\"150\" src=\"https:\/\/unisale.com.br\/pastoral\/wp-content\/uploads\/2024\/09\/784A0519-1024x683-1-150x150.jpg\" class=\"attachment-thumbnail size-thumbnail\" alt=\"\" \/><\/a>\n\t\t\t<\/dt><\/dl><dl class='gallery-item'>\n\t\t\t<dt class='gallery-icon landscape'>\n\t\t\t\t<a href='https:\/\/unisale.com.br\/pastoral\/wp-content\/uploads\/2024\/09\/784A0470-1024x683-1.jpg'><img loading=\"lazy\" decoding=\"async\" width=\"150\" height=\"150\" src=\"https:\/\/unisale.com.br\/pastoral\/wp-content\/uploads\/2024\/09\/784A0470-1024x683-1-150x150.jpg\" class=\"attachment-thumbnail size-thumbnail\" alt=\"\" \/><\/a>\n\t\t\t<\/dt><\/dl><dl class='gallery-item'>\n\t\t\t<dt class='gallery-icon landscape'>\n\t\t\t\t<a href='https:\/\/unisale.com.br\/pastoral\/wp-content\/uploads\/2024\/09\/784A0467-1024x683-1.jpg'><img loading=\"lazy\" decoding=\"async\" width=\"150\" height=\"150\" src=\"https:\/\/unisale.com.br\/pastoral\/wp-content\/uploads\/2024\/09\/784A0467-1024x683-1-150x150.jpg\" class=\"attachment-thumbnail size-thumbnail\" alt=\"\" \/><\/a>\n\t\t\t<\/dt><\/dl><br style=\"clear: both\" \/>\n\t\t<\/div>\n\n","protected":false},"excerpt":{"rendered":"<p>A imposi\u00e7\u00e3o das cinzas trata-se de um gesto simb\u00f3lico que recorda a fragilidade da vida e a busca de convers\u00e3o e arrependimento. As\u00a0Missas de Cinzas,&#8230;<\/p>\n","protected":false},"author":1,"featured_media":10617,"comment_status":"closed","ping_status":"closed","sticky":false,"template":"","format":"standard","meta":{"_acf_changed":false,"footnotes":""},"categories":[3],"tags":[26],"class_list":["post-10605","post","type-post","status-publish","format-standard","has-post-thumbnail","hentry","category-not","tag-a-imposicao-das-cinzas-trata-se-de-um-gesto-simbolico-que-recorda-a-fragilidade-da-vida-e-a-busca-de-conversao-e-arrependimento"],"acf":[],"yoast_head":"<!-- This site is optimized with the Yoast SEO plugin v27.3 - https:\/\/yoast.com\/product\/yoast-seo-wordpress\/ -->\n<title>Missas de Cinzas marcam o in\u00edcio da Quaresma com reflex\u00e3o e espiritualidade - Pastoral Universit\u00e1ria UniSALESIANO<\/title>\n<meta name=\"robots\" content=\"index, follow, max-snippet:-1, max-image-preview:large, max-video-preview:-1\" \/>\n<link rel=\"canonical\" href=\"https:\/\/unisale.com.br\/novo\/missas-de-cinzas-marcam-o-inicio-da-quaresma-com-reflexao-e-espiritualidade\/\" \/>\n<meta property=\"og:locale\" content=\"pt_BR\" \/>\n<meta property=\"og:type\" content=\"article\" \/>\n<meta property=\"og:title\" content=\"Missas de Cinzas marcam o in\u00edcio da Quaresma com reflex\u00e3o e espiritualidade - Pastoral Universit\u00e1ria UniSALESIANO\" \/>\n<meta property=\"og:description\" content=\"A imposi\u00e7\u00e3o das cinzas trata-se de um gesto simb\u00f3lico que recorda a fragilidade da vida e a busca de convers\u00e3o e arrependimento. As\u00a0Missas de Cinzas,...\" \/>\n<meta property=\"og:url\" content=\"https:\/\/unisale.com.br\/novo\/missas-de-cinzas-marcam-o-inicio-da-quaresma-com-reflexao-e-espiritualidade\/\" \/>\n<meta property=\"og:site_name\" content=\"Pastoral Universit\u00e1ria UniSALESIANO\" \/>\n<meta property=\"article:published_time\" content=\"2024-09-09T18:07:54+00:00\" \/>\n<meta property=\"og:image\" content=\"https:\/\/unisale.com.br\/novo\/wp-content\/uploads\/2024\/09\/IMG_8064-1-1024x683-1.jpg\" \/>\n\t<meta property=\"og:image:width\" content=\"1024\" \/>\n\t<meta property=\"og:image:height\" content=\"683\" \/>\n\t<meta property=\"og:image:type\" content=\"image\/jpeg\" \/>\n<meta name=\"author\" content=\"pastoral\" \/>\n<meta name=\"twitter:card\" content=\"summary_large_image\" \/>\n<meta name=\"twitter:label1\" content=\"Escrito por\" \/>\n\t<meta name=\"twitter:data1\" content=\"pastoral\" \/>\n\t<meta name=\"twitter:label2\" content=\"Est. tempo de leitura\" \/>\n\t<meta name=\"twitter:data2\" content=\"2 minutos\" \/>\n<script type=\"application\/ld+json\" class=\"yoast-schema-graph\">{\"@context\":\"https:\\\/\\\/schema.org\",\"@graph\":[{\"@type\":\"Article\",\"@id\":\"https:\\\/\\\/unisale.com.br\\\/novo\\\/missas-de-cinzas-marcam-o-inicio-da-quaresma-com-reflexao-e-espiritualidade\\\/#article\",\"isPartOf\":{\"@id\":\"https:\\\/\\\/unisale.com.br\\\/novo\\\/missas-de-cinzas-marcam-o-inicio-da-quaresma-com-reflexao-e-espiritualidade\\\/\"},\"author\":{\"name\":\"pastoral\",\"@id\":\"https:\\\/\\\/unisale.com.br\\\/pastoral\\\/#\\\/schema\\\/person\\\/a16ba711a0f7dec9cb6b44563144d5a3\"},\"headline\":\"Missas de Cinzas marcam o in\u00edcio da Quaresma com reflex\u00e3o e espiritualidade\",\"datePublished\":\"2024-09-09T18:07:54+00:00\",\"mainEntityOfPage\":{\"@id\":\"https:\\\/\\\/unisale.com.br\\\/novo\\\/missas-de-cinzas-marcam-o-inicio-da-quaresma-com-reflexao-e-espiritualidade\\\/\"},\"wordCount\":323,\"image\":{\"@id\":\"https:\\\/\\\/unisale.com.br\\\/novo\\\/missas-de-cinzas-marcam-o-inicio-da-quaresma-com-reflexao-e-espiritualidade\\\/#primaryimage\"},\"thumbnailUrl\":\"https:\\\/\\\/unisale.com.br\\\/pastoral\\\/wp-content\\\/uploads\\\/2024\\\/09\\\/IMG_8064-1-1024x683-1.jpg\",\"keywords\":[\"A imposi\u00e7\u00e3o das cinzas trata-se de um gesto simb\u00f3lico que recorda a fragilidade da vida e a busca de convers\u00e3o e arrependimento\"],\"articleSection\":[\"Not\u00edcias\"],\"inLanguage\":\"pt-BR\"},{\"@type\":\"WebPage\",\"@id\":\"https:\\\/\\\/unisale.com.br\\\/novo\\\/missas-de-cinzas-marcam-o-inicio-da-quaresma-com-reflexao-e-espiritualidade\\\/\",\"url\":\"https:\\\/\\\/unisale.com.br\\\/novo\\\/missas-de-cinzas-marcam-o-inicio-da-quaresma-com-reflexao-e-espiritualidade\\\/\",\"name\":\"Missas de Cinzas marcam o in\u00edcio da Quaresma com reflex\u00e3o e espiritualidade - Pastoral Universit\u00e1ria UniSALESIANO\",\"isPartOf\":{\"@id\":\"https:\\\/\\\/unisale.com.br\\\/pastoral\\\/#website\"},\"primaryImageOfPage\":{\"@id\":\"https:\\\/\\\/unisale.com.br\\\/novo\\\/missas-de-cinzas-marcam-o-inicio-da-quaresma-com-reflexao-e-espiritualidade\\\/#primaryimage\"},\"image\":{\"@id\":\"https:\\\/\\\/unisale.com.br\\\/novo\\\/missas-de-cinzas-marcam-o-inicio-da-quaresma-com-reflexao-e-espiritualidade\\\/#primaryimage\"},\"thumbnailUrl\":\"https:\\\/\\\/unisale.com.br\\\/pastoral\\\/wp-content\\\/uploads\\\/2024\\\/09\\\/IMG_8064-1-1024x683-1.jpg\",\"datePublished\":\"2024-09-09T18:07:54+00:00\",\"author\":{\"@id\":\"https:\\\/\\\/unisale.com.br\\\/pastoral\\\/#\\\/schema\\\/person\\\/a16ba711a0f7dec9cb6b44563144d5a3\"},\"inLanguage\":\"pt-BR\",\"potentialAction\":[{\"@type\":\"ReadAction\",\"target\":[\"https:\\\/\\\/unisale.com.br\\\/novo\\\/missas-de-cinzas-marcam-o-inicio-da-quaresma-com-reflexao-e-espiritualidade\\\/\"]}]},{\"@type\":\"ImageObject\",\"inLanguage\":\"pt-BR\",\"@id\":\"https:\\\/\\\/unisale.com.br\\\/novo\\\/missas-de-cinzas-marcam-o-inicio-da-quaresma-com-reflexao-e-espiritualidade\\\/#primaryimage\",\"url\":\"https:\\\/\\\/unisale.com.br\\\/pastoral\\\/wp-content\\\/uploads\\\/2024\\\/09\\\/IMG_8064-1-1024x683-1.jpg\",\"contentUrl\":\"https:\\\/\\\/unisale.com.br\\\/pastoral\\\/wp-content\\\/uploads\\\/2024\\\/09\\\/IMG_8064-1-1024x683-1.jpg\",\"width\":750,\"height\":500,\"caption\":\"A imposi\u00e7\u00e3o das cinzas trata-se de um gesto simb\u00f3lico que recorda a fragilidade da vida e a busca de convers\u00e3o e arrependimento\"},{\"@type\":\"WebSite\",\"@id\":\"https:\\\/\\\/unisale.com.br\\\/pastoral\\\/#website\",\"url\":\"https:\\\/\\\/unisale.com.br\\\/pastoral\\\/\",\"name\":\"Pastoral Universit\u00e1ria UniSALESIANO\",\"description\":\"Site da Pastoral Universit\u00e1ria do UniSALESIANO\",\"potentialAction\":[{\"@type\":\"SearchAction\",\"target\":{\"@type\":\"EntryPoint\",\"urlTemplate\":\"https:\\\/\\\/unisale.com.br\\\/pastoral\\\/?s={search_term_string}\"},\"query-input\":{\"@type\":\"PropertyValueSpecification\",\"valueRequired\":true,\"valueName\":\"search_term_string\"}}],\"inLanguage\":\"pt-BR\"},{\"@type\":\"Person\",\"@id\":\"https:\\\/\\\/unisale.com.br\\\/pastoral\\\/#\\\/schema\\\/person\\\/a16ba711a0f7dec9cb6b44563144d5a3\",\"name\":\"pastoral\",\"url\":\"https:\\\/\\\/unisale.com.br\\\/pastoral\\\/author\\\/pastoral\\\/\"}]}<\/script>\n<!-- \/ Yoast SEO plugin. -->","yoast_head_json":{"title":"Missas de Cinzas marcam o in\u00edcio da Quaresma com reflex\u00e3o e espiritualidade - Pastoral Universit\u00e1ria UniSALESIANO","robots":{"index":"index","follow":"follow","max-snippet":"max-snippet:-1","max-image-preview":"max-image-preview:large","max-video-preview":"max-video-preview:-1"},"canonical":"https:\/\/unisale.com.br\/novo\/missas-de-cinzas-marcam-o-inicio-da-quaresma-com-reflexao-e-espiritualidade\/","og_locale":"pt_BR","og_type":"article","og_title":"Missas de Cinzas marcam o in\u00edcio da Quaresma com reflex\u00e3o e espiritualidade - Pastoral Universit\u00e1ria UniSALESIANO","og_description":"A imposi\u00e7\u00e3o das cinzas trata-se de um gesto simb\u00f3lico que recorda a fragilidade da vida e a busca de convers\u00e3o e arrependimento. As\u00a0Missas de Cinzas,...","og_url":"https:\/\/unisale.com.br\/novo\/missas-de-cinzas-marcam-o-inicio-da-quaresma-com-reflexao-e-espiritualidade\/","og_site_name":"Pastoral Universit\u00e1ria UniSALESIANO","article_published_time":"2024-09-09T18:07:54+00:00","og_image":[{"width":1024,"height":683,"url":"https:\/\/unisale.com.br\/novo\/wp-content\/uploads\/2024\/09\/IMG_8064-1-1024x683-1.jpg","type":"image\/jpeg"}],"author":"pastoral","twitter_card":"summary_large_image","twitter_misc":{"Escrito por":"pastoral","Est. tempo de leitura":"2 minutos"},"schema":{"@context":"https:\/\/schema.org","@graph":[{"@type":"Article","@id":"https:\/\/unisale.com.br\/novo\/missas-de-cinzas-marcam-o-inicio-da-quaresma-com-reflexao-e-espiritualidade\/#article","isPartOf":{"@id":"https:\/\/unisale.com.br\/novo\/missas-de-cinzas-marcam-o-inicio-da-quaresma-com-reflexao-e-espiritualidade\/"},"author":{"name":"pastoral","@id":"https:\/\/unisale.com.br\/pastoral\/#\/schema\/person\/a16ba711a0f7dec9cb6b44563144d5a3"},"headline":"Missas de Cinzas marcam o in\u00edcio da Quaresma com reflex\u00e3o e espiritualidade","datePublished":"2024-09-09T18:07:54+00:00","mainEntityOfPage":{"@id":"https:\/\/unisale.com.br\/novo\/missas-de-cinzas-marcam-o-inicio-da-quaresma-com-reflexao-e-espiritualidade\/"},"wordCount":323,"image":{"@id":"https:\/\/unisale.com.br\/novo\/missas-de-cinzas-marcam-o-inicio-da-quaresma-com-reflexao-e-espiritualidade\/#primaryimage"},"thumbnailUrl":"https:\/\/unisale.com.br\/pastoral\/wp-content\/uploads\/2024\/09\/IMG_8064-1-1024x683-1.jpg","keywords":["A imposi\u00e7\u00e3o das cinzas trata-se de um gesto simb\u00f3lico que recorda a fragilidade da vida e a busca de convers\u00e3o e arrependimento"],"articleSection":["Not\u00edcias"],"inLanguage":"pt-BR"},{"@type":"WebPage","@id":"https:\/\/unisale.com.br\/novo\/missas-de-cinzas-marcam-o-inicio-da-quaresma-com-reflexao-e-espiritualidade\/","url":"https:\/\/unisale.com.br\/novo\/missas-de-cinzas-marcam-o-inicio-da-quaresma-com-reflexao-e-espiritualidade\/","name":"Missas de Cinzas marcam o in\u00edcio da Quaresma com reflex\u00e3o e espiritualidade - Pastoral Universit\u00e1ria UniSALESIANO","isPartOf":{"@id":"https:\/\/unisale.com.br\/pastoral\/#website"},"primaryImageOfPage":{"@id":"https:\/\/unisale.com.br\/novo\/missas-de-cinzas-marcam-o-inicio-da-quaresma-com-reflexao-e-espiritualidade\/#primaryimage"},"image":{"@id":"https:\/\/unisale.com.br\/novo\/missas-de-cinzas-marcam-o-inicio-da-quaresma-com-reflexao-e-espiritualidade\/#primaryimage"},"thumbnailUrl":"https:\/\/unisale.com.br\/pastoral\/wp-content\/uploads\/2024\/09\/IMG_8064-1-1024x683-1.jpg","datePublished":"2024-09-09T18:07:54+00:00","author":{"@id":"https:\/\/unisale.com.br\/pastoral\/#\/schema\/person\/a16ba711a0f7dec9cb6b44563144d5a3"},"inLanguage":"pt-BR","potentialAction":[{"@type":"ReadAction","target":["https:\/\/unisale.com.br\/novo\/missas-de-cinzas-marcam-o-inicio-da-quaresma-com-reflexao-e-espiritualidade\/"]}]},{"@type":"ImageObject","inLanguage":"pt-BR","@id":"https:\/\/unisale.com.br\/novo\/missas-de-cinzas-marcam-o-inicio-da-quaresma-com-reflexao-e-espiritualidade\/#primaryimage","url":"https:\/\/unisale.com.br\/pastoral\/wp-content\/uploads\/2024\/09\/IMG_8064-1-1024x683-1.jpg","contentUrl":"https:\/\/unisale.com.br\/pastoral\/wp-content\/uploads\/2024\/09\/IMG_8064-1-1024x683-1.jpg","width":750,"height":500,"caption":"A imposi\u00e7\u00e3o das cinzas trata-se de um gesto simb\u00f3lico que recorda a fragilidade da vida e a busca de convers\u00e3o e arrependimento"},{"@type":"WebSite","@id":"https:\/\/unisale.com.br\/pastoral\/#website","url":"https:\/\/unisale.com.br\/pastoral\/","name":"Pastoral Universit\u00e1ria UniSALESIANO","description":"Site da Pastoral Universit\u00e1ria do UniSALESIANO","potentialAction":[{"@type":"SearchAction","target":{"@type":"EntryPoint","urlTemplate":"https:\/\/unisale.com.br\/pastoral\/?s={search_term_string}"},"query-input":{"@type":"PropertyValueSpecification","valueRequired":true,"valueName":"search_term_string"}}],"inLanguage":"pt-BR"},{"@type":"Person","@id":"https:\/\/unisale.com.br\/pastoral\/#\/schema\/person\/a16ba711a0f7dec9cb6b44563144d5a3","name":"pastoral","url":"https:\/\/unisale.com.br\/pastoral\/author\/pastoral\/"}]}},"_links":{"self":[{"href":"https:\/\/unisale.com.br\/pastoral\/wp-json\/wp\/v2\/posts\/10605","targetHints":{"allow":["GET"]}}],"collection":[{"href":"https:\/\/unisale.com.br\/pastoral\/wp-json\/wp\/v2\/posts"}],"about":[{"href":"https:\/\/unisale.com.br\/pastoral\/wp-json\/wp\/v2\/types\/post"}],"author":[{"embeddable":true,"href":"https:\/\/unisale.com.br\/pastoral\/wp-json\/wp\/v2\/users\/1"}],"replies":[{"embeddable":true,"href":"https:\/\/unisale.com.br\/pastoral\/wp-json\/wp\/v2\/comments?post=10605"}],"version-history":[{"count":2,"href":"https:\/\/unisale.com.br\/pastoral\/wp-json\/wp\/v2\/posts\/10605\/revisions"}],"predecessor-version":[{"id":10620,"href":"https:\/\/unisale.com.br\/pastoral\/wp-json\/wp\/v2\/posts\/10605\/revisions\/10620"}],"wp:featuredmedia":[{"embeddable":true,"href":"https:\/\/unisale.com.br\/pastoral\/wp-json\/wp\/v2\/media\/10617"}],"wp:attachment":[{"href":"https:\/\/unisale.com.br\/pastoral\/wp-json\/wp\/v2\/media?parent=10605"}],"wp:term":[{"taxonomy":"category","embeddable":true,"href":"https:\/\/unisale.com.br\/pastoral\/wp-json\/wp\/v2\/categories?post=10605"},{"taxonomy":"post_tag","embeddable":true,"href":"https:\/\/unisale.com.br\/pastoral\/wp-json\/wp\/v2\/tags?post=10605"}],"curies":[{"name":"wp","href":"https:\/\/api.w.org\/{rel}","templated":true}]}}