{"id":10644,"date":"2024-09-09T18:39:29","date_gmt":"2024-09-09T18:39:29","guid":{"rendered":"https:\/\/unisale.com.br\/pastoral\/?p=10644"},"modified":"2024-09-09T18:39:29","modified_gmt":"2024-09-09T18:39:29","slug":"missa-com-presenca-de-reitor-mor-dos-salesianos-emociona-fieis-de-toda-a-regiao","status":"publish","type":"post","link":"https:\/\/unisale.com.br\/pastoral\/missa-com-presenca-de-reitor-mor-dos-salesianos-emociona-fieis-de-toda-a-regiao\/","title":{"rendered":"Missa com presen\u00e7a de Reitor-Mor dos Salesianos emociona fi\u00e9is de toda a regi\u00e3o"},"content":{"rendered":"<h3>Na oportunidade, o Cardeal deu a ben\u00e7\u00e3o ao vitral da Igreja Universit\u00e1ria \u201cNossa Senhora Auxiliadora\u201d<\/h3>\n<p>Uma noite hist\u00f3rica e emocionante foi vivida, registrada e presenciada por centenas de pessoas de Ara\u00e7atuba e regi\u00e3o que participaram da\u00a0<strong>Missa em A\u00e7\u00e3o de Gra\u00e7as<\/strong>\u00a0\u00e0 visita do Reitor-Mor dos Salesianos, o Cardeal\u00a0<strong>\u00c1ngel Fern\u00e1ndez Artime<\/strong>.<\/p>\n<p>A celebra\u00e7\u00e3o foi realizada na noite de 6 de mar\u00e7o, na Igreja Universit\u00e1ria do UniSALESIANO, em comemora\u00e7\u00e3o aos 75 anos da presen\u00e7a salesiana em Ara\u00e7atuba. Estiverem presentes no evento prefeitos, primeiras-damas, presidentes de c\u00e2maras, vereadores, demais autoridades civis e militares de Ara\u00e7atuba e regi\u00e3o, bem como os membros da Reitoria do UniSALESIANO, da comunidade acad\u00eamica e da sociedade.<\/p>\n<p>No altar, o Cardeal \u00c1ngel esteve acompanhado pelos bispos das dioceses de Ara\u00e7atuba,\u00a0<strong>Dom S\u00e9rgio Krzywy<\/strong>, de Lins,\u00a0<strong>Dom Francisco Carlos da Silva<\/strong>, de Assis,\u00a0<strong>Dom Argemiro Azevedo,<\/strong>\u00a0de Assis, e\u00a0<strong>Dom Tarc\u00edsio Scaramussa,<\/strong>\u00a0de Santos, al\u00e9m de demais padres salesianos.<\/p>\n<p>Durante a homilia, o Reitor-Mor disse ter vivido horas de grande fraternidade em Ara\u00e7atuba e sentido o esp\u00edrito de Deus em todas as partes. \u201cEsta comunidade impressiona, somente encontrei comunidades assim, na \u00c1frica. Sa\u00fado voc\u00eas com todo meu cora\u00e7\u00e3o e simpatia e digo que os m\u00e9ritos n\u00e3o s\u00e3o das pessoas, pois estamos aqui para servir, para ajudar. Hoje, escutei coisas muito bonitas e agrade\u00e7o, sobretudo, em mem\u00f3ria dos meus irm\u00e3os, tudo que fizeram pelas pessoas\u201d, comentou.<\/p>\n<p>O 10\u00ba Sucessor de Dom Bosco ainda compartilhou com os presentes uma mensagem que leva em seu cora\u00e7\u00e3o. \u201cVou ser muito sincero. Quando eu penso em minha vida, quando o Santo Padre (Papa Francisco) pensou que eu podia ajudar um pouco, tenho a dizer a voc\u00eas, a minha ora\u00e7\u00e3o de todos os dias \u00e9: Senhor, o que tu queres que eu fa\u00e7a? Quero dizer, temos que deixar Deus ser Deus nas nossas vidas. Deus tem que tocar o cora\u00e7\u00e3o e a vida de cada um de n\u00f3s\u201d, aconselhou, ao acreditar profundamente no valor da ora\u00e7\u00e3o que \u00e9 feita uns para os outros.<\/p>\n<p><strong>OFICIAL<\/strong><\/p>\n<p>No decorrer da celebra\u00e7\u00e3o, Pe. \u00c1ngel recebeu o\u00a0<strong>T\u00edtulo de H\u00f3spede Oficial do Munic\u00edpio de Ara\u00e7atuba<\/strong>, conforme o Decreto 23.261, de 5 de mar\u00e7o de 2024, e que foi entregue pelo Prefeito,\u00a0<strong>Dilador Borges<\/strong>, e pela primeira-dama,\u00a0<strong>Deomerce Damasceno<\/strong>.<\/p>\n<p>\u201cTrata-se de um momento hist\u00f3rico e de grande import\u00e2ncia para nossa cidade. A presen\u00e7a do cardeal \u00e9 um privil\u00e9gio, simboliza a dedica\u00e7\u00e3o incans\u00e1vel dos salesianos, a educa\u00e7\u00e3o, a forma\u00e7\u00e3o moral e apoio a nossos jovens, que s\u00e3o o futuro da nossa na\u00e7\u00e3o\u201d, disse o prefeito.<\/p>\n<p>Tamb\u00e9m recebeu o\u00a0<strong>T\u00edtulo de Cidad\u00e3o Ara\u00e7atubense<\/strong>, aprovado por unanimidade pelos vereadores da C\u00e2mara de Ara\u00e7atuba, atrav\u00e9s do decreto legislativo n. 1, de 19 de fevereiro de 2024. O autor da homenagem,\u00a0<strong>vereador Jaime Jos\u00e9 da Silva<\/strong>, entregou o t\u00edtulo e agradeceu a oportunidade de estar presente no evento. \u201cEntendo que a f\u00e9 e a religiosidade \u00e9 que sensibilizam a alma e o conhecimento. Atrav\u00e9s dos estudos, possibilitam conhecermos melhor o outro e, assim, respeitando uns aos outros, poderemos viver em paz\u201d, frisou.<\/p>\n<p>Na oportunidade, o Cardeal deu a ben\u00e7\u00e3o ao\u00a0<strong>vitral da Igreja Universit\u00e1ria \u201cNossa Senhora Auxiliadora\u201d<\/strong>\u00a0e \u00e0 placa comemorativa em alus\u00e3o a sua visita ilustre.<\/p>\n<p>Palavras de afeto e gratid\u00e3o tamb\u00e9m foram direcionadas ao Reitor-Mor pelo Diretor da Presen\u00e7a Salesiana em Ara\u00e7atuba,\u00a0<strong>Pe. Paulo Fernando Vendrame, SDB<\/strong>, e pelo Bispo da Diocese de Ara\u00e7atuba,\u00a0<strong>Dom S\u00e9rgio Krzywy.<\/strong><\/p>\n<p>Ao final, Pe. \u00c1ngel entregou como lembran\u00e7a a imagem de Nossa Senhora Auxiliadora a representantes das entidades que estiveram presentes no evento.<\/p>\n<p>&nbsp;<\/p>\n\n\t\t<style type=\"text\/css\">\n\t\t\t#gallery-1 {\n\t\t\t\tmargin: auto;\n\t\t\t}\n\t\t\t#gallery-1 .gallery-item {\n\t\t\t\tfloat: left;\n\t\t\t\tmargin-top: 10px;\n\t\t\t\ttext-align: center;\n\t\t\t\twidth: 33%;\n\t\t\t}\n\t\t\t#gallery-1 img {\n\t\t\t\tborder: 2px solid #cfcfcf;\n\t\t\t}\n\t\t\t#gallery-1 .gallery-caption {\n\t\t\t\tmargin-left: 0;\n\t\t\t}\n\t\t\t\/* see gallery_shortcode() in wp-includes\/media.php *\/\n\t\t<\/style>\n\t\t<div id='gallery-1' class='gallery galleryid-10644 gallery-columns-3 gallery-size-thumbnail'><dl class='gallery-item'>\n\t\t\t<dt class='gallery-icon landscape'>\n\t\t\t\t<a href='https:\/\/unisale.com.br\/pastoral\/missa-com-presenca-de-reitor-mor-dos-salesianos-emociona-fieis-de-toda-a-regiao\/3-3\/'><img decoding=\"async\" width=\"150\" height=\"150\" src=\"https:\/\/unisale.com.br\/pastoral\/wp-content\/uploads\/2024\/09\/3-1-150x150.jpg\" class=\"attachment-thumbnail size-thumbnail\" alt=\"\" \/><\/a>\n\t\t\t<\/dt><\/dl><dl class='gallery-item'>\n\t\t\t<dt class='gallery-icon landscape'>\n\t\t\t\t<a href='https:\/\/unisale.com.br\/pastoral\/missa-com-presenca-de-reitor-mor-dos-salesianos-emociona-fieis-de-toda-a-regiao\/888a0808-1024x683-2\/'><img decoding=\"async\" width=\"150\" height=\"150\" src=\"https:\/\/unisale.com.br\/pastoral\/wp-content\/uploads\/2024\/09\/888A0808-1024x683-1-150x150.jpg\" class=\"attachment-thumbnail size-thumbnail\" alt=\"\" \/><\/a>\n\t\t\t<\/dt><\/dl><dl class='gallery-item'>\n\t\t\t<dt class='gallery-icon landscape'>\n\t\t\t\t<a href='https:\/\/unisale.com.br\/pastoral\/missa-com-presenca-de-reitor-mor-dos-salesianos-emociona-fieis-de-toda-a-regiao\/888a0842-1024x683\/'><img decoding=\"async\" width=\"150\" height=\"150\" src=\"https:\/\/unisale.com.br\/pastoral\/wp-content\/uploads\/2024\/09\/888A0842-1024x683-1-150x150.jpg\" class=\"attachment-thumbnail size-thumbnail\" alt=\"\" \/><\/a>\n\t\t\t<\/dt><\/dl><br style=\"clear: both\" \/><dl class='gallery-item'>\n\t\t\t<dt class='gallery-icon landscape'>\n\t\t\t\t<a href='https:\/\/unisale.com.br\/pastoral\/missa-com-presenca-de-reitor-mor-dos-salesianos-emociona-fieis-de-toda-a-regiao\/888a0869-1024x683\/'><img loading=\"lazy\" decoding=\"async\" width=\"150\" height=\"150\" src=\"https:\/\/unisale.com.br\/pastoral\/wp-content\/uploads\/2024\/09\/888A0869-1024x683-1-150x150.jpg\" class=\"attachment-thumbnail size-thumbnail\" alt=\"\" \/><\/a>\n\t\t\t<\/dt><\/dl><dl class='gallery-item'>\n\t\t\t<dt class='gallery-icon landscape'>\n\t\t\t\t<a href='https:\/\/unisale.com.br\/pastoral\/missa-com-presenca-de-reitor-mor-dos-salesianos-emociona-fieis-de-toda-a-regiao\/888a0882-1024x683\/'><img loading=\"lazy\" decoding=\"async\" width=\"150\" height=\"150\" src=\"https:\/\/unisale.com.br\/pastoral\/wp-content\/uploads\/2024\/09\/888A0882-1024x683-1-150x150.jpg\" class=\"attachment-thumbnail size-thumbnail\" alt=\"\" \/><\/a>\n\t\t\t<\/dt><\/dl><dl class='gallery-item'>\n\t\t\t<dt class='gallery-icon landscape'>\n\t\t\t\t<a href='https:\/\/unisale.com.br\/pastoral\/missa-com-presenca-de-reitor-mor-dos-salesianos-emociona-fieis-de-toda-a-regiao\/888a0902-1024x683\/'><img loading=\"lazy\" decoding=\"async\" width=\"150\" height=\"150\" src=\"https:\/\/unisale.com.br\/pastoral\/wp-content\/uploads\/2024\/09\/888A0902-1024x683-1-150x150.jpg\" class=\"attachment-thumbnail size-thumbnail\" alt=\"\" \/><\/a>\n\t\t\t<\/dt><\/dl><br style=\"clear: both\" \/><dl class='gallery-item'>\n\t\t\t<dt class='gallery-icon landscape'>\n\t\t\t\t<a href='https:\/\/unisale.com.br\/pastoral\/missa-com-presenca-de-reitor-mor-dos-salesianos-emociona-fieis-de-toda-a-regiao\/888a0926-1024x683\/'><img loading=\"lazy\" decoding=\"async\" width=\"150\" height=\"150\" src=\"https:\/\/unisale.com.br\/pastoral\/wp-content\/uploads\/2024\/09\/888A0926-1024x683-1-150x150.jpg\" class=\"attachment-thumbnail size-thumbnail\" alt=\"\" \/><\/a>\n\t\t\t<\/dt><\/dl><dl class='gallery-item'>\n\t\t\t<dt class='gallery-icon landscape'>\n\t\t\t\t<a href='https:\/\/unisale.com.br\/pastoral\/missa-com-presenca-de-reitor-mor-dos-salesianos-emociona-fieis-de-toda-a-regiao\/888a0933-1024x683\/'><img loading=\"lazy\" decoding=\"async\" width=\"150\" height=\"150\" src=\"https:\/\/unisale.com.br\/pastoral\/wp-content\/uploads\/2024\/09\/888A0933-1024x683-1-150x150.jpg\" class=\"attachment-thumbnail size-thumbnail\" alt=\"\" \/><\/a>\n\t\t\t<\/dt><\/dl><dl class='gallery-item'>\n\t\t\t<dt class='gallery-icon portrait'>\n\t\t\t\t<a href='https:\/\/unisale.com.br\/pastoral\/missa-com-presenca-de-reitor-mor-dos-salesianos-emociona-fieis-de-toda-a-regiao\/888a0956-683x1024\/'><img loading=\"lazy\" decoding=\"async\" width=\"150\" height=\"150\" src=\"https:\/\/unisale.com.br\/pastoral\/wp-content\/uploads\/2024\/09\/888A0956-683x1024-1-150x150.jpg\" class=\"attachment-thumbnail size-thumbnail\" alt=\"\" \/><\/a>\n\t\t\t<\/dt><\/dl><br style=\"clear: both\" \/><dl class='gallery-item'>\n\t\t\t<dt class='gallery-icon landscape'>\n\t\t\t\t<a href='https:\/\/unisale.com.br\/pastoral\/missa-com-presenca-de-reitor-mor-dos-salesianos-emociona-fieis-de-toda-a-regiao\/888a0966-1024x683\/'><img loading=\"lazy\" decoding=\"async\" width=\"150\" height=\"150\" src=\"https:\/\/unisale.com.br\/pastoral\/wp-content\/uploads\/2024\/09\/888A0966-1024x683-1-150x150.jpg\" class=\"attachment-thumbnail size-thumbnail\" alt=\"\" \/><\/a>\n\t\t\t<\/dt><\/dl><dl class='gallery-item'>\n\t\t\t<dt class='gallery-icon landscape'>\n\t\t\t\t<a href='https:\/\/unisale.com.br\/pastoral\/missa-com-presenca-de-reitor-mor-dos-salesianos-emociona-fieis-de-toda-a-regiao\/888a0988-1024x683\/'><img loading=\"lazy\" decoding=\"async\" width=\"150\" height=\"150\" src=\"https:\/\/unisale.com.br\/pastoral\/wp-content\/uploads\/2024\/09\/888A0988-1024x683-1-150x150.jpg\" class=\"attachment-thumbnail size-thumbnail\" alt=\"\" \/><\/a>\n\t\t\t<\/dt><\/dl><dl class='gallery-item'>\n\t\t\t<dt class='gallery-icon landscape'>\n\t\t\t\t<a href='https:\/\/unisale.com.br\/pastoral\/missa-com-presenca-de-reitor-mor-dos-salesianos-emociona-fieis-de-toda-a-regiao\/888a0997-1024x683\/'><img loading=\"lazy\" decoding=\"async\" width=\"150\" height=\"150\" src=\"https:\/\/unisale.com.br\/pastoral\/wp-content\/uploads\/2024\/09\/888A0997-1024x683-1-150x150.jpg\" class=\"attachment-thumbnail size-thumbnail\" alt=\"\" \/><\/a>\n\t\t\t<\/dt><\/dl><br style=\"clear: both\" \/><dl class='gallery-item'>\n\t\t\t<dt class='gallery-icon landscape'>\n\t\t\t\t<a href='https:\/\/unisale.com.br\/pastoral\/missa-com-presenca-de-reitor-mor-dos-salesianos-emociona-fieis-de-toda-a-regiao\/888a1006-1024x683\/'><img loading=\"lazy\" decoding=\"async\" width=\"150\" height=\"150\" src=\"https:\/\/unisale.com.br\/pastoral\/wp-content\/uploads\/2024\/09\/888A1006-1024x683-1-150x150.jpg\" class=\"attachment-thumbnail size-thumbnail\" alt=\"\" \/><\/a>\n\t\t\t<\/dt><\/dl><dl class='gallery-item'>\n\t\t\t<dt class='gallery-icon landscape'>\n\t\t\t\t<a href='https:\/\/unisale.com.br\/pastoral\/missa-com-presenca-de-reitor-mor-dos-salesianos-emociona-fieis-de-toda-a-regiao\/888a1037-1024x683\/'><img loading=\"lazy\" decoding=\"async\" width=\"150\" height=\"150\" src=\"https:\/\/unisale.com.br\/pastoral\/wp-content\/uploads\/2024\/09\/888A1037-1024x683-1-150x150.jpg\" class=\"attachment-thumbnail size-thumbnail\" alt=\"\" \/><\/a>\n\t\t\t<\/dt><\/dl><dl class='gallery-item'>\n\t\t\t<dt class='gallery-icon landscape'>\n\t\t\t\t<a href='https:\/\/unisale.com.br\/pastoral\/missa-com-presenca-de-reitor-mor-dos-salesianos-emociona-fieis-de-toda-a-regiao\/888a1065-1024x683\/'><img loading=\"lazy\" decoding=\"async\" width=\"150\" height=\"150\" src=\"https:\/\/unisale.com.br\/pastoral\/wp-content\/uploads\/2024\/09\/888A1065-1024x683-1-150x150.jpg\" class=\"attachment-thumbnail size-thumbnail\" alt=\"\" \/><\/a>\n\t\t\t<\/dt><\/dl><br style=\"clear: both\" \/><dl class='gallery-item'>\n\t\t\t<dt class='gallery-icon landscape'>\n\t\t\t\t<a href='https:\/\/unisale.com.br\/pastoral\/missa-com-presenca-de-reitor-mor-dos-salesianos-emociona-fieis-de-toda-a-regiao\/888a1074-1024x683\/'><img loading=\"lazy\" decoding=\"async\" width=\"150\" height=\"150\" src=\"https:\/\/unisale.com.br\/pastoral\/wp-content\/uploads\/2024\/09\/888A1074-1024x683-1-150x150.jpg\" class=\"attachment-thumbnail size-thumbnail\" alt=\"\" \/><\/a>\n\t\t\t<\/dt><\/dl><dl class='gallery-item'>\n\t\t\t<dt class='gallery-icon landscape'>\n\t\t\t\t<a href='https:\/\/unisale.com.br\/pastoral\/missa-com-presenca-de-reitor-mor-dos-salesianos-emociona-fieis-de-toda-a-regiao\/888a1080-1024x683\/'><img loading=\"lazy\" decoding=\"async\" width=\"150\" height=\"150\" src=\"https:\/\/unisale.com.br\/pastoral\/wp-content\/uploads\/2024\/09\/888A1080-1024x683-1-150x150.jpg\" class=\"attachment-thumbnail size-thumbnail\" alt=\"\" \/><\/a>\n\t\t\t<\/dt><\/dl><dl class='gallery-item'>\n\t\t\t<dt class='gallery-icon landscape'>\n\t\t\t\t<a href='https:\/\/unisale.com.br\/pastoral\/missa-com-presenca-de-reitor-mor-dos-salesianos-emociona-fieis-de-toda-a-regiao\/888a1137-1024x683\/'><img loading=\"lazy\" decoding=\"async\" width=\"150\" height=\"150\" src=\"https:\/\/unisale.com.br\/pastoral\/wp-content\/uploads\/2024\/09\/888A1137-1024x683-1-150x150.jpg\" class=\"attachment-thumbnail size-thumbnail\" alt=\"\" \/><\/a>\n\t\t\t<\/dt><\/dl><br style=\"clear: both\" \/><dl class='gallery-item'>\n\t\t\t<dt class='gallery-icon landscape'>\n\t\t\t\t<a href='https:\/\/unisale.com.br\/pastoral\/missa-com-presenca-de-reitor-mor-dos-salesianos-emociona-fieis-de-toda-a-regiao\/888a1146-1024x683\/'><img loading=\"lazy\" decoding=\"async\" width=\"150\" height=\"150\" src=\"https:\/\/unisale.com.br\/pastoral\/wp-content\/uploads\/2024\/09\/888A1146-1024x683-1-150x150.jpg\" class=\"attachment-thumbnail size-thumbnail\" alt=\"\" \/><\/a>\n\t\t\t<\/dt><\/dl><dl class='gallery-item'>\n\t\t\t<dt class='gallery-icon landscape'>\n\t\t\t\t<a href='https:\/\/unisale.com.br\/pastoral\/missa-com-presenca-de-reitor-mor-dos-salesianos-emociona-fieis-de-toda-a-regiao\/888a1153-1024x683\/'><img loading=\"lazy\" decoding=\"async\" width=\"150\" height=\"150\" src=\"https:\/\/unisale.com.br\/pastoral\/wp-content\/uploads\/2024\/09\/888A1153-1024x683-1-150x150.jpg\" class=\"attachment-thumbnail size-thumbnail\" alt=\"\" \/><\/a>\n\t\t\t<\/dt><\/dl><dl class='gallery-item'>\n\t\t\t<dt class='gallery-icon landscape'>\n\t\t\t\t<a href='https:\/\/unisale.com.br\/pastoral\/missa-com-presenca-de-reitor-mor-dos-salesianos-emociona-fieis-de-toda-a-regiao\/888a1158-1024x683\/'><img loading=\"lazy\" decoding=\"async\" width=\"150\" height=\"150\" src=\"https:\/\/unisale.com.br\/pastoral\/wp-content\/uploads\/2024\/09\/888A1158-1024x683-1-150x150.jpg\" class=\"attachment-thumbnail size-thumbnail\" alt=\"\" \/><\/a>\n\t\t\t<\/dt><\/dl><br style=\"clear: both\" \/><dl class='gallery-item'>\n\t\t\t<dt class='gallery-icon landscape'>\n\t\t\t\t<a href='https:\/\/unisale.com.br\/pastoral\/missa-com-presenca-de-reitor-mor-dos-salesianos-emociona-fieis-de-toda-a-regiao\/888a1162-1024x683\/'><img loading=\"lazy\" decoding=\"async\" width=\"150\" height=\"150\" src=\"https:\/\/unisale.com.br\/pastoral\/wp-content\/uploads\/2024\/09\/888A1162-1024x683-1-150x150.jpg\" class=\"attachment-thumbnail size-thumbnail\" alt=\"\" \/><\/a>\n\t\t\t<\/dt><\/dl><dl class='gallery-item'>\n\t\t\t<dt class='gallery-icon landscape'>\n\t\t\t\t<a href='https:\/\/unisale.com.br\/pastoral\/missa-com-presenca-de-reitor-mor-dos-salesianos-emociona-fieis-de-toda-a-regiao\/888a1190-1024x683\/'><img loading=\"lazy\" decoding=\"async\" width=\"150\" height=\"150\" src=\"https:\/\/unisale.com.br\/pastoral\/wp-content\/uploads\/2024\/09\/888A1190-1024x683-1-150x150.jpg\" class=\"attachment-thumbnail size-thumbnail\" alt=\"\" \/><\/a>\n\t\t\t<\/dt><\/dl><dl class='gallery-item'>\n\t\t\t<dt class='gallery-icon landscape'>\n\t\t\t\t<a href='https:\/\/unisale.com.br\/pastoral\/missa-com-presenca-de-reitor-mor-dos-salesianos-emociona-fieis-de-toda-a-regiao\/888a1208-1024x683\/'><img loading=\"lazy\" decoding=\"async\" width=\"150\" height=\"150\" src=\"https:\/\/unisale.com.br\/pastoral\/wp-content\/uploads\/2024\/09\/888A1208-1024x683-1-150x150.jpg\" class=\"attachment-thumbnail size-thumbnail\" alt=\"\" \/><\/a>\n\t\t\t<\/dt><\/dl><br style=\"clear: both\" \/><dl class='gallery-item'>\n\t\t\t<dt class='gallery-icon landscape'>\n\t\t\t\t<a href='https:\/\/unisale.com.br\/pastoral\/missa-com-presenca-de-reitor-mor-dos-salesianos-emociona-fieis-de-toda-a-regiao\/888a1228-1024x683\/'><img loading=\"lazy\" decoding=\"async\" width=\"150\" height=\"150\" src=\"https:\/\/unisale.com.br\/pastoral\/wp-content\/uploads\/2024\/09\/888A1228-1024x683-1-150x150.jpg\" class=\"attachment-thumbnail size-thumbnail\" alt=\"\" \/><\/a>\n\t\t\t<\/dt><\/dl><dl class='gallery-item'>\n\t\t\t<dt class='gallery-icon landscape'>\n\t\t\t\t<a href='https:\/\/unisale.com.br\/pastoral\/missa-com-presenca-de-reitor-mor-dos-salesianos-emociona-fieis-de-toda-a-regiao\/888a1241-1024x683\/'><img loading=\"lazy\" decoding=\"async\" width=\"150\" height=\"150\" src=\"https:\/\/unisale.com.br\/pastoral\/wp-content\/uploads\/2024\/09\/888A1241-1024x683-1-150x150.jpg\" class=\"attachment-thumbnail size-thumbnail\" alt=\"\" \/><\/a>\n\t\t\t<\/dt><\/dl><dl class='gallery-item'>\n\t\t\t<dt class='gallery-icon landscape'>\n\t\t\t\t<a href='https:\/\/unisale.com.br\/pastoral\/missa-com-presenca-de-reitor-mor-dos-salesianos-emociona-fieis-de-toda-a-regiao\/888a1249-1024x683\/'><img loading=\"lazy\" decoding=\"async\" width=\"150\" height=\"150\" src=\"https:\/\/unisale.com.br\/pastoral\/wp-content\/uploads\/2024\/09\/888A1249-1024x683-1-150x150.jpg\" class=\"attachment-thumbnail size-thumbnail\" alt=\"\" \/><\/a>\n\t\t\t<\/dt><\/dl><br style=\"clear: both\" \/><dl class='gallery-item'>\n\t\t\t<dt class='gallery-icon landscape'>\n\t\t\t\t<a href='https:\/\/unisale.com.br\/pastoral\/missa-com-presenca-de-reitor-mor-dos-salesianos-emociona-fieis-de-toda-a-regiao\/888a1256-1024x683\/'><img loading=\"lazy\" decoding=\"async\" width=\"150\" height=\"150\" src=\"https:\/\/unisale.com.br\/pastoral\/wp-content\/uploads\/2024\/09\/888A1256-1024x683-1-150x150.jpg\" class=\"attachment-thumbnail size-thumbnail\" alt=\"\" \/><\/a>\n\t\t\t<\/dt><\/dl><dl class='gallery-item'>\n\t\t\t<dt class='gallery-icon landscape'>\n\t\t\t\t<a href='https:\/\/unisale.com.br\/pastoral\/missa-com-presenca-de-reitor-mor-dos-salesianos-emociona-fieis-de-toda-a-regiao\/888a1262-1024x683\/'><img loading=\"lazy\" decoding=\"async\" width=\"150\" height=\"150\" src=\"https:\/\/unisale.com.br\/pastoral\/wp-content\/uploads\/2024\/09\/888A1262-1024x683-1-150x150.jpg\" class=\"attachment-thumbnail size-thumbnail\" alt=\"\" \/><\/a>\n\t\t\t<\/dt><\/dl><dl class='gallery-item'>\n\t\t\t<dt class='gallery-icon landscape'>\n\t\t\t\t<a href='https:\/\/unisale.com.br\/pastoral\/missa-com-presenca-de-reitor-mor-dos-salesianos-emociona-fieis-de-toda-a-regiao\/888a1265-1024x683\/'><img loading=\"lazy\" decoding=\"async\" width=\"150\" height=\"150\" src=\"https:\/\/unisale.com.br\/pastoral\/wp-content\/uploads\/2024\/09\/888A1265-1024x683-1-150x150.jpg\" class=\"attachment-thumbnail size-thumbnail\" alt=\"\" \/><\/a>\n\t\t\t<\/dt><\/dl><br style=\"clear: both\" \/><dl class='gallery-item'>\n\t\t\t<dt class='gallery-icon landscape'>\n\t\t\t\t<a href='https:\/\/unisale.com.br\/pastoral\/missa-com-presenca-de-reitor-mor-dos-salesianos-emociona-fieis-de-toda-a-regiao\/888a1277-1024x683\/'><img loading=\"lazy\" decoding=\"async\" width=\"150\" height=\"150\" src=\"https:\/\/unisale.com.br\/pastoral\/wp-content\/uploads\/2024\/09\/888A1277-1024x683-1-150x150.jpg\" class=\"attachment-thumbnail size-thumbnail\" alt=\"\" \/><\/a>\n\t\t\t<\/dt><\/dl><dl class='gallery-item'>\n\t\t\t<dt class='gallery-icon landscape'>\n\t\t\t\t<a href='https:\/\/unisale.com.br\/pastoral\/missa-com-presenca-de-reitor-mor-dos-salesianos-emociona-fieis-de-toda-a-regiao\/888a1296-1024x683\/'><img loading=\"lazy\" decoding=\"async\" width=\"150\" height=\"150\" src=\"https:\/\/unisale.com.br\/pastoral\/wp-content\/uploads\/2024\/09\/888A1296-1024x683-1-150x150.jpg\" class=\"attachment-thumbnail size-thumbnail\" alt=\"\" \/><\/a>\n\t\t\t<\/dt><\/dl><dl class='gallery-item'>\n\t\t\t<dt class='gallery-icon landscape'>\n\t\t\t\t<a href='https:\/\/unisale.com.br\/pastoral\/missa-com-presenca-de-reitor-mor-dos-salesianos-emociona-fieis-de-toda-a-regiao\/888a1299-1024x683\/'><img loading=\"lazy\" decoding=\"async\" width=\"150\" height=\"150\" src=\"https:\/\/unisale.com.br\/pastoral\/wp-content\/uploads\/2024\/09\/888A1299-1024x683-1-150x150.jpg\" class=\"attachment-thumbnail size-thumbnail\" alt=\"\" \/><\/a>\n\t\t\t<\/dt><\/dl><br style=\"clear: both\" \/><dl class='gallery-item'>\n\t\t\t<dt class='gallery-icon landscape'>\n\t\t\t\t<a href='https:\/\/unisale.com.br\/pastoral\/missa-com-presenca-de-reitor-mor-dos-salesianos-emociona-fieis-de-toda-a-regiao\/888a1316-1024x683\/'><img loading=\"lazy\" decoding=\"async\" width=\"150\" height=\"150\" src=\"https:\/\/unisale.com.br\/pastoral\/wp-content\/uploads\/2024\/09\/888A1316-1024x683-1-150x150.jpg\" class=\"attachment-thumbnail size-thumbnail\" alt=\"\" \/><\/a>\n\t\t\t<\/dt><\/dl><dl class='gallery-item'>\n\t\t\t<dt class='gallery-icon landscape'>\n\t\t\t\t<a href='https:\/\/unisale.com.br\/pastoral\/missa-com-presenca-de-reitor-mor-dos-salesianos-emociona-fieis-de-toda-a-regiao\/888a1346-1024x683\/'><img loading=\"lazy\" decoding=\"async\" width=\"150\" height=\"150\" src=\"https:\/\/unisale.com.br\/pastoral\/wp-content\/uploads\/2024\/09\/888A1346-1024x683-1-150x150.jpg\" class=\"attachment-thumbnail size-thumbnail\" alt=\"\" \/><\/a>\n\t\t\t<\/dt><\/dl><dl class='gallery-item'>\n\t\t\t<dt class='gallery-icon landscape'>\n\t\t\t\t<a href='https:\/\/unisale.com.br\/pastoral\/missa-com-presenca-de-reitor-mor-dos-salesianos-emociona-fieis-de-toda-a-regiao\/888a1361-1024x683\/'><img loading=\"lazy\" decoding=\"async\" width=\"150\" height=\"150\" src=\"https:\/\/unisale.com.br\/pastoral\/wp-content\/uploads\/2024\/09\/888A1361-1024x683-1-150x150.jpg\" class=\"attachment-thumbnail size-thumbnail\" alt=\"\" \/><\/a>\n\t\t\t<\/dt><\/dl><br style=\"clear: both\" \/><dl class='gallery-item'>\n\t\t\t<dt class='gallery-icon landscape'>\n\t\t\t\t<a href='https:\/\/unisale.com.br\/pastoral\/missa-com-presenca-de-reitor-mor-dos-salesianos-emociona-fieis-de-toda-a-regiao\/888a1365-1024x683\/'><img loading=\"lazy\" decoding=\"async\" width=\"150\" height=\"150\" src=\"https:\/\/unisale.com.br\/pastoral\/wp-content\/uploads\/2024\/09\/888A1365-1024x683-1-150x150.jpg\" class=\"attachment-thumbnail size-thumbnail\" alt=\"\" \/><\/a>\n\t\t\t<\/dt><\/dl><dl class='gallery-item'>\n\t\t\t<dt class='gallery-icon landscape'>\n\t\t\t\t<a href='https:\/\/unisale.com.br\/pastoral\/missa-com-presenca-de-reitor-mor-dos-salesianos-emociona-fieis-de-toda-a-regiao\/888a1371-1024x683\/'><img loading=\"lazy\" decoding=\"async\" width=\"150\" height=\"150\" src=\"https:\/\/unisale.com.br\/pastoral\/wp-content\/uploads\/2024\/09\/888A1371-1024x683-1-150x150.jpg\" class=\"attachment-thumbnail size-thumbnail\" alt=\"\" \/><\/a>\n\t\t\t<\/dt><\/dl><dl class='gallery-item'>\n\t\t\t<dt class='gallery-icon landscape'>\n\t\t\t\t<a href='https:\/\/unisale.com.br\/pastoral\/missa-com-presenca-de-reitor-mor-dos-salesianos-emociona-fieis-de-toda-a-regiao\/888a1382-1024x683\/'><img loading=\"lazy\" decoding=\"async\" width=\"150\" height=\"150\" src=\"https:\/\/unisale.com.br\/pastoral\/wp-content\/uploads\/2024\/09\/888A1382-1024x683-1-150x150.jpg\" class=\"attachment-thumbnail size-thumbnail\" alt=\"\" \/><\/a>\n\t\t\t<\/dt><\/dl><br style=\"clear: both\" \/><dl class='gallery-item'>\n\t\t\t<dt class='gallery-icon landscape'>\n\t\t\t\t<a href='https:\/\/unisale.com.br\/pastoral\/missa-com-presenca-de-reitor-mor-dos-salesianos-emociona-fieis-de-toda-a-regiao\/888a1425-1024x683\/'><img loading=\"lazy\" decoding=\"async\" width=\"150\" height=\"150\" src=\"https:\/\/unisale.com.br\/pastoral\/wp-content\/uploads\/2024\/09\/888A1425-1024x683-1-150x150.jpg\" class=\"attachment-thumbnail size-thumbnail\" alt=\"\" \/><\/a>\n\t\t\t<\/dt><\/dl><dl class='gallery-item'>\n\t\t\t<dt class='gallery-icon landscape'>\n\t\t\t\t<a href='https:\/\/unisale.com.br\/pastoral\/missa-com-presenca-de-reitor-mor-dos-salesianos-emociona-fieis-de-toda-a-regiao\/888a1446-1024x683\/'><img loading=\"lazy\" decoding=\"async\" width=\"150\" height=\"150\" src=\"https:\/\/unisale.com.br\/pastoral\/wp-content\/uploads\/2024\/09\/888A1446-1024x683-1-150x150.jpg\" class=\"attachment-thumbnail size-thumbnail\" alt=\"\" \/><\/a>\n\t\t\t<\/dt><\/dl><dl class='gallery-item'>\n\t\t\t<dt class='gallery-icon landscape'>\n\t\t\t\t<a href='https:\/\/unisale.com.br\/pastoral\/missa-com-presenca-de-reitor-mor-dos-salesianos-emociona-fieis-de-toda-a-regiao\/888a1477-1024x683\/'><img loading=\"lazy\" decoding=\"async\" width=\"150\" height=\"150\" src=\"https:\/\/unisale.com.br\/pastoral\/wp-content\/uploads\/2024\/09\/888A1477-1024x683-1-150x150.jpg\" class=\"attachment-thumbnail size-thumbnail\" alt=\"\" \/><\/a>\n\t\t\t<\/dt><\/dl><br style=\"clear: both\" \/><dl class='gallery-item'>\n\t\t\t<dt class='gallery-icon landscape'>\n\t\t\t\t<a href='https:\/\/unisale.com.br\/pastoral\/missa-com-presenca-de-reitor-mor-dos-salesianos-emociona-fieis-de-toda-a-regiao\/888a1481-1024x683\/'><img loading=\"lazy\" decoding=\"async\" width=\"150\" height=\"150\" src=\"https:\/\/unisale.com.br\/pastoral\/wp-content\/uploads\/2024\/09\/888A1481-1024x683-1-150x150.jpg\" class=\"attachment-thumbnail size-thumbnail\" alt=\"\" \/><\/a>\n\t\t\t<\/dt><\/dl><dl class='gallery-item'>\n\t\t\t<dt class='gallery-icon landscape'>\n\t\t\t\t<a href='https:\/\/unisale.com.br\/pastoral\/missa-com-presenca-de-reitor-mor-dos-salesianos-emociona-fieis-de-toda-a-regiao\/888a1523-1024x683\/'><img loading=\"lazy\" decoding=\"async\" width=\"150\" height=\"150\" src=\"https:\/\/unisale.com.br\/pastoral\/wp-content\/uploads\/2024\/09\/888A1523-1024x683-1-150x150.jpg\" class=\"attachment-thumbnail size-thumbnail\" alt=\"\" \/><\/a>\n\t\t\t<\/dt><\/dl><dl class='gallery-item'>\n\t\t\t<dt class='gallery-icon landscape'>\n\t\t\t\t<a href='https:\/\/unisale.com.br\/pastoral\/missa-com-presenca-de-reitor-mor-dos-salesianos-emociona-fieis-de-toda-a-regiao\/888a1549-1024x683-1\/'><img loading=\"lazy\" decoding=\"async\" width=\"150\" height=\"150\" src=\"https:\/\/unisale.com.br\/pastoral\/wp-content\/uploads\/2024\/09\/888A1549-1024x683-1-150x150.jpg\" class=\"attachment-thumbnail size-thumbnail\" alt=\"\" \/><\/a>\n\t\t\t<\/dt><\/dl><br style=\"clear: both\" \/><dl class='gallery-item'>\n\t\t\t<dt class='gallery-icon landscape'>\n\t\t\t\t<a href='https:\/\/unisale.com.br\/pastoral\/missa-com-presenca-de-reitor-mor-dos-salesianos-emociona-fieis-de-toda-a-regiao\/888a1549-1024x683\/'><img loading=\"lazy\" decoding=\"async\" width=\"150\" height=\"150\" src=\"https:\/\/unisale.com.br\/pastoral\/wp-content\/uploads\/2024\/09\/888A1549-1024x683-2-150x150.jpg\" class=\"attachment-thumbnail size-thumbnail\" alt=\"\" \/><\/a>\n\t\t\t<\/dt><\/dl><dl class='gallery-item'>\n\t\t\t<dt class='gallery-icon landscape'>\n\t\t\t\t<a href='https:\/\/unisale.com.br\/pastoral\/missa-com-presenca-de-reitor-mor-dos-salesianos-emociona-fieis-de-toda-a-regiao\/888a1565-1024x683\/'><img loading=\"lazy\" decoding=\"async\" width=\"150\" height=\"150\" src=\"https:\/\/unisale.com.br\/pastoral\/wp-content\/uploads\/2024\/09\/888A1565-1024x683-1-150x150.jpg\" class=\"attachment-thumbnail size-thumbnail\" alt=\"\" \/><\/a>\n\t\t\t<\/dt><\/dl><dl class='gallery-item'>\n\t\t\t<dt class='gallery-icon landscape'>\n\t\t\t\t<a href='https:\/\/unisale.com.br\/pastoral\/missa-com-presenca-de-reitor-mor-dos-salesianos-emociona-fieis-de-toda-a-regiao\/888a1592-1024x683\/'><img loading=\"lazy\" decoding=\"async\" width=\"150\" height=\"150\" src=\"https:\/\/unisale.com.br\/pastoral\/wp-content\/uploads\/2024\/09\/888A1592-1024x683-1-150x150.jpg\" class=\"attachment-thumbnail size-thumbnail\" alt=\"\" \/><\/a>\n\t\t\t<\/dt><\/dl><br style=\"clear: both\" \/><dl class='gallery-item'>\n\t\t\t<dt class='gallery-icon landscape'>\n\t\t\t\t<a href='https:\/\/unisale.com.br\/pastoral\/missa-com-presenca-de-reitor-mor-dos-salesianos-emociona-fieis-de-toda-a-regiao\/888a1625-1024x683\/'><img loading=\"lazy\" decoding=\"async\" width=\"150\" height=\"150\" src=\"https:\/\/unisale.com.br\/pastoral\/wp-content\/uploads\/2024\/09\/888A1625-1024x683-1-150x150.jpg\" class=\"attachment-thumbnail size-thumbnail\" alt=\"\" \/><\/a>\n\t\t\t<\/dt><\/dl><dl class='gallery-item'>\n\t\t\t<dt class='gallery-icon landscape'>\n\t\t\t\t<a href='https:\/\/unisale.com.br\/pastoral\/missa-com-presenca-de-reitor-mor-dos-salesianos-emociona-fieis-de-toda-a-regiao\/888a1684-1024x683\/'><img loading=\"lazy\" decoding=\"async\" width=\"150\" height=\"150\" src=\"https:\/\/unisale.com.br\/pastoral\/wp-content\/uploads\/2024\/09\/888A1684-1024x683-1-150x150.jpg\" class=\"attachment-thumbnail size-thumbnail\" alt=\"\" \/><\/a>\n\t\t\t<\/dt><\/dl><dl class='gallery-item'>\n\t\t\t<dt class='gallery-icon landscape'>\n\t\t\t\t<a href='https:\/\/unisale.com.br\/pastoral\/missa-com-presenca-de-reitor-mor-dos-salesianos-emociona-fieis-de-toda-a-regiao\/888a1698-1024x683\/'><img loading=\"lazy\" decoding=\"async\" width=\"150\" height=\"150\" src=\"https:\/\/unisale.com.br\/pastoral\/wp-content\/uploads\/2024\/09\/888A1698-1024x683-1-150x150.jpg\" class=\"attachment-thumbnail size-thumbnail\" alt=\"\" \/><\/a>\n\t\t\t<\/dt><\/dl><br style=\"clear: both\" \/><dl class='gallery-item'>\n\t\t\t<dt class='gallery-icon portrait'>\n\t\t\t\t<a href='https:\/\/unisale.com.br\/pastoral\/missa-com-presenca-de-reitor-mor-dos-salesianos-emociona-fieis-de-toda-a-regiao\/whatsapp-image-2024-03-06-at-23-35-32-1-768x1024\/'><img loading=\"lazy\" decoding=\"async\" width=\"150\" height=\"150\" src=\"https:\/\/unisale.com.br\/pastoral\/wp-content\/uploads\/2024\/09\/WhatsApp-Image-2024-03-06-at-23.35.32-1-768x1024-1-150x150.jpeg\" class=\"attachment-thumbnail size-thumbnail\" alt=\"\" \/><\/a>\n\t\t\t<\/dt><\/dl>\n\t\t\t<br style='clear: both' \/>\n\t\t<\/div>\n\n","protected":false},"excerpt":{"rendered":"<p>Na oportunidade, o Cardeal deu a ben\u00e7\u00e3o ao vitral da Igreja Universit\u00e1ria \u201cNossa Senhora Auxiliadora\u201d Uma noite hist\u00f3rica e emocionante foi vivida, registrada e presenciada&#8230;<\/p>\n","protected":false},"author":1,"featured_media":10645,"comment_status":"closed","ping_status":"closed","sticky":false,"template":"","format":"standard","meta":{"_acf_changed":false,"footnotes":""},"categories":[3],"tags":[],"class_list":["post-10644","post","type-post","status-publish","format-standard","has-post-thumbnail","hentry","category-not"],"acf":[],"yoast_head":"<!-- This site is optimized with the Yoast SEO plugin v27.3 - https:\/\/yoast.com\/product\/yoast-seo-wordpress\/ -->\n<title>Missa com presen\u00e7a de Reitor-Mor dos Salesianos emociona fi\u00e9is de toda a regi\u00e3o - Pastoral Universit\u00e1ria UniSALESIANO<\/title>\n<meta name=\"robots\" content=\"index, follow, max-snippet:-1, max-image-preview:large, max-video-preview:-1\" \/>\n<link rel=\"canonical\" href=\"https:\/\/unisale.com.br\/novo\/missa-com-presenca-de-reitor-mor-dos-salesianos-emociona-fieis-de-toda-a-regiao\/\" \/>\n<meta property=\"og:locale\" content=\"pt_BR\" \/>\n<meta property=\"og:type\" content=\"article\" \/>\n<meta property=\"og:title\" content=\"Missa com presen\u00e7a de Reitor-Mor dos Salesianos emociona fi\u00e9is de toda a regi\u00e3o - Pastoral Universit\u00e1ria UniSALESIANO\" \/>\n<meta property=\"og:description\" content=\"Na oportunidade, o Cardeal deu a ben\u00e7\u00e3o ao vitral da Igreja Universit\u00e1ria \u201cNossa Senhora Auxiliadora\u201d Uma noite hist\u00f3rica e emocionante foi vivida, registrada e presenciada...\" \/>\n<meta property=\"og:url\" content=\"https:\/\/unisale.com.br\/novo\/missa-com-presenca-de-reitor-mor-dos-salesianos-emociona-fieis-de-toda-a-regiao\/\" \/>\n<meta property=\"og:site_name\" content=\"Pastoral Universit\u00e1ria UniSALESIANO\" \/>\n<meta property=\"article:published_time\" content=\"2024-09-09T18:39:29+00:00\" \/>\n<meta property=\"og:image\" content=\"https:\/\/unisale.com.br\/novo\/wp-content\/uploads\/2024\/09\/WhatsApp-Image-2024-03-07-at-12.02.05-768x576-1.jpeg\" \/>\n\t<meta property=\"og:image:width\" content=\"768\" \/>\n\t<meta property=\"og:image:height\" content=\"576\" \/>\n\t<meta property=\"og:image:type\" content=\"image\/jpeg\" \/>\n<meta name=\"author\" content=\"pastoral\" \/>\n<meta name=\"twitter:card\" content=\"summary_large_image\" \/>\n<meta name=\"twitter:label1\" content=\"Escrito por\" \/>\n\t<meta name=\"twitter:data1\" content=\"pastoral\" \/>\n\t<meta name=\"twitter:label2\" content=\"Est. tempo de leitura\" \/>\n\t<meta name=\"twitter:data2\" content=\"4 minutos\" \/>\n<script type=\"application\/ld+json\" class=\"yoast-schema-graph\">{\"@context\":\"https:\\\/\\\/schema.org\",\"@graph\":[{\"@type\":\"Article\",\"@id\":\"https:\\\/\\\/unisale.com.br\\\/novo\\\/missa-com-presenca-de-reitor-mor-dos-salesianos-emociona-fieis-de-toda-a-regiao\\\/#article\",\"isPartOf\":{\"@id\":\"https:\\\/\\\/unisale.com.br\\\/novo\\\/missa-com-presenca-de-reitor-mor-dos-salesianos-emociona-fieis-de-toda-a-regiao\\\/\"},\"author\":{\"name\":\"pastoral\",\"@id\":\"https:\\\/\\\/unisale.com.br\\\/pastoral\\\/#\\\/schema\\\/person\\\/a16ba711a0f7dec9cb6b44563144d5a3\"},\"headline\":\"Missa com presen\u00e7a de Reitor-Mor dos Salesianos emociona fi\u00e9is de toda a regi\u00e3o\",\"datePublished\":\"2024-09-09T18:39:29+00:00\",\"mainEntityOfPage\":{\"@id\":\"https:\\\/\\\/unisale.com.br\\\/novo\\\/missa-com-presenca-de-reitor-mor-dos-salesianos-emociona-fieis-de-toda-a-regiao\\\/\"},\"wordCount\":655,\"image\":{\"@id\":\"https:\\\/\\\/unisale.com.br\\\/novo\\\/missa-com-presenca-de-reitor-mor-dos-salesianos-emociona-fieis-de-toda-a-regiao\\\/#primaryimage\"},\"thumbnailUrl\":\"https:\\\/\\\/unisale.com.br\\\/pastoral\\\/wp-content\\\/uploads\\\/2024\\\/09\\\/WhatsApp-Image-2024-03-07-at-12.02.05-768x576-1.jpeg\",\"articleSection\":[\"Not\u00edcias\"],\"inLanguage\":\"pt-BR\"},{\"@type\":\"WebPage\",\"@id\":\"https:\\\/\\\/unisale.com.br\\\/novo\\\/missa-com-presenca-de-reitor-mor-dos-salesianos-emociona-fieis-de-toda-a-regiao\\\/\",\"url\":\"https:\\\/\\\/unisale.com.br\\\/novo\\\/missa-com-presenca-de-reitor-mor-dos-salesianos-emociona-fieis-de-toda-a-regiao\\\/\",\"name\":\"Missa com presen\u00e7a de Reitor-Mor dos Salesianos emociona fi\u00e9is de toda a regi\u00e3o - Pastoral Universit\u00e1ria UniSALESIANO\",\"isPartOf\":{\"@id\":\"https:\\\/\\\/unisale.com.br\\\/pastoral\\\/#website\"},\"primaryImageOfPage\":{\"@id\":\"https:\\\/\\\/unisale.com.br\\\/novo\\\/missa-com-presenca-de-reitor-mor-dos-salesianos-emociona-fieis-de-toda-a-regiao\\\/#primaryimage\"},\"image\":{\"@id\":\"https:\\\/\\\/unisale.com.br\\\/novo\\\/missa-com-presenca-de-reitor-mor-dos-salesianos-emociona-fieis-de-toda-a-regiao\\\/#primaryimage\"},\"thumbnailUrl\":\"https:\\\/\\\/unisale.com.br\\\/pastoral\\\/wp-content\\\/uploads\\\/2024\\\/09\\\/WhatsApp-Image-2024-03-07-at-12.02.05-768x576-1.jpeg\",\"datePublished\":\"2024-09-09T18:39:29+00:00\",\"author\":{\"@id\":\"https:\\\/\\\/unisale.com.br\\\/pastoral\\\/#\\\/schema\\\/person\\\/a16ba711a0f7dec9cb6b44563144d5a3\"},\"inLanguage\":\"pt-BR\",\"potentialAction\":[{\"@type\":\"ReadAction\",\"target\":[\"https:\\\/\\\/unisale.com.br\\\/novo\\\/missa-com-presenca-de-reitor-mor-dos-salesianos-emociona-fieis-de-toda-a-regiao\\\/\"]}]},{\"@type\":\"ImageObject\",\"inLanguage\":\"pt-BR\",\"@id\":\"https:\\\/\\\/unisale.com.br\\\/novo\\\/missa-com-presenca-de-reitor-mor-dos-salesianos-emociona-fieis-de-toda-a-regiao\\\/#primaryimage\",\"url\":\"https:\\\/\\\/unisale.com.br\\\/pastoral\\\/wp-content\\\/uploads\\\/2024\\\/09\\\/WhatsApp-Image-2024-03-07-at-12.02.05-768x576-1.jpeg\",\"contentUrl\":\"https:\\\/\\\/unisale.com.br\\\/pastoral\\\/wp-content\\\/uploads\\\/2024\\\/09\\\/WhatsApp-Image-2024-03-07-at-12.02.05-768x576-1.jpeg\",\"width\":667,\"height\":500},{\"@type\":\"WebSite\",\"@id\":\"https:\\\/\\\/unisale.com.br\\\/pastoral\\\/#website\",\"url\":\"https:\\\/\\\/unisale.com.br\\\/pastoral\\\/\",\"name\":\"Pastoral Universit\u00e1ria UniSALESIANO\",\"description\":\"Site da Pastoral Universit\u00e1ria do UniSALESIANO\",\"potentialAction\":[{\"@type\":\"SearchAction\",\"target\":{\"@type\":\"EntryPoint\",\"urlTemplate\":\"https:\\\/\\\/unisale.com.br\\\/pastoral\\\/?s={search_term_string}\"},\"query-input\":{\"@type\":\"PropertyValueSpecification\",\"valueRequired\":true,\"valueName\":\"search_term_string\"}}],\"inLanguage\":\"pt-BR\"},{\"@type\":\"Person\",\"@id\":\"https:\\\/\\\/unisale.com.br\\\/pastoral\\\/#\\\/schema\\\/person\\\/a16ba711a0f7dec9cb6b44563144d5a3\",\"name\":\"pastoral\",\"url\":\"https:\\\/\\\/unisale.com.br\\\/pastoral\\\/author\\\/pastoral\\\/\"}]}<\/script>\n<!-- \/ Yoast SEO plugin. -->","yoast_head_json":{"title":"Missa com presen\u00e7a de Reitor-Mor dos Salesianos emociona fi\u00e9is de toda a regi\u00e3o - Pastoral Universit\u00e1ria UniSALESIANO","robots":{"index":"index","follow":"follow","max-snippet":"max-snippet:-1","max-image-preview":"max-image-preview:large","max-video-preview":"max-video-preview:-1"},"canonical":"https:\/\/unisale.com.br\/novo\/missa-com-presenca-de-reitor-mor-dos-salesianos-emociona-fieis-de-toda-a-regiao\/","og_locale":"pt_BR","og_type":"article","og_title":"Missa com presen\u00e7a de Reitor-Mor dos Salesianos emociona fi\u00e9is de toda a regi\u00e3o - Pastoral Universit\u00e1ria UniSALESIANO","og_description":"Na oportunidade, o Cardeal deu a ben\u00e7\u00e3o ao vitral da Igreja Universit\u00e1ria \u201cNossa Senhora Auxiliadora\u201d Uma noite hist\u00f3rica e emocionante foi vivida, registrada e presenciada...","og_url":"https:\/\/unisale.com.br\/novo\/missa-com-presenca-de-reitor-mor-dos-salesianos-emociona-fieis-de-toda-a-regiao\/","og_site_name":"Pastoral Universit\u00e1ria UniSALESIANO","article_published_time":"2024-09-09T18:39:29+00:00","og_image":[{"width":768,"height":576,"url":"https:\/\/unisale.com.br\/novo\/wp-content\/uploads\/2024\/09\/WhatsApp-Image-2024-03-07-at-12.02.05-768x576-1.jpeg","type":"image\/jpeg"}],"author":"pastoral","twitter_card":"summary_large_image","twitter_misc":{"Escrito por":"pastoral","Est. tempo de leitura":"4 minutos"},"schema":{"@context":"https:\/\/schema.org","@graph":[{"@type":"Article","@id":"https:\/\/unisale.com.br\/novo\/missa-com-presenca-de-reitor-mor-dos-salesianos-emociona-fieis-de-toda-a-regiao\/#article","isPartOf":{"@id":"https:\/\/unisale.com.br\/novo\/missa-com-presenca-de-reitor-mor-dos-salesianos-emociona-fieis-de-toda-a-regiao\/"},"author":{"name":"pastoral","@id":"https:\/\/unisale.com.br\/pastoral\/#\/schema\/person\/a16ba711a0f7dec9cb6b44563144d5a3"},"headline":"Missa com presen\u00e7a de Reitor-Mor dos Salesianos emociona fi\u00e9is de toda a regi\u00e3o","datePublished":"2024-09-09T18:39:29+00:00","mainEntityOfPage":{"@id":"https:\/\/unisale.com.br\/novo\/missa-com-presenca-de-reitor-mor-dos-salesianos-emociona-fieis-de-toda-a-regiao\/"},"wordCount":655,"image":{"@id":"https:\/\/unisale.com.br\/novo\/missa-com-presenca-de-reitor-mor-dos-salesianos-emociona-fieis-de-toda-a-regiao\/#primaryimage"},"thumbnailUrl":"https:\/\/unisale.com.br\/pastoral\/wp-content\/uploads\/2024\/09\/WhatsApp-Image-2024-03-07-at-12.02.05-768x576-1.jpeg","articleSection":["Not\u00edcias"],"inLanguage":"pt-BR"},{"@type":"WebPage","@id":"https:\/\/unisale.com.br\/novo\/missa-com-presenca-de-reitor-mor-dos-salesianos-emociona-fieis-de-toda-a-regiao\/","url":"https:\/\/unisale.com.br\/novo\/missa-com-presenca-de-reitor-mor-dos-salesianos-emociona-fieis-de-toda-a-regiao\/","name":"Missa com presen\u00e7a de Reitor-Mor dos Salesianos emociona fi\u00e9is de toda a regi\u00e3o - Pastoral Universit\u00e1ria UniSALESIANO","isPartOf":{"@id":"https:\/\/unisale.com.br\/pastoral\/#website"},"primaryImageOfPage":{"@id":"https:\/\/unisale.com.br\/novo\/missa-com-presenca-de-reitor-mor-dos-salesianos-emociona-fieis-de-toda-a-regiao\/#primaryimage"},"image":{"@id":"https:\/\/unisale.com.br\/novo\/missa-com-presenca-de-reitor-mor-dos-salesianos-emociona-fieis-de-toda-a-regiao\/#primaryimage"},"thumbnailUrl":"https:\/\/unisale.com.br\/pastoral\/wp-content\/uploads\/2024\/09\/WhatsApp-Image-2024-03-07-at-12.02.05-768x576-1.jpeg","datePublished":"2024-09-09T18:39:29+00:00","author":{"@id":"https:\/\/unisale.com.br\/pastoral\/#\/schema\/person\/a16ba711a0f7dec9cb6b44563144d5a3"},"inLanguage":"pt-BR","potentialAction":[{"@type":"ReadAction","target":["https:\/\/unisale.com.br\/novo\/missa-com-presenca-de-reitor-mor-dos-salesianos-emociona-fieis-de-toda-a-regiao\/"]}]},{"@type":"ImageObject","inLanguage":"pt-BR","@id":"https:\/\/unisale.com.br\/novo\/missa-com-presenca-de-reitor-mor-dos-salesianos-emociona-fieis-de-toda-a-regiao\/#primaryimage","url":"https:\/\/unisale.com.br\/pastoral\/wp-content\/uploads\/2024\/09\/WhatsApp-Image-2024-03-07-at-12.02.05-768x576-1.jpeg","contentUrl":"https:\/\/unisale.com.br\/pastoral\/wp-content\/uploads\/2024\/09\/WhatsApp-Image-2024-03-07-at-12.02.05-768x576-1.jpeg","width":667,"height":500},{"@type":"WebSite","@id":"https:\/\/unisale.com.br\/pastoral\/#website","url":"https:\/\/unisale.com.br\/pastoral\/","name":"Pastoral Universit\u00e1ria UniSALESIANO","description":"Site da Pastoral Universit\u00e1ria do UniSALESIANO","potentialAction":[{"@type":"SearchAction","target":{"@type":"EntryPoint","urlTemplate":"https:\/\/unisale.com.br\/pastoral\/?s={search_term_string}"},"query-input":{"@type":"PropertyValueSpecification","valueRequired":true,"valueName":"search_term_string"}}],"inLanguage":"pt-BR"},{"@type":"Person","@id":"https:\/\/unisale.com.br\/pastoral\/#\/schema\/person\/a16ba711a0f7dec9cb6b44563144d5a3","name":"pastoral","url":"https:\/\/unisale.com.br\/pastoral\/author\/pastoral\/"}]}},"_links":{"self":[{"href":"https:\/\/unisale.com.br\/pastoral\/wp-json\/wp\/v2\/posts\/10644","targetHints":{"allow":["GET"]}}],"collection":[{"href":"https:\/\/unisale.com.br\/pastoral\/wp-json\/wp\/v2\/posts"}],"about":[{"href":"https:\/\/unisale.com.br\/pastoral\/wp-json\/wp\/v2\/types\/post"}],"author":[{"embeddable":true,"href":"https:\/\/unisale.com.br\/pastoral\/wp-json\/wp\/v2\/users\/1"}],"replies":[{"embeddable":true,"href":"https:\/\/unisale.com.br\/pastoral\/wp-json\/wp\/v2\/comments?post=10644"}],"version-history":[{"count":2,"href":"https:\/\/unisale.com.br\/pastoral\/wp-json\/wp\/v2\/posts\/10644\/revisions"}],"predecessor-version":[{"id":10700,"href":"https:\/\/unisale.com.br\/pastoral\/wp-json\/wp\/v2\/posts\/10644\/revisions\/10700"}],"wp:featuredmedia":[{"embeddable":true,"href":"https:\/\/unisale.com.br\/pastoral\/wp-json\/wp\/v2\/media\/10645"}],"wp:attachment":[{"href":"https:\/\/unisale.com.br\/pastoral\/wp-json\/wp\/v2\/media?parent=10644"}],"wp:term":[{"taxonomy":"category","embeddable":true,"href":"https:\/\/unisale.com.br\/pastoral\/wp-json\/wp\/v2\/categories?post=10644"},{"taxonomy":"post_tag","embeddable":true,"href":"https:\/\/unisale.com.br\/pastoral\/wp-json\/wp\/v2\/tags?post=10644"}],"curies":[{"name":"wp","href":"https:\/\/api.w.org\/{rel}","templated":true}]}}