{"id":10789,"date":"2024-09-09T19:07:33","date_gmt":"2024-09-09T19:07:33","guid":{"rendered":"https:\/\/unisale.com.br\/pastoral\/?p=10789"},"modified":"2024-09-09T19:07:33","modified_gmt":"2024-09-09T19:07:33","slug":"missas-universitarias-no-unisalesiano-celebram-a-pascoa-e-a-festa-da-anunciacao","status":"publish","type":"post","link":"https:\/\/unisale.com.br\/pastoral\/missas-universitarias-no-unisalesiano-celebram-a-pascoa-e-a-festa-da-anunciacao\/","title":{"rendered":"Missas Universit\u00e1rias no UniSALESIANO celebram a P\u00e1scoa e a Festa da Anuncia\u00e7\u00e3o"},"content":{"rendered":"<h3>As celebra\u00e7\u00f5es aconteceram na manh\u00e3 do dia 8 e na noite do dia 9 de abril<\/h3>\n<p>A comunidade acad\u00eamica do\u00a0<strong>UniSALESIANO<\/strong>\u00a0vivenciou dois momentos importantes, na noite do dia 8 e na manh\u00e3 do dia 9 de abril: as missas que celebraram a\u00a0<strong>P\u00e1scoa<\/strong>, coincidindo com a\u00a0<strong>\u201cFesta da Anuncia\u00e7\u00e3o\u201d<\/strong>.<\/p>\n<p>O\u00a0<strong>Reitor do UniSALESIANO, Pe. Paulo Vendrame, SDB<\/strong>, conduziu a celebra\u00e7\u00e3o, ao lado do\u00a0<strong>Pr\u00f3-Reitor de Pastoral, Pe. Paulo J\u00e1como, SDB<\/strong>. No in\u00edcio das missas, Pe. Paulo J\u00e1como destacou a import\u00e2ncia desses momentos de comunh\u00e3o e espiritualidade, que oferecem uma oportunidade para cada pessoa se tornar um elemento evangelizador.<\/p>\n<p>\u201cH\u00e1 uma necessidade de internalizar a palavra de Deus para gui\u00e1-los em suas vidas di\u00e1rias, para tornarem-se pessoas boas e preparadas para o nascimento de Jesus, daqui a nove meses\u201d, explicou Pe. Paulo J\u00e1como, referindo-se ao tema da missa, que \u00e9 a Festa da Anuncia\u00e7\u00e3o do Anjo Gabriel a Maria.<\/p>\n<p><strong>VOCA\u00c7\u00c3O<\/strong><\/p>\n<p>Por sua vez, Pe. Paulo Vendrame dirigiu-se aos presentes, recordando-lhes o sim de Maria ao anjo, que resultou no nascimento de Jesus. Ele comparou essa disposi\u00e7\u00e3o de aceitar o projeto de Deus com as escolhas pessoais dos estudantes em sua jornada universit\u00e1ria. \u201cExiste a voca\u00e7\u00e3o crist\u00e3 personalizada, em que Deus chama cada um para realizar um grande prop\u00f3sito em suas vidas, assim como chamou Maria e Jos\u00e9\u201d, disse.<\/p>\n<p>Ambos refor\u00e7aram a necessidade de integrar a f\u00e9 com a educa\u00e7\u00e3o, ressaltando o papel da institui\u00e7\u00e3o universit\u00e1ria em formar profissionais excelentes e prepar\u00e1-los para fazer a diferen\u00e7a no mercado de trabalho, com um olhar fundamentado na f\u00e9.<\/p>\n<p>&nbsp;<\/p>\n\n\t\t<style type=\"text\/css\">\n\t\t\t#gallery-1 {\n\t\t\t\tmargin: auto;\n\t\t\t}\n\t\t\t#gallery-1 .gallery-item {\n\t\t\t\tfloat: left;\n\t\t\t\tmargin-top: 10px;\n\t\t\t\ttext-align: center;\n\t\t\t\twidth: 33%;\n\t\t\t}\n\t\t\t#gallery-1 img {\n\t\t\t\tborder: 2px solid #cfcfcf;\n\t\t\t}\n\t\t\t#gallery-1 .gallery-caption {\n\t\t\t\tmargin-left: 0;\n\t\t\t}\n\t\t\t\/* see gallery_shortcode() in wp-includes\/media.php *\/\n\t\t<\/style>\n\t\t<div id='gallery-1' class='gallery galleryid-10789 gallery-columns-3 gallery-size-thumbnail'><dl class='gallery-item'>\n\t\t\t<dt class='gallery-icon landscape'>\n\t\t\t\t<a href='https:\/\/unisale.com.br\/pastoral\/missas-universitarias-no-unisalesiano-celebram-a-pascoa-e-a-festa-da-anunciacao\/img_0561-1024x683\/'><img decoding=\"async\" width=\"150\" height=\"150\" src=\"https:\/\/unisale.com.br\/pastoral\/wp-content\/uploads\/2024\/09\/IMG_0561-1024x683-1-150x150.jpg\" class=\"attachment-thumbnail size-thumbnail\" alt=\"\" \/><\/a>\n\t\t\t<\/dt><\/dl><dl class='gallery-item'>\n\t\t\t<dt class='gallery-icon landscape'>\n\t\t\t\t<a href='https:\/\/unisale.com.br\/pastoral\/missas-universitarias-no-unisalesiano-celebram-a-pascoa-e-a-festa-da-anunciacao\/img_0531-1024x683\/'><img decoding=\"async\" width=\"150\" height=\"150\" src=\"https:\/\/unisale.com.br\/pastoral\/wp-content\/uploads\/2024\/09\/IMG_0531-1024x683-1-150x150.jpg\" class=\"attachment-thumbnail size-thumbnail\" alt=\"\" \/><\/a>\n\t\t\t<\/dt><\/dl><dl class='gallery-item'>\n\t\t\t<dt class='gallery-icon landscape'>\n\t\t\t\t<a href='https:\/\/unisale.com.br\/pastoral\/missas-universitarias-no-unisalesiano-celebram-a-pascoa-e-a-festa-da-anunciacao\/img_0397-1024x683\/'><img decoding=\"async\" width=\"150\" height=\"150\" src=\"https:\/\/unisale.com.br\/pastoral\/wp-content\/uploads\/2024\/09\/IMG_0397-1024x683-1-150x150.jpg\" class=\"attachment-thumbnail size-thumbnail\" alt=\"\" \/><\/a>\n\t\t\t<\/dt><\/dl><br style=\"clear: both\" \/><dl class='gallery-item'>\n\t\t\t<dt class='gallery-icon landscape'>\n\t\t\t\t<a href='https:\/\/unisale.com.br\/pastoral\/missas-universitarias-no-unisalesiano-celebram-a-pascoa-e-a-festa-da-anunciacao\/img_0381-1024x683\/'><img loading=\"lazy\" decoding=\"async\" width=\"150\" height=\"150\" src=\"https:\/\/unisale.com.br\/pastoral\/wp-content\/uploads\/2024\/09\/IMG_0381-1024x683-1-150x150.jpg\" class=\"attachment-thumbnail size-thumbnail\" alt=\"\" \/><\/a>\n\t\t\t<\/dt><\/dl><dl class='gallery-item'>\n\t\t\t<dt class='gallery-icon landscape'>\n\t\t\t\t<a href='https:\/\/unisale.com.br\/pastoral\/missas-universitarias-no-unisalesiano-celebram-a-pascoa-e-a-festa-da-anunciacao\/img_0365-1024x683\/'><img loading=\"lazy\" decoding=\"async\" width=\"150\" height=\"150\" src=\"https:\/\/unisale.com.br\/pastoral\/wp-content\/uploads\/2024\/09\/IMG_0365-1024x683-1-150x150.jpg\" class=\"attachment-thumbnail size-thumbnail\" alt=\"\" \/><\/a>\n\t\t\t<\/dt><\/dl><dl class='gallery-item'>\n\t\t\t<dt class='gallery-icon landscape'>\n\t\t\t\t<a href='https:\/\/unisale.com.br\/pastoral\/missas-universitarias-no-unisalesiano-celebram-a-pascoa-e-a-festa-da-anunciacao\/img_0333-1024x683\/'><img loading=\"lazy\" decoding=\"async\" width=\"150\" height=\"150\" src=\"https:\/\/unisale.com.br\/pastoral\/wp-content\/uploads\/2024\/09\/IMG_0333-1024x683-1-150x150.jpg\" class=\"attachment-thumbnail size-thumbnail\" alt=\"\" \/><\/a>\n\t\t\t<\/dt><\/dl><br style=\"clear: both\" \/><dl class='gallery-item'>\n\t\t\t<dt class='gallery-icon landscape'>\n\t\t\t\t<a href='https:\/\/unisale.com.br\/pastoral\/missas-universitarias-no-unisalesiano-celebram-a-pascoa-e-a-festa-da-anunciacao\/784a9391-1024x683\/'><img loading=\"lazy\" decoding=\"async\" width=\"150\" height=\"150\" src=\"https:\/\/unisale.com.br\/pastoral\/wp-content\/uploads\/2024\/09\/784A9391-1024x683-1-150x150.jpg\" class=\"attachment-thumbnail size-thumbnail\" alt=\"\" \/><\/a>\n\t\t\t<\/dt><\/dl><dl class='gallery-item'>\n\t\t\t<dt class='gallery-icon landscape'>\n\t\t\t\t<a href='https:\/\/unisale.com.br\/pastoral\/missas-universitarias-no-unisalesiano-celebram-a-pascoa-e-a-festa-da-anunciacao\/784a9320-1024x683\/'><img loading=\"lazy\" decoding=\"async\" width=\"150\" height=\"150\" src=\"https:\/\/unisale.com.br\/pastoral\/wp-content\/uploads\/2024\/09\/784A9320-1024x683-1-150x150.jpg\" class=\"attachment-thumbnail size-thumbnail\" alt=\"\" \/><\/a>\n\t\t\t<\/dt><\/dl><dl class='gallery-item'>\n\t\t\t<dt class='gallery-icon landscape'>\n\t\t\t\t<a href='https:\/\/unisale.com.br\/pastoral\/missas-universitarias-no-unisalesiano-celebram-a-pascoa-e-a-festa-da-anunciacao\/784a9235-1024x683\/'><img loading=\"lazy\" decoding=\"async\" width=\"150\" height=\"150\" src=\"https:\/\/unisale.com.br\/pastoral\/wp-content\/uploads\/2024\/09\/784A9235-1024x683-1-150x150.jpg\" class=\"attachment-thumbnail size-thumbnail\" alt=\"\" \/><\/a>\n\t\t\t<\/dt><\/dl><br style=\"clear: both\" \/><dl class='gallery-item'>\n\t\t\t<dt class='gallery-icon landscape'>\n\t\t\t\t<a href='https:\/\/unisale.com.br\/pastoral\/missas-universitarias-no-unisalesiano-celebram-a-pascoa-e-a-festa-da-anunciacao\/784a9216-1024x683\/'><img loading=\"lazy\" decoding=\"async\" width=\"150\" height=\"150\" src=\"https:\/\/unisale.com.br\/pastoral\/wp-content\/uploads\/2024\/09\/784A9216-1024x683-1-150x150.jpg\" class=\"attachment-thumbnail size-thumbnail\" alt=\"\" \/><\/a>\n\t\t\t<\/dt><\/dl><dl class='gallery-item'>\n\t\t\t<dt class='gallery-icon landscape'>\n\t\t\t\t<a href='https:\/\/unisale.com.br\/pastoral\/missas-universitarias-no-unisalesiano-celebram-a-pascoa-e-a-festa-da-anunciacao\/784a9179-1024x683\/'><img loading=\"lazy\" decoding=\"async\" width=\"150\" height=\"150\" src=\"https:\/\/unisale.com.br\/pastoral\/wp-content\/uploads\/2024\/09\/784A9179-1024x683-1-150x150.jpg\" class=\"attachment-thumbnail size-thumbnail\" alt=\"\" \/><\/a>\n\t\t\t<\/dt><\/dl><dl class='gallery-item'>\n\t\t\t<dt class='gallery-icon landscape'>\n\t\t\t\t<a href='https:\/\/unisale.com.br\/pastoral\/missas-universitarias-no-unisalesiano-celebram-a-pascoa-e-a-festa-da-anunciacao\/784a9173-1024x683\/'><img loading=\"lazy\" decoding=\"async\" width=\"150\" height=\"150\" src=\"https:\/\/unisale.com.br\/pastoral\/wp-content\/uploads\/2024\/09\/784A9173-1024x683-1-150x150.jpg\" class=\"attachment-thumbnail size-thumbnail\" alt=\"\" \/><\/a>\n\t\t\t<\/dt><\/dl><br style=\"clear: both\" \/>\n\t\t<\/div>\n\n","protected":false},"excerpt":{"rendered":"<p>As celebra\u00e7\u00f5es aconteceram na manh\u00e3 do dia 8 e na noite do dia 9 de abril A comunidade acad\u00eamica do\u00a0UniSALESIANO\u00a0vivenciou dois momentos importantes, na noite&#8230;<\/p>\n","protected":false},"author":1,"featured_media":10792,"comment_status":"closed","ping_status":"closed","sticky":false,"template":"","format":"standard","meta":{"_acf_changed":false,"footnotes":""},"categories":[3],"tags":[],"class_list":["post-10789","post","type-post","status-publish","format-standard","has-post-thumbnail","hentry","category-not"],"acf":[],"yoast_head":"<!-- This site is optimized with the Yoast SEO plugin v27.3 - https:\/\/yoast.com\/product\/yoast-seo-wordpress\/ -->\n<title>Missas Universit\u00e1rias no UniSALESIANO celebram a P\u00e1scoa e a Festa da Anuncia\u00e7\u00e3o - Pastoral Universit\u00e1ria UniSALESIANO<\/title>\n<meta name=\"robots\" content=\"index, follow, max-snippet:-1, max-image-preview:large, max-video-preview:-1\" \/>\n<link rel=\"canonical\" href=\"https:\/\/unisale.com.br\/novo\/missas-universitarias-no-unisalesiano-celebram-a-pascoa-e-a-festa-da-anunciacao\/\" \/>\n<meta property=\"og:locale\" content=\"pt_BR\" \/>\n<meta property=\"og:type\" content=\"article\" \/>\n<meta property=\"og:title\" content=\"Missas Universit\u00e1rias no UniSALESIANO celebram a P\u00e1scoa e a Festa da Anuncia\u00e7\u00e3o - Pastoral Universit\u00e1ria UniSALESIANO\" \/>\n<meta property=\"og:description\" content=\"As celebra\u00e7\u00f5es aconteceram na manh\u00e3 do dia 8 e na noite do dia 9 de abril A comunidade acad\u00eamica do\u00a0UniSALESIANO\u00a0vivenciou dois momentos importantes, na noite...\" \/>\n<meta property=\"og:url\" content=\"https:\/\/unisale.com.br\/novo\/missas-universitarias-no-unisalesiano-celebram-a-pascoa-e-a-festa-da-anunciacao\/\" \/>\n<meta property=\"og:site_name\" content=\"Pastoral Universit\u00e1ria UniSALESIANO\" \/>\n<meta property=\"article:published_time\" content=\"2024-09-09T19:07:33+00:00\" \/>\n<meta property=\"og:image\" content=\"https:\/\/unisale.com.br\/novo\/wp-content\/uploads\/2024\/09\/784A9187-768x512-1.jpg\" \/>\n\t<meta property=\"og:image:width\" content=\"768\" \/>\n\t<meta property=\"og:image:height\" content=\"512\" \/>\n\t<meta property=\"og:image:type\" content=\"image\/jpeg\" \/>\n<meta name=\"author\" content=\"pastoral\" \/>\n<meta name=\"twitter:card\" content=\"summary_large_image\" \/>\n<meta name=\"twitter:label1\" content=\"Escrito por\" \/>\n\t<meta name=\"twitter:data1\" content=\"pastoral\" \/>\n\t<meta name=\"twitter:label2\" content=\"Est. tempo de leitura\" \/>\n\t<meta name=\"twitter:data2\" content=\"2 minutos\" \/>\n<script type=\"application\/ld+json\" class=\"yoast-schema-graph\">{\"@context\":\"https:\\\/\\\/schema.org\",\"@graph\":[{\"@type\":\"Article\",\"@id\":\"https:\\\/\\\/unisale.com.br\\\/novo\\\/missas-universitarias-no-unisalesiano-celebram-a-pascoa-e-a-festa-da-anunciacao\\\/#article\",\"isPartOf\":{\"@id\":\"https:\\\/\\\/unisale.com.br\\\/novo\\\/missas-universitarias-no-unisalesiano-celebram-a-pascoa-e-a-festa-da-anunciacao\\\/\"},\"author\":{\"name\":\"pastoral\",\"@id\":\"https:\\\/\\\/unisale.com.br\\\/pastoral\\\/#\\\/schema\\\/person\\\/a16ba711a0f7dec9cb6b44563144d5a3\"},\"headline\":\"Missas Universit\u00e1rias no UniSALESIANO celebram a P\u00e1scoa e a Festa da Anuncia\u00e7\u00e3o\",\"datePublished\":\"2024-09-09T19:07:33+00:00\",\"mainEntityOfPage\":{\"@id\":\"https:\\\/\\\/unisale.com.br\\\/novo\\\/missas-universitarias-no-unisalesiano-celebram-a-pascoa-e-a-festa-da-anunciacao\\\/\"},\"wordCount\":294,\"image\":{\"@id\":\"https:\\\/\\\/unisale.com.br\\\/novo\\\/missas-universitarias-no-unisalesiano-celebram-a-pascoa-e-a-festa-da-anunciacao\\\/#primaryimage\"},\"thumbnailUrl\":\"https:\\\/\\\/unisale.com.br\\\/pastoral\\\/wp-content\\\/uploads\\\/2024\\\/09\\\/784A9187-768x512-1.jpg\",\"articleSection\":[\"Not\u00edcias\"],\"inLanguage\":\"pt-BR\"},{\"@type\":\"WebPage\",\"@id\":\"https:\\\/\\\/unisale.com.br\\\/novo\\\/missas-universitarias-no-unisalesiano-celebram-a-pascoa-e-a-festa-da-anunciacao\\\/\",\"url\":\"https:\\\/\\\/unisale.com.br\\\/novo\\\/missas-universitarias-no-unisalesiano-celebram-a-pascoa-e-a-festa-da-anunciacao\\\/\",\"name\":\"Missas Universit\u00e1rias no UniSALESIANO celebram a P\u00e1scoa e a Festa da Anuncia\u00e7\u00e3o - Pastoral Universit\u00e1ria UniSALESIANO\",\"isPartOf\":{\"@id\":\"https:\\\/\\\/unisale.com.br\\\/pastoral\\\/#website\"},\"primaryImageOfPage\":{\"@id\":\"https:\\\/\\\/unisale.com.br\\\/novo\\\/missas-universitarias-no-unisalesiano-celebram-a-pascoa-e-a-festa-da-anunciacao\\\/#primaryimage\"},\"image\":{\"@id\":\"https:\\\/\\\/unisale.com.br\\\/novo\\\/missas-universitarias-no-unisalesiano-celebram-a-pascoa-e-a-festa-da-anunciacao\\\/#primaryimage\"},\"thumbnailUrl\":\"https:\\\/\\\/unisale.com.br\\\/pastoral\\\/wp-content\\\/uploads\\\/2024\\\/09\\\/784A9187-768x512-1.jpg\",\"datePublished\":\"2024-09-09T19:07:33+00:00\",\"author\":{\"@id\":\"https:\\\/\\\/unisale.com.br\\\/pastoral\\\/#\\\/schema\\\/person\\\/a16ba711a0f7dec9cb6b44563144d5a3\"},\"inLanguage\":\"pt-BR\",\"potentialAction\":[{\"@type\":\"ReadAction\",\"target\":[\"https:\\\/\\\/unisale.com.br\\\/novo\\\/missas-universitarias-no-unisalesiano-celebram-a-pascoa-e-a-festa-da-anunciacao\\\/\"]}]},{\"@type\":\"ImageObject\",\"inLanguage\":\"pt-BR\",\"@id\":\"https:\\\/\\\/unisale.com.br\\\/novo\\\/missas-universitarias-no-unisalesiano-celebram-a-pascoa-e-a-festa-da-anunciacao\\\/#primaryimage\",\"url\":\"https:\\\/\\\/unisale.com.br\\\/pastoral\\\/wp-content\\\/uploads\\\/2024\\\/09\\\/784A9187-768x512-1.jpg\",\"contentUrl\":\"https:\\\/\\\/unisale.com.br\\\/pastoral\\\/wp-content\\\/uploads\\\/2024\\\/09\\\/784A9187-768x512-1.jpg\",\"width\":750,\"height\":500},{\"@type\":\"WebSite\",\"@id\":\"https:\\\/\\\/unisale.com.br\\\/pastoral\\\/#website\",\"url\":\"https:\\\/\\\/unisale.com.br\\\/pastoral\\\/\",\"name\":\"Pastoral Universit\u00e1ria UniSALESIANO\",\"description\":\"Site da Pastoral Universit\u00e1ria do UniSALESIANO\",\"potentialAction\":[{\"@type\":\"SearchAction\",\"target\":{\"@type\":\"EntryPoint\",\"urlTemplate\":\"https:\\\/\\\/unisale.com.br\\\/pastoral\\\/?s={search_term_string}\"},\"query-input\":{\"@type\":\"PropertyValueSpecification\",\"valueRequired\":true,\"valueName\":\"search_term_string\"}}],\"inLanguage\":\"pt-BR\"},{\"@type\":\"Person\",\"@id\":\"https:\\\/\\\/unisale.com.br\\\/pastoral\\\/#\\\/schema\\\/person\\\/a16ba711a0f7dec9cb6b44563144d5a3\",\"name\":\"pastoral\",\"url\":\"https:\\\/\\\/unisale.com.br\\\/pastoral\\\/author\\\/pastoral\\\/\"}]}<\/script>\n<!-- \/ Yoast SEO plugin. -->","yoast_head_json":{"title":"Missas Universit\u00e1rias no UniSALESIANO celebram a P\u00e1scoa e a Festa da Anuncia\u00e7\u00e3o - Pastoral Universit\u00e1ria UniSALESIANO","robots":{"index":"index","follow":"follow","max-snippet":"max-snippet:-1","max-image-preview":"max-image-preview:large","max-video-preview":"max-video-preview:-1"},"canonical":"https:\/\/unisale.com.br\/novo\/missas-universitarias-no-unisalesiano-celebram-a-pascoa-e-a-festa-da-anunciacao\/","og_locale":"pt_BR","og_type":"article","og_title":"Missas Universit\u00e1rias no UniSALESIANO celebram a P\u00e1scoa e a Festa da Anuncia\u00e7\u00e3o - Pastoral Universit\u00e1ria UniSALESIANO","og_description":"As celebra\u00e7\u00f5es aconteceram na manh\u00e3 do dia 8 e na noite do dia 9 de abril A comunidade acad\u00eamica do\u00a0UniSALESIANO\u00a0vivenciou dois momentos importantes, na noite...","og_url":"https:\/\/unisale.com.br\/novo\/missas-universitarias-no-unisalesiano-celebram-a-pascoa-e-a-festa-da-anunciacao\/","og_site_name":"Pastoral Universit\u00e1ria UniSALESIANO","article_published_time":"2024-09-09T19:07:33+00:00","og_image":[{"width":768,"height":512,"url":"https:\/\/unisale.com.br\/novo\/wp-content\/uploads\/2024\/09\/784A9187-768x512-1.jpg","type":"image\/jpeg"}],"author":"pastoral","twitter_card":"summary_large_image","twitter_misc":{"Escrito por":"pastoral","Est. tempo de leitura":"2 minutos"},"schema":{"@context":"https:\/\/schema.org","@graph":[{"@type":"Article","@id":"https:\/\/unisale.com.br\/novo\/missas-universitarias-no-unisalesiano-celebram-a-pascoa-e-a-festa-da-anunciacao\/#article","isPartOf":{"@id":"https:\/\/unisale.com.br\/novo\/missas-universitarias-no-unisalesiano-celebram-a-pascoa-e-a-festa-da-anunciacao\/"},"author":{"name":"pastoral","@id":"https:\/\/unisale.com.br\/pastoral\/#\/schema\/person\/a16ba711a0f7dec9cb6b44563144d5a3"},"headline":"Missas Universit\u00e1rias no UniSALESIANO celebram a P\u00e1scoa e a Festa da Anuncia\u00e7\u00e3o","datePublished":"2024-09-09T19:07:33+00:00","mainEntityOfPage":{"@id":"https:\/\/unisale.com.br\/novo\/missas-universitarias-no-unisalesiano-celebram-a-pascoa-e-a-festa-da-anunciacao\/"},"wordCount":294,"image":{"@id":"https:\/\/unisale.com.br\/novo\/missas-universitarias-no-unisalesiano-celebram-a-pascoa-e-a-festa-da-anunciacao\/#primaryimage"},"thumbnailUrl":"https:\/\/unisale.com.br\/pastoral\/wp-content\/uploads\/2024\/09\/784A9187-768x512-1.jpg","articleSection":["Not\u00edcias"],"inLanguage":"pt-BR"},{"@type":"WebPage","@id":"https:\/\/unisale.com.br\/novo\/missas-universitarias-no-unisalesiano-celebram-a-pascoa-e-a-festa-da-anunciacao\/","url":"https:\/\/unisale.com.br\/novo\/missas-universitarias-no-unisalesiano-celebram-a-pascoa-e-a-festa-da-anunciacao\/","name":"Missas Universit\u00e1rias no UniSALESIANO celebram a P\u00e1scoa e a Festa da Anuncia\u00e7\u00e3o - Pastoral Universit\u00e1ria UniSALESIANO","isPartOf":{"@id":"https:\/\/unisale.com.br\/pastoral\/#website"},"primaryImageOfPage":{"@id":"https:\/\/unisale.com.br\/novo\/missas-universitarias-no-unisalesiano-celebram-a-pascoa-e-a-festa-da-anunciacao\/#primaryimage"},"image":{"@id":"https:\/\/unisale.com.br\/novo\/missas-universitarias-no-unisalesiano-celebram-a-pascoa-e-a-festa-da-anunciacao\/#primaryimage"},"thumbnailUrl":"https:\/\/unisale.com.br\/pastoral\/wp-content\/uploads\/2024\/09\/784A9187-768x512-1.jpg","datePublished":"2024-09-09T19:07:33+00:00","author":{"@id":"https:\/\/unisale.com.br\/pastoral\/#\/schema\/person\/a16ba711a0f7dec9cb6b44563144d5a3"},"inLanguage":"pt-BR","potentialAction":[{"@type":"ReadAction","target":["https:\/\/unisale.com.br\/novo\/missas-universitarias-no-unisalesiano-celebram-a-pascoa-e-a-festa-da-anunciacao\/"]}]},{"@type":"ImageObject","inLanguage":"pt-BR","@id":"https:\/\/unisale.com.br\/novo\/missas-universitarias-no-unisalesiano-celebram-a-pascoa-e-a-festa-da-anunciacao\/#primaryimage","url":"https:\/\/unisale.com.br\/pastoral\/wp-content\/uploads\/2024\/09\/784A9187-768x512-1.jpg","contentUrl":"https:\/\/unisale.com.br\/pastoral\/wp-content\/uploads\/2024\/09\/784A9187-768x512-1.jpg","width":750,"height":500},{"@type":"WebSite","@id":"https:\/\/unisale.com.br\/pastoral\/#website","url":"https:\/\/unisale.com.br\/pastoral\/","name":"Pastoral Universit\u00e1ria UniSALESIANO","description":"Site da Pastoral Universit\u00e1ria do UniSALESIANO","potentialAction":[{"@type":"SearchAction","target":{"@type":"EntryPoint","urlTemplate":"https:\/\/unisale.com.br\/pastoral\/?s={search_term_string}"},"query-input":{"@type":"PropertyValueSpecification","valueRequired":true,"valueName":"search_term_string"}}],"inLanguage":"pt-BR"},{"@type":"Person","@id":"https:\/\/unisale.com.br\/pastoral\/#\/schema\/person\/a16ba711a0f7dec9cb6b44563144d5a3","name":"pastoral","url":"https:\/\/unisale.com.br\/pastoral\/author\/pastoral\/"}]}},"_links":{"self":[{"href":"https:\/\/unisale.com.br\/pastoral\/wp-json\/wp\/v2\/posts\/10789","targetHints":{"allow":["GET"]}}],"collection":[{"href":"https:\/\/unisale.com.br\/pastoral\/wp-json\/wp\/v2\/posts"}],"about":[{"href":"https:\/\/unisale.com.br\/pastoral\/wp-json\/wp\/v2\/types\/post"}],"author":[{"embeddable":true,"href":"https:\/\/unisale.com.br\/pastoral\/wp-json\/wp\/v2\/users\/1"}],"replies":[{"embeddable":true,"href":"https:\/\/unisale.com.br\/pastoral\/wp-json\/wp\/v2\/comments?post=10789"}],"version-history":[{"count":1,"href":"https:\/\/unisale.com.br\/pastoral\/wp-json\/wp\/v2\/posts\/10789\/revisions"}],"predecessor-version":[{"id":10803,"href":"https:\/\/unisale.com.br\/pastoral\/wp-json\/wp\/v2\/posts\/10789\/revisions\/10803"}],"wp:featuredmedia":[{"embeddable":true,"href":"https:\/\/unisale.com.br\/pastoral\/wp-json\/wp\/v2\/media\/10792"}],"wp:attachment":[{"href":"https:\/\/unisale.com.br\/pastoral\/wp-json\/wp\/v2\/media?parent=10789"}],"wp:term":[{"taxonomy":"category","embeddable":true,"href":"https:\/\/unisale.com.br\/pastoral\/wp-json\/wp\/v2\/categories?post=10789"},{"taxonomy":"post_tag","embeddable":true,"href":"https:\/\/unisale.com.br\/pastoral\/wp-json\/wp\/v2\/tags?post=10789"}],"curies":[{"name":"wp","href":"https:\/\/api.w.org\/{rel}","templated":true}]}}