{"id":10842,"date":"2024-09-09T19:19:32","date_gmt":"2024-09-09T19:19:32","guid":{"rendered":"https:\/\/unisale.com.br\/pastoral\/?p=10842"},"modified":"2024-09-09T19:19:32","modified_gmt":"2024-09-09T19:19:32","slug":"nossa-senhora-auxiliadora-e-homenageada-em-mes-mariano-no-unisalesiano","status":"publish","type":"post","link":"https:\/\/unisale.com.br\/pastoral\/nossa-senhora-auxiliadora-e-homenageada-em-mes-mariano-no-unisalesiano\/","title":{"rendered":"Nossa Senhora Auxiliadora \u00e9 homenageada em m\u00eas mariano no UniSALESIANO"},"content":{"rendered":"<h3>Diversas a\u00e7\u00f5es foram realizadas, incluindo missas, novena e a visita da imagem de Nossa Senhora pelos diferentes setores do c\u00e2mpus<\/h3>\n<p>&nbsp;<\/p>\n<p>Em homenagem a\u00a0<strong>Nossa Senhora Auxiliadora<\/strong>, padroeira do UniSALESIANO, a Institui\u00e7\u00e3o promoveu uma s\u00e9rie de atividades religiosas ao longo do m\u00eas de maio. Este per\u00edodo, conhecido como M\u00eas Mariano, \u00e9 especialmente dedicado \u00e0 devo\u00e7\u00e3o \u00e0 Virgem Maria e contou com a participa\u00e7\u00e3o ativa da comunidade acad\u00eamica.<\/p>\n<p>Diversas a\u00e7\u00f5es foram realizadas, incluindo missas, novena e a visita da imagem de Nossa Senhora pelos diferentes setores do c\u00e2mpus. A Pastoral Universit\u00e1ria tamb\u00e9m compartilhou, nas redes sociais, diariamente, as \u201cRosas de Nossa Senhora\u201d, com mensagens de amor, carinho e fraternidade.<\/p>\n<p>No dia 29 de maio, foi realizada a Forma\u00e7\u00e3o dos Colaboradores, junto com a Missa de Nossa Senhora e a tradicional queima dos pedidos, simbolizando a entrega das inten\u00e7\u00f5es e s\u00faplicas \u00e0 Virgem Maria.<\/p>\n<p>Durante a missa na Capela do Centro de Conviv\u00eancia, o\u00a0<strong>Pr\u00f3-Reitor de Pastoral, Pe. Paulo J\u00e1como, SDB<\/strong>, proferiu uma homilia que tocou profundamente os cora\u00e7\u00f5es dos presentes. Ele destacou a import\u00e2ncia do papel dos colaboradores no UniSALESIANO, enfatizando que seu trabalho vai al\u00e9m das fun\u00e7\u00f5es di\u00e1rias e contribui diretamente para a obra salesiana e a miss\u00e3o de Cristo.<\/p>\n<p>\u201cVoc\u00eas n\u00e3o s\u00e3o colaboradores s\u00f3 porque est\u00e3o trabalhando na Institui\u00e7\u00e3o. Voc\u00eas tamb\u00e9m s\u00e3o colaboradores da obra salesiana, da obra de Cristo. O trabalho que voc\u00eas realizam o servi\u00e7o que voc\u00eas prestam aos jovens\u201d, afirmou.<\/p>\n<p>Pe. Paulo ressaltou tamb\u00e9m a confian\u00e7a de Maria no projeto de Deus, destacando-a como \u201cMestra da Confian\u00e7a\u201d. Ele encorajou os presentes a seguirem o exemplo de Maria e Dom Bosco, confiando em Deus e servindo com dedica\u00e7\u00e3o \u00e0 juventude.<\/p>\n<p>\u201cQuando a gente tem confian\u00e7a em Deus, a gente pode fazer muitas coisas. Agora, quando voc\u00ea confia s\u00f3 nas suas for\u00e7as, s\u00f3 na sua intelig\u00eancia, n\u00e3o pode fazer quase nada porque chega um ponto em que a gente vai dizer n\u00e3o dou conta. Mas, se a gente junta a nossa capacidade com a confian\u00e7a da presen\u00e7a de Deus, a gente faz at\u00e9 mais do que a gente imagina.\u201d<\/p>\n<p>As celebra\u00e7\u00f5es do m\u00eas mariano no UniSALESIANO foram marcadas por momentos de f\u00e9, devo\u00e7\u00e3o e renova\u00e7\u00e3o do compromisso com a miss\u00e3o salesiana. A participa\u00e7\u00e3o ativa da comunidade acad\u00eamica e a inspira\u00e7\u00e3o das palavras de Pe. Paulo refor\u00e7aram a import\u00e2ncia da confian\u00e7a em Deus e do servi\u00e7o dedicado aos jovens, seguindo o exemplo de Nossa Senhora Auxiliadora e Dom Bosco.<\/p>\n<p>&nbsp;<\/p>\n\n\t\t<style type=\"text\/css\">\n\t\t\t#gallery-1 {\n\t\t\t\tmargin: auto;\n\t\t\t}\n\t\t\t#gallery-1 .gallery-item {\n\t\t\t\tfloat: left;\n\t\t\t\tmargin-top: 10px;\n\t\t\t\ttext-align: center;\n\t\t\t\twidth: 33%;\n\t\t\t}\n\t\t\t#gallery-1 img {\n\t\t\t\tborder: 2px solid #cfcfcf;\n\t\t\t}\n\t\t\t#gallery-1 .gallery-caption {\n\t\t\t\tmargin-left: 0;\n\t\t\t}\n\t\t\t\/* see gallery_shortcode() in wp-includes\/media.php *\/\n\t\t<\/style>\n\t\t<div id='gallery-1' class='gallery galleryid-10842 gallery-columns-3 gallery-size-thumbnail'><dl class='gallery-item'>\n\t\t\t<dt class='gallery-icon landscape'>\n\t\t\t\t<a href='https:\/\/unisale.com.br\/pastoral\/nossa-senhora-auxiliadora-e-homenageada-em-mes-mariano-no-unisalesiano\/whatsapp-image-2024-06-06-at-08-54-09-2-1024x682\/'><img decoding=\"async\" width=\"150\" height=\"150\" src=\"https:\/\/unisale.com.br\/pastoral\/wp-content\/uploads\/2024\/09\/WhatsApp-Image-2024-06-06-at-08.54.09-2-1024x682-1-150x150.jpeg\" class=\"attachment-thumbnail size-thumbnail\" alt=\"\" \/><\/a>\n\t\t\t<\/dt><\/dl><dl class='gallery-item'>\n\t\t\t<dt class='gallery-icon landscape'>\n\t\t\t\t<a href='https:\/\/unisale.com.br\/pastoral\/nossa-senhora-auxiliadora-e-homenageada-em-mes-mariano-no-unisalesiano\/whatsapp-image-2024-06-06-at-08-55-36-1024x768\/'><img decoding=\"async\" width=\"150\" height=\"150\" src=\"https:\/\/unisale.com.br\/pastoral\/wp-content\/uploads\/2024\/09\/WhatsApp-Image-2024-06-06-at-08.55.36-1024x768-1-150x150.jpeg\" class=\"attachment-thumbnail size-thumbnail\" alt=\"\" \/><\/a>\n\t\t\t<\/dt><\/dl><dl class='gallery-item'>\n\t\t\t<dt class='gallery-icon landscape'>\n\t\t\t\t<a href='https:\/\/unisale.com.br\/pastoral\/nossa-senhora-auxiliadora-e-homenageada-em-mes-mariano-no-unisalesiano\/whatsapp-image-2024-06-06-at-08-55-10-1024x682\/'><img decoding=\"async\" width=\"150\" height=\"150\" src=\"https:\/\/unisale.com.br\/pastoral\/wp-content\/uploads\/2024\/09\/WhatsApp-Image-2024-06-06-at-08.55.10-1024x682-1-150x150.jpeg\" class=\"attachment-thumbnail size-thumbnail\" alt=\"\" \/><\/a>\n\t\t\t<\/dt><\/dl><br style=\"clear: both\" \/><dl class='gallery-item'>\n\t\t\t<dt class='gallery-icon landscape'>\n\t\t\t\t<a href='https:\/\/unisale.com.br\/pastoral\/nossa-senhora-auxiliadora-e-homenageada-em-mes-mariano-no-unisalesiano\/whatsapp-image-2024-06-06-at-08-55-10-4-1024x682\/'><img loading=\"lazy\" decoding=\"async\" width=\"150\" height=\"150\" src=\"https:\/\/unisale.com.br\/pastoral\/wp-content\/uploads\/2024\/09\/WhatsApp-Image-2024-06-06-at-08.55.10-4-1024x682-1-150x150.jpeg\" class=\"attachment-thumbnail size-thumbnail\" alt=\"\" \/><\/a>\n\t\t\t<\/dt><\/dl><dl class='gallery-item'>\n\t\t\t<dt class='gallery-icon landscape'>\n\t\t\t\t<a href='https:\/\/unisale.com.br\/pastoral\/nossa-senhora-auxiliadora-e-homenageada-em-mes-mariano-no-unisalesiano\/whatsapp-image-2024-06-06-at-08-55-10-3-1024x682\/'><img loading=\"lazy\" decoding=\"async\" width=\"150\" height=\"150\" src=\"https:\/\/unisale.com.br\/pastoral\/wp-content\/uploads\/2024\/09\/WhatsApp-Image-2024-06-06-at-08.55.10-3-1024x682-1-150x150.jpeg\" class=\"attachment-thumbnail size-thumbnail\" alt=\"\" \/><\/a>\n\t\t\t<\/dt><\/dl><dl class='gallery-item'>\n\t\t\t<dt class='gallery-icon landscape'>\n\t\t\t\t<a href='https:\/\/unisale.com.br\/pastoral\/nossa-senhora-auxiliadora-e-homenageada-em-mes-mariano-no-unisalesiano\/whatsapp-image-2024-06-06-at-08-55-10-2-768x512\/'><img loading=\"lazy\" decoding=\"async\" width=\"150\" height=\"150\" src=\"https:\/\/unisale.com.br\/pastoral\/wp-content\/uploads\/2024\/09\/WhatsApp-Image-2024-06-06-at-08.55.10-2-768x512-1-150x150.jpeg\" class=\"attachment-thumbnail size-thumbnail\" alt=\"\" \/><\/a>\n\t\t\t<\/dt><\/dl><br style=\"clear: both\" \/><dl class='gallery-item'>\n\t\t\t<dt class='gallery-icon landscape'>\n\t\t\t\t<a href='https:\/\/unisale.com.br\/pastoral\/nossa-senhora-auxiliadora-e-homenageada-em-mes-mariano-no-unisalesiano\/whatsapp-image-2024-06-06-at-08-55-10-1-1024x682\/'><img loading=\"lazy\" decoding=\"async\" width=\"150\" height=\"150\" src=\"https:\/\/unisale.com.br\/pastoral\/wp-content\/uploads\/2024\/09\/WhatsApp-Image-2024-06-06-at-08.55.10-1-1024x682-1-150x150.jpeg\" class=\"attachment-thumbnail size-thumbnail\" alt=\"\" \/><\/a>\n\t\t\t<\/dt><\/dl><dl class='gallery-item'>\n\t\t\t<dt class='gallery-icon landscape'>\n\t\t\t\t<a href='https:\/\/unisale.com.br\/pastoral\/nossa-senhora-auxiliadora-e-homenageada-em-mes-mariano-no-unisalesiano\/whatsapp-image-2024-06-06-at-08-54-09-1024x682\/'><img loading=\"lazy\" decoding=\"async\" width=\"150\" height=\"150\" src=\"https:\/\/unisale.com.br\/pastoral\/wp-content\/uploads\/2024\/09\/WhatsApp-Image-2024-06-06-at-08.54.09-1024x682-1-150x150.jpeg\" class=\"attachment-thumbnail size-thumbnail\" alt=\"\" \/><\/a>\n\t\t\t<\/dt><\/dl><dl class='gallery-item'>\n\t\t\t<dt class='gallery-icon landscape'>\n\t\t\t\t<a href='https:\/\/unisale.com.br\/pastoral\/nossa-senhora-auxiliadora-e-homenageada-em-mes-mariano-no-unisalesiano\/whatsapp-image-2024-06-06-at-08-54-09-7-1024x682\/'><img loading=\"lazy\" decoding=\"async\" width=\"150\" height=\"150\" src=\"https:\/\/unisale.com.br\/pastoral\/wp-content\/uploads\/2024\/09\/WhatsApp-Image-2024-06-06-at-08.54.09-7-1024x682-1-150x150.jpeg\" class=\"attachment-thumbnail size-thumbnail\" alt=\"\" \/><\/a>\n\t\t\t<\/dt><\/dl><br style=\"clear: both\" \/><dl class='gallery-item'>\n\t\t\t<dt class='gallery-icon landscape'>\n\t\t\t\t<a href='https:\/\/unisale.com.br\/pastoral\/nossa-senhora-auxiliadora-e-homenageada-em-mes-mariano-no-unisalesiano\/whatsapp-image-2024-06-06-at-08-54-09-6-1024x682\/'><img loading=\"lazy\" decoding=\"async\" width=\"150\" height=\"150\" src=\"https:\/\/unisale.com.br\/pastoral\/wp-content\/uploads\/2024\/09\/WhatsApp-Image-2024-06-06-at-08.54.09-6-1024x682-1-150x150.jpeg\" class=\"attachment-thumbnail size-thumbnail\" alt=\"\" \/><\/a>\n\t\t\t<\/dt><\/dl><dl class='gallery-item'>\n\t\t\t<dt class='gallery-icon landscape'>\n\t\t\t\t<a href='https:\/\/unisale.com.br\/pastoral\/nossa-senhora-auxiliadora-e-homenageada-em-mes-mariano-no-unisalesiano\/whatsapp-image-2024-06-06-at-08-54-09-5-1024x682\/'><img loading=\"lazy\" decoding=\"async\" width=\"150\" height=\"150\" src=\"https:\/\/unisale.com.br\/pastoral\/wp-content\/uploads\/2024\/09\/WhatsApp-Image-2024-06-06-at-08.54.09-5-1024x682-1-150x150.jpeg\" class=\"attachment-thumbnail size-thumbnail\" alt=\"\" \/><\/a>\n\t\t\t<\/dt><\/dl><dl class='gallery-item'>\n\t\t\t<dt class='gallery-icon landscape'>\n\t\t\t\t<a href='https:\/\/unisale.com.br\/pastoral\/nossa-senhora-auxiliadora-e-homenageada-em-mes-mariano-no-unisalesiano\/whatsapp-image-2024-06-06-at-08-54-09-4-1024x682\/'><img loading=\"lazy\" decoding=\"async\" width=\"150\" height=\"150\" src=\"https:\/\/unisale.com.br\/pastoral\/wp-content\/uploads\/2024\/09\/WhatsApp-Image-2024-06-06-at-08.54.09-4-1024x682-1-150x150.jpeg\" class=\"attachment-thumbnail size-thumbnail\" alt=\"\" \/><\/a>\n\t\t\t<\/dt><\/dl><br style=\"clear: both\" \/><dl class='gallery-item'>\n\t\t\t<dt class='gallery-icon landscape'>\n\t\t\t\t<a href='https:\/\/unisale.com.br\/pastoral\/nossa-senhora-auxiliadora-e-homenageada-em-mes-mariano-no-unisalesiano\/whatsapp-image-2024-06-06-at-08-54-09-3-1024x682\/'><img loading=\"lazy\" decoding=\"async\" width=\"150\" height=\"150\" src=\"https:\/\/unisale.com.br\/pastoral\/wp-content\/uploads\/2024\/09\/WhatsApp-Image-2024-06-06-at-08.54.09-3-1024x682-1-150x150.jpeg\" class=\"attachment-thumbnail size-thumbnail\" alt=\"\" \/><\/a>\n\t\t\t<\/dt><\/dl>\n\t\t\t<br style='clear: both' \/>\n\t\t<\/div>\n\n<p>&nbsp;<\/p>\n","protected":false},"excerpt":{"rendered":"<p>Diversas a\u00e7\u00f5es foram realizadas, incluindo missas, novena e a visita da imagem de Nossa Senhora pelos diferentes setores do c\u00e2mpus &nbsp; Em homenagem a\u00a0Nossa Senhora&#8230;<\/p>\n","protected":false},"author":1,"featured_media":10850,"comment_status":"closed","ping_status":"closed","sticky":false,"template":"","format":"standard","meta":{"_acf_changed":false,"footnotes":""},"categories":[3],"tags":[],"class_list":["post-10842","post","type-post","status-publish","format-standard","has-post-thumbnail","hentry","category-not"],"acf":[],"yoast_head":"<!-- This site is optimized with the Yoast SEO plugin v27.3 - https:\/\/yoast.com\/product\/yoast-seo-wordpress\/ -->\n<title>Nossa Senhora Auxiliadora \u00e9 homenageada em m\u00eas mariano no UniSALESIANO - Pastoral Universit\u00e1ria UniSALESIANO<\/title>\n<meta name=\"robots\" content=\"index, follow, max-snippet:-1, max-image-preview:large, max-video-preview:-1\" \/>\n<link rel=\"canonical\" href=\"https:\/\/unisale.com.br\/novo\/nossa-senhora-auxiliadora-e-homenageada-em-mes-mariano-no-unisalesiano\/\" \/>\n<meta property=\"og:locale\" content=\"pt_BR\" \/>\n<meta property=\"og:type\" content=\"article\" \/>\n<meta property=\"og:title\" content=\"Nossa Senhora Auxiliadora \u00e9 homenageada em m\u00eas mariano no UniSALESIANO - Pastoral Universit\u00e1ria UniSALESIANO\" \/>\n<meta property=\"og:description\" content=\"Diversas a\u00e7\u00f5es foram realizadas, incluindo missas, novena e a visita da imagem de Nossa Senhora pelos diferentes setores do c\u00e2mpus &nbsp; Em homenagem a\u00a0Nossa Senhora...\" \/>\n<meta property=\"og:url\" content=\"https:\/\/unisale.com.br\/novo\/nossa-senhora-auxiliadora-e-homenageada-em-mes-mariano-no-unisalesiano\/\" \/>\n<meta property=\"og:site_name\" content=\"Pastoral Universit\u00e1ria UniSALESIANO\" \/>\n<meta property=\"article:published_time\" content=\"2024-09-09T19:19:32+00:00\" \/>\n<meta property=\"og:image\" content=\"https:\/\/unisale.com.br\/novo\/wp-content\/uploads\/2024\/09\/WhatsApp-Image-2024-06-06-at-08.55.10-2-768x512-1.jpeg\" \/>\n\t<meta property=\"og:image:width\" content=\"768\" \/>\n\t<meta property=\"og:image:height\" content=\"512\" \/>\n\t<meta property=\"og:image:type\" content=\"image\/jpeg\" \/>\n<meta name=\"author\" content=\"pastoral\" \/>\n<meta name=\"twitter:card\" content=\"summary_large_image\" \/>\n<meta name=\"twitter:label1\" content=\"Escrito por\" \/>\n\t<meta name=\"twitter:data1\" content=\"pastoral\" \/>\n\t<meta name=\"twitter:label2\" content=\"Est. tempo de leitura\" \/>\n\t<meta name=\"twitter:data2\" content=\"3 minutos\" \/>\n<script type=\"application\/ld+json\" class=\"yoast-schema-graph\">{\"@context\":\"https:\\\/\\\/schema.org\",\"@graph\":[{\"@type\":\"Article\",\"@id\":\"https:\\\/\\\/unisale.com.br\\\/novo\\\/nossa-senhora-auxiliadora-e-homenageada-em-mes-mariano-no-unisalesiano\\\/#article\",\"isPartOf\":{\"@id\":\"https:\\\/\\\/unisale.com.br\\\/novo\\\/nossa-senhora-auxiliadora-e-homenageada-em-mes-mariano-no-unisalesiano\\\/\"},\"author\":{\"name\":\"pastoral\",\"@id\":\"https:\\\/\\\/unisale.com.br\\\/pastoral\\\/#\\\/schema\\\/person\\\/a16ba711a0f7dec9cb6b44563144d5a3\"},\"headline\":\"Nossa Senhora Auxiliadora \u00e9 homenageada em m\u00eas mariano no UniSALESIANO\",\"datePublished\":\"2024-09-09T19:19:32+00:00\",\"mainEntityOfPage\":{\"@id\":\"https:\\\/\\\/unisale.com.br\\\/novo\\\/nossa-senhora-auxiliadora-e-homenageada-em-mes-mariano-no-unisalesiano\\\/\"},\"wordCount\":468,\"image\":{\"@id\":\"https:\\\/\\\/unisale.com.br\\\/novo\\\/nossa-senhora-auxiliadora-e-homenageada-em-mes-mariano-no-unisalesiano\\\/#primaryimage\"},\"thumbnailUrl\":\"https:\\\/\\\/unisale.com.br\\\/pastoral\\\/wp-content\\\/uploads\\\/2024\\\/09\\\/WhatsApp-Image-2024-06-06-at-08.55.10-2-768x512-1.jpeg\",\"articleSection\":[\"Not\u00edcias\"],\"inLanguage\":\"pt-BR\"},{\"@type\":\"WebPage\",\"@id\":\"https:\\\/\\\/unisale.com.br\\\/novo\\\/nossa-senhora-auxiliadora-e-homenageada-em-mes-mariano-no-unisalesiano\\\/\",\"url\":\"https:\\\/\\\/unisale.com.br\\\/novo\\\/nossa-senhora-auxiliadora-e-homenageada-em-mes-mariano-no-unisalesiano\\\/\",\"name\":\"Nossa Senhora Auxiliadora \u00e9 homenageada em m\u00eas mariano no UniSALESIANO - Pastoral Universit\u00e1ria UniSALESIANO\",\"isPartOf\":{\"@id\":\"https:\\\/\\\/unisale.com.br\\\/pastoral\\\/#website\"},\"primaryImageOfPage\":{\"@id\":\"https:\\\/\\\/unisale.com.br\\\/novo\\\/nossa-senhora-auxiliadora-e-homenageada-em-mes-mariano-no-unisalesiano\\\/#primaryimage\"},\"image\":{\"@id\":\"https:\\\/\\\/unisale.com.br\\\/novo\\\/nossa-senhora-auxiliadora-e-homenageada-em-mes-mariano-no-unisalesiano\\\/#primaryimage\"},\"thumbnailUrl\":\"https:\\\/\\\/unisale.com.br\\\/pastoral\\\/wp-content\\\/uploads\\\/2024\\\/09\\\/WhatsApp-Image-2024-06-06-at-08.55.10-2-768x512-1.jpeg\",\"datePublished\":\"2024-09-09T19:19:32+00:00\",\"author\":{\"@id\":\"https:\\\/\\\/unisale.com.br\\\/pastoral\\\/#\\\/schema\\\/person\\\/a16ba711a0f7dec9cb6b44563144d5a3\"},\"inLanguage\":\"pt-BR\",\"potentialAction\":[{\"@type\":\"ReadAction\",\"target\":[\"https:\\\/\\\/unisale.com.br\\\/novo\\\/nossa-senhora-auxiliadora-e-homenageada-em-mes-mariano-no-unisalesiano\\\/\"]}]},{\"@type\":\"ImageObject\",\"inLanguage\":\"pt-BR\",\"@id\":\"https:\\\/\\\/unisale.com.br\\\/novo\\\/nossa-senhora-auxiliadora-e-homenageada-em-mes-mariano-no-unisalesiano\\\/#primaryimage\",\"url\":\"https:\\\/\\\/unisale.com.br\\\/pastoral\\\/wp-content\\\/uploads\\\/2024\\\/09\\\/WhatsApp-Image-2024-06-06-at-08.55.10-2-768x512-1.jpeg\",\"contentUrl\":\"https:\\\/\\\/unisale.com.br\\\/pastoral\\\/wp-content\\\/uploads\\\/2024\\\/09\\\/WhatsApp-Image-2024-06-06-at-08.55.10-2-768x512-1.jpeg\",\"width\":750,\"height\":500},{\"@type\":\"WebSite\",\"@id\":\"https:\\\/\\\/unisale.com.br\\\/pastoral\\\/#website\",\"url\":\"https:\\\/\\\/unisale.com.br\\\/pastoral\\\/\",\"name\":\"Pastoral Universit\u00e1ria UniSALESIANO\",\"description\":\"Site da Pastoral Universit\u00e1ria do UniSALESIANO\",\"potentialAction\":[{\"@type\":\"SearchAction\",\"target\":{\"@type\":\"EntryPoint\",\"urlTemplate\":\"https:\\\/\\\/unisale.com.br\\\/pastoral\\\/?s={search_term_string}\"},\"query-input\":{\"@type\":\"PropertyValueSpecification\",\"valueRequired\":true,\"valueName\":\"search_term_string\"}}],\"inLanguage\":\"pt-BR\"},{\"@type\":\"Person\",\"@id\":\"https:\\\/\\\/unisale.com.br\\\/pastoral\\\/#\\\/schema\\\/person\\\/a16ba711a0f7dec9cb6b44563144d5a3\",\"name\":\"pastoral\",\"url\":\"https:\\\/\\\/unisale.com.br\\\/pastoral\\\/author\\\/pastoral\\\/\"}]}<\/script>\n<!-- \/ Yoast SEO plugin. -->","yoast_head_json":{"title":"Nossa Senhora Auxiliadora \u00e9 homenageada em m\u00eas mariano no UniSALESIANO - Pastoral Universit\u00e1ria UniSALESIANO","robots":{"index":"index","follow":"follow","max-snippet":"max-snippet:-1","max-image-preview":"max-image-preview:large","max-video-preview":"max-video-preview:-1"},"canonical":"https:\/\/unisale.com.br\/novo\/nossa-senhora-auxiliadora-e-homenageada-em-mes-mariano-no-unisalesiano\/","og_locale":"pt_BR","og_type":"article","og_title":"Nossa Senhora Auxiliadora \u00e9 homenageada em m\u00eas mariano no UniSALESIANO - Pastoral Universit\u00e1ria UniSALESIANO","og_description":"Diversas a\u00e7\u00f5es foram realizadas, incluindo missas, novena e a visita da imagem de Nossa Senhora pelos diferentes setores do c\u00e2mpus &nbsp; Em homenagem a\u00a0Nossa Senhora...","og_url":"https:\/\/unisale.com.br\/novo\/nossa-senhora-auxiliadora-e-homenageada-em-mes-mariano-no-unisalesiano\/","og_site_name":"Pastoral Universit\u00e1ria UniSALESIANO","article_published_time":"2024-09-09T19:19:32+00:00","og_image":[{"width":768,"height":512,"url":"https:\/\/unisale.com.br\/novo\/wp-content\/uploads\/2024\/09\/WhatsApp-Image-2024-06-06-at-08.55.10-2-768x512-1.jpeg","type":"image\/jpeg"}],"author":"pastoral","twitter_card":"summary_large_image","twitter_misc":{"Escrito por":"pastoral","Est. tempo de leitura":"3 minutos"},"schema":{"@context":"https:\/\/schema.org","@graph":[{"@type":"Article","@id":"https:\/\/unisale.com.br\/novo\/nossa-senhora-auxiliadora-e-homenageada-em-mes-mariano-no-unisalesiano\/#article","isPartOf":{"@id":"https:\/\/unisale.com.br\/novo\/nossa-senhora-auxiliadora-e-homenageada-em-mes-mariano-no-unisalesiano\/"},"author":{"name":"pastoral","@id":"https:\/\/unisale.com.br\/pastoral\/#\/schema\/person\/a16ba711a0f7dec9cb6b44563144d5a3"},"headline":"Nossa Senhora Auxiliadora \u00e9 homenageada em m\u00eas mariano no UniSALESIANO","datePublished":"2024-09-09T19:19:32+00:00","mainEntityOfPage":{"@id":"https:\/\/unisale.com.br\/novo\/nossa-senhora-auxiliadora-e-homenageada-em-mes-mariano-no-unisalesiano\/"},"wordCount":468,"image":{"@id":"https:\/\/unisale.com.br\/novo\/nossa-senhora-auxiliadora-e-homenageada-em-mes-mariano-no-unisalesiano\/#primaryimage"},"thumbnailUrl":"https:\/\/unisale.com.br\/pastoral\/wp-content\/uploads\/2024\/09\/WhatsApp-Image-2024-06-06-at-08.55.10-2-768x512-1.jpeg","articleSection":["Not\u00edcias"],"inLanguage":"pt-BR"},{"@type":"WebPage","@id":"https:\/\/unisale.com.br\/novo\/nossa-senhora-auxiliadora-e-homenageada-em-mes-mariano-no-unisalesiano\/","url":"https:\/\/unisale.com.br\/novo\/nossa-senhora-auxiliadora-e-homenageada-em-mes-mariano-no-unisalesiano\/","name":"Nossa Senhora Auxiliadora \u00e9 homenageada em m\u00eas mariano no UniSALESIANO - Pastoral Universit\u00e1ria UniSALESIANO","isPartOf":{"@id":"https:\/\/unisale.com.br\/pastoral\/#website"},"primaryImageOfPage":{"@id":"https:\/\/unisale.com.br\/novo\/nossa-senhora-auxiliadora-e-homenageada-em-mes-mariano-no-unisalesiano\/#primaryimage"},"image":{"@id":"https:\/\/unisale.com.br\/novo\/nossa-senhora-auxiliadora-e-homenageada-em-mes-mariano-no-unisalesiano\/#primaryimage"},"thumbnailUrl":"https:\/\/unisale.com.br\/pastoral\/wp-content\/uploads\/2024\/09\/WhatsApp-Image-2024-06-06-at-08.55.10-2-768x512-1.jpeg","datePublished":"2024-09-09T19:19:32+00:00","author":{"@id":"https:\/\/unisale.com.br\/pastoral\/#\/schema\/person\/a16ba711a0f7dec9cb6b44563144d5a3"},"inLanguage":"pt-BR","potentialAction":[{"@type":"ReadAction","target":["https:\/\/unisale.com.br\/novo\/nossa-senhora-auxiliadora-e-homenageada-em-mes-mariano-no-unisalesiano\/"]}]},{"@type":"ImageObject","inLanguage":"pt-BR","@id":"https:\/\/unisale.com.br\/novo\/nossa-senhora-auxiliadora-e-homenageada-em-mes-mariano-no-unisalesiano\/#primaryimage","url":"https:\/\/unisale.com.br\/pastoral\/wp-content\/uploads\/2024\/09\/WhatsApp-Image-2024-06-06-at-08.55.10-2-768x512-1.jpeg","contentUrl":"https:\/\/unisale.com.br\/pastoral\/wp-content\/uploads\/2024\/09\/WhatsApp-Image-2024-06-06-at-08.55.10-2-768x512-1.jpeg","width":750,"height":500},{"@type":"WebSite","@id":"https:\/\/unisale.com.br\/pastoral\/#website","url":"https:\/\/unisale.com.br\/pastoral\/","name":"Pastoral Universit\u00e1ria UniSALESIANO","description":"Site da Pastoral Universit\u00e1ria do UniSALESIANO","potentialAction":[{"@type":"SearchAction","target":{"@type":"EntryPoint","urlTemplate":"https:\/\/unisale.com.br\/pastoral\/?s={search_term_string}"},"query-input":{"@type":"PropertyValueSpecification","valueRequired":true,"valueName":"search_term_string"}}],"inLanguage":"pt-BR"},{"@type":"Person","@id":"https:\/\/unisale.com.br\/pastoral\/#\/schema\/person\/a16ba711a0f7dec9cb6b44563144d5a3","name":"pastoral","url":"https:\/\/unisale.com.br\/pastoral\/author\/pastoral\/"}]}},"_links":{"self":[{"href":"https:\/\/unisale.com.br\/pastoral\/wp-json\/wp\/v2\/posts\/10842","targetHints":{"allow":["GET"]}}],"collection":[{"href":"https:\/\/unisale.com.br\/pastoral\/wp-json\/wp\/v2\/posts"}],"about":[{"href":"https:\/\/unisale.com.br\/pastoral\/wp-json\/wp\/v2\/types\/post"}],"author":[{"embeddable":true,"href":"https:\/\/unisale.com.br\/pastoral\/wp-json\/wp\/v2\/users\/1"}],"replies":[{"embeddable":true,"href":"https:\/\/unisale.com.br\/pastoral\/wp-json\/wp\/v2\/comments?post=10842"}],"version-history":[{"count":1,"href":"https:\/\/unisale.com.br\/pastoral\/wp-json\/wp\/v2\/posts\/10842\/revisions"}],"predecessor-version":[{"id":10856,"href":"https:\/\/unisale.com.br\/pastoral\/wp-json\/wp\/v2\/posts\/10842\/revisions\/10856"}],"wp:featuredmedia":[{"embeddable":true,"href":"https:\/\/unisale.com.br\/pastoral\/wp-json\/wp\/v2\/media\/10850"}],"wp:attachment":[{"href":"https:\/\/unisale.com.br\/pastoral\/wp-json\/wp\/v2\/media?parent=10842"}],"wp:term":[{"taxonomy":"category","embeddable":true,"href":"https:\/\/unisale.com.br\/pastoral\/wp-json\/wp\/v2\/categories?post=10842"},{"taxonomy":"post_tag","embeddable":true,"href":"https:\/\/unisale.com.br\/pastoral\/wp-json\/wp\/v2\/tags?post=10842"}],"curies":[{"name":"wp","href":"https:\/\/api.w.org\/{rel}","templated":true}]}}