{"id":10868,"date":"2024-09-10T14:18:37","date_gmt":"2024-09-10T14:18:37","guid":{"rendered":"https:\/\/unisale.com.br\/pastoral\/?p=10868"},"modified":"2024-09-10T14:18:37","modified_gmt":"2024-09-10T14:18:37","slug":"reitor-do-unisalesiano-pe-paulo-fernando-vendrame-sdb-e-homenageado-em-festa-junina","status":"publish","type":"post","link":"https:\/\/unisale.com.br\/pastoral\/reitor-do-unisalesiano-pe-paulo-fernando-vendrame-sdb-e-homenageado-em-festa-junina\/","title":{"rendered":"Reitor do UniSALESIANO, Pe. Paulo Fernando Vendrame, SDB, \u00e9 homenageado em Festa Junina"},"content":{"rendered":"<p>Um clima de alegria e descontra\u00e7\u00e3o marcou a\u00a0<strong>\u201cForma\u00e7\u00e3o de Espiritualidade Salesiana\u201d<\/strong>, promovida pela Pastoral Universit\u00e1ria e pelo Departamento de Recursos Humanos do UniSALESIANO, e que foi transformada em uma Festa Junina.<\/p>\n<p>Al\u00e9m da celebra\u00e7\u00e3o cultural, a ocasi\u00e3o foi marcada pelo anivers\u00e1rio do\u00a0<strong>Reitor do UniSALESIANO, Pe. Paulo Fernando Vendrame,\u00a0<\/strong>SDB, celebrado com um \u201cparab\u00e9ns\u201d por todos os presentes.<\/p>\n<p>O evento, realizado na tarde do dia 13 de junho, na quadra de esportes da Institui\u00e7\u00e3o, reuniu colaboradores vestidos com trajes t\u00edpicos para uma celebra\u00e7\u00e3o especial.<\/p>\n<p>A festa contou com brincadeiras tradicionais, quadrilha e uma variedade de comes e bebes t\u00edpicos da \u00e9poca.<\/p>\n<p><strong>DOM DA VIDA<\/strong><\/p>\n<p>Durante seu discurso, Pe. Paulo expressou sua gratid\u00e3o ao afirmar que o sentimento \u00e9 de gratid\u00e3o a Deus pelo dom da vida e de poder compartilhar a vida com cada um dos presentes. \u201cFeliz de quem atravessa a vida tendo mil motivos para viver. E eu estou muito feliz de fazer parte da fam\u00edlia do UniSALESIANO em Ara\u00e7atuba\u201d, afirmou.<\/p>\n<p>O Reitor concluiu seu discurso desejando b\u00ean\u00e7\u00e3os a todos. \u201cQue Deus aben\u00e7oe, que Santo Ant\u00f4nio aben\u00e7oe a cada um de n\u00f3s, para que nunca falte o p\u00e3o da cultura, o p\u00e3o do conhecimento e o p\u00e3o nosso de cada dia pela intercess\u00e3o do santo de hoje\u201d. Ap\u00f3s suas palavras, Pe. Paulo deu a tradicional ben\u00e7\u00e3o dos p\u00e3es.<\/p>\n<p>Presentes na Festa Junina, membros da\u00a0<strong>Diretoria da Santa Casa de Ara\u00e7atuba<\/strong>\u00a0presentearam Pe. Paulo com a imagem de Santo Ant\u00f4nio. \u201cViemos dar um abra\u00e7o fraterno ao Pe. Paulo nessa data t\u00e3o importante. O Santo Ant\u00f4nio \u00e9 o presente da Santa Casa ao Pe. Paulo, por tudo o que est\u00e1 fazendo pela nossa Santa Casa, pelas parcerias que est\u00e3o sendo executadas\u201d, salientou o provedor,\u00a0<strong>Petr\u00f4nio Pereira Lima<\/strong>.<\/p>\n<p>&nbsp;<\/p>\n<p><img fetchpriority=\"high\" decoding=\"async\" class=\"alignnone size-full wp-image-10889\" src=\"https:\/\/unisale.com.br\/pastoral\/wp-content\/uploads\/2024\/09\/IMG_3294-768x512-1.jpg\" alt=\"\" width=\"768\" height=\"512\" srcset=\"https:\/\/unisale.com.br\/pastoral\/wp-content\/uploads\/2024\/09\/IMG_3294-768x512-1.jpg 750w, https:\/\/unisale.com.br\/pastoral\/wp-content\/uploads\/2024\/09\/IMG_3294-768x512-1-300x200.jpg 300w\" sizes=\"(max-width: 768px) 100vw, 768px\" \/><\/p>\n\n\t\t<style type=\"text\/css\">\n\t\t\t#gallery-1 {\n\t\t\t\tmargin: auto;\n\t\t\t}\n\t\t\t#gallery-1 .gallery-item {\n\t\t\t\tfloat: left;\n\t\t\t\tmargin-top: 10px;\n\t\t\t\ttext-align: center;\n\t\t\t\twidth: 25%;\n\t\t\t}\n\t\t\t#gallery-1 img {\n\t\t\t\tborder: 2px solid #cfcfcf;\n\t\t\t}\n\t\t\t#gallery-1 .gallery-caption {\n\t\t\t\tmargin-left: 0;\n\t\t\t}\n\t\t\t\/* see gallery_shortcode() in wp-includes\/media.php *\/\n\t\t<\/style>\n\t\t<div id='gallery-1' class='gallery galleryid-10868 gallery-columns-4 gallery-size-thumbnail'><dl class='gallery-item'>\n\t\t\t<dt class='gallery-icon landscape'>\n\t\t\t\t<a href='https:\/\/unisale.com.br\/pastoral\/reitor-do-unisalesiano-pe-paulo-fernando-vendrame-sdb-e-homenageado-em-festa-junina\/img_3386-1024x683\/'><img decoding=\"async\" width=\"150\" height=\"150\" src=\"https:\/\/unisale.com.br\/pastoral\/wp-content\/uploads\/2024\/09\/IMG_3386-1024x683-1-150x150.jpg\" class=\"attachment-thumbnail size-thumbnail\" alt=\"\" \/><\/a>\n\t\t\t<\/dt><\/dl><dl class='gallery-item'>\n\t\t\t<dt class='gallery-icon landscape'>\n\t\t\t\t<a href='https:\/\/unisale.com.br\/pastoral\/reitor-do-unisalesiano-pe-paulo-fernando-vendrame-sdb-e-homenageado-em-festa-junina\/img_3384-1024x683\/'><img decoding=\"async\" width=\"150\" height=\"150\" src=\"https:\/\/unisale.com.br\/pastoral\/wp-content\/uploads\/2024\/09\/IMG_3384-1024x683-1-150x150.jpg\" class=\"attachment-thumbnail size-thumbnail\" alt=\"\" \/><\/a>\n\t\t\t<\/dt><\/dl><dl class='gallery-item'>\n\t\t\t<dt class='gallery-icon landscape'>\n\t\t\t\t<a href='https:\/\/unisale.com.br\/pastoral\/reitor-do-unisalesiano-pe-paulo-fernando-vendrame-sdb-e-homenageado-em-festa-junina\/img_3334-1024x683\/'><img loading=\"lazy\" decoding=\"async\" width=\"150\" height=\"150\" src=\"https:\/\/unisale.com.br\/pastoral\/wp-content\/uploads\/2024\/09\/IMG_3334-1024x683-1-150x150.jpg\" class=\"attachment-thumbnail size-thumbnail\" alt=\"\" \/><\/a>\n\t\t\t<\/dt><\/dl><dl class='gallery-item'>\n\t\t\t<dt class='gallery-icon landscape'>\n\t\t\t\t<a href='https:\/\/unisale.com.br\/pastoral\/reitor-do-unisalesiano-pe-paulo-fernando-vendrame-sdb-e-homenageado-em-festa-junina\/img_3305-1024x683\/'><img loading=\"lazy\" decoding=\"async\" width=\"150\" height=\"150\" src=\"https:\/\/unisale.com.br\/pastoral\/wp-content\/uploads\/2024\/09\/IMG_3305-1024x683-1-150x150.jpg\" class=\"attachment-thumbnail size-thumbnail\" alt=\"\" \/><\/a>\n\t\t\t<\/dt><\/dl><br style=\"clear: both\" \/><dl class='gallery-item'>\n\t\t\t<dt class='gallery-icon landscape'>\n\t\t\t\t<a href='https:\/\/unisale.com.br\/pastoral\/reitor-do-unisalesiano-pe-paulo-fernando-vendrame-sdb-e-homenageado-em-festa-junina\/img_3294-768x512\/'><img loading=\"lazy\" decoding=\"async\" width=\"150\" height=\"150\" src=\"https:\/\/unisale.com.br\/pastoral\/wp-content\/uploads\/2024\/09\/IMG_3294-768x512-1-150x150.jpg\" class=\"attachment-thumbnail size-thumbnail\" alt=\"\" \/><\/a>\n\t\t\t<\/dt><\/dl><dl class='gallery-item'>\n\t\t\t<dt class='gallery-icon landscape'>\n\t\t\t\t<a href='https:\/\/unisale.com.br\/pastoral\/reitor-do-unisalesiano-pe-paulo-fernando-vendrame-sdb-e-homenageado-em-festa-junina\/img_3250-1024x683\/'><img loading=\"lazy\" decoding=\"async\" width=\"150\" height=\"150\" src=\"https:\/\/unisale.com.br\/pastoral\/wp-content\/uploads\/2024\/09\/IMG_3250-1024x683-1-150x150.jpg\" class=\"attachment-thumbnail size-thumbnail\" alt=\"\" \/><\/a>\n\t\t\t<\/dt><\/dl><dl class='gallery-item'>\n\t\t\t<dt class='gallery-icon landscape'>\n\t\t\t\t<a href='https:\/\/unisale.com.br\/pastoral\/reitor-do-unisalesiano-pe-paulo-fernando-vendrame-sdb-e-homenageado-em-festa-junina\/img_3241-1024x683\/'><img loading=\"lazy\" decoding=\"async\" width=\"150\" height=\"150\" src=\"https:\/\/unisale.com.br\/pastoral\/wp-content\/uploads\/2024\/09\/IMG_3241-1024x683-1-150x150.jpg\" class=\"attachment-thumbnail size-thumbnail\" alt=\"\" \/><\/a>\n\t\t\t<\/dt><\/dl><dl class='gallery-item'>\n\t\t\t<dt class='gallery-icon landscape'>\n\t\t\t\t<a href='https:\/\/unisale.com.br\/pastoral\/reitor-do-unisalesiano-pe-paulo-fernando-vendrame-sdb-e-homenageado-em-festa-junina\/img_3199-1024x683\/'><img loading=\"lazy\" decoding=\"async\" width=\"150\" height=\"150\" src=\"https:\/\/unisale.com.br\/pastoral\/wp-content\/uploads\/2024\/09\/IMG_3199-1024x683-1-150x150.jpg\" class=\"attachment-thumbnail size-thumbnail\" alt=\"\" \/><\/a>\n\t\t\t<\/dt><\/dl><br style=\"clear: both\" \/><dl class='gallery-item'>\n\t\t\t<dt class='gallery-icon landscape'>\n\t\t\t\t<a href='https:\/\/unisale.com.br\/pastoral\/reitor-do-unisalesiano-pe-paulo-fernando-vendrame-sdb-e-homenageado-em-festa-junina\/img_3180-1024x683\/'><img loading=\"lazy\" decoding=\"async\" width=\"150\" height=\"150\" src=\"https:\/\/unisale.com.br\/pastoral\/wp-content\/uploads\/2024\/09\/IMG_3180-1024x683-1-150x150.jpg\" class=\"attachment-thumbnail size-thumbnail\" alt=\"\" \/><\/a>\n\t\t\t<\/dt><\/dl><dl class='gallery-item'>\n\t\t\t<dt class='gallery-icon landscape'>\n\t\t\t\t<a href='https:\/\/unisale.com.br\/pastoral\/reitor-do-unisalesiano-pe-paulo-fernando-vendrame-sdb-e-homenageado-em-festa-junina\/img_3171-1024x683\/'><img loading=\"lazy\" decoding=\"async\" width=\"150\" height=\"150\" src=\"https:\/\/unisale.com.br\/pastoral\/wp-content\/uploads\/2024\/09\/IMG_3171-1024x683-1-150x150.jpg\" class=\"attachment-thumbnail size-thumbnail\" alt=\"\" \/><\/a>\n\t\t\t<\/dt><\/dl><dl class='gallery-item'>\n\t\t\t<dt class='gallery-icon landscape'>\n\t\t\t\t<a href='https:\/\/unisale.com.br\/pastoral\/reitor-do-unisalesiano-pe-paulo-fernando-vendrame-sdb-e-homenageado-em-festa-junina\/img_3166-1024x683\/'><img loading=\"lazy\" decoding=\"async\" width=\"150\" height=\"150\" src=\"https:\/\/unisale.com.br\/pastoral\/wp-content\/uploads\/2024\/09\/IMG_3166-1024x683-1-150x150.jpg\" class=\"attachment-thumbnail size-thumbnail\" alt=\"\" \/><\/a>\n\t\t\t<\/dt><\/dl><dl class='gallery-item'>\n\t\t\t<dt class='gallery-icon landscape'>\n\t\t\t\t<a href='https:\/\/unisale.com.br\/pastoral\/reitor-do-unisalesiano-pe-paulo-fernando-vendrame-sdb-e-homenageado-em-festa-junina\/img_3164-1024x683\/'><img loading=\"lazy\" decoding=\"async\" width=\"150\" height=\"150\" src=\"https:\/\/unisale.com.br\/pastoral\/wp-content\/uploads\/2024\/09\/IMG_3164-1024x683-1-150x150.jpg\" class=\"attachment-thumbnail size-thumbnail\" alt=\"\" \/><\/a>\n\t\t\t<\/dt><\/dl><br style=\"clear: both\" \/><dl class='gallery-item'>\n\t\t\t<dt class='gallery-icon landscape'>\n\t\t\t\t<a href='https:\/\/unisale.com.br\/pastoral\/reitor-do-unisalesiano-pe-paulo-fernando-vendrame-sdb-e-homenageado-em-festa-junina\/img_3156-1024x683\/'><img loading=\"lazy\" decoding=\"async\" width=\"150\" height=\"150\" src=\"https:\/\/unisale.com.br\/pastoral\/wp-content\/uploads\/2024\/09\/IMG_3156-1024x683-1-150x150.jpg\" class=\"attachment-thumbnail size-thumbnail\" alt=\"\" \/><\/a>\n\t\t\t<\/dt><\/dl><dl class='gallery-item'>\n\t\t\t<dt class='gallery-icon landscape'>\n\t\t\t\t<a href='https:\/\/unisale.com.br\/pastoral\/reitor-do-unisalesiano-pe-paulo-fernando-vendrame-sdb-e-homenageado-em-festa-junina\/img_3148-1024x683\/'><img loading=\"lazy\" decoding=\"async\" width=\"150\" height=\"150\" src=\"https:\/\/unisale.com.br\/pastoral\/wp-content\/uploads\/2024\/09\/IMG_3148-1024x683-1-150x150.jpg\" class=\"attachment-thumbnail size-thumbnail\" alt=\"\" \/><\/a>\n\t\t\t<\/dt><\/dl><dl class='gallery-item'>\n\t\t\t<dt class='gallery-icon landscape'>\n\t\t\t\t<a href='https:\/\/unisale.com.br\/pastoral\/reitor-do-unisalesiano-pe-paulo-fernando-vendrame-sdb-e-homenageado-em-festa-junina\/img_3140-1024x683\/'><img loading=\"lazy\" decoding=\"async\" width=\"150\" height=\"150\" src=\"https:\/\/unisale.com.br\/pastoral\/wp-content\/uploads\/2024\/09\/IMG_3140-1024x683-1-150x150.jpg\" class=\"attachment-thumbnail size-thumbnail\" alt=\"\" \/><\/a>\n\t\t\t<\/dt><\/dl><dl class='gallery-item'>\n\t\t\t<dt class='gallery-icon landscape'>\n\t\t\t\t<a href='https:\/\/unisale.com.br\/pastoral\/reitor-do-unisalesiano-pe-paulo-fernando-vendrame-sdb-e-homenageado-em-festa-junina\/img_3129-1024x683\/'><img loading=\"lazy\" decoding=\"async\" width=\"150\" height=\"150\" src=\"https:\/\/unisale.com.br\/pastoral\/wp-content\/uploads\/2024\/09\/IMG_3129-1024x683-1-150x150.jpg\" class=\"attachment-thumbnail size-thumbnail\" alt=\"\" \/><\/a>\n\t\t\t<\/dt><\/dl><br style=\"clear: both\" \/><dl class='gallery-item'>\n\t\t\t<dt class='gallery-icon landscape'>\n\t\t\t\t<a href='https:\/\/unisale.com.br\/pastoral\/reitor-do-unisalesiano-pe-paulo-fernando-vendrame-sdb-e-homenageado-em-festa-junina\/img_3121-1024x683\/'><img loading=\"lazy\" decoding=\"async\" width=\"150\" height=\"150\" src=\"https:\/\/unisale.com.br\/pastoral\/wp-content\/uploads\/2024\/09\/IMG_3121-1024x683-1-150x150.jpg\" class=\"attachment-thumbnail size-thumbnail\" alt=\"\" \/><\/a>\n\t\t\t<\/dt><\/dl><dl class='gallery-item'>\n\t\t\t<dt class='gallery-icon landscape'>\n\t\t\t\t<a href='https:\/\/unisale.com.br\/pastoral\/reitor-do-unisalesiano-pe-paulo-fernando-vendrame-sdb-e-homenageado-em-festa-junina\/img_3119-1024x683\/'><img loading=\"lazy\" decoding=\"async\" width=\"150\" height=\"150\" src=\"https:\/\/unisale.com.br\/pastoral\/wp-content\/uploads\/2024\/09\/IMG_3119-1024x683-1-150x150.jpg\" class=\"attachment-thumbnail size-thumbnail\" alt=\"\" \/><\/a>\n\t\t\t<\/dt><\/dl><dl class='gallery-item'>\n\t\t\t<dt class='gallery-icon landscape'>\n\t\t\t\t<a href='https:\/\/unisale.com.br\/pastoral\/reitor-do-unisalesiano-pe-paulo-fernando-vendrame-sdb-e-homenageado-em-festa-junina\/img_3114-1024x683\/'><img loading=\"lazy\" decoding=\"async\" width=\"150\" height=\"150\" src=\"https:\/\/unisale.com.br\/pastoral\/wp-content\/uploads\/2024\/09\/IMG_3114-1024x683-1-150x150.jpg\" class=\"attachment-thumbnail size-thumbnail\" alt=\"\" \/><\/a>\n\t\t\t<\/dt><\/dl><dl class='gallery-item'>\n\t\t\t<dt class='gallery-icon landscape'>\n\t\t\t\t<a href='https:\/\/unisale.com.br\/pastoral\/reitor-do-unisalesiano-pe-paulo-fernando-vendrame-sdb-e-homenageado-em-festa-junina\/img_3104-1024x683\/'><img loading=\"lazy\" decoding=\"async\" width=\"150\" height=\"150\" src=\"https:\/\/unisale.com.br\/pastoral\/wp-content\/uploads\/2024\/09\/IMG_3104-1024x683-1-150x150.jpg\" class=\"attachment-thumbnail size-thumbnail\" alt=\"\" \/><\/a>\n\t\t\t<\/dt><\/dl><br style=\"clear: both\" \/><dl class='gallery-item'>\n\t\t\t<dt class='gallery-icon landscape'>\n\t\t\t\t<a href='https:\/\/unisale.com.br\/pastoral\/reitor-do-unisalesiano-pe-paulo-fernando-vendrame-sdb-e-homenageado-em-festa-junina\/img_3081-1024x683\/'><img loading=\"lazy\" decoding=\"async\" width=\"150\" height=\"150\" src=\"https:\/\/unisale.com.br\/pastoral\/wp-content\/uploads\/2024\/09\/IMG_3081-1024x683-1-150x150.jpg\" class=\"attachment-thumbnail size-thumbnail\" alt=\"\" \/><\/a>\n\t\t\t<\/dt><\/dl><dl class='gallery-item'>\n\t\t\t<dt class='gallery-icon landscape'>\n\t\t\t\t<a href='https:\/\/unisale.com.br\/pastoral\/reitor-do-unisalesiano-pe-paulo-fernando-vendrame-sdb-e-homenageado-em-festa-junina\/img_3080-1024x683\/'><img loading=\"lazy\" decoding=\"async\" width=\"150\" height=\"150\" src=\"https:\/\/unisale.com.br\/pastoral\/wp-content\/uploads\/2024\/09\/IMG_3080-1024x683-1-150x150.jpg\" class=\"attachment-thumbnail size-thumbnail\" alt=\"\" \/><\/a>\n\t\t\t<\/dt><\/dl><dl class='gallery-item'>\n\t\t\t<dt class='gallery-icon landscape'>\n\t\t\t\t<a href='https:\/\/unisale.com.br\/pastoral\/reitor-do-unisalesiano-pe-paulo-fernando-vendrame-sdb-e-homenageado-em-festa-junina\/img_3069-1024x683\/'><img loading=\"lazy\" decoding=\"async\" width=\"150\" height=\"150\" src=\"https:\/\/unisale.com.br\/pastoral\/wp-content\/uploads\/2024\/09\/IMG_3069-1024x683-1-150x150.jpg\" class=\"attachment-thumbnail size-thumbnail\" alt=\"\" \/><\/a>\n\t\t\t<\/dt><\/dl><dl class='gallery-item'>\n\t\t\t<dt class='gallery-icon landscape'>\n\t\t\t\t<a href='https:\/\/unisale.com.br\/pastoral\/reitor-do-unisalesiano-pe-paulo-fernando-vendrame-sdb-e-homenageado-em-festa-junina\/img_3064-768x512\/'><img loading=\"lazy\" decoding=\"async\" width=\"150\" height=\"150\" src=\"https:\/\/unisale.com.br\/pastoral\/wp-content\/uploads\/2024\/09\/IMG_3064-768x512-1-150x150.jpg\" class=\"attachment-thumbnail size-thumbnail\" alt=\"\" \/><\/a>\n\t\t\t<\/dt><\/dl><br style=\"clear: both\" \/><dl class='gallery-item'>\n\t\t\t<dt class='gallery-icon landscape'>\n\t\t\t\t<a href='https:\/\/unisale.com.br\/pastoral\/reitor-do-unisalesiano-pe-paulo-fernando-vendrame-sdb-e-homenageado-em-festa-junina\/img_3064-1-1024x683\/'><img loading=\"lazy\" decoding=\"async\" width=\"150\" height=\"150\" src=\"https:\/\/unisale.com.br\/pastoral\/wp-content\/uploads\/2024\/09\/IMG_3064-1-1024x683-1-150x150.jpg\" class=\"attachment-thumbnail size-thumbnail\" alt=\"\" \/><\/a>\n\t\t\t<\/dt><\/dl>\n\t\t\t<br style='clear: both' \/>\n\t\t<\/div>\n\n","protected":false},"excerpt":{"rendered":"<p>Um clima de alegria e descontra\u00e7\u00e3o marcou a\u00a0\u201cForma\u00e7\u00e3o de Espiritualidade Salesiana\u201d, promovida pela Pastoral Universit\u00e1ria e pelo Departamento de Recursos Humanos do UniSALESIANO, e que&#8230;<\/p>\n","protected":false},"author":1,"featured_media":10891,"comment_status":"closed","ping_status":"closed","sticky":false,"template":"","format":"standard","meta":{"_acf_changed":false,"footnotes":""},"categories":[3],"tags":[],"class_list":["post-10868","post","type-post","status-publish","format-standard","has-post-thumbnail","hentry","category-not"],"acf":[],"yoast_head":"<!-- This site is optimized with the Yoast SEO plugin v27.3 - https:\/\/yoast.com\/product\/yoast-seo-wordpress\/ -->\n<title>Reitor do UniSALESIANO, Pe. Paulo Fernando Vendrame, SDB, \u00e9 homenageado em Festa Junina - Pastoral Universit\u00e1ria UniSALESIANO<\/title>\n<meta name=\"robots\" content=\"index, follow, max-snippet:-1, max-image-preview:large, max-video-preview:-1\" \/>\n<link rel=\"canonical\" href=\"https:\/\/unisale.com.br\/novo\/reitor-do-unisalesiano-pe-paulo-fernando-vendrame-sdb-e-homenageado-em-festa-junina\/\" \/>\n<meta property=\"og:locale\" content=\"pt_BR\" \/>\n<meta property=\"og:type\" content=\"article\" \/>\n<meta property=\"og:title\" content=\"Reitor do UniSALESIANO, Pe. Paulo Fernando Vendrame, SDB, \u00e9 homenageado em Festa Junina - Pastoral Universit\u00e1ria UniSALESIANO\" \/>\n<meta property=\"og:description\" content=\"Um clima de alegria e descontra\u00e7\u00e3o marcou a\u00a0\u201cForma\u00e7\u00e3o de Espiritualidade Salesiana\u201d, promovida pela Pastoral Universit\u00e1ria e pelo Departamento de Recursos Humanos do UniSALESIANO, e que...\" \/>\n<meta property=\"og:url\" content=\"https:\/\/unisale.com.br\/novo\/reitor-do-unisalesiano-pe-paulo-fernando-vendrame-sdb-e-homenageado-em-festa-junina\/\" \/>\n<meta property=\"og:site_name\" content=\"Pastoral Universit\u00e1ria UniSALESIANO\" \/>\n<meta property=\"article:published_time\" content=\"2024-09-10T14:18:37+00:00\" \/>\n<meta property=\"og:image\" content=\"https:\/\/unisale.com.br\/novo\/wp-content\/uploads\/2024\/09\/IMG_3307-768x512-1.jpg\" \/>\n\t<meta property=\"og:image:width\" content=\"768\" \/>\n\t<meta property=\"og:image:height\" content=\"512\" \/>\n\t<meta property=\"og:image:type\" content=\"image\/jpeg\" \/>\n<meta name=\"author\" content=\"pastoral\" \/>\n<meta name=\"twitter:card\" content=\"summary_large_image\" \/>\n<meta name=\"twitter:label1\" content=\"Escrito por\" \/>\n\t<meta name=\"twitter:data1\" content=\"pastoral\" \/>\n\t<meta name=\"twitter:label2\" content=\"Est. tempo de leitura\" \/>\n\t<meta name=\"twitter:data2\" content=\"3 minutos\" \/>\n<script type=\"application\/ld+json\" class=\"yoast-schema-graph\">{\"@context\":\"https:\\\/\\\/schema.org\",\"@graph\":[{\"@type\":\"Article\",\"@id\":\"https:\\\/\\\/unisale.com.br\\\/novo\\\/reitor-do-unisalesiano-pe-paulo-fernando-vendrame-sdb-e-homenageado-em-festa-junina\\\/#article\",\"isPartOf\":{\"@id\":\"https:\\\/\\\/unisale.com.br\\\/novo\\\/reitor-do-unisalesiano-pe-paulo-fernando-vendrame-sdb-e-homenageado-em-festa-junina\\\/\"},\"author\":{\"name\":\"pastoral\",\"@id\":\"https:\\\/\\\/unisale.com.br\\\/pastoral\\\/#\\\/schema\\\/person\\\/a16ba711a0f7dec9cb6b44563144d5a3\"},\"headline\":\"Reitor do UniSALESIANO, Pe. Paulo Fernando Vendrame, SDB, \u00e9 homenageado em Festa Junina\",\"datePublished\":\"2024-09-10T14:18:37+00:00\",\"mainEntityOfPage\":{\"@id\":\"https:\\\/\\\/unisale.com.br\\\/novo\\\/reitor-do-unisalesiano-pe-paulo-fernando-vendrame-sdb-e-homenageado-em-festa-junina\\\/\"},\"wordCount\":337,\"image\":{\"@id\":\"https:\\\/\\\/unisale.com.br\\\/novo\\\/reitor-do-unisalesiano-pe-paulo-fernando-vendrame-sdb-e-homenageado-em-festa-junina\\\/#primaryimage\"},\"thumbnailUrl\":\"https:\\\/\\\/unisale.com.br\\\/pastoral\\\/wp-content\\\/uploads\\\/2024\\\/09\\\/IMG_3307-768x512-1.jpg\",\"articleSection\":[\"Not\u00edcias\"],\"inLanguage\":\"pt-BR\"},{\"@type\":\"WebPage\",\"@id\":\"https:\\\/\\\/unisale.com.br\\\/novo\\\/reitor-do-unisalesiano-pe-paulo-fernando-vendrame-sdb-e-homenageado-em-festa-junina\\\/\",\"url\":\"https:\\\/\\\/unisale.com.br\\\/novo\\\/reitor-do-unisalesiano-pe-paulo-fernando-vendrame-sdb-e-homenageado-em-festa-junina\\\/\",\"name\":\"Reitor do UniSALESIANO, Pe. Paulo Fernando Vendrame, SDB, \u00e9 homenageado em Festa Junina - Pastoral Universit\u00e1ria UniSALESIANO\",\"isPartOf\":{\"@id\":\"https:\\\/\\\/unisale.com.br\\\/pastoral\\\/#website\"},\"primaryImageOfPage\":{\"@id\":\"https:\\\/\\\/unisale.com.br\\\/novo\\\/reitor-do-unisalesiano-pe-paulo-fernando-vendrame-sdb-e-homenageado-em-festa-junina\\\/#primaryimage\"},\"image\":{\"@id\":\"https:\\\/\\\/unisale.com.br\\\/novo\\\/reitor-do-unisalesiano-pe-paulo-fernando-vendrame-sdb-e-homenageado-em-festa-junina\\\/#primaryimage\"},\"thumbnailUrl\":\"https:\\\/\\\/unisale.com.br\\\/pastoral\\\/wp-content\\\/uploads\\\/2024\\\/09\\\/IMG_3307-768x512-1.jpg\",\"datePublished\":\"2024-09-10T14:18:37+00:00\",\"author\":{\"@id\":\"https:\\\/\\\/unisale.com.br\\\/pastoral\\\/#\\\/schema\\\/person\\\/a16ba711a0f7dec9cb6b44563144d5a3\"},\"inLanguage\":\"pt-BR\",\"potentialAction\":[{\"@type\":\"ReadAction\",\"target\":[\"https:\\\/\\\/unisale.com.br\\\/novo\\\/reitor-do-unisalesiano-pe-paulo-fernando-vendrame-sdb-e-homenageado-em-festa-junina\\\/\"]}]},{\"@type\":\"ImageObject\",\"inLanguage\":\"pt-BR\",\"@id\":\"https:\\\/\\\/unisale.com.br\\\/novo\\\/reitor-do-unisalesiano-pe-paulo-fernando-vendrame-sdb-e-homenageado-em-festa-junina\\\/#primaryimage\",\"url\":\"https:\\\/\\\/unisale.com.br\\\/pastoral\\\/wp-content\\\/uploads\\\/2024\\\/09\\\/IMG_3307-768x512-1.jpg\",\"contentUrl\":\"https:\\\/\\\/unisale.com.br\\\/pastoral\\\/wp-content\\\/uploads\\\/2024\\\/09\\\/IMG_3307-768x512-1.jpg\",\"width\":750,\"height\":500},{\"@type\":\"WebSite\",\"@id\":\"https:\\\/\\\/unisale.com.br\\\/pastoral\\\/#website\",\"url\":\"https:\\\/\\\/unisale.com.br\\\/pastoral\\\/\",\"name\":\"Pastoral Universit\u00e1ria UniSALESIANO\",\"description\":\"Site da Pastoral Universit\u00e1ria do UniSALESIANO\",\"potentialAction\":[{\"@type\":\"SearchAction\",\"target\":{\"@type\":\"EntryPoint\",\"urlTemplate\":\"https:\\\/\\\/unisale.com.br\\\/pastoral\\\/?s={search_term_string}\"},\"query-input\":{\"@type\":\"PropertyValueSpecification\",\"valueRequired\":true,\"valueName\":\"search_term_string\"}}],\"inLanguage\":\"pt-BR\"},{\"@type\":\"Person\",\"@id\":\"https:\\\/\\\/unisale.com.br\\\/pastoral\\\/#\\\/schema\\\/person\\\/a16ba711a0f7dec9cb6b44563144d5a3\",\"name\":\"pastoral\",\"url\":\"https:\\\/\\\/unisale.com.br\\\/pastoral\\\/author\\\/pastoral\\\/\"}]}<\/script>\n<!-- \/ Yoast SEO plugin. -->","yoast_head_json":{"title":"Reitor do UniSALESIANO, Pe. Paulo Fernando Vendrame, SDB, \u00e9 homenageado em Festa Junina - Pastoral Universit\u00e1ria UniSALESIANO","robots":{"index":"index","follow":"follow","max-snippet":"max-snippet:-1","max-image-preview":"max-image-preview:large","max-video-preview":"max-video-preview:-1"},"canonical":"https:\/\/unisale.com.br\/novo\/reitor-do-unisalesiano-pe-paulo-fernando-vendrame-sdb-e-homenageado-em-festa-junina\/","og_locale":"pt_BR","og_type":"article","og_title":"Reitor do UniSALESIANO, Pe. Paulo Fernando Vendrame, SDB, \u00e9 homenageado em Festa Junina - Pastoral Universit\u00e1ria UniSALESIANO","og_description":"Um clima de alegria e descontra\u00e7\u00e3o marcou a\u00a0\u201cForma\u00e7\u00e3o de Espiritualidade Salesiana\u201d, promovida pela Pastoral Universit\u00e1ria e pelo Departamento de Recursos Humanos do UniSALESIANO, e que...","og_url":"https:\/\/unisale.com.br\/novo\/reitor-do-unisalesiano-pe-paulo-fernando-vendrame-sdb-e-homenageado-em-festa-junina\/","og_site_name":"Pastoral Universit\u00e1ria UniSALESIANO","article_published_time":"2024-09-10T14:18:37+00:00","og_image":[{"width":768,"height":512,"url":"https:\/\/unisale.com.br\/novo\/wp-content\/uploads\/2024\/09\/IMG_3307-768x512-1.jpg","type":"image\/jpeg"}],"author":"pastoral","twitter_card":"summary_large_image","twitter_misc":{"Escrito por":"pastoral","Est. tempo de leitura":"3 minutos"},"schema":{"@context":"https:\/\/schema.org","@graph":[{"@type":"Article","@id":"https:\/\/unisale.com.br\/novo\/reitor-do-unisalesiano-pe-paulo-fernando-vendrame-sdb-e-homenageado-em-festa-junina\/#article","isPartOf":{"@id":"https:\/\/unisale.com.br\/novo\/reitor-do-unisalesiano-pe-paulo-fernando-vendrame-sdb-e-homenageado-em-festa-junina\/"},"author":{"name":"pastoral","@id":"https:\/\/unisale.com.br\/pastoral\/#\/schema\/person\/a16ba711a0f7dec9cb6b44563144d5a3"},"headline":"Reitor do UniSALESIANO, Pe. Paulo Fernando Vendrame, SDB, \u00e9 homenageado em Festa Junina","datePublished":"2024-09-10T14:18:37+00:00","mainEntityOfPage":{"@id":"https:\/\/unisale.com.br\/novo\/reitor-do-unisalesiano-pe-paulo-fernando-vendrame-sdb-e-homenageado-em-festa-junina\/"},"wordCount":337,"image":{"@id":"https:\/\/unisale.com.br\/novo\/reitor-do-unisalesiano-pe-paulo-fernando-vendrame-sdb-e-homenageado-em-festa-junina\/#primaryimage"},"thumbnailUrl":"https:\/\/unisale.com.br\/pastoral\/wp-content\/uploads\/2024\/09\/IMG_3307-768x512-1.jpg","articleSection":["Not\u00edcias"],"inLanguage":"pt-BR"},{"@type":"WebPage","@id":"https:\/\/unisale.com.br\/novo\/reitor-do-unisalesiano-pe-paulo-fernando-vendrame-sdb-e-homenageado-em-festa-junina\/","url":"https:\/\/unisale.com.br\/novo\/reitor-do-unisalesiano-pe-paulo-fernando-vendrame-sdb-e-homenageado-em-festa-junina\/","name":"Reitor do UniSALESIANO, Pe. Paulo Fernando Vendrame, SDB, \u00e9 homenageado em Festa Junina - Pastoral Universit\u00e1ria UniSALESIANO","isPartOf":{"@id":"https:\/\/unisale.com.br\/pastoral\/#website"},"primaryImageOfPage":{"@id":"https:\/\/unisale.com.br\/novo\/reitor-do-unisalesiano-pe-paulo-fernando-vendrame-sdb-e-homenageado-em-festa-junina\/#primaryimage"},"image":{"@id":"https:\/\/unisale.com.br\/novo\/reitor-do-unisalesiano-pe-paulo-fernando-vendrame-sdb-e-homenageado-em-festa-junina\/#primaryimage"},"thumbnailUrl":"https:\/\/unisale.com.br\/pastoral\/wp-content\/uploads\/2024\/09\/IMG_3307-768x512-1.jpg","datePublished":"2024-09-10T14:18:37+00:00","author":{"@id":"https:\/\/unisale.com.br\/pastoral\/#\/schema\/person\/a16ba711a0f7dec9cb6b44563144d5a3"},"inLanguage":"pt-BR","potentialAction":[{"@type":"ReadAction","target":["https:\/\/unisale.com.br\/novo\/reitor-do-unisalesiano-pe-paulo-fernando-vendrame-sdb-e-homenageado-em-festa-junina\/"]}]},{"@type":"ImageObject","inLanguage":"pt-BR","@id":"https:\/\/unisale.com.br\/novo\/reitor-do-unisalesiano-pe-paulo-fernando-vendrame-sdb-e-homenageado-em-festa-junina\/#primaryimage","url":"https:\/\/unisale.com.br\/pastoral\/wp-content\/uploads\/2024\/09\/IMG_3307-768x512-1.jpg","contentUrl":"https:\/\/unisale.com.br\/pastoral\/wp-content\/uploads\/2024\/09\/IMG_3307-768x512-1.jpg","width":750,"height":500},{"@type":"WebSite","@id":"https:\/\/unisale.com.br\/pastoral\/#website","url":"https:\/\/unisale.com.br\/pastoral\/","name":"Pastoral Universit\u00e1ria UniSALESIANO","description":"Site da Pastoral Universit\u00e1ria do UniSALESIANO","potentialAction":[{"@type":"SearchAction","target":{"@type":"EntryPoint","urlTemplate":"https:\/\/unisale.com.br\/pastoral\/?s={search_term_string}"},"query-input":{"@type":"PropertyValueSpecification","valueRequired":true,"valueName":"search_term_string"}}],"inLanguage":"pt-BR"},{"@type":"Person","@id":"https:\/\/unisale.com.br\/pastoral\/#\/schema\/person\/a16ba711a0f7dec9cb6b44563144d5a3","name":"pastoral","url":"https:\/\/unisale.com.br\/pastoral\/author\/pastoral\/"}]}},"_links":{"self":[{"href":"https:\/\/unisale.com.br\/pastoral\/wp-json\/wp\/v2\/posts\/10868","targetHints":{"allow":["GET"]}}],"collection":[{"href":"https:\/\/unisale.com.br\/pastoral\/wp-json\/wp\/v2\/posts"}],"about":[{"href":"https:\/\/unisale.com.br\/pastoral\/wp-json\/wp\/v2\/types\/post"}],"author":[{"embeddable":true,"href":"https:\/\/unisale.com.br\/pastoral\/wp-json\/wp\/v2\/users\/1"}],"replies":[{"embeddable":true,"href":"https:\/\/unisale.com.br\/pastoral\/wp-json\/wp\/v2\/comments?post=10868"}],"version-history":[{"count":1,"href":"https:\/\/unisale.com.br\/pastoral\/wp-json\/wp\/v2\/posts\/10868\/revisions"}],"predecessor-version":[{"id":10895,"href":"https:\/\/unisale.com.br\/pastoral\/wp-json\/wp\/v2\/posts\/10868\/revisions\/10895"}],"wp:featuredmedia":[{"embeddable":true,"href":"https:\/\/unisale.com.br\/pastoral\/wp-json\/wp\/v2\/media\/10891"}],"wp:attachment":[{"href":"https:\/\/unisale.com.br\/pastoral\/wp-json\/wp\/v2\/media?parent=10868"}],"wp:term":[{"taxonomy":"category","embeddable":true,"href":"https:\/\/unisale.com.br\/pastoral\/wp-json\/wp\/v2\/categories?post=10868"},{"taxonomy":"post_tag","embeddable":true,"href":"https:\/\/unisale.com.br\/pastoral\/wp-json\/wp\/v2\/tags?post=10868"}],"curies":[{"name":"wp","href":"https:\/\/api.w.org\/{rel}","templated":true}]}}