{"id":10911,"date":"2024-09-10T14:26:16","date_gmt":"2024-09-10T14:26:16","guid":{"rendered":"https:\/\/unisale.com.br\/pastoral\/?p=10911"},"modified":"2024-09-10T14:26:16","modified_gmt":"2024-09-10T14:26:16","slug":"vams-voluntariado-academico-missionario-salesiano-dara-visibilidade-as-acoes-academicas","status":"publish","type":"post","link":"https:\/\/unisale.com.br\/pastoral\/vams-voluntariado-academico-missionario-salesiano-dara-visibilidade-as-acoes-academicas\/","title":{"rendered":"\u201cVAMS\u201d \u2013 Voluntariado Acad\u00eamico Mission\u00e1rio Salesiano dar\u00e1 visibilidade \u00e0s a\u00e7\u00f5es acad\u00eamicas"},"content":{"rendered":"<p>Em sua 6\u00aa edi\u00e7\u00e3o, o projeto do UniSALESIANO, intitulado\u00a0<strong>\u201cVAMS\u201d \u2013 Voluntariado Acad\u00eamico Mission\u00e1rio Salesiano<\/strong>, ser\u00e1 mais uma vez realizado com a participa\u00e7\u00e3o de aproximadamente 40 pessoas ligadas \u00e0 Institui\u00e7\u00e3o, dentre elas: acad\u00eamicos de diversos cursos, docente, coordenadores e agentes de pastoral.<\/p>\n<p>O grupo sair\u00e1 de Ara\u00e7atuba, com destino ao Mato Grosso, na noite desta quinta-feira, dia 27 de junho, e retornar\u00e1 na manh\u00e3 do dia 8 de julho. Nesse per\u00edodo, visitar\u00e3o as aldeias ind\u00edgenas de\u00a0<strong>Meruri<\/strong>\u00a0(povo Bororo) e\u00a0<strong>S\u00e3o Marcos<\/strong>\u00a0(povo Xavante).<\/p>\n<p>De acordo com o\u00a0<strong>Pr\u00f3-Reitor de Pastoral, Pe. Paulo J\u00e1como, SDB<\/strong>, que faz parte da Comiss\u00e3o Organizadora do VAMS, trata-se de um projeto que vai al\u00e9m da assist\u00eancia. \u201c\u00c9 uma oportunidade para nossos alunos aplicarem seus conhecimentos de forma pr\u00e1tica, colaborando diretamente com as necessidades locais\u201d, destacou.<\/p>\n<p>Dentro do cronograma planejado ao longo de um ano, haver\u00e1 atividades acad\u00eamicas durante as manh\u00e3s, nas aldeias, que ser\u00e3o baseadas em documentos desenvolvidos pelos Coordenadores de cursos.<\/p>\n<p>Pe. Paulo ressaltou que essas atividades acad\u00eamicas fazem parte de um projeto piloto que visa atender \u00e0s necessidades imediatas e tamb\u00e9m estabelecer uma base s\u00f3lida para iniciativas futuras. \u201cEstamos vendo muitos deles engajados em projetos de pesquisa e escrevendo artigos, demonstrando um compromisso cont\u00ednuo com as comunidades que servimos.\u201d<\/p>\n<p>Al\u00e9m das atividades acad\u00eamicas, as tardes s\u00e3o reservadas para eventos culturais e recreativos, incluindo intera\u00e7\u00f5es com as crian\u00e7as locais e celebra\u00e7\u00f5es como a tradicional festa junina.<\/p>\n<p>O VAMS tem por objetivo firmar um compromisso com a responsabilidade social, al\u00e9m de servir de exemplo de como a educa\u00e7\u00e3o pode se traduzir em a\u00e7\u00f5es concretas de benef\u00edcio coletivo. \u201cA\u00e7\u00f5es que tamb\u00e9m foram realizadas pelo\u00a0<strong>Col\u00e9gio Salesiano \u2018Dom Luiz Lasagna\u2019,<\/strong>\u00a0cujos alunos arrecadaram alimentos para serem levados \u00e0s aldeias.\u201d<\/p>\n<p><strong>EXPERI\u00caNCIAS<\/strong><\/p>\n<p>Quem est\u00e1 animada com a viagem \u00e9 a acad\u00eamica do 7\u00ba termo do Curso de Medicina,\u00a0<strong>B\u00e1rbara Zapte dos Santos<\/strong>, que participa pela segunda vez consecutiva do VAMS. Ela lembra que, em 2023, o que a motivou a participar foi a busca pelo novo, pelas experi\u00eancias e sentimentos novos, al\u00e9m de poder ajudar a popula\u00e7\u00e3o ind\u00edgena levando alimentos, roupas e entretenimento durante a recrea\u00e7\u00e3o.<\/p>\n<p>\u201cJ\u00e1 esse ano, minha mentalidade est\u00e1 totalmente diferente. Quero poder reencontrar algumas crian\u00e7as que me marcaram muito, no sentido mais positivo e puro que se pode imaginar. Ter novas experi\u00eancias espirituais, subir nos morros das aldeias e me encantar novamente pela paisagem e pela missa l\u00e1 rezada pelo Padre Paulo J\u00e1como\u201d, explicou.<\/p>\n<p>Al\u00e9m disso, B\u00e1rbara tem o objetivo, neste ano, de realizar uma pesquisa sobre alcoolismo entre o povo Bororo, junto com mais tr\u00eas acad\u00eamicos do curso. \u201cEsse ano, coletaremos todos os dados necess\u00e1rios para a realiza\u00e7\u00e3o do artigo\u201d, disse, ao ressaltar que, outra a\u00e7\u00e3o acad\u00eamica ser\u00e1 a realiza\u00e7\u00e3o do mapeamento do perfil demogr\u00e1fico, epidemiol\u00f3gico, identifica\u00e7\u00e3o dos h\u00e1bitos alimentares, rela\u00e7\u00e3o da popula\u00e7\u00e3o com animais e como \u00e9 realizada o atendimento de profissionais da sa\u00fade na aldeia. \u201cEsses dados ser\u00e3o utilizados pelos voluntariados que forem nos pr\u00f3ximos anos.\u201d<\/p>\n<p>&nbsp;<\/p>\n<p><img fetchpriority=\"high\" decoding=\"async\" class=\"alignnone size-full wp-image-10915\" src=\"https:\/\/unisale.com.br\/pastoral\/wp-content\/uploads\/2024\/09\/WhatsApp-Image-2024-06-24-at-16.52.58-768x512-1.jpeg\" alt=\"\" width=\"768\" height=\"512\" srcset=\"https:\/\/unisale.com.br\/pastoral\/wp-content\/uploads\/2024\/09\/WhatsApp-Image-2024-06-24-at-16.52.58-768x512-1.jpeg 750w, https:\/\/unisale.com.br\/pastoral\/wp-content\/uploads\/2024\/09\/WhatsApp-Image-2024-06-24-at-16.52.58-768x512-1-300x200.jpeg 300w\" sizes=\"(max-width: 768px) 100vw, 768px\" \/><\/p>\n<p><img decoding=\"async\" class=\"alignnone size-full wp-image-10914\" src=\"https:\/\/unisale.com.br\/pastoral\/wp-content\/uploads\/2024\/09\/WhatsApp-Image-2024-06-24-at-16.50.35-768x512-1.jpeg\" alt=\"\" width=\"768\" height=\"512\" srcset=\"https:\/\/unisale.com.br\/pastoral\/wp-content\/uploads\/2024\/09\/WhatsApp-Image-2024-06-24-at-16.50.35-768x512-1.jpeg 750w, https:\/\/unisale.com.br\/pastoral\/wp-content\/uploads\/2024\/09\/WhatsApp-Image-2024-06-24-at-16.50.35-768x512-1-300x200.jpeg 300w\" sizes=\"(max-width: 768px) 100vw, 768px\" \/><\/p>\n<p><img decoding=\"async\" class=\"wp-image-10913 size-full alignnone\" src=\"https:\/\/unisale.com.br\/pastoral\/wp-content\/uploads\/2024\/09\/WhatsApp-Image-2024-06-26-at-15.15.49-225x300-1.jpeg\" alt=\"\" width=\"225\" height=\"300\" \/><\/p>\n","protected":false},"excerpt":{"rendered":"<p>Em sua 6\u00aa edi\u00e7\u00e3o, o projeto do UniSALESIANO, intitulado\u00a0\u201cVAMS\u201d \u2013 Voluntariado Acad\u00eamico Mission\u00e1rio Salesiano, ser\u00e1 mais uma vez realizado com a participa\u00e7\u00e3o de aproximadamente 40&#8230;<\/p>\n","protected":false},"author":1,"featured_media":10912,"comment_status":"closed","ping_status":"closed","sticky":false,"template":"","format":"standard","meta":{"_acf_changed":false,"footnotes":""},"categories":[3],"tags":[],"class_list":["post-10911","post","type-post","status-publish","format-standard","has-post-thumbnail","hentry","category-not"],"acf":[],"yoast_head":"<!-- This site is optimized with the Yoast SEO plugin v27.3 - https:\/\/yoast.com\/product\/yoast-seo-wordpress\/ -->\n<title>\u201cVAMS\u201d \u2013 Voluntariado Acad\u00eamico Mission\u00e1rio Salesiano dar\u00e1 visibilidade \u00e0s a\u00e7\u00f5es acad\u00eamicas - Pastoral Universit\u00e1ria UniSALESIANO<\/title>\n<meta name=\"robots\" content=\"index, follow, max-snippet:-1, max-image-preview:large, max-video-preview:-1\" \/>\n<link rel=\"canonical\" href=\"https:\/\/unisale.com.br\/novo\/vams-voluntariado-academico-missionario-salesiano-dara-visibilidade-as-acoes-academicas\/\" \/>\n<meta property=\"og:locale\" content=\"pt_BR\" \/>\n<meta property=\"og:type\" content=\"article\" \/>\n<meta property=\"og:title\" content=\"\u201cVAMS\u201d \u2013 Voluntariado Acad\u00eamico Mission\u00e1rio Salesiano dar\u00e1 visibilidade \u00e0s a\u00e7\u00f5es acad\u00eamicas - Pastoral Universit\u00e1ria UniSALESIANO\" \/>\n<meta property=\"og:description\" content=\"Em sua 6\u00aa edi\u00e7\u00e3o, o projeto do UniSALESIANO, intitulado\u00a0\u201cVAMS\u201d \u2013 Voluntariado Acad\u00eamico Mission\u00e1rio Salesiano, ser\u00e1 mais uma vez realizado com a participa\u00e7\u00e3o de aproximadamente 40...\" \/>\n<meta property=\"og:url\" content=\"https:\/\/unisale.com.br\/novo\/vams-voluntariado-academico-missionario-salesiano-dara-visibilidade-as-acoes-academicas\/\" \/>\n<meta property=\"og:site_name\" content=\"Pastoral Universit\u00e1ria UniSALESIANO\" \/>\n<meta property=\"article:published_time\" content=\"2024-09-10T14:26:16+00:00\" \/>\n<meta property=\"og:image\" content=\"https:\/\/unisale.com.br\/novo\/wp-content\/uploads\/2024\/09\/Captura-de-tela-2024-06-26-153826.jpg\" \/>\n\t<meta property=\"og:image:width\" content=\"674\" \/>\n\t<meta property=\"og:image:height\" content=\"450\" \/>\n\t<meta property=\"og:image:type\" content=\"image\/jpeg\" \/>\n<meta name=\"author\" content=\"pastoral\" \/>\n<meta name=\"twitter:card\" content=\"summary_large_image\" \/>\n<meta name=\"twitter:label1\" content=\"Escrito por\" \/>\n\t<meta name=\"twitter:data1\" content=\"pastoral\" \/>\n\t<meta name=\"twitter:label2\" content=\"Est. tempo de leitura\" \/>\n\t<meta name=\"twitter:data2\" content=\"4 minutos\" \/>\n<script type=\"application\/ld+json\" class=\"yoast-schema-graph\">{\"@context\":\"https:\\\/\\\/schema.org\",\"@graph\":[{\"@type\":\"Article\",\"@id\":\"https:\\\/\\\/unisale.com.br\\\/novo\\\/vams-voluntariado-academico-missionario-salesiano-dara-visibilidade-as-acoes-academicas\\\/#article\",\"isPartOf\":{\"@id\":\"https:\\\/\\\/unisale.com.br\\\/novo\\\/vams-voluntariado-academico-missionario-salesiano-dara-visibilidade-as-acoes-academicas\\\/\"},\"author\":{\"name\":\"pastoral\",\"@id\":\"https:\\\/\\\/unisale.com.br\\\/pastoral\\\/#\\\/schema\\\/person\\\/a16ba711a0f7dec9cb6b44563144d5a3\"},\"headline\":\"\u201cVAMS\u201d \u2013 Voluntariado Acad\u00eamico Mission\u00e1rio Salesiano dar\u00e1 visibilidade \u00e0s a\u00e7\u00f5es acad\u00eamicas\",\"datePublished\":\"2024-09-10T14:26:16+00:00\",\"mainEntityOfPage\":{\"@id\":\"https:\\\/\\\/unisale.com.br\\\/novo\\\/vams-voluntariado-academico-missionario-salesiano-dara-visibilidade-as-acoes-academicas\\\/\"},\"wordCount\":555,\"image\":{\"@id\":\"https:\\\/\\\/unisale.com.br\\\/novo\\\/vams-voluntariado-academico-missionario-salesiano-dara-visibilidade-as-acoes-academicas\\\/#primaryimage\"},\"thumbnailUrl\":\"https:\\\/\\\/unisale.com.br\\\/pastoral\\\/wp-content\\\/uploads\\\/2024\\\/09\\\/Captura-de-tela-2024-06-26-153826.jpg\",\"articleSection\":[\"Not\u00edcias\"],\"inLanguage\":\"pt-BR\"},{\"@type\":\"WebPage\",\"@id\":\"https:\\\/\\\/unisale.com.br\\\/novo\\\/vams-voluntariado-academico-missionario-salesiano-dara-visibilidade-as-acoes-academicas\\\/\",\"url\":\"https:\\\/\\\/unisale.com.br\\\/novo\\\/vams-voluntariado-academico-missionario-salesiano-dara-visibilidade-as-acoes-academicas\\\/\",\"name\":\"\u201cVAMS\u201d \u2013 Voluntariado Acad\u00eamico Mission\u00e1rio Salesiano dar\u00e1 visibilidade \u00e0s a\u00e7\u00f5es acad\u00eamicas - Pastoral Universit\u00e1ria UniSALESIANO\",\"isPartOf\":{\"@id\":\"https:\\\/\\\/unisale.com.br\\\/pastoral\\\/#website\"},\"primaryImageOfPage\":{\"@id\":\"https:\\\/\\\/unisale.com.br\\\/novo\\\/vams-voluntariado-academico-missionario-salesiano-dara-visibilidade-as-acoes-academicas\\\/#primaryimage\"},\"image\":{\"@id\":\"https:\\\/\\\/unisale.com.br\\\/novo\\\/vams-voluntariado-academico-missionario-salesiano-dara-visibilidade-as-acoes-academicas\\\/#primaryimage\"},\"thumbnailUrl\":\"https:\\\/\\\/unisale.com.br\\\/pastoral\\\/wp-content\\\/uploads\\\/2024\\\/09\\\/Captura-de-tela-2024-06-26-153826.jpg\",\"datePublished\":\"2024-09-10T14:26:16+00:00\",\"author\":{\"@id\":\"https:\\\/\\\/unisale.com.br\\\/pastoral\\\/#\\\/schema\\\/person\\\/a16ba711a0f7dec9cb6b44563144d5a3\"},\"inLanguage\":\"pt-BR\",\"potentialAction\":[{\"@type\":\"ReadAction\",\"target\":[\"https:\\\/\\\/unisale.com.br\\\/novo\\\/vams-voluntariado-academico-missionario-salesiano-dara-visibilidade-as-acoes-academicas\\\/\"]}]},{\"@type\":\"ImageObject\",\"inLanguage\":\"pt-BR\",\"@id\":\"https:\\\/\\\/unisale.com.br\\\/novo\\\/vams-voluntariado-academico-missionario-salesiano-dara-visibilidade-as-acoes-academicas\\\/#primaryimage\",\"url\":\"https:\\\/\\\/unisale.com.br\\\/pastoral\\\/wp-content\\\/uploads\\\/2024\\\/09\\\/Captura-de-tela-2024-06-26-153826.jpg\",\"contentUrl\":\"https:\\\/\\\/unisale.com.br\\\/pastoral\\\/wp-content\\\/uploads\\\/2024\\\/09\\\/Captura-de-tela-2024-06-26-153826.jpg\",\"width\":674,\"height\":450},{\"@type\":\"WebSite\",\"@id\":\"https:\\\/\\\/unisale.com.br\\\/pastoral\\\/#website\",\"url\":\"https:\\\/\\\/unisale.com.br\\\/pastoral\\\/\",\"name\":\"Pastoral Universit\u00e1ria UniSALESIANO\",\"description\":\"Site da Pastoral Universit\u00e1ria do UniSALESIANO\",\"potentialAction\":[{\"@type\":\"SearchAction\",\"target\":{\"@type\":\"EntryPoint\",\"urlTemplate\":\"https:\\\/\\\/unisale.com.br\\\/pastoral\\\/?s={search_term_string}\"},\"query-input\":{\"@type\":\"PropertyValueSpecification\",\"valueRequired\":true,\"valueName\":\"search_term_string\"}}],\"inLanguage\":\"pt-BR\"},{\"@type\":\"Person\",\"@id\":\"https:\\\/\\\/unisale.com.br\\\/pastoral\\\/#\\\/schema\\\/person\\\/a16ba711a0f7dec9cb6b44563144d5a3\",\"name\":\"pastoral\",\"url\":\"https:\\\/\\\/unisale.com.br\\\/pastoral\\\/author\\\/pastoral\\\/\"}]}<\/script>\n<!-- \/ Yoast SEO plugin. -->","yoast_head_json":{"title":"\u201cVAMS\u201d \u2013 Voluntariado Acad\u00eamico Mission\u00e1rio Salesiano dar\u00e1 visibilidade \u00e0s a\u00e7\u00f5es acad\u00eamicas - Pastoral Universit\u00e1ria UniSALESIANO","robots":{"index":"index","follow":"follow","max-snippet":"max-snippet:-1","max-image-preview":"max-image-preview:large","max-video-preview":"max-video-preview:-1"},"canonical":"https:\/\/unisale.com.br\/novo\/vams-voluntariado-academico-missionario-salesiano-dara-visibilidade-as-acoes-academicas\/","og_locale":"pt_BR","og_type":"article","og_title":"\u201cVAMS\u201d \u2013 Voluntariado Acad\u00eamico Mission\u00e1rio Salesiano dar\u00e1 visibilidade \u00e0s a\u00e7\u00f5es acad\u00eamicas - Pastoral Universit\u00e1ria UniSALESIANO","og_description":"Em sua 6\u00aa edi\u00e7\u00e3o, o projeto do UniSALESIANO, intitulado\u00a0\u201cVAMS\u201d \u2013 Voluntariado Acad\u00eamico Mission\u00e1rio Salesiano, ser\u00e1 mais uma vez realizado com a participa\u00e7\u00e3o de aproximadamente 40...","og_url":"https:\/\/unisale.com.br\/novo\/vams-voluntariado-academico-missionario-salesiano-dara-visibilidade-as-acoes-academicas\/","og_site_name":"Pastoral Universit\u00e1ria UniSALESIANO","article_published_time":"2024-09-10T14:26:16+00:00","og_image":[{"width":674,"height":450,"url":"https:\/\/unisale.com.br\/novo\/wp-content\/uploads\/2024\/09\/Captura-de-tela-2024-06-26-153826.jpg","type":"image\/jpeg"}],"author":"pastoral","twitter_card":"summary_large_image","twitter_misc":{"Escrito por":"pastoral","Est. tempo de leitura":"4 minutos"},"schema":{"@context":"https:\/\/schema.org","@graph":[{"@type":"Article","@id":"https:\/\/unisale.com.br\/novo\/vams-voluntariado-academico-missionario-salesiano-dara-visibilidade-as-acoes-academicas\/#article","isPartOf":{"@id":"https:\/\/unisale.com.br\/novo\/vams-voluntariado-academico-missionario-salesiano-dara-visibilidade-as-acoes-academicas\/"},"author":{"name":"pastoral","@id":"https:\/\/unisale.com.br\/pastoral\/#\/schema\/person\/a16ba711a0f7dec9cb6b44563144d5a3"},"headline":"\u201cVAMS\u201d \u2013 Voluntariado Acad\u00eamico Mission\u00e1rio Salesiano dar\u00e1 visibilidade \u00e0s a\u00e7\u00f5es acad\u00eamicas","datePublished":"2024-09-10T14:26:16+00:00","mainEntityOfPage":{"@id":"https:\/\/unisale.com.br\/novo\/vams-voluntariado-academico-missionario-salesiano-dara-visibilidade-as-acoes-academicas\/"},"wordCount":555,"image":{"@id":"https:\/\/unisale.com.br\/novo\/vams-voluntariado-academico-missionario-salesiano-dara-visibilidade-as-acoes-academicas\/#primaryimage"},"thumbnailUrl":"https:\/\/unisale.com.br\/pastoral\/wp-content\/uploads\/2024\/09\/Captura-de-tela-2024-06-26-153826.jpg","articleSection":["Not\u00edcias"],"inLanguage":"pt-BR"},{"@type":"WebPage","@id":"https:\/\/unisale.com.br\/novo\/vams-voluntariado-academico-missionario-salesiano-dara-visibilidade-as-acoes-academicas\/","url":"https:\/\/unisale.com.br\/novo\/vams-voluntariado-academico-missionario-salesiano-dara-visibilidade-as-acoes-academicas\/","name":"\u201cVAMS\u201d \u2013 Voluntariado Acad\u00eamico Mission\u00e1rio Salesiano dar\u00e1 visibilidade \u00e0s a\u00e7\u00f5es acad\u00eamicas - Pastoral Universit\u00e1ria UniSALESIANO","isPartOf":{"@id":"https:\/\/unisale.com.br\/pastoral\/#website"},"primaryImageOfPage":{"@id":"https:\/\/unisale.com.br\/novo\/vams-voluntariado-academico-missionario-salesiano-dara-visibilidade-as-acoes-academicas\/#primaryimage"},"image":{"@id":"https:\/\/unisale.com.br\/novo\/vams-voluntariado-academico-missionario-salesiano-dara-visibilidade-as-acoes-academicas\/#primaryimage"},"thumbnailUrl":"https:\/\/unisale.com.br\/pastoral\/wp-content\/uploads\/2024\/09\/Captura-de-tela-2024-06-26-153826.jpg","datePublished":"2024-09-10T14:26:16+00:00","author":{"@id":"https:\/\/unisale.com.br\/pastoral\/#\/schema\/person\/a16ba711a0f7dec9cb6b44563144d5a3"},"inLanguage":"pt-BR","potentialAction":[{"@type":"ReadAction","target":["https:\/\/unisale.com.br\/novo\/vams-voluntariado-academico-missionario-salesiano-dara-visibilidade-as-acoes-academicas\/"]}]},{"@type":"ImageObject","inLanguage":"pt-BR","@id":"https:\/\/unisale.com.br\/novo\/vams-voluntariado-academico-missionario-salesiano-dara-visibilidade-as-acoes-academicas\/#primaryimage","url":"https:\/\/unisale.com.br\/pastoral\/wp-content\/uploads\/2024\/09\/Captura-de-tela-2024-06-26-153826.jpg","contentUrl":"https:\/\/unisale.com.br\/pastoral\/wp-content\/uploads\/2024\/09\/Captura-de-tela-2024-06-26-153826.jpg","width":674,"height":450},{"@type":"WebSite","@id":"https:\/\/unisale.com.br\/pastoral\/#website","url":"https:\/\/unisale.com.br\/pastoral\/","name":"Pastoral Universit\u00e1ria UniSALESIANO","description":"Site da Pastoral Universit\u00e1ria do UniSALESIANO","potentialAction":[{"@type":"SearchAction","target":{"@type":"EntryPoint","urlTemplate":"https:\/\/unisale.com.br\/pastoral\/?s={search_term_string}"},"query-input":{"@type":"PropertyValueSpecification","valueRequired":true,"valueName":"search_term_string"}}],"inLanguage":"pt-BR"},{"@type":"Person","@id":"https:\/\/unisale.com.br\/pastoral\/#\/schema\/person\/a16ba711a0f7dec9cb6b44563144d5a3","name":"pastoral","url":"https:\/\/unisale.com.br\/pastoral\/author\/pastoral\/"}]}},"_links":{"self":[{"href":"https:\/\/unisale.com.br\/pastoral\/wp-json\/wp\/v2\/posts\/10911","targetHints":{"allow":["GET"]}}],"collection":[{"href":"https:\/\/unisale.com.br\/pastoral\/wp-json\/wp\/v2\/posts"}],"about":[{"href":"https:\/\/unisale.com.br\/pastoral\/wp-json\/wp\/v2\/types\/post"}],"author":[{"embeddable":true,"href":"https:\/\/unisale.com.br\/pastoral\/wp-json\/wp\/v2\/users\/1"}],"replies":[{"embeddable":true,"href":"https:\/\/unisale.com.br\/pastoral\/wp-json\/wp\/v2\/comments?post=10911"}],"version-history":[{"count":2,"href":"https:\/\/unisale.com.br\/pastoral\/wp-json\/wp\/v2\/posts\/10911\/revisions"}],"predecessor-version":[{"id":10917,"href":"https:\/\/unisale.com.br\/pastoral\/wp-json\/wp\/v2\/posts\/10911\/revisions\/10917"}],"wp:featuredmedia":[{"embeddable":true,"href":"https:\/\/unisale.com.br\/pastoral\/wp-json\/wp\/v2\/media\/10912"}],"wp:attachment":[{"href":"https:\/\/unisale.com.br\/pastoral\/wp-json\/wp\/v2\/media?parent=10911"}],"wp:term":[{"taxonomy":"category","embeddable":true,"href":"https:\/\/unisale.com.br\/pastoral\/wp-json\/wp\/v2\/categories?post=10911"},{"taxonomy":"post_tag","embeddable":true,"href":"https:\/\/unisale.com.br\/pastoral\/wp-json\/wp\/v2\/tags?post=10911"}],"curies":[{"name":"wp","href":"https:\/\/api.w.org\/{rel}","templated":true}]}}