{"id":10918,"date":"2024-09-10T14:27:19","date_gmt":"2024-09-10T14:27:19","guid":{"rendered":"https:\/\/unisale.com.br\/pastoral\/?p=10918"},"modified":"2024-09-10T14:33:08","modified_gmt":"2024-09-10T14:33:08","slug":"academicos-e-professores-do-vams-participam-da-celebracao-de-envio-antes-de-partir-para-o-mt","status":"publish","type":"post","link":"https:\/\/unisale.com.br\/pastoral\/academicos-e-professores-do-vams-participam-da-celebracao-de-envio-antes-de-partir-para-o-mt\/","title":{"rendered":"Acad\u00eamicos e professores do VAMS participam da \u201cCelebra\u00e7\u00e3o de Envio\u201d antes de partir para o MT"},"content":{"rendered":"\t\t<div data-elementor-type=\"wp-post\" data-elementor-id=\"10918\" class=\"elementor elementor-10918\">\n\t\t\t\t\t\t<section class=\"elementor-section elementor-top-section elementor-element elementor-element-412becb7 elementor-section-boxed elementor-section-height-default elementor-section-height-default\" data-id=\"412becb7\" data-element_type=\"section\" data-e-type=\"section\">\n\t\t\t\t\t\t<div class=\"elementor-container elementor-column-gap-default\">\n\t\t\t\t\t<div class=\"elementor-column elementor-col-100 elementor-top-column elementor-element elementor-element-3df918c3\" data-id=\"3df918c3\" data-element_type=\"column\" data-e-type=\"column\">\n\t\t\t<div class=\"elementor-widget-wrap elementor-element-populated\">\n\t\t\t\t\t\t<div class=\"elementor-element elementor-element-30915346 elementor-widget elementor-widget-text-editor\" data-id=\"30915346\" data-element_type=\"widget\" data-e-type=\"widget\" data-widget_type=\"text-editor.default\">\n\t\t\t\t<div class=\"elementor-widget-container\">\n\t\t\t\t\t\t\t\t\tAcad\u00eamicos do\u00a0<strong>\u201cVAMS\u201d \u2013 Voluntariado Acad\u00eamico Mission\u00e1rio Salesiano<\/strong>\u00a0participaram da\u00a0<strong>\u201cCelebra\u00e7\u00e3o de Envio\u201d<\/strong>, realizada na Capela do Centro de Conviv\u00eancia do UniSALESIANO, pelo\u00a0<strong>Reitor da Institui\u00e7\u00e3o, Pe. Paulo Vendrame, SDB<\/strong>\u00a0e pelo\u00a0<strong>Pr\u00f3-reitor de Pastoral, Pe. Paulo J\u00e1como, SDB,\u00a0<\/strong>na noite da sa\u00edda para o Mato Grosso (27 de junho).\n\nNa oportunidade, Pe. Vendrame deu a b\u00ean\u00e7\u00e3o ao grupo, incentivou com palavras do Evangelho para a jornada e explicou aos presentes o significado de cada sigla do projeto do UniSALESIANO \u2013 VAMS.\n\n\u201cVoluntariado enfatiza o esp\u00edrito de servi\u00e7o e dedica\u00e7\u00e3o; o olhar acad\u00eamico direciona os alunos a aplicarem os conhecimentos adquiridos em sala de aula. J\u00e1 a dimens\u00e3o mission\u00e1ria leva os volunt\u00e1rios a uma experi\u00eancia de imers\u00e3o cultural e espiritual crist\u00e3, e o salesiano refere-se \u00e0 identidade do projeto, alinhada com os valores e a pedagogia de Dom Bosco\u201d, explicou.\n\nAproximadamente 50 pessoas visitar\u00e3o as aldeias ind\u00edgenas de Meruri (Etnia Boe-Bororo) e S\u00e3o Marcos (Etnia Xavante), onde permanecer\u00e3o at\u00e9 o dia 8 de julho. Durante esse per\u00edodo, os volunt\u00e1rios realizar\u00e3o diversas atividades acad\u00eamicas e culturais, visando proporcionar assist\u00eancia e troca de conhecimentos com as comunidades ind\u00edgenas.\n\nSegundo Pe. Paulo J\u00e1como, que \u00e9 membro da Comiss\u00e3o Organizadora do VAMS, o projeto vai al\u00e9m da assist\u00eancia imediata. \u201c\u00c9 uma oportunidade para nossos alunos aplicarem seus conhecimentos de forma pr\u00e1tica, colaborando diretamente com as necessidades locais\u201d, destacou.\n\nAs atividades acad\u00eamicas, planejadas ao longo de um ano, ocorrer\u00e3o durante as manh\u00e3s e ser\u00e3o baseadas em documentos desenvolvidos pelos coordenadores dos cursos de Gradua\u00e7\u00e3o. \u00c0 tarde, os volunt\u00e1rios participar\u00e3o de eventos culturais e recreativos, incluindo intera\u00e7\u00f5es com as fam\u00edlias, em especial com as crian\u00e7as e adolescentes , com celebra\u00e7\u00f5es como a tradicional festa junina.\n\n\u201cA miss\u00e3o do VAMS reafirma o compromisso do UniSALESIANO com a responsabilidade social e a forma\u00e7\u00e3o de profissionais comprometidos com a transforma\u00e7\u00e3o positiva das comunidades que servem\u201d, concluiu o Reitor.\t\t\t\t\t\t\t\t<\/div>\n\t\t\t\t<\/div>\n\t\t\t\t\t<\/div>\n\t\t<\/div>\n\t\t\t\t\t<\/div>\n\t\t<\/section>\n\t\t\t\t<section class=\"elementor-section elementor-top-section elementor-element elementor-element-374f533 elementor-section-boxed elementor-section-height-default elementor-section-height-default\" data-id=\"374f533\" data-element_type=\"section\" data-e-type=\"section\">\n\t\t\t\t\t\t<div class=\"elementor-container elementor-column-gap-default\">\n\t\t\t\t\t<div class=\"elementor-column elementor-col-100 elementor-top-column elementor-element elementor-element-e5caa9c\" data-id=\"e5caa9c\" data-element_type=\"column\" data-e-type=\"column\">\n\t\t\t<div class=\"elementor-widget-wrap elementor-element-populated\">\n\t\t\t\t\t\t<div class=\"elementor-element elementor-element-0ca398a elementor-pagination-position-inside elementor-arrows-position-inside elementor-widget elementor-widget-image-carousel\" data-id=\"0ca398a\" data-element_type=\"widget\" data-e-type=\"widget\" data-settings=\"{&quot;autoplay_speed&quot;:4000,&quot;navigation&quot;:&quot;both&quot;,&quot;autoplay&quot;:&quot;yes&quot;,&quot;pause_on_hover&quot;:&quot;yes&quot;,&quot;pause_on_interaction&quot;:&quot;yes&quot;,&quot;infinite&quot;:&quot;yes&quot;,&quot;speed&quot;:500}\" data-widget_type=\"image-carousel.default\">\n\t\t\t\t<div class=\"elementor-widget-container\">\n\t\t\t\t\t\t\t<div class=\"elementor-image-carousel-wrapper swiper\" role=\"region\" aria-roledescription=\"carousel\" aria-label=\"Carrossel de imagens\" dir=\"ltr\">\n\t\t\t<div class=\"elementor-image-carousel swiper-wrapper\" aria-live=\"off\">\n\t\t\t\t\t\t\t\t<div class=\"swiper-slide\" role=\"group\" aria-roledescription=\"slide\" aria-label=\"1 de 18\"><figure class=\"swiper-slide-inner\"><img decoding=\"async\" class=\"swiper-slide-image\" src=\"https:\/\/unisale.com.br\/pastoral\/wp-content\/uploads\/2024\/09\/IMG_3829-1024x683-1-150x150.jpg\" alt=\"IMG_3829-1024x683\" \/><\/figure><\/div><div class=\"swiper-slide\" role=\"group\" aria-roledescription=\"slide\" aria-label=\"2 de 18\"><figure class=\"swiper-slide-inner\"><img decoding=\"async\" class=\"swiper-slide-image\" src=\"https:\/\/unisale.com.br\/pastoral\/wp-content\/uploads\/2024\/09\/IMG_3841-1024x683-1-150x150.jpg\" alt=\"IMG_3841-1024x683\" \/><\/figure><\/div><div class=\"swiper-slide\" role=\"group\" aria-roledescription=\"slide\" aria-label=\"3 de 18\"><figure class=\"swiper-slide-inner\"><img decoding=\"async\" class=\"swiper-slide-image\" src=\"https:\/\/unisale.com.br\/pastoral\/wp-content\/uploads\/2024\/09\/IMG_3846-1024x683-1-150x150.jpg\" alt=\"IMG_3846-1024x683\" \/><\/figure><\/div><div class=\"swiper-slide\" role=\"group\" aria-roledescription=\"slide\" aria-label=\"4 de 18\"><figure class=\"swiper-slide-inner\"><img decoding=\"async\" class=\"swiper-slide-image\" src=\"https:\/\/unisale.com.br\/pastoral\/wp-content\/uploads\/2024\/09\/IMG_3866-1024x683-1-150x150.jpg\" alt=\"IMG_3866-1024x683\" \/><\/figure><\/div><div class=\"swiper-slide\" role=\"group\" aria-roledescription=\"slide\" aria-label=\"5 de 18\"><figure class=\"swiper-slide-inner\"><img decoding=\"async\" class=\"swiper-slide-image\" src=\"https:\/\/unisale.com.br\/pastoral\/wp-content\/uploads\/2024\/09\/IMG_3870-1024x683-1-150x150.jpg\" alt=\"IMG_3870-1024x683\" \/><\/figure><\/div><div class=\"swiper-slide\" role=\"group\" aria-roledescription=\"slide\" aria-label=\"6 de 18\"><figure class=\"swiper-slide-inner\"><img decoding=\"async\" class=\"swiper-slide-image\" src=\"https:\/\/unisale.com.br\/pastoral\/wp-content\/uploads\/2024\/09\/IMG_3887-1024x683-1-150x150.jpg\" alt=\"IMG_3887-1024x683\" \/><\/figure><\/div><div class=\"swiper-slide\" role=\"group\" aria-roledescription=\"slide\" aria-label=\"7 de 18\"><figure class=\"swiper-slide-inner\"><img decoding=\"async\" class=\"swiper-slide-image\" src=\"https:\/\/unisale.com.br\/pastoral\/wp-content\/uploads\/2024\/09\/IMG_3888-1024x683-1-150x150.jpg\" alt=\"IMG_3888-1024x683\" \/><\/figure><\/div><div class=\"swiper-slide\" role=\"group\" aria-roledescription=\"slide\" aria-label=\"8 de 18\"><figure class=\"swiper-slide-inner\"><img decoding=\"async\" class=\"swiper-slide-image\" src=\"https:\/\/unisale.com.br\/pastoral\/wp-content\/uploads\/2024\/09\/IMG_3893-1024x683-1-150x150.jpg\" alt=\"IMG_3893-1024x683\" \/><\/figure><\/div><div class=\"swiper-slide\" role=\"group\" aria-roledescription=\"slide\" aria-label=\"9 de 18\"><figure class=\"swiper-slide-inner\"><img decoding=\"async\" class=\"swiper-slide-image\" src=\"https:\/\/unisale.com.br\/pastoral\/wp-content\/uploads\/2024\/09\/IMG_3899-1024x683-1-150x150.jpg\" alt=\"IMG_3899-1024x683\" \/><\/figure><\/div><div class=\"swiper-slide\" role=\"group\" aria-roledescription=\"slide\" aria-label=\"10 de 18\"><figure class=\"swiper-slide-inner\"><img decoding=\"async\" class=\"swiper-slide-image\" src=\"https:\/\/unisale.com.br\/pastoral\/wp-content\/uploads\/2024\/09\/IMG_3909-1024x683-1-150x150.jpg\" alt=\"IMG_3909-1024x683\" \/><\/figure><\/div><div class=\"swiper-slide\" role=\"group\" aria-roledescription=\"slide\" aria-label=\"11 de 18\"><figure class=\"swiper-slide-inner\"><img decoding=\"async\" class=\"swiper-slide-image\" src=\"https:\/\/unisale.com.br\/pastoral\/wp-content\/uploads\/2024\/09\/IMG_3915-2048x1365-1-150x150.jpg\" alt=\"IMG_3915-2048x1365\" \/><\/figure><\/div><div class=\"swiper-slide\" role=\"group\" aria-roledescription=\"slide\" aria-label=\"12 de 18\"><figure class=\"swiper-slide-inner\"><img decoding=\"async\" class=\"swiper-slide-image\" src=\"https:\/\/unisale.com.br\/pastoral\/wp-content\/uploads\/2024\/09\/IMG_3926-1024x683-1-150x150.jpg\" alt=\"IMG_3926-1024x683\" \/><\/figure><\/div><div class=\"swiper-slide\" role=\"group\" aria-roledescription=\"slide\" aria-label=\"13 de 18\"><figure class=\"swiper-slide-inner\"><img decoding=\"async\" class=\"swiper-slide-image\" src=\"https:\/\/unisale.com.br\/pastoral\/wp-content\/uploads\/2024\/09\/IMG_3946-1024x683-1-150x150.jpg\" alt=\"IMG_3946-1024x683\" \/><\/figure><\/div><div class=\"swiper-slide\" role=\"group\" aria-roledescription=\"slide\" aria-label=\"14 de 18\"><figure class=\"swiper-slide-inner\"><img decoding=\"async\" class=\"swiper-slide-image\" src=\"https:\/\/unisale.com.br\/pastoral\/wp-content\/uploads\/2024\/09\/IMG_3776-1024x683-1-150x150.jpg\" alt=\"IMG_3776-1024x683\" \/><\/figure><\/div><div class=\"swiper-slide\" role=\"group\" aria-roledescription=\"slide\" aria-label=\"15 de 18\"><figure class=\"swiper-slide-inner\"><img decoding=\"async\" class=\"swiper-slide-image\" src=\"https:\/\/unisale.com.br\/pastoral\/wp-content\/uploads\/2024\/09\/IMG_3810-1024x683-1-150x150.jpg\" alt=\"IMG_3810-1024x683\" \/><\/figure><\/div><div class=\"swiper-slide\" role=\"group\" aria-roledescription=\"slide\" aria-label=\"16 de 18\"><figure class=\"swiper-slide-inner\"><img decoding=\"async\" class=\"swiper-slide-image\" src=\"https:\/\/unisale.com.br\/pastoral\/wp-content\/uploads\/2024\/09\/IMG_3813-1024x683-1-150x150.jpg\" alt=\"IMG_3813-1024x683\" \/><\/figure><\/div><div class=\"swiper-slide\" role=\"group\" aria-roledescription=\"slide\" aria-label=\"17 de 18\"><figure class=\"swiper-slide-inner\"><img decoding=\"async\" class=\"swiper-slide-image\" src=\"https:\/\/unisale.com.br\/pastoral\/wp-content\/uploads\/2024\/09\/IMG_3816-768x512-1-150x150.jpg\" alt=\"IMG_3816-768x512\" \/><\/figure><\/div><div class=\"swiper-slide\" role=\"group\" aria-roledescription=\"slide\" aria-label=\"18 de 18\"><figure class=\"swiper-slide-inner\"><img decoding=\"async\" class=\"swiper-slide-image\" src=\"https:\/\/unisale.com.br\/pastoral\/wp-content\/uploads\/2024\/09\/IMG_3826-1024x683-1-150x150.jpg\" alt=\"IMG_3826-1024x683\" \/><\/figure><\/div>\t\t\t<\/div>\n\t\t\t\t\t\t\t\t\t\t\t\t<div class=\"elementor-swiper-button elementor-swiper-button-prev\" role=\"button\" tabindex=\"0\">\n\t\t\t\t\t\t<i aria-hidden=\"true\" class=\"eicon-chevron-left\"><\/i>\t\t\t\t\t<\/div>\n\t\t\t\t\t<div class=\"elementor-swiper-button elementor-swiper-button-next\" role=\"button\" tabindex=\"0\">\n\t\t\t\t\t\t<i aria-hidden=\"true\" class=\"eicon-chevron-right\"><\/i>\t\t\t\t\t<\/div>\n\t\t\t\t\n\t\t\t\t\t\t\t\t\t<div class=\"swiper-pagination\"><\/div>\n\t\t\t\t\t\t\t\t\t<\/div>\n\t\t\t\t\t\t<\/div>\n\t\t\t\t<\/div>\n\t\t\t\t\t<\/div>\n\t\t<\/div>\n\t\t\t\t\t<\/div>\n\t\t<\/section>\n\t\t\t\t<\/div>\n\t\t","protected":false},"excerpt":{"rendered":"<p>Acad\u00eamicos do\u00a0\u201cVAMS\u201d \u2013 Voluntariado Acad\u00eamico Mission\u00e1rio Salesiano\u00a0participaram da\u00a0\u201cCelebra\u00e7\u00e3o de Envio\u201d, realizada na Capela do Centro de Conviv\u00eancia do UniSALESIANO, pelo\u00a0Reitor da Institui\u00e7\u00e3o, Pe. Paulo Vendrame,&#8230;<\/p>\n","protected":false},"author":1,"featured_media":10935,"comment_status":"closed","ping_status":"closed","sticky":false,"template":"","format":"standard","meta":{"_acf_changed":false,"footnotes":""},"categories":[3,1],"tags":[],"class_list":["post-10918","post","type-post","status-publish","format-standard","has-post-thumbnail","hentry","category-not","category-uncategorized"],"acf":[],"yoast_head":"<!-- This site is optimized with the Yoast SEO plugin v27.3 - https:\/\/yoast.com\/product\/yoast-seo-wordpress\/ -->\n<title>Acad\u00eamicos e professores do VAMS participam da \u201cCelebra\u00e7\u00e3o de Envio\u201d antes de partir para o MT - Pastoral Universit\u00e1ria UniSALESIANO<\/title>\n<meta name=\"robots\" content=\"index, follow, max-snippet:-1, max-image-preview:large, max-video-preview:-1\" \/>\n<link rel=\"canonical\" href=\"https:\/\/unisale.com.br\/novo\/academicos-e-professores-do-vams-participam-da-celebracao-de-envio-antes-de-partir-para-o-mt\/\" \/>\n<meta property=\"og:locale\" content=\"pt_BR\" \/>\n<meta property=\"og:type\" content=\"article\" \/>\n<meta property=\"og:title\" content=\"Acad\u00eamicos e professores do VAMS participam da \u201cCelebra\u00e7\u00e3o de Envio\u201d antes de partir para o MT - Pastoral Universit\u00e1ria UniSALESIANO\" \/>\n<meta property=\"og:description\" content=\"Acad\u00eamicos do\u00a0\u201cVAMS\u201d \u2013 Voluntariado Acad\u00eamico Mission\u00e1rio Salesiano\u00a0participaram da\u00a0\u201cCelebra\u00e7\u00e3o de Envio\u201d, realizada na Capela do Centro de Conviv\u00eancia do UniSALESIANO, pelo\u00a0Reitor da Institui\u00e7\u00e3o, Pe. Paulo Vendrame,...\" \/>\n<meta property=\"og:url\" content=\"https:\/\/unisale.com.br\/novo\/academicos-e-professores-do-vams-participam-da-celebracao-de-envio-antes-de-partir-para-o-mt\/\" \/>\n<meta property=\"og:site_name\" content=\"Pastoral Universit\u00e1ria UniSALESIANO\" \/>\n<meta property=\"article:published_time\" content=\"2024-09-10T14:27:19+00:00\" \/>\n<meta property=\"article:modified_time\" content=\"2024-09-10T14:33:08+00:00\" \/>\n<meta property=\"og:image\" content=\"https:\/\/unisale.com.br\/novo\/wp-content\/uploads\/2024\/09\/IMG_3816-768x512-1.jpg\" \/>\n\t<meta property=\"og:image:width\" content=\"768\" \/>\n\t<meta property=\"og:image:height\" content=\"512\" \/>\n\t<meta property=\"og:image:type\" content=\"image\/jpeg\" \/>\n<meta name=\"author\" content=\"pastoral\" \/>\n<meta name=\"twitter:card\" content=\"summary_large_image\" \/>\n<meta name=\"twitter:label1\" content=\"Escrito por\" \/>\n\t<meta name=\"twitter:data1\" content=\"pastoral\" \/>\n\t<meta name=\"twitter:label2\" content=\"Est. tempo de leitura\" \/>\n\t<meta name=\"twitter:data2\" content=\"6 minutos\" \/>\n<script type=\"application\/ld+json\" class=\"yoast-schema-graph\">{\"@context\":\"https:\\\/\\\/schema.org\",\"@graph\":[{\"@type\":\"Article\",\"@id\":\"https:\\\/\\\/unisale.com.br\\\/novo\\\/academicos-e-professores-do-vams-participam-da-celebracao-de-envio-antes-de-partir-para-o-mt\\\/#article\",\"isPartOf\":{\"@id\":\"https:\\\/\\\/unisale.com.br\\\/novo\\\/academicos-e-professores-do-vams-participam-da-celebracao-de-envio-antes-de-partir-para-o-mt\\\/\"},\"author\":{\"name\":\"pastoral\",\"@id\":\"https:\\\/\\\/unisale.com.br\\\/pastoral\\\/#\\\/schema\\\/person\\\/a16ba711a0f7dec9cb6b44563144d5a3\"},\"headline\":\"Acad\u00eamicos e professores do VAMS participam da \u201cCelebra\u00e7\u00e3o de Envio\u201d antes de partir para o MT\",\"datePublished\":\"2024-09-10T14:27:19+00:00\",\"dateModified\":\"2024-09-10T14:33:08+00:00\",\"mainEntityOfPage\":{\"@id\":\"https:\\\/\\\/unisale.com.br\\\/novo\\\/academicos-e-professores-do-vams-participam-da-celebracao-de-envio-antes-de-partir-para-o-mt\\\/\"},\"wordCount\":366,\"image\":{\"@id\":\"https:\\\/\\\/unisale.com.br\\\/novo\\\/academicos-e-professores-do-vams-participam-da-celebracao-de-envio-antes-de-partir-para-o-mt\\\/#primaryimage\"},\"thumbnailUrl\":\"https:\\\/\\\/unisale.com.br\\\/pastoral\\\/wp-content\\\/uploads\\\/2024\\\/09\\\/IMG_3816-768x512-1.jpg\",\"articleSection\":[\"Not\u00edcias\"],\"inLanguage\":\"pt-BR\"},{\"@type\":\"WebPage\",\"@id\":\"https:\\\/\\\/unisale.com.br\\\/novo\\\/academicos-e-professores-do-vams-participam-da-celebracao-de-envio-antes-de-partir-para-o-mt\\\/\",\"url\":\"https:\\\/\\\/unisale.com.br\\\/novo\\\/academicos-e-professores-do-vams-participam-da-celebracao-de-envio-antes-de-partir-para-o-mt\\\/\",\"name\":\"Acad\u00eamicos e professores do VAMS participam da \u201cCelebra\u00e7\u00e3o de Envio\u201d antes de partir para o MT - Pastoral Universit\u00e1ria UniSALESIANO\",\"isPartOf\":{\"@id\":\"https:\\\/\\\/unisale.com.br\\\/pastoral\\\/#website\"},\"primaryImageOfPage\":{\"@id\":\"https:\\\/\\\/unisale.com.br\\\/novo\\\/academicos-e-professores-do-vams-participam-da-celebracao-de-envio-antes-de-partir-para-o-mt\\\/#primaryimage\"},\"image\":{\"@id\":\"https:\\\/\\\/unisale.com.br\\\/novo\\\/academicos-e-professores-do-vams-participam-da-celebracao-de-envio-antes-de-partir-para-o-mt\\\/#primaryimage\"},\"thumbnailUrl\":\"https:\\\/\\\/unisale.com.br\\\/pastoral\\\/wp-content\\\/uploads\\\/2024\\\/09\\\/IMG_3816-768x512-1.jpg\",\"datePublished\":\"2024-09-10T14:27:19+00:00\",\"dateModified\":\"2024-09-10T14:33:08+00:00\",\"author\":{\"@id\":\"https:\\\/\\\/unisale.com.br\\\/pastoral\\\/#\\\/schema\\\/person\\\/a16ba711a0f7dec9cb6b44563144d5a3\"},\"inLanguage\":\"pt-BR\",\"potentialAction\":[{\"@type\":\"ReadAction\",\"target\":[\"https:\\\/\\\/unisale.com.br\\\/novo\\\/academicos-e-professores-do-vams-participam-da-celebracao-de-envio-antes-de-partir-para-o-mt\\\/\"]}]},{\"@type\":\"ImageObject\",\"inLanguage\":\"pt-BR\",\"@id\":\"https:\\\/\\\/unisale.com.br\\\/novo\\\/academicos-e-professores-do-vams-participam-da-celebracao-de-envio-antes-de-partir-para-o-mt\\\/#primaryimage\",\"url\":\"https:\\\/\\\/unisale.com.br\\\/pastoral\\\/wp-content\\\/uploads\\\/2024\\\/09\\\/IMG_3816-768x512-1.jpg\",\"contentUrl\":\"https:\\\/\\\/unisale.com.br\\\/pastoral\\\/wp-content\\\/uploads\\\/2024\\\/09\\\/IMG_3816-768x512-1.jpg\",\"width\":750,\"height\":500},{\"@type\":\"WebSite\",\"@id\":\"https:\\\/\\\/unisale.com.br\\\/pastoral\\\/#website\",\"url\":\"https:\\\/\\\/unisale.com.br\\\/pastoral\\\/\",\"name\":\"Pastoral Universit\u00e1ria UniSALESIANO\",\"description\":\"Site da Pastoral Universit\u00e1ria do UniSALESIANO\",\"potentialAction\":[{\"@type\":\"SearchAction\",\"target\":{\"@type\":\"EntryPoint\",\"urlTemplate\":\"https:\\\/\\\/unisale.com.br\\\/pastoral\\\/?s={search_term_string}\"},\"query-input\":{\"@type\":\"PropertyValueSpecification\",\"valueRequired\":true,\"valueName\":\"search_term_string\"}}],\"inLanguage\":\"pt-BR\"},{\"@type\":\"Person\",\"@id\":\"https:\\\/\\\/unisale.com.br\\\/pastoral\\\/#\\\/schema\\\/person\\\/a16ba711a0f7dec9cb6b44563144d5a3\",\"name\":\"pastoral\",\"url\":\"https:\\\/\\\/unisale.com.br\\\/pastoral\\\/author\\\/pastoral\\\/\"}]}<\/script>\n<!-- \/ Yoast SEO plugin. -->","yoast_head_json":{"title":"Acad\u00eamicos e professores do VAMS participam da \u201cCelebra\u00e7\u00e3o de Envio\u201d antes de partir para o MT - Pastoral Universit\u00e1ria UniSALESIANO","robots":{"index":"index","follow":"follow","max-snippet":"max-snippet:-1","max-image-preview":"max-image-preview:large","max-video-preview":"max-video-preview:-1"},"canonical":"https:\/\/unisale.com.br\/novo\/academicos-e-professores-do-vams-participam-da-celebracao-de-envio-antes-de-partir-para-o-mt\/","og_locale":"pt_BR","og_type":"article","og_title":"Acad\u00eamicos e professores do VAMS participam da \u201cCelebra\u00e7\u00e3o de Envio\u201d antes de partir para o MT - Pastoral Universit\u00e1ria UniSALESIANO","og_description":"Acad\u00eamicos do\u00a0\u201cVAMS\u201d \u2013 Voluntariado Acad\u00eamico Mission\u00e1rio Salesiano\u00a0participaram da\u00a0\u201cCelebra\u00e7\u00e3o de Envio\u201d, realizada na Capela do Centro de Conviv\u00eancia do UniSALESIANO, pelo\u00a0Reitor da Institui\u00e7\u00e3o, Pe. Paulo Vendrame,...","og_url":"https:\/\/unisale.com.br\/novo\/academicos-e-professores-do-vams-participam-da-celebracao-de-envio-antes-de-partir-para-o-mt\/","og_site_name":"Pastoral Universit\u00e1ria UniSALESIANO","article_published_time":"2024-09-10T14:27:19+00:00","article_modified_time":"2024-09-10T14:33:08+00:00","og_image":[{"width":768,"height":512,"url":"https:\/\/unisale.com.br\/novo\/wp-content\/uploads\/2024\/09\/IMG_3816-768x512-1.jpg","type":"image\/jpeg"}],"author":"pastoral","twitter_card":"summary_large_image","twitter_misc":{"Escrito por":"pastoral","Est. tempo de leitura":"6 minutos"},"schema":{"@context":"https:\/\/schema.org","@graph":[{"@type":"Article","@id":"https:\/\/unisale.com.br\/novo\/academicos-e-professores-do-vams-participam-da-celebracao-de-envio-antes-de-partir-para-o-mt\/#article","isPartOf":{"@id":"https:\/\/unisale.com.br\/novo\/academicos-e-professores-do-vams-participam-da-celebracao-de-envio-antes-de-partir-para-o-mt\/"},"author":{"name":"pastoral","@id":"https:\/\/unisale.com.br\/pastoral\/#\/schema\/person\/a16ba711a0f7dec9cb6b44563144d5a3"},"headline":"Acad\u00eamicos e professores do VAMS participam da \u201cCelebra\u00e7\u00e3o de Envio\u201d antes de partir para o MT","datePublished":"2024-09-10T14:27:19+00:00","dateModified":"2024-09-10T14:33:08+00:00","mainEntityOfPage":{"@id":"https:\/\/unisale.com.br\/novo\/academicos-e-professores-do-vams-participam-da-celebracao-de-envio-antes-de-partir-para-o-mt\/"},"wordCount":366,"image":{"@id":"https:\/\/unisale.com.br\/novo\/academicos-e-professores-do-vams-participam-da-celebracao-de-envio-antes-de-partir-para-o-mt\/#primaryimage"},"thumbnailUrl":"https:\/\/unisale.com.br\/pastoral\/wp-content\/uploads\/2024\/09\/IMG_3816-768x512-1.jpg","articleSection":["Not\u00edcias"],"inLanguage":"pt-BR"},{"@type":"WebPage","@id":"https:\/\/unisale.com.br\/novo\/academicos-e-professores-do-vams-participam-da-celebracao-de-envio-antes-de-partir-para-o-mt\/","url":"https:\/\/unisale.com.br\/novo\/academicos-e-professores-do-vams-participam-da-celebracao-de-envio-antes-de-partir-para-o-mt\/","name":"Acad\u00eamicos e professores do VAMS participam da \u201cCelebra\u00e7\u00e3o de Envio\u201d antes de partir para o MT - Pastoral Universit\u00e1ria UniSALESIANO","isPartOf":{"@id":"https:\/\/unisale.com.br\/pastoral\/#website"},"primaryImageOfPage":{"@id":"https:\/\/unisale.com.br\/novo\/academicos-e-professores-do-vams-participam-da-celebracao-de-envio-antes-de-partir-para-o-mt\/#primaryimage"},"image":{"@id":"https:\/\/unisale.com.br\/novo\/academicos-e-professores-do-vams-participam-da-celebracao-de-envio-antes-de-partir-para-o-mt\/#primaryimage"},"thumbnailUrl":"https:\/\/unisale.com.br\/pastoral\/wp-content\/uploads\/2024\/09\/IMG_3816-768x512-1.jpg","datePublished":"2024-09-10T14:27:19+00:00","dateModified":"2024-09-10T14:33:08+00:00","author":{"@id":"https:\/\/unisale.com.br\/pastoral\/#\/schema\/person\/a16ba711a0f7dec9cb6b44563144d5a3"},"inLanguage":"pt-BR","potentialAction":[{"@type":"ReadAction","target":["https:\/\/unisale.com.br\/novo\/academicos-e-professores-do-vams-participam-da-celebracao-de-envio-antes-de-partir-para-o-mt\/"]}]},{"@type":"ImageObject","inLanguage":"pt-BR","@id":"https:\/\/unisale.com.br\/novo\/academicos-e-professores-do-vams-participam-da-celebracao-de-envio-antes-de-partir-para-o-mt\/#primaryimage","url":"https:\/\/unisale.com.br\/pastoral\/wp-content\/uploads\/2024\/09\/IMG_3816-768x512-1.jpg","contentUrl":"https:\/\/unisale.com.br\/pastoral\/wp-content\/uploads\/2024\/09\/IMG_3816-768x512-1.jpg","width":750,"height":500},{"@type":"WebSite","@id":"https:\/\/unisale.com.br\/pastoral\/#website","url":"https:\/\/unisale.com.br\/pastoral\/","name":"Pastoral Universit\u00e1ria UniSALESIANO","description":"Site da Pastoral Universit\u00e1ria do UniSALESIANO","potentialAction":[{"@type":"SearchAction","target":{"@type":"EntryPoint","urlTemplate":"https:\/\/unisale.com.br\/pastoral\/?s={search_term_string}"},"query-input":{"@type":"PropertyValueSpecification","valueRequired":true,"valueName":"search_term_string"}}],"inLanguage":"pt-BR"},{"@type":"Person","@id":"https:\/\/unisale.com.br\/pastoral\/#\/schema\/person\/a16ba711a0f7dec9cb6b44563144d5a3","name":"pastoral","url":"https:\/\/unisale.com.br\/pastoral\/author\/pastoral\/"}]}},"_links":{"self":[{"href":"https:\/\/unisale.com.br\/pastoral\/wp-json\/wp\/v2\/posts\/10918","targetHints":{"allow":["GET"]}}],"collection":[{"href":"https:\/\/unisale.com.br\/pastoral\/wp-json\/wp\/v2\/posts"}],"about":[{"href":"https:\/\/unisale.com.br\/pastoral\/wp-json\/wp\/v2\/types\/post"}],"author":[{"embeddable":true,"href":"https:\/\/unisale.com.br\/pastoral\/wp-json\/wp\/v2\/users\/1"}],"replies":[{"embeddable":true,"href":"https:\/\/unisale.com.br\/pastoral\/wp-json\/wp\/v2\/comments?post=10918"}],"version-history":[{"count":5,"href":"https:\/\/unisale.com.br\/pastoral\/wp-json\/wp\/v2\/posts\/10918\/revisions"}],"predecessor-version":[{"id":10943,"href":"https:\/\/unisale.com.br\/pastoral\/wp-json\/wp\/v2\/posts\/10918\/revisions\/10943"}],"wp:featuredmedia":[{"embeddable":true,"href":"https:\/\/unisale.com.br\/pastoral\/wp-json\/wp\/v2\/media\/10935"}],"wp:attachment":[{"href":"https:\/\/unisale.com.br\/pastoral\/wp-json\/wp\/v2\/media?parent=10918"}],"wp:term":[{"taxonomy":"category","embeddable":true,"href":"https:\/\/unisale.com.br\/pastoral\/wp-json\/wp\/v2\/categories?post=10918"},{"taxonomy":"post_tag","embeddable":true,"href":"https:\/\/unisale.com.br\/pastoral\/wp-json\/wp\/v2\/tags?post=10918"}],"curies":[{"name":"wp","href":"https:\/\/api.w.org\/{rel}","templated":true}]}}