{"id":10947,"date":"2024-09-10T14:38:51","date_gmt":"2024-09-10T14:38:51","guid":{"rendered":"https:\/\/unisale.com.br\/pastoral\/?p=10947"},"modified":"2024-09-10T14:38:51","modified_gmt":"2024-09-10T14:38:51","slug":"unisalesiano-promove-reuniao-plenaria-com-foco-na-missao-educativa-salesiana","status":"publish","type":"post","link":"https:\/\/unisale.com.br\/pastoral\/unisalesiano-promove-reuniao-plenaria-com-foco-na-missao-educativa-salesiana\/","title":{"rendered":"UniSALESIANO promove Reuni\u00e3o Plen\u00e1ria com foco na miss\u00e3o educativa salesiana"},"content":{"rendered":"<p>A Reitoria do UniSALESIANO organizou a\u00a0<strong>Reuni\u00e3o Plen\u00e1ria<\/strong>\u00a0no audit\u00f3rio Papa Francisco, reunindo coordenadores de cursos, professores e alunos representantes das gradua\u00e7\u00f5es. O evento, que aconteceu na manh\u00e3 do dia 3 de agosto, teve in\u00edcio com um acolhedor caf\u00e9 da manh\u00e3, seguido por um momento oracional conduzido pelo\u00a0<strong>Pr\u00f3-Reitor de Pastoral, Pe. Paulo Eduardo J\u00e1como, SDB.<\/strong><\/p>\n<p>Durante a ora\u00e7\u00e3o, Pe. Paulo Eduardo pediu b\u00ean\u00e7\u00e3os para o segundo semestre de 2024 e destacou a miss\u00e3o dos educadores no modelo salesiano. \u201cTemos uma educa\u00e7\u00e3o diferenciada, um sistema diferenciado, um jeito diferenciado de educar, uma heran\u00e7a recebida de Dom Bosco\u201d, afirmou.<\/p>\n<p>O\u00a0<strong>Reitor do UniSALESIANO, Pe. Paulo Fernando Vendrame, SDB<\/strong>, desejou um semestre frutuosos a todos. \u201cQue Deus nos aben\u00e7oe na pessoa de cada um de voc\u00eas\u201d, declarou, enfatizando a import\u00e2ncia do papel de cada membro da Institui\u00e7\u00e3o. Abordou tamb\u00e9m algumas not\u00edcias relevantes para o novo semestre de 2024.<\/p>\n<p>J\u00e1 o\u00a0<strong>Pr\u00f3-Reitor de Ensino, Pesquisa e P\u00f3s-Gradua\u00e7\u00e3o, Andr\u00e9 Ornellas,<\/strong>\u00a0refor\u00e7ou o compromisso do UniSALESIANO com a forma\u00e7\u00e3o integral dos alunos. \u201cAcreditem, n\u00f3s vamos fazer a diferen\u00e7a em Ara\u00e7atuba e regi\u00e3o. N\u00f3s, UniSALESIANO, do Tecn\u00f3logo \u00e0 Medicina, do setor de manuten\u00e7\u00e3o \u00e0 Reitoria, investimos e acreditamos na forma\u00e7\u00e3o integral do acad\u00eamico\u201d, ressaltou.<\/p>\n<p>A reuni\u00e3o contou ainda com a palestra\u00a0<strong>\u201cA Mistagogia como Instrumento de Di\u00e1logo das Novas Fronteiras e a Pedagogia Salesiana\u201d,<\/strong>\u00a0ministrada pelo\u00a0<strong>Pe. Jo\u00e3o dos Santos Barbosa Neto, SDB<\/strong>, Diretor de Pastoral do Col\u00e9gio Salesiano Santa Tereza e Reitor do Santu\u00e1rio Nossa Senhora Auxiliadora, em Corumb\u00e1 (MS).<\/p>\n<p>Pe. Jo\u00e3o destacou a import\u00e2ncia do di\u00e1logo e da pastoral educativa salesiana, ressaltando a dedica\u00e7\u00e3o dos educadores. \u201c\u00c9 a voca\u00e7\u00e3o do educador que nos coloca de fato em um outro patamar\u201d, disse.<\/p>\n<p><strong>TRIP\u00c9 EDUCATIVO<\/strong><\/p>\n<p>Ele mencionou o trip\u00e9 educativo do Sistema Preventivo de Dom Bosco, composto por raz\u00e3o, religi\u00e3o e amabilidade, que guia os princ\u00edpios e valores institucionais. \u201cEm Cristo, e somente nele, podemos encontrar as respostas das aspira\u00e7\u00f5es mais profundas do mist\u00e9rio da pessoa humana\u201d, concluiu, destacando a transcend\u00eancia da vida e a import\u00e2ncia de acolher Deus no cora\u00e7\u00e3o.<\/p>\n<p>A Reuni\u00e3o Plen\u00e1ria refor\u00e7ou o compromisso do UniSALESIANO com a miss\u00e3o educativa salesiana e a forma\u00e7\u00e3o integral de seus alunos, renovando a dedica\u00e7\u00e3o de todos os presentes para o novo semestre.<\/p>\n\n\t\t<style type=\"text\/css\">\n\t\t\t#gallery-1 {\n\t\t\t\tmargin: auto;\n\t\t\t}\n\t\t\t#gallery-1 .gallery-item {\n\t\t\t\tfloat: left;\n\t\t\t\tmargin-top: 10px;\n\t\t\t\ttext-align: center;\n\t\t\t\twidth: 25%;\n\t\t\t}\n\t\t\t#gallery-1 img {\n\t\t\t\tborder: 2px solid #cfcfcf;\n\t\t\t}\n\t\t\t#gallery-1 .gallery-caption {\n\t\t\t\tmargin-left: 0;\n\t\t\t}\n\t\t\t\/* see gallery_shortcode() in wp-includes\/media.php *\/\n\t\t<\/style>\n\t\t<div id='gallery-1' class='gallery galleryid-10947 gallery-columns-4 gallery-size-thumbnail'><dl class='gallery-item'>\n\t\t\t<dt class='gallery-icon landscape'>\n\t\t\t\t<a href='https:\/\/unisale.com.br\/pastoral\/unisalesiano-promove-reuniao-plenaria-com-foco-na-missao-educativa-salesiana\/img_4349-1024x683\/'><img decoding=\"async\" width=\"150\" height=\"150\" src=\"https:\/\/unisale.com.br\/pastoral\/wp-content\/uploads\/2024\/09\/IMG_4349-1024x683-1-150x150.jpg\" class=\"attachment-thumbnail size-thumbnail\" alt=\"\" \/><\/a>\n\t\t\t<\/dt><\/dl><dl class='gallery-item'>\n\t\t\t<dt class='gallery-icon landscape'>\n\t\t\t\t<a href='https:\/\/unisale.com.br\/pastoral\/unisalesiano-promove-reuniao-plenaria-com-foco-na-missao-educativa-salesiana\/img_4367-1024x575\/'><img decoding=\"async\" width=\"150\" height=\"150\" src=\"https:\/\/unisale.com.br\/pastoral\/wp-content\/uploads\/2024\/09\/IMG_4367-1024x575-1-150x150.jpg\" class=\"attachment-thumbnail size-thumbnail\" alt=\"\" \/><\/a>\n\t\t\t<\/dt><\/dl><dl class='gallery-item'>\n\t\t\t<dt class='gallery-icon landscape'>\n\t\t\t\t<a href='https:\/\/unisale.com.br\/pastoral\/unisalesiano-promove-reuniao-plenaria-com-foco-na-missao-educativa-salesiana\/img_4375-1024x683\/'><img decoding=\"async\" width=\"150\" height=\"150\" src=\"https:\/\/unisale.com.br\/pastoral\/wp-content\/uploads\/2024\/09\/IMG_4375-1024x683-1-150x150.jpg\" class=\"attachment-thumbnail size-thumbnail\" alt=\"\" \/><\/a>\n\t\t\t<\/dt><\/dl><dl class='gallery-item'>\n\t\t\t<dt class='gallery-icon landscape'>\n\t\t\t\t<a href='https:\/\/unisale.com.br\/pastoral\/unisalesiano-promove-reuniao-plenaria-com-foco-na-missao-educativa-salesiana\/img_4376-1024x683\/'><img loading=\"lazy\" decoding=\"async\" width=\"150\" height=\"150\" src=\"https:\/\/unisale.com.br\/pastoral\/wp-content\/uploads\/2024\/09\/IMG_4376-1024x683-1-150x150.jpg\" class=\"attachment-thumbnail size-thumbnail\" alt=\"\" \/><\/a>\n\t\t\t<\/dt><\/dl><br style=\"clear: both\" \/><dl class='gallery-item'>\n\t\t\t<dt class='gallery-icon landscape'>\n\t\t\t\t<a href='https:\/\/unisale.com.br\/pastoral\/unisalesiano-promove-reuniao-plenaria-com-foco-na-missao-educativa-salesiana\/img_4378-1024x683\/'><img loading=\"lazy\" decoding=\"async\" width=\"150\" height=\"150\" src=\"https:\/\/unisale.com.br\/pastoral\/wp-content\/uploads\/2024\/09\/IMG_4378-1024x683-1-150x150.jpg\" class=\"attachment-thumbnail size-thumbnail\" alt=\"\" \/><\/a>\n\t\t\t<\/dt><\/dl><dl class='gallery-item'>\n\t\t\t<dt class='gallery-icon landscape'>\n\t\t\t\t<a href='https:\/\/unisale.com.br\/pastoral\/unisalesiano-promove-reuniao-plenaria-com-foco-na-missao-educativa-salesiana\/img_4388-1024x683\/'><img loading=\"lazy\" decoding=\"async\" width=\"150\" height=\"150\" src=\"https:\/\/unisale.com.br\/pastoral\/wp-content\/uploads\/2024\/09\/IMG_4388-1024x683-1-150x150.jpg\" class=\"attachment-thumbnail size-thumbnail\" alt=\"\" \/><\/a>\n\t\t\t<\/dt><\/dl><dl class='gallery-item'>\n\t\t\t<dt class='gallery-icon landscape'>\n\t\t\t\t<a href='https:\/\/unisale.com.br\/pastoral\/unisalesiano-promove-reuniao-plenaria-com-foco-na-missao-educativa-salesiana\/img_4390-1024x683\/'><img loading=\"lazy\" decoding=\"async\" width=\"150\" height=\"150\" src=\"https:\/\/unisale.com.br\/pastoral\/wp-content\/uploads\/2024\/09\/IMG_4390-1024x683-1-150x150.jpg\" class=\"attachment-thumbnail size-thumbnail\" alt=\"\" \/><\/a>\n\t\t\t<\/dt><\/dl><dl class='gallery-item'>\n\t\t\t<dt class='gallery-icon landscape'>\n\t\t\t\t<a href='https:\/\/unisale.com.br\/pastoral\/unisalesiano-promove-reuniao-plenaria-com-foco-na-missao-educativa-salesiana\/img_4406-1024x683\/'><img loading=\"lazy\" decoding=\"async\" width=\"150\" height=\"150\" src=\"https:\/\/unisale.com.br\/pastoral\/wp-content\/uploads\/2024\/09\/IMG_4406-1024x683-1-150x150.jpg\" class=\"attachment-thumbnail size-thumbnail\" alt=\"\" \/><\/a>\n\t\t\t<\/dt><\/dl><br style=\"clear: both\" \/><dl class='gallery-item'>\n\t\t\t<dt class='gallery-icon landscape'>\n\t\t\t\t<a href='https:\/\/unisale.com.br\/pastoral\/unisalesiano-promove-reuniao-plenaria-com-foco-na-missao-educativa-salesiana\/img_4418-1024x683\/'><img loading=\"lazy\" decoding=\"async\" width=\"150\" height=\"150\" src=\"https:\/\/unisale.com.br\/pastoral\/wp-content\/uploads\/2024\/09\/IMG_4418-1024x683-1-150x150.jpg\" class=\"attachment-thumbnail size-thumbnail\" alt=\"\" \/><\/a>\n\t\t\t<\/dt><\/dl><dl class='gallery-item'>\n\t\t\t<dt class='gallery-icon landscape'>\n\t\t\t\t<a href='https:\/\/unisale.com.br\/pastoral\/unisalesiano-promove-reuniao-plenaria-com-foco-na-missao-educativa-salesiana\/img_4441-1024x683\/'><img loading=\"lazy\" decoding=\"async\" width=\"150\" height=\"150\" src=\"https:\/\/unisale.com.br\/pastoral\/wp-content\/uploads\/2024\/09\/IMG_4441-1024x683-1-150x150.jpg\" class=\"attachment-thumbnail size-thumbnail\" alt=\"\" \/><\/a>\n\t\t\t<\/dt><\/dl><dl class='gallery-item'>\n\t\t\t<dt class='gallery-icon landscape'>\n\t\t\t\t<a href='https:\/\/unisale.com.br\/pastoral\/unisalesiano-promove-reuniao-plenaria-com-foco-na-missao-educativa-salesiana\/img_4453-1024x683\/'><img loading=\"lazy\" decoding=\"async\" width=\"150\" height=\"150\" src=\"https:\/\/unisale.com.br\/pastoral\/wp-content\/uploads\/2024\/09\/IMG_4453-1024x683-1-150x150.jpg\" class=\"attachment-thumbnail size-thumbnail\" alt=\"\" \/><\/a>\n\t\t\t<\/dt><\/dl><dl class='gallery-item'>\n\t\t\t<dt class='gallery-icon landscape'>\n\t\t\t\t<a href='https:\/\/unisale.com.br\/pastoral\/unisalesiano-promove-reuniao-plenaria-com-foco-na-missao-educativa-salesiana\/img_4465-1024x683\/'><img loading=\"lazy\" decoding=\"async\" width=\"150\" height=\"150\" src=\"https:\/\/unisale.com.br\/pastoral\/wp-content\/uploads\/2024\/09\/IMG_4465-1024x683-1-150x150.jpg\" class=\"attachment-thumbnail size-thumbnail\" alt=\"\" \/><\/a>\n\t\t\t<\/dt><\/dl><br style=\"clear: both\" \/>\n\t\t<\/div>\n\n","protected":false},"excerpt":{"rendered":"<p>A Reitoria do UniSALESIANO organizou a\u00a0Reuni\u00e3o Plen\u00e1ria\u00a0no audit\u00f3rio Papa Francisco, reunindo coordenadores de cursos, professores e alunos representantes das gradua\u00e7\u00f5es. O evento, que aconteceu na&#8230;<\/p>\n","protected":false},"author":1,"featured_media":10951,"comment_status":"closed","ping_status":"closed","sticky":false,"template":"","format":"standard","meta":{"_acf_changed":false,"footnotes":""},"categories":[3],"tags":[],"class_list":["post-10947","post","type-post","status-publish","format-standard","has-post-thumbnail","hentry","category-not"],"acf":[],"yoast_head":"<!-- This site is optimized with the Yoast SEO plugin v27.3 - https:\/\/yoast.com\/product\/yoast-seo-wordpress\/ -->\n<title>UniSALESIANO promove Reuni\u00e3o Plen\u00e1ria com foco na miss\u00e3o educativa salesiana - Pastoral Universit\u00e1ria UniSALESIANO<\/title>\n<meta name=\"robots\" content=\"index, follow, max-snippet:-1, max-image-preview:large, max-video-preview:-1\" \/>\n<link rel=\"canonical\" href=\"https:\/\/unisale.com.br\/novo\/unisalesiano-promove-reuniao-plenaria-com-foco-na-missao-educativa-salesiana\/\" \/>\n<meta property=\"og:locale\" content=\"pt_BR\" \/>\n<meta property=\"og:type\" content=\"article\" \/>\n<meta property=\"og:title\" content=\"UniSALESIANO promove Reuni\u00e3o Plen\u00e1ria com foco na miss\u00e3o educativa salesiana - Pastoral Universit\u00e1ria UniSALESIANO\" \/>\n<meta property=\"og:description\" content=\"A Reitoria do UniSALESIANO organizou a\u00a0Reuni\u00e3o Plen\u00e1ria\u00a0no audit\u00f3rio Papa Francisco, reunindo coordenadores de cursos, professores e alunos representantes das gradua\u00e7\u00f5es. O evento, que aconteceu na...\" \/>\n<meta property=\"og:url\" content=\"https:\/\/unisale.com.br\/novo\/unisalesiano-promove-reuniao-plenaria-com-foco-na-missao-educativa-salesiana\/\" \/>\n<meta property=\"og:site_name\" content=\"Pastoral Universit\u00e1ria UniSALESIANO\" \/>\n<meta property=\"article:published_time\" content=\"2024-09-10T14:38:51+00:00\" \/>\n<meta property=\"og:image\" content=\"https:\/\/unisale.com.br\/novo\/wp-content\/uploads\/2024\/09\/IMG_4372-768x512-1.jpg\" \/>\n\t<meta property=\"og:image:width\" content=\"768\" \/>\n\t<meta property=\"og:image:height\" content=\"512\" \/>\n\t<meta property=\"og:image:type\" content=\"image\/jpeg\" \/>\n<meta name=\"author\" content=\"pastoral\" \/>\n<meta name=\"twitter:card\" content=\"summary_large_image\" \/>\n<meta name=\"twitter:label1\" content=\"Escrito por\" \/>\n\t<meta name=\"twitter:data1\" content=\"pastoral\" \/>\n\t<meta name=\"twitter:label2\" content=\"Est. tempo de leitura\" \/>\n\t<meta name=\"twitter:data2\" content=\"3 minutos\" \/>\n<script type=\"application\/ld+json\" class=\"yoast-schema-graph\">{\"@context\":\"https:\\\/\\\/schema.org\",\"@graph\":[{\"@type\":\"Article\",\"@id\":\"https:\\\/\\\/unisale.com.br\\\/novo\\\/unisalesiano-promove-reuniao-plenaria-com-foco-na-missao-educativa-salesiana\\\/#article\",\"isPartOf\":{\"@id\":\"https:\\\/\\\/unisale.com.br\\\/novo\\\/unisalesiano-promove-reuniao-plenaria-com-foco-na-missao-educativa-salesiana\\\/\"},\"author\":{\"name\":\"pastoral\",\"@id\":\"https:\\\/\\\/unisale.com.br\\\/pastoral\\\/#\\\/schema\\\/person\\\/a16ba711a0f7dec9cb6b44563144d5a3\"},\"headline\":\"UniSALESIANO promove Reuni\u00e3o Plen\u00e1ria com foco na miss\u00e3o educativa salesiana\",\"datePublished\":\"2024-09-10T14:38:51+00:00\",\"mainEntityOfPage\":{\"@id\":\"https:\\\/\\\/unisale.com.br\\\/novo\\\/unisalesiano-promove-reuniao-plenaria-com-foco-na-missao-educativa-salesiana\\\/\"},\"wordCount\":433,\"image\":{\"@id\":\"https:\\\/\\\/unisale.com.br\\\/novo\\\/unisalesiano-promove-reuniao-plenaria-com-foco-na-missao-educativa-salesiana\\\/#primaryimage\"},\"thumbnailUrl\":\"https:\\\/\\\/unisale.com.br\\\/pastoral\\\/wp-content\\\/uploads\\\/2024\\\/09\\\/IMG_4372-768x512-1.jpg\",\"articleSection\":[\"Not\u00edcias\"],\"inLanguage\":\"pt-BR\"},{\"@type\":\"WebPage\",\"@id\":\"https:\\\/\\\/unisale.com.br\\\/novo\\\/unisalesiano-promove-reuniao-plenaria-com-foco-na-missao-educativa-salesiana\\\/\",\"url\":\"https:\\\/\\\/unisale.com.br\\\/novo\\\/unisalesiano-promove-reuniao-plenaria-com-foco-na-missao-educativa-salesiana\\\/\",\"name\":\"UniSALESIANO promove Reuni\u00e3o Plen\u00e1ria com foco na miss\u00e3o educativa salesiana - Pastoral Universit\u00e1ria UniSALESIANO\",\"isPartOf\":{\"@id\":\"https:\\\/\\\/unisale.com.br\\\/pastoral\\\/#website\"},\"primaryImageOfPage\":{\"@id\":\"https:\\\/\\\/unisale.com.br\\\/novo\\\/unisalesiano-promove-reuniao-plenaria-com-foco-na-missao-educativa-salesiana\\\/#primaryimage\"},\"image\":{\"@id\":\"https:\\\/\\\/unisale.com.br\\\/novo\\\/unisalesiano-promove-reuniao-plenaria-com-foco-na-missao-educativa-salesiana\\\/#primaryimage\"},\"thumbnailUrl\":\"https:\\\/\\\/unisale.com.br\\\/pastoral\\\/wp-content\\\/uploads\\\/2024\\\/09\\\/IMG_4372-768x512-1.jpg\",\"datePublished\":\"2024-09-10T14:38:51+00:00\",\"author\":{\"@id\":\"https:\\\/\\\/unisale.com.br\\\/pastoral\\\/#\\\/schema\\\/person\\\/a16ba711a0f7dec9cb6b44563144d5a3\"},\"inLanguage\":\"pt-BR\",\"potentialAction\":[{\"@type\":\"ReadAction\",\"target\":[\"https:\\\/\\\/unisale.com.br\\\/novo\\\/unisalesiano-promove-reuniao-plenaria-com-foco-na-missao-educativa-salesiana\\\/\"]}]},{\"@type\":\"ImageObject\",\"inLanguage\":\"pt-BR\",\"@id\":\"https:\\\/\\\/unisale.com.br\\\/novo\\\/unisalesiano-promove-reuniao-plenaria-com-foco-na-missao-educativa-salesiana\\\/#primaryimage\",\"url\":\"https:\\\/\\\/unisale.com.br\\\/pastoral\\\/wp-content\\\/uploads\\\/2024\\\/09\\\/IMG_4372-768x512-1.jpg\",\"contentUrl\":\"https:\\\/\\\/unisale.com.br\\\/pastoral\\\/wp-content\\\/uploads\\\/2024\\\/09\\\/IMG_4372-768x512-1.jpg\",\"width\":750,\"height\":500},{\"@type\":\"WebSite\",\"@id\":\"https:\\\/\\\/unisale.com.br\\\/pastoral\\\/#website\",\"url\":\"https:\\\/\\\/unisale.com.br\\\/pastoral\\\/\",\"name\":\"Pastoral Universit\u00e1ria UniSALESIANO\",\"description\":\"Site da Pastoral Universit\u00e1ria do UniSALESIANO\",\"potentialAction\":[{\"@type\":\"SearchAction\",\"target\":{\"@type\":\"EntryPoint\",\"urlTemplate\":\"https:\\\/\\\/unisale.com.br\\\/pastoral\\\/?s={search_term_string}\"},\"query-input\":{\"@type\":\"PropertyValueSpecification\",\"valueRequired\":true,\"valueName\":\"search_term_string\"}}],\"inLanguage\":\"pt-BR\"},{\"@type\":\"Person\",\"@id\":\"https:\\\/\\\/unisale.com.br\\\/pastoral\\\/#\\\/schema\\\/person\\\/a16ba711a0f7dec9cb6b44563144d5a3\",\"name\":\"pastoral\",\"url\":\"https:\\\/\\\/unisale.com.br\\\/pastoral\\\/author\\\/pastoral\\\/\"}]}<\/script>\n<!-- \/ Yoast SEO plugin. -->","yoast_head_json":{"title":"UniSALESIANO promove Reuni\u00e3o Plen\u00e1ria com foco na miss\u00e3o educativa salesiana - Pastoral Universit\u00e1ria UniSALESIANO","robots":{"index":"index","follow":"follow","max-snippet":"max-snippet:-1","max-image-preview":"max-image-preview:large","max-video-preview":"max-video-preview:-1"},"canonical":"https:\/\/unisale.com.br\/novo\/unisalesiano-promove-reuniao-plenaria-com-foco-na-missao-educativa-salesiana\/","og_locale":"pt_BR","og_type":"article","og_title":"UniSALESIANO promove Reuni\u00e3o Plen\u00e1ria com foco na miss\u00e3o educativa salesiana - Pastoral Universit\u00e1ria UniSALESIANO","og_description":"A Reitoria do UniSALESIANO organizou a\u00a0Reuni\u00e3o Plen\u00e1ria\u00a0no audit\u00f3rio Papa Francisco, reunindo coordenadores de cursos, professores e alunos representantes das gradua\u00e7\u00f5es. O evento, que aconteceu na...","og_url":"https:\/\/unisale.com.br\/novo\/unisalesiano-promove-reuniao-plenaria-com-foco-na-missao-educativa-salesiana\/","og_site_name":"Pastoral Universit\u00e1ria UniSALESIANO","article_published_time":"2024-09-10T14:38:51+00:00","og_image":[{"width":768,"height":512,"url":"https:\/\/unisale.com.br\/novo\/wp-content\/uploads\/2024\/09\/IMG_4372-768x512-1.jpg","type":"image\/jpeg"}],"author":"pastoral","twitter_card":"summary_large_image","twitter_misc":{"Escrito por":"pastoral","Est. tempo de leitura":"3 minutos"},"schema":{"@context":"https:\/\/schema.org","@graph":[{"@type":"Article","@id":"https:\/\/unisale.com.br\/novo\/unisalesiano-promove-reuniao-plenaria-com-foco-na-missao-educativa-salesiana\/#article","isPartOf":{"@id":"https:\/\/unisale.com.br\/novo\/unisalesiano-promove-reuniao-plenaria-com-foco-na-missao-educativa-salesiana\/"},"author":{"name":"pastoral","@id":"https:\/\/unisale.com.br\/pastoral\/#\/schema\/person\/a16ba711a0f7dec9cb6b44563144d5a3"},"headline":"UniSALESIANO promove Reuni\u00e3o Plen\u00e1ria com foco na miss\u00e3o educativa salesiana","datePublished":"2024-09-10T14:38:51+00:00","mainEntityOfPage":{"@id":"https:\/\/unisale.com.br\/novo\/unisalesiano-promove-reuniao-plenaria-com-foco-na-missao-educativa-salesiana\/"},"wordCount":433,"image":{"@id":"https:\/\/unisale.com.br\/novo\/unisalesiano-promove-reuniao-plenaria-com-foco-na-missao-educativa-salesiana\/#primaryimage"},"thumbnailUrl":"https:\/\/unisale.com.br\/pastoral\/wp-content\/uploads\/2024\/09\/IMG_4372-768x512-1.jpg","articleSection":["Not\u00edcias"],"inLanguage":"pt-BR"},{"@type":"WebPage","@id":"https:\/\/unisale.com.br\/novo\/unisalesiano-promove-reuniao-plenaria-com-foco-na-missao-educativa-salesiana\/","url":"https:\/\/unisale.com.br\/novo\/unisalesiano-promove-reuniao-plenaria-com-foco-na-missao-educativa-salesiana\/","name":"UniSALESIANO promove Reuni\u00e3o Plen\u00e1ria com foco na miss\u00e3o educativa salesiana - Pastoral Universit\u00e1ria UniSALESIANO","isPartOf":{"@id":"https:\/\/unisale.com.br\/pastoral\/#website"},"primaryImageOfPage":{"@id":"https:\/\/unisale.com.br\/novo\/unisalesiano-promove-reuniao-plenaria-com-foco-na-missao-educativa-salesiana\/#primaryimage"},"image":{"@id":"https:\/\/unisale.com.br\/novo\/unisalesiano-promove-reuniao-plenaria-com-foco-na-missao-educativa-salesiana\/#primaryimage"},"thumbnailUrl":"https:\/\/unisale.com.br\/pastoral\/wp-content\/uploads\/2024\/09\/IMG_4372-768x512-1.jpg","datePublished":"2024-09-10T14:38:51+00:00","author":{"@id":"https:\/\/unisale.com.br\/pastoral\/#\/schema\/person\/a16ba711a0f7dec9cb6b44563144d5a3"},"inLanguage":"pt-BR","potentialAction":[{"@type":"ReadAction","target":["https:\/\/unisale.com.br\/novo\/unisalesiano-promove-reuniao-plenaria-com-foco-na-missao-educativa-salesiana\/"]}]},{"@type":"ImageObject","inLanguage":"pt-BR","@id":"https:\/\/unisale.com.br\/novo\/unisalesiano-promove-reuniao-plenaria-com-foco-na-missao-educativa-salesiana\/#primaryimage","url":"https:\/\/unisale.com.br\/pastoral\/wp-content\/uploads\/2024\/09\/IMG_4372-768x512-1.jpg","contentUrl":"https:\/\/unisale.com.br\/pastoral\/wp-content\/uploads\/2024\/09\/IMG_4372-768x512-1.jpg","width":750,"height":500},{"@type":"WebSite","@id":"https:\/\/unisale.com.br\/pastoral\/#website","url":"https:\/\/unisale.com.br\/pastoral\/","name":"Pastoral Universit\u00e1ria UniSALESIANO","description":"Site da Pastoral Universit\u00e1ria do UniSALESIANO","potentialAction":[{"@type":"SearchAction","target":{"@type":"EntryPoint","urlTemplate":"https:\/\/unisale.com.br\/pastoral\/?s={search_term_string}"},"query-input":{"@type":"PropertyValueSpecification","valueRequired":true,"valueName":"search_term_string"}}],"inLanguage":"pt-BR"},{"@type":"Person","@id":"https:\/\/unisale.com.br\/pastoral\/#\/schema\/person\/a16ba711a0f7dec9cb6b44563144d5a3","name":"pastoral","url":"https:\/\/unisale.com.br\/pastoral\/author\/pastoral\/"}]}},"_links":{"self":[{"href":"https:\/\/unisale.com.br\/pastoral\/wp-json\/wp\/v2\/posts\/10947","targetHints":{"allow":["GET"]}}],"collection":[{"href":"https:\/\/unisale.com.br\/pastoral\/wp-json\/wp\/v2\/posts"}],"about":[{"href":"https:\/\/unisale.com.br\/pastoral\/wp-json\/wp\/v2\/types\/post"}],"author":[{"embeddable":true,"href":"https:\/\/unisale.com.br\/pastoral\/wp-json\/wp\/v2\/users\/1"}],"replies":[{"embeddable":true,"href":"https:\/\/unisale.com.br\/pastoral\/wp-json\/wp\/v2\/comments?post=10947"}],"version-history":[{"count":1,"href":"https:\/\/unisale.com.br\/pastoral\/wp-json\/wp\/v2\/posts\/10947\/revisions"}],"predecessor-version":[{"id":10962,"href":"https:\/\/unisale.com.br\/pastoral\/wp-json\/wp\/v2\/posts\/10947\/revisions\/10962"}],"wp:featuredmedia":[{"embeddable":true,"href":"https:\/\/unisale.com.br\/pastoral\/wp-json\/wp\/v2\/media\/10951"}],"wp:attachment":[{"href":"https:\/\/unisale.com.br\/pastoral\/wp-json\/wp\/v2\/media?parent=10947"}],"wp:term":[{"taxonomy":"category","embeddable":true,"href":"https:\/\/unisale.com.br\/pastoral\/wp-json\/wp\/v2\/categories?post=10947"},{"taxonomy":"post_tag","embeddable":true,"href":"https:\/\/unisale.com.br\/pastoral\/wp-json\/wp\/v2\/tags?post=10947"}],"curies":[{"name":"wp","href":"https:\/\/api.w.org\/{rel}","templated":true}]}}