{"id":10979,"date":"2024-09-10T14:46:01","date_gmt":"2024-09-10T14:46:01","guid":{"rendered":"https:\/\/unisale.com.br\/pastoral\/?p=10979"},"modified":"2024-09-10T14:46:01","modified_gmt":"2024-09-10T14:46:01","slug":"imagens-de-dom-bosco-visitam-setores-do-unisalesiano-durante-o-mes-de-agosto","status":"publish","type":"post","link":"https:\/\/unisale.com.br\/pastoral\/imagens-de-dom-bosco-visitam-setores-do-unisalesiano-durante-o-mes-de-agosto\/","title":{"rendered":"Imagens de Dom Bosco visitam setores do UniSALESIANO durante o m\u00eas de agosto"},"content":{"rendered":"<p>No m\u00eas de agosto, o\u00a0<strong>UniSALESIANO<\/strong>\u00a0de Ara\u00e7atuba se reveste de espiritualidade e tradi\u00e7\u00e3o ao celebrar o nascimento de<strong>\u00a0S\u00e3o Jo\u00e3o Bosco<\/strong>, fundador dos Salesianos, cuja data \u00e9 lembrada no dia\u00a0<strong>16 de agosto<\/strong>. Este ano, a imagem de Dom Bosco, s\u00edmbolo de f\u00e9 e inspira\u00e7\u00e3o, realiza uma peregrina\u00e7\u00e3o especial pelos setores da Institui\u00e7\u00e3o, tocando o cora\u00e7\u00e3o dos colaboradores e refor\u00e7ando os valores educacionais e religiosos que Dom Bosco representa.<\/p>\n<p>Para enriquecer essa experi\u00eancia, a Pastoral Universit\u00e1ria adquiriu uma segunda imagem de Dom Bosco, permitindo que cada setor possa ter mais tempo em contato com o santo. Durante todo o m\u00eas, a imagem visitar\u00e1 26 setores do UniSALESIANO, em um total de 14 visitas. Em cada setor, a imagem permanece por cerca de tr\u00eas dias, oferecendo aos colaboradores uma oportunidade \u00fanica de reflex\u00e3o e conex\u00e3o espiritual.<\/p>\n<p>De acordo com o\u00a0<strong>agente de Pastoral, Luiz Alexandre Lanzoni,<\/strong>\u00a0em cada visita da imagem, uma pequena celebra\u00e7\u00e3o \u00e9 realizada com os colaboradores. Este ano, o foco das celebra\u00e7\u00f5es est\u00e1 na santidade de Dom Bosco em sua vida cotidiana, ressaltando como ele vivenciava sua f\u00e9 em suas a\u00e7\u00f5es di\u00e1rias. \u201cO padre \u2013\u00a0<strong>Paulo J\u00e1como \u2013 Pr\u00f3-Reitor de Pastoral<\/strong>, lembra todos os anos um momento espec\u00edfico da vida de Dom Bosco. Este ano, ele est\u00e1 recordando muito a quest\u00e3o da vida cotidiana e a santidade de Dom Bosco em seu dia a dia\u201d, explicou Luiz.<\/p>\n<p>Junto \u00e0 imagem, uma urna \u00e9 levada para que os colaboradores depositem seus pedidos e inten\u00e7\u00f5es pessoais. Ao final do m\u00eas, durante as celebra\u00e7\u00f5es em honra a S\u00e3o Jo\u00e3o Bosco, esses pedidos s\u00e3o queimados em um ato simb\u00f3lico de f\u00e9 e devo\u00e7\u00e3o. \u201cTodo ano, fazemos essa caixa de pedidos para que, no final do m\u00eas, possamos queimar esses pedidos como uma oferta simb\u00f3lica\u201d, acrescento o agente de pastoral.<\/p>\n<p>A decis\u00e3o de levar a imagem de Dom Bosco aos diferentes departamentos do UniSALESIANO \u00e9 uma forma de celebrar e reviver os valores e o carisma educacional deixado por ele. A a\u00e7\u00e3o \u00e9 realizada pelo\u00a0<strong>Pr\u00f3-Reitor de Pastoral, Pe. Paulo Eduardo J\u00e1como, SDB,<\/strong>\u00a0juntamente com os agentes de Pastoral<strong>\u00a0Jo\u00e3o Paulo Galdino, Leosino Eduardo Sousa, Luiz Alexandre Lanzoni<\/strong>\u00a0e o estagi\u00e1rio\u00a0<strong>Luan Carlos Pire<\/strong>s.<\/p>\n<p>&nbsp;<\/p>\n\n\t\t<style type=\"text\/css\">\n\t\t\t#gallery-1 {\n\t\t\t\tmargin: auto;\n\t\t\t}\n\t\t\t#gallery-1 .gallery-item {\n\t\t\t\tfloat: left;\n\t\t\t\tmargin-top: 10px;\n\t\t\t\ttext-align: center;\n\t\t\t\twidth: 33%;\n\t\t\t}\n\t\t\t#gallery-1 img {\n\t\t\t\tborder: 2px solid #cfcfcf;\n\t\t\t}\n\t\t\t#gallery-1 .gallery-caption {\n\t\t\t\tmargin-left: 0;\n\t\t\t}\n\t\t\t\/* see gallery_shortcode() in wp-includes\/media.php *\/\n\t\t<\/style>\n\t\t<div id='gallery-1' class='gallery galleryid-10979 gallery-columns-3 gallery-size-thumbnail'><dl class='gallery-item'>\n\t\t\t<dt class='gallery-icon landscape'>\n\t\t\t\t<a href='https:\/\/unisale.com.br\/pastoral\/imagens-de-dom-bosco-visitam-setores-do-unisalesiano-durante-o-mes-de-agosto\/imagem-do-whatsapp-de-2024-09-10-as-11-48-24_eda99501\/'><img decoding=\"async\" width=\"150\" height=\"150\" src=\"https:\/\/unisale.com.br\/pastoral\/wp-content\/uploads\/2024\/09\/Imagem-do-WhatsApp-de-2024-09-10-as-11.48.24_eda99501-150x150.jpg\" class=\"attachment-thumbnail size-thumbnail\" alt=\"\" \/><\/a>\n\t\t\t<\/dt><\/dl><dl class='gallery-item'>\n\t\t\t<dt class='gallery-icon landscape'>\n\t\t\t\t<a href='https:\/\/unisale.com.br\/pastoral\/imagens-de-dom-bosco-visitam-setores-do-unisalesiano-durante-o-mes-de-agosto\/imagem-do-whatsapp-de-2024-09-10-as-11-48-24_fee2b099\/'><img decoding=\"async\" width=\"150\" height=\"150\" src=\"https:\/\/unisale.com.br\/pastoral\/wp-content\/uploads\/2024\/09\/Imagem-do-WhatsApp-de-2024-09-10-as-11.48.24_fee2b099-150x150.jpg\" class=\"attachment-thumbnail size-thumbnail\" alt=\"\" \/><\/a>\n\t\t\t<\/dt><\/dl><dl class='gallery-item'>\n\t\t\t<dt class='gallery-icon landscape'>\n\t\t\t\t<a href='https:\/\/unisale.com.br\/pastoral\/imagens-de-dom-bosco-visitam-setores-do-unisalesiano-durante-o-mes-de-agosto\/imagem-do-whatsapp-de-2024-09-10-as-11-48-43_cb53581c\/'><img decoding=\"async\" width=\"150\" height=\"150\" src=\"https:\/\/unisale.com.br\/pastoral\/wp-content\/uploads\/2024\/09\/Imagem-do-WhatsApp-de-2024-09-10-as-11.48.43_cb53581c-150x150.jpg\" class=\"attachment-thumbnail size-thumbnail\" alt=\"\" \/><\/a>\n\t\t\t<\/dt><\/dl><br style=\"clear: both\" \/><dl class='gallery-item'>\n\t\t\t<dt class='gallery-icon landscape'>\n\t\t\t\t<a href='https:\/\/unisale.com.br\/pastoral\/imagens-de-dom-bosco-visitam-setores-do-unisalesiano-durante-o-mes-de-agosto\/whatsapp-image-2024-08-12-at-15-35-23-1-768x576-2\/'><img loading=\"lazy\" decoding=\"async\" width=\"150\" height=\"150\" src=\"https:\/\/unisale.com.br\/pastoral\/wp-content\/uploads\/2024\/09\/WhatsApp-Image-2024-08-12-at-15.35.23-1-768x576-2-150x150.jpeg\" class=\"attachment-thumbnail size-thumbnail\" alt=\"\" \/><\/a>\n\t\t\t<\/dt><\/dl><dl class='gallery-item'>\n\t\t\t<dt class='gallery-icon landscape'>\n\t\t\t\t<a href='https:\/\/unisale.com.br\/pastoral\/imagens-de-dom-bosco-visitam-setores-do-unisalesiano-durante-o-mes-de-agosto\/whatsapp-image-2024-08-12-at-15-35-23-768x576-2\/'><img loading=\"lazy\" decoding=\"async\" width=\"150\" height=\"150\" src=\"https:\/\/unisale.com.br\/pastoral\/wp-content\/uploads\/2024\/09\/WhatsApp-Image-2024-08-12-at-15.35.23-768x576-2-150x150.jpeg\" class=\"attachment-thumbnail size-thumbnail\" alt=\"\" \/><\/a>\n\t\t\t<\/dt><\/dl><dl class='gallery-item'>\n\t\t\t<dt class='gallery-icon landscape'>\n\t\t\t\t<a href='https:\/\/unisale.com.br\/pastoral\/imagens-de-dom-bosco-visitam-setores-do-unisalesiano-durante-o-mes-de-agosto\/whatsapp-image-2024-08-12-at-15-35-57-768x576-2\/'><img loading=\"lazy\" decoding=\"async\" width=\"150\" height=\"150\" src=\"https:\/\/unisale.com.br\/pastoral\/wp-content\/uploads\/2024\/09\/WhatsApp-Image-2024-08-12-at-15.35.57-768x576-2-150x150.jpeg\" class=\"attachment-thumbnail size-thumbnail\" alt=\"\" \/><\/a>\n\t\t\t<\/dt><\/dl><br style=\"clear: both\" \/>\n\t\t<\/div>\n\n","protected":false},"excerpt":{"rendered":"<p>No m\u00eas de agosto, o\u00a0UniSALESIANO\u00a0de Ara\u00e7atuba se reveste de espiritualidade e tradi\u00e7\u00e3o ao celebrar o nascimento de\u00a0S\u00e3o Jo\u00e3o Bosco, fundador dos Salesianos, cuja data \u00e9&#8230;<\/p>\n","protected":false},"author":1,"featured_media":10980,"comment_status":"closed","ping_status":"closed","sticky":false,"template":"","format":"standard","meta":{"_acf_changed":false,"footnotes":""},"categories":[3],"tags":[],"class_list":["post-10979","post","type-post","status-publish","format-standard","has-post-thumbnail","hentry","category-not"],"acf":[],"yoast_head":"<!-- This site is optimized with the Yoast SEO plugin v27.3 - https:\/\/yoast.com\/product\/yoast-seo-wordpress\/ -->\n<title>Imagens de Dom Bosco visitam setores do UniSALESIANO durante o m\u00eas de agosto - Pastoral Universit\u00e1ria UniSALESIANO<\/title>\n<meta name=\"robots\" content=\"index, follow, max-snippet:-1, max-image-preview:large, max-video-preview:-1\" \/>\n<link rel=\"canonical\" href=\"https:\/\/unisale.com.br\/novo\/imagens-de-dom-bosco-visitam-setores-do-unisalesiano-durante-o-mes-de-agosto\/\" \/>\n<meta property=\"og:locale\" content=\"pt_BR\" \/>\n<meta property=\"og:type\" content=\"article\" \/>\n<meta property=\"og:title\" content=\"Imagens de Dom Bosco visitam setores do UniSALESIANO durante o m\u00eas de agosto - Pastoral Universit\u00e1ria UniSALESIANO\" \/>\n<meta property=\"og:description\" content=\"No m\u00eas de agosto, o\u00a0UniSALESIANO\u00a0de Ara\u00e7atuba se reveste de espiritualidade e tradi\u00e7\u00e3o ao celebrar o nascimento de\u00a0S\u00e3o Jo\u00e3o Bosco, fundador dos Salesianos, cuja data \u00e9...\" \/>\n<meta property=\"og:url\" content=\"https:\/\/unisale.com.br\/novo\/imagens-de-dom-bosco-visitam-setores-do-unisalesiano-durante-o-mes-de-agosto\/\" \/>\n<meta property=\"og:site_name\" content=\"Pastoral Universit\u00e1ria UniSALESIANO\" \/>\n<meta property=\"article:published_time\" content=\"2024-09-10T14:46:01+00:00\" \/>\n<meta property=\"og:image\" content=\"https:\/\/unisale.com.br\/novo\/wp-content\/uploads\/2024\/09\/WhatsApp-Image-2024-08-12-at-15.35.23-1-768x576-1.jpeg\" \/>\n\t<meta property=\"og:image:width\" content=\"768\" \/>\n\t<meta property=\"og:image:height\" content=\"576\" \/>\n\t<meta property=\"og:image:type\" content=\"image\/jpeg\" \/>\n<meta name=\"author\" content=\"pastoral\" \/>\n<meta name=\"twitter:card\" content=\"summary_large_image\" \/>\n<meta name=\"twitter:label1\" content=\"Escrito por\" \/>\n\t<meta name=\"twitter:data1\" content=\"pastoral\" \/>\n\t<meta name=\"twitter:label2\" content=\"Est. tempo de leitura\" \/>\n\t<meta name=\"twitter:data2\" content=\"3 minutos\" \/>\n<script type=\"application\/ld+json\" class=\"yoast-schema-graph\">{\"@context\":\"https:\\\/\\\/schema.org\",\"@graph\":[{\"@type\":\"Article\",\"@id\":\"https:\\\/\\\/unisale.com.br\\\/novo\\\/imagens-de-dom-bosco-visitam-setores-do-unisalesiano-durante-o-mes-de-agosto\\\/#article\",\"isPartOf\":{\"@id\":\"https:\\\/\\\/unisale.com.br\\\/novo\\\/imagens-de-dom-bosco-visitam-setores-do-unisalesiano-durante-o-mes-de-agosto\\\/\"},\"author\":{\"name\":\"pastoral\",\"@id\":\"https:\\\/\\\/unisale.com.br\\\/pastoral\\\/#\\\/schema\\\/person\\\/a16ba711a0f7dec9cb6b44563144d5a3\"},\"headline\":\"Imagens de Dom Bosco visitam setores do UniSALESIANO durante o m\u00eas de agosto\",\"datePublished\":\"2024-09-10T14:46:01+00:00\",\"mainEntityOfPage\":{\"@id\":\"https:\\\/\\\/unisale.com.br\\\/novo\\\/imagens-de-dom-bosco-visitam-setores-do-unisalesiano-durante-o-mes-de-agosto\\\/\"},\"wordCount\":409,\"image\":{\"@id\":\"https:\\\/\\\/unisale.com.br\\\/novo\\\/imagens-de-dom-bosco-visitam-setores-do-unisalesiano-durante-o-mes-de-agosto\\\/#primaryimage\"},\"thumbnailUrl\":\"https:\\\/\\\/unisale.com.br\\\/pastoral\\\/wp-content\\\/uploads\\\/2024\\\/09\\\/WhatsApp-Image-2024-08-12-at-15.35.23-1-768x576-1.jpeg\",\"articleSection\":[\"Not\u00edcias\"],\"inLanguage\":\"pt-BR\"},{\"@type\":\"WebPage\",\"@id\":\"https:\\\/\\\/unisale.com.br\\\/novo\\\/imagens-de-dom-bosco-visitam-setores-do-unisalesiano-durante-o-mes-de-agosto\\\/\",\"url\":\"https:\\\/\\\/unisale.com.br\\\/novo\\\/imagens-de-dom-bosco-visitam-setores-do-unisalesiano-durante-o-mes-de-agosto\\\/\",\"name\":\"Imagens de Dom Bosco visitam setores do UniSALESIANO durante o m\u00eas de agosto - Pastoral Universit\u00e1ria UniSALESIANO\",\"isPartOf\":{\"@id\":\"https:\\\/\\\/unisale.com.br\\\/pastoral\\\/#website\"},\"primaryImageOfPage\":{\"@id\":\"https:\\\/\\\/unisale.com.br\\\/novo\\\/imagens-de-dom-bosco-visitam-setores-do-unisalesiano-durante-o-mes-de-agosto\\\/#primaryimage\"},\"image\":{\"@id\":\"https:\\\/\\\/unisale.com.br\\\/novo\\\/imagens-de-dom-bosco-visitam-setores-do-unisalesiano-durante-o-mes-de-agosto\\\/#primaryimage\"},\"thumbnailUrl\":\"https:\\\/\\\/unisale.com.br\\\/pastoral\\\/wp-content\\\/uploads\\\/2024\\\/09\\\/WhatsApp-Image-2024-08-12-at-15.35.23-1-768x576-1.jpeg\",\"datePublished\":\"2024-09-10T14:46:01+00:00\",\"author\":{\"@id\":\"https:\\\/\\\/unisale.com.br\\\/pastoral\\\/#\\\/schema\\\/person\\\/a16ba711a0f7dec9cb6b44563144d5a3\"},\"inLanguage\":\"pt-BR\",\"potentialAction\":[{\"@type\":\"ReadAction\",\"target\":[\"https:\\\/\\\/unisale.com.br\\\/novo\\\/imagens-de-dom-bosco-visitam-setores-do-unisalesiano-durante-o-mes-de-agosto\\\/\"]}]},{\"@type\":\"ImageObject\",\"inLanguage\":\"pt-BR\",\"@id\":\"https:\\\/\\\/unisale.com.br\\\/novo\\\/imagens-de-dom-bosco-visitam-setores-do-unisalesiano-durante-o-mes-de-agosto\\\/#primaryimage\",\"url\":\"https:\\\/\\\/unisale.com.br\\\/pastoral\\\/wp-content\\\/uploads\\\/2024\\\/09\\\/WhatsApp-Image-2024-08-12-at-15.35.23-1-768x576-1.jpeg\",\"contentUrl\":\"https:\\\/\\\/unisale.com.br\\\/pastoral\\\/wp-content\\\/uploads\\\/2024\\\/09\\\/WhatsApp-Image-2024-08-12-at-15.35.23-1-768x576-1.jpeg\",\"width\":667,\"height\":500},{\"@type\":\"WebSite\",\"@id\":\"https:\\\/\\\/unisale.com.br\\\/pastoral\\\/#website\",\"url\":\"https:\\\/\\\/unisale.com.br\\\/pastoral\\\/\",\"name\":\"Pastoral Universit\u00e1ria UniSALESIANO\",\"description\":\"Site da Pastoral Universit\u00e1ria do UniSALESIANO\",\"potentialAction\":[{\"@type\":\"SearchAction\",\"target\":{\"@type\":\"EntryPoint\",\"urlTemplate\":\"https:\\\/\\\/unisale.com.br\\\/pastoral\\\/?s={search_term_string}\"},\"query-input\":{\"@type\":\"PropertyValueSpecification\",\"valueRequired\":true,\"valueName\":\"search_term_string\"}}],\"inLanguage\":\"pt-BR\"},{\"@type\":\"Person\",\"@id\":\"https:\\\/\\\/unisale.com.br\\\/pastoral\\\/#\\\/schema\\\/person\\\/a16ba711a0f7dec9cb6b44563144d5a3\",\"name\":\"pastoral\",\"url\":\"https:\\\/\\\/unisale.com.br\\\/pastoral\\\/author\\\/pastoral\\\/\"}]}<\/script>\n<!-- \/ Yoast SEO plugin. -->","yoast_head_json":{"title":"Imagens de Dom Bosco visitam setores do UniSALESIANO durante o m\u00eas de agosto - Pastoral Universit\u00e1ria UniSALESIANO","robots":{"index":"index","follow":"follow","max-snippet":"max-snippet:-1","max-image-preview":"max-image-preview:large","max-video-preview":"max-video-preview:-1"},"canonical":"https:\/\/unisale.com.br\/novo\/imagens-de-dom-bosco-visitam-setores-do-unisalesiano-durante-o-mes-de-agosto\/","og_locale":"pt_BR","og_type":"article","og_title":"Imagens de Dom Bosco visitam setores do UniSALESIANO durante o m\u00eas de agosto - Pastoral Universit\u00e1ria UniSALESIANO","og_description":"No m\u00eas de agosto, o\u00a0UniSALESIANO\u00a0de Ara\u00e7atuba se reveste de espiritualidade e tradi\u00e7\u00e3o ao celebrar o nascimento de\u00a0S\u00e3o Jo\u00e3o Bosco, fundador dos Salesianos, cuja data \u00e9...","og_url":"https:\/\/unisale.com.br\/novo\/imagens-de-dom-bosco-visitam-setores-do-unisalesiano-durante-o-mes-de-agosto\/","og_site_name":"Pastoral Universit\u00e1ria UniSALESIANO","article_published_time":"2024-09-10T14:46:01+00:00","og_image":[{"width":768,"height":576,"url":"https:\/\/unisale.com.br\/novo\/wp-content\/uploads\/2024\/09\/WhatsApp-Image-2024-08-12-at-15.35.23-1-768x576-1.jpeg","type":"image\/jpeg"}],"author":"pastoral","twitter_card":"summary_large_image","twitter_misc":{"Escrito por":"pastoral","Est. tempo de leitura":"3 minutos"},"schema":{"@context":"https:\/\/schema.org","@graph":[{"@type":"Article","@id":"https:\/\/unisale.com.br\/novo\/imagens-de-dom-bosco-visitam-setores-do-unisalesiano-durante-o-mes-de-agosto\/#article","isPartOf":{"@id":"https:\/\/unisale.com.br\/novo\/imagens-de-dom-bosco-visitam-setores-do-unisalesiano-durante-o-mes-de-agosto\/"},"author":{"name":"pastoral","@id":"https:\/\/unisale.com.br\/pastoral\/#\/schema\/person\/a16ba711a0f7dec9cb6b44563144d5a3"},"headline":"Imagens de Dom Bosco visitam setores do UniSALESIANO durante o m\u00eas de agosto","datePublished":"2024-09-10T14:46:01+00:00","mainEntityOfPage":{"@id":"https:\/\/unisale.com.br\/novo\/imagens-de-dom-bosco-visitam-setores-do-unisalesiano-durante-o-mes-de-agosto\/"},"wordCount":409,"image":{"@id":"https:\/\/unisale.com.br\/novo\/imagens-de-dom-bosco-visitam-setores-do-unisalesiano-durante-o-mes-de-agosto\/#primaryimage"},"thumbnailUrl":"https:\/\/unisale.com.br\/pastoral\/wp-content\/uploads\/2024\/09\/WhatsApp-Image-2024-08-12-at-15.35.23-1-768x576-1.jpeg","articleSection":["Not\u00edcias"],"inLanguage":"pt-BR"},{"@type":"WebPage","@id":"https:\/\/unisale.com.br\/novo\/imagens-de-dom-bosco-visitam-setores-do-unisalesiano-durante-o-mes-de-agosto\/","url":"https:\/\/unisale.com.br\/novo\/imagens-de-dom-bosco-visitam-setores-do-unisalesiano-durante-o-mes-de-agosto\/","name":"Imagens de Dom Bosco visitam setores do UniSALESIANO durante o m\u00eas de agosto - Pastoral Universit\u00e1ria UniSALESIANO","isPartOf":{"@id":"https:\/\/unisale.com.br\/pastoral\/#website"},"primaryImageOfPage":{"@id":"https:\/\/unisale.com.br\/novo\/imagens-de-dom-bosco-visitam-setores-do-unisalesiano-durante-o-mes-de-agosto\/#primaryimage"},"image":{"@id":"https:\/\/unisale.com.br\/novo\/imagens-de-dom-bosco-visitam-setores-do-unisalesiano-durante-o-mes-de-agosto\/#primaryimage"},"thumbnailUrl":"https:\/\/unisale.com.br\/pastoral\/wp-content\/uploads\/2024\/09\/WhatsApp-Image-2024-08-12-at-15.35.23-1-768x576-1.jpeg","datePublished":"2024-09-10T14:46:01+00:00","author":{"@id":"https:\/\/unisale.com.br\/pastoral\/#\/schema\/person\/a16ba711a0f7dec9cb6b44563144d5a3"},"inLanguage":"pt-BR","potentialAction":[{"@type":"ReadAction","target":["https:\/\/unisale.com.br\/novo\/imagens-de-dom-bosco-visitam-setores-do-unisalesiano-durante-o-mes-de-agosto\/"]}]},{"@type":"ImageObject","inLanguage":"pt-BR","@id":"https:\/\/unisale.com.br\/novo\/imagens-de-dom-bosco-visitam-setores-do-unisalesiano-durante-o-mes-de-agosto\/#primaryimage","url":"https:\/\/unisale.com.br\/pastoral\/wp-content\/uploads\/2024\/09\/WhatsApp-Image-2024-08-12-at-15.35.23-1-768x576-1.jpeg","contentUrl":"https:\/\/unisale.com.br\/pastoral\/wp-content\/uploads\/2024\/09\/WhatsApp-Image-2024-08-12-at-15.35.23-1-768x576-1.jpeg","width":667,"height":500},{"@type":"WebSite","@id":"https:\/\/unisale.com.br\/pastoral\/#website","url":"https:\/\/unisale.com.br\/pastoral\/","name":"Pastoral Universit\u00e1ria UniSALESIANO","description":"Site da Pastoral Universit\u00e1ria do UniSALESIANO","potentialAction":[{"@type":"SearchAction","target":{"@type":"EntryPoint","urlTemplate":"https:\/\/unisale.com.br\/pastoral\/?s={search_term_string}"},"query-input":{"@type":"PropertyValueSpecification","valueRequired":true,"valueName":"search_term_string"}}],"inLanguage":"pt-BR"},{"@type":"Person","@id":"https:\/\/unisale.com.br\/pastoral\/#\/schema\/person\/a16ba711a0f7dec9cb6b44563144d5a3","name":"pastoral","url":"https:\/\/unisale.com.br\/pastoral\/author\/pastoral\/"}]}},"_links":{"self":[{"href":"https:\/\/unisale.com.br\/pastoral\/wp-json\/wp\/v2\/posts\/10979","targetHints":{"allow":["GET"]}}],"collection":[{"href":"https:\/\/unisale.com.br\/pastoral\/wp-json\/wp\/v2\/posts"}],"about":[{"href":"https:\/\/unisale.com.br\/pastoral\/wp-json\/wp\/v2\/types\/post"}],"author":[{"embeddable":true,"href":"https:\/\/unisale.com.br\/pastoral\/wp-json\/wp\/v2\/users\/1"}],"replies":[{"embeddable":true,"href":"https:\/\/unisale.com.br\/pastoral\/wp-json\/wp\/v2\/comments?post=10979"}],"version-history":[{"count":1,"href":"https:\/\/unisale.com.br\/pastoral\/wp-json\/wp\/v2\/posts\/10979\/revisions"}],"predecessor-version":[{"id":10990,"href":"https:\/\/unisale.com.br\/pastoral\/wp-json\/wp\/v2\/posts\/10979\/revisions\/10990"}],"wp:featuredmedia":[{"embeddable":true,"href":"https:\/\/unisale.com.br\/pastoral\/wp-json\/wp\/v2\/media\/10980"}],"wp:attachment":[{"href":"https:\/\/unisale.com.br\/pastoral\/wp-json\/wp\/v2\/media?parent=10979"}],"wp:term":[{"taxonomy":"category","embeddable":true,"href":"https:\/\/unisale.com.br\/pastoral\/wp-json\/wp\/v2\/categories?post=10979"},{"taxonomy":"post_tag","embeddable":true,"href":"https:\/\/unisale.com.br\/pastoral\/wp-json\/wp\/v2\/tags?post=10979"}],"curies":[{"name":"wp","href":"https:\/\/api.w.org\/{rel}","templated":true}]}}