{"id":10994,"date":"2024-09-10T14:53:17","date_gmt":"2024-09-10T14:53:17","guid":{"rendered":"https:\/\/unisale.com.br\/pastoral\/?p=10994"},"modified":"2024-09-10T14:53:17","modified_gmt":"2024-09-10T14:53:17","slug":"inscricoes-para-a-7a-edicao-do-vams-acontecem-ate-o-dia-20-de-setembro","status":"publish","type":"post","link":"https:\/\/unisale.com.br\/pastoral\/inscricoes-para-a-7a-edicao-do-vams-acontecem-ate-o-dia-20-de-setembro\/","title":{"rendered":"Inscri\u00e7\u00f5es para a 7\u00aa edi\u00e7\u00e3o do VAMS acontecem at\u00e9 o dia 20 de setembro"},"content":{"rendered":"<p>O UniSALESIANO abriu as inscri\u00e7\u00f5es para a\u00a0<strong>7\u00aa edi\u00e7\u00e3o do projeto VAMS (Voluntariado Acad\u00eamico Mission\u00e1rio Salesiano)<\/strong>, que ocorrer\u00e1 em 2025. As inscri\u00e7\u00f5es iniciaram no 12 de agosto e se estendem at\u00e9 20 de setembro. \u201cEste \u00e9 um convite aos acad\u00eamicos que desejam fazer a diferen\u00e7a em comunidades ind\u00edgenas por meio de atividades mission\u00e1rias e acad\u00eamicas\u201d, anunciou o\u00a0<strong>Pr\u00f3-Reitor de Pastoral, Pe. Paulo Eduardo J\u00e1como, SDB.<\/strong><\/p>\n<p>Para se inscrever, os acad\u00eamicos devem procurar a\u00a0<strong>Pastoral Universit\u00e1ria<\/strong>, localizada no 2\u00ba andar do Bloco B, Sala 33, onde preencher\u00e3o uma ficha de inscri\u00e7\u00e3o. Ap\u00f3s o t\u00e9rmino das inscri\u00e7\u00f5es, em 20 de setembro, ser\u00e1 iniciado o processo de sele\u00e7\u00e3o, conduzido pela<strong>s Coordenadoras dos Cursos de Educa\u00e7\u00e3o F\u00edsica e Psicologia, Prof\u00aa. Juliana Mitidiero e Prof\u00aa. Mirella Justi<\/strong>, respectivamente.<\/p>\n<p>De acordo com o<strong>\u00a0agente de pastoral, Luiz Alexandre Lanzoni,<\/strong>\u00a0as entrevistas com os candidatos t\u00eam o objetivo de realizar um primeiro filtro, selecionando os alunos que passar\u00e3o para a pr\u00f3xima fase.<\/p>\n<p>\u201cAp\u00f3s a entrevista inicial, os acad\u00eamicos pr\u00e9-selecionados participar\u00e3o de atividades de arrecada\u00e7\u00e3o de fundos e doa\u00e7\u00f5es para a miss\u00e3o. Durante essa fase, a quantidade final de participantes ser\u00e1 definida\u201d, explicou Luiz, ao completar que os selecionados se engajar\u00e3o em a\u00e7\u00f5es como arrecada\u00e7\u00e3o de cobertores, roupas, alimentos e brinquedos, com o objetivo de atender \u00e0s necessidades das comunidades ind\u00edgenas.<\/p>\n<p><strong>EXPECTATIVA<\/strong><\/p>\n<p>O agente de pastoral destacou que o projeto tem crescido a cada ano, com um n\u00famero cada vez maior de interessados. Na \u00faltima edi\u00e7\u00e3o, a participa\u00e7\u00e3o atingiu um recorde, com 170 alunos inscritos, dos quais 40 foram selecionados. \u201cA cada ano, temos mais alunos interessados. A edi\u00e7\u00e3o de 2025 dar\u00e1 continuidade \u00e0s atividades iniciadas em 2024, garantindo que o trabalho realizado n\u00e3o se perca\u201d, afirmou.<\/p>\n<p>O Voluntariado Acad\u00eamico Mission\u00e1rio Salesiano (VAMS) \u00e9 um projeto que integra acad\u00eamicos, docentes e agentes de pastoral em atividades mission\u00e1rias e acad\u00eamicas junto a comunidades ind\u00edgenas, localizadas no Mato Grosso. Em sua s\u00e9tima edi\u00e7\u00e3o, o VAMS busca fortalecer o v\u00ednculo entre a universidade e as comunidades atendidas, proporcionando aprendizado e crescimento tanto para os volunt\u00e1rios quanto para os beneficiados.<\/p>\n<p>&nbsp;<\/p>\n<p>&nbsp;<\/p>\n","protected":false},"excerpt":{"rendered":"<p>O UniSALESIANO abriu as inscri\u00e7\u00f5es para a\u00a07\u00aa edi\u00e7\u00e3o do projeto VAMS (Voluntariado Acad\u00eamico Mission\u00e1rio Salesiano), que ocorrer\u00e1 em 2025. As inscri\u00e7\u00f5es iniciaram no 12 de&#8230;<\/p>\n","protected":false},"author":1,"featured_media":10995,"comment_status":"closed","ping_status":"closed","sticky":false,"template":"","format":"standard","meta":{"_acf_changed":false,"footnotes":""},"categories":[3],"tags":[],"class_list":["post-10994","post","type-post","status-publish","format-standard","has-post-thumbnail","hentry","category-not"],"acf":[],"yoast_head":"<!-- This site is optimized with the Yoast SEO plugin v27.3 - https:\/\/yoast.com\/product\/yoast-seo-wordpress\/ -->\n<title>Inscri\u00e7\u00f5es para a 7\u00aa edi\u00e7\u00e3o do VAMS acontecem at\u00e9 o dia 20 de setembro - Pastoral Universit\u00e1ria UniSALESIANO<\/title>\n<meta name=\"robots\" content=\"index, follow, max-snippet:-1, max-image-preview:large, max-video-preview:-1\" \/>\n<link rel=\"canonical\" href=\"https:\/\/unisale.com.br\/novo\/inscricoes-para-a-7a-edicao-do-vams-acontecem-ate-o-dia-20-de-setembro\/\" \/>\n<meta property=\"og:locale\" content=\"pt_BR\" \/>\n<meta property=\"og:type\" content=\"article\" \/>\n<meta property=\"og:title\" content=\"Inscri\u00e7\u00f5es para a 7\u00aa edi\u00e7\u00e3o do VAMS acontecem at\u00e9 o dia 20 de setembro - Pastoral Universit\u00e1ria UniSALESIANO\" \/>\n<meta property=\"og:description\" content=\"O UniSALESIANO abriu as inscri\u00e7\u00f5es para a\u00a07\u00aa edi\u00e7\u00e3o do projeto VAMS (Voluntariado Acad\u00eamico Mission\u00e1rio Salesiano), que ocorrer\u00e1 em 2025. As inscri\u00e7\u00f5es iniciaram no 12 de...\" \/>\n<meta property=\"og:url\" content=\"https:\/\/unisale.com.br\/novo\/inscricoes-para-a-7a-edicao-do-vams-acontecem-ate-o-dia-20-de-setembro\/\" \/>\n<meta property=\"og:site_name\" content=\"Pastoral Universit\u00e1ria UniSALESIANO\" \/>\n<meta property=\"article:published_time\" content=\"2024-09-10T14:53:17+00:00\" \/>\n<meta property=\"og:image\" content=\"https:\/\/unisale.com.br\/novo\/wp-content\/uploads\/2024\/09\/Feed-VAMS.png\" \/>\n\t<meta property=\"og:image:width\" content=\"1080\" \/>\n\t<meta property=\"og:image:height\" content=\"1080\" \/>\n\t<meta property=\"og:image:type\" content=\"image\/png\" \/>\n<meta name=\"author\" content=\"pastoral\" \/>\n<meta name=\"twitter:card\" content=\"summary_large_image\" \/>\n<meta name=\"twitter:label1\" content=\"Escrito por\" \/>\n\t<meta name=\"twitter:data1\" content=\"pastoral\" \/>\n\t<meta name=\"twitter:label2\" content=\"Est. tempo de leitura\" \/>\n\t<meta name=\"twitter:data2\" content=\"3 minutos\" \/>\n<script type=\"application\/ld+json\" class=\"yoast-schema-graph\">{\"@context\":\"https:\\\/\\\/schema.org\",\"@graph\":[{\"@type\":\"Article\",\"@id\":\"https:\\\/\\\/unisale.com.br\\\/novo\\\/inscricoes-para-a-7a-edicao-do-vams-acontecem-ate-o-dia-20-de-setembro\\\/#article\",\"isPartOf\":{\"@id\":\"https:\\\/\\\/unisale.com.br\\\/novo\\\/inscricoes-para-a-7a-edicao-do-vams-acontecem-ate-o-dia-20-de-setembro\\\/\"},\"author\":{\"name\":\"pastoral\",\"@id\":\"https:\\\/\\\/unisale.com.br\\\/pastoral\\\/#\\\/schema\\\/person\\\/a16ba711a0f7dec9cb6b44563144d5a3\"},\"headline\":\"Inscri\u00e7\u00f5es para a 7\u00aa edi\u00e7\u00e3o do VAMS acontecem at\u00e9 o dia 20 de setembro\",\"datePublished\":\"2024-09-10T14:53:17+00:00\",\"mainEntityOfPage\":{\"@id\":\"https:\\\/\\\/unisale.com.br\\\/novo\\\/inscricoes-para-a-7a-edicao-do-vams-acontecem-ate-o-dia-20-de-setembro\\\/\"},\"wordCount\":392,\"image\":{\"@id\":\"https:\\\/\\\/unisale.com.br\\\/novo\\\/inscricoes-para-a-7a-edicao-do-vams-acontecem-ate-o-dia-20-de-setembro\\\/#primaryimage\"},\"thumbnailUrl\":\"https:\\\/\\\/unisale.com.br\\\/pastoral\\\/wp-content\\\/uploads\\\/2024\\\/09\\\/Feed-VAMS.png\",\"articleSection\":[\"Not\u00edcias\"],\"inLanguage\":\"pt-BR\"},{\"@type\":\"WebPage\",\"@id\":\"https:\\\/\\\/unisale.com.br\\\/novo\\\/inscricoes-para-a-7a-edicao-do-vams-acontecem-ate-o-dia-20-de-setembro\\\/\",\"url\":\"https:\\\/\\\/unisale.com.br\\\/novo\\\/inscricoes-para-a-7a-edicao-do-vams-acontecem-ate-o-dia-20-de-setembro\\\/\",\"name\":\"Inscri\u00e7\u00f5es para a 7\u00aa edi\u00e7\u00e3o do VAMS acontecem at\u00e9 o dia 20 de setembro - Pastoral Universit\u00e1ria UniSALESIANO\",\"isPartOf\":{\"@id\":\"https:\\\/\\\/unisale.com.br\\\/pastoral\\\/#website\"},\"primaryImageOfPage\":{\"@id\":\"https:\\\/\\\/unisale.com.br\\\/novo\\\/inscricoes-para-a-7a-edicao-do-vams-acontecem-ate-o-dia-20-de-setembro\\\/#primaryimage\"},\"image\":{\"@id\":\"https:\\\/\\\/unisale.com.br\\\/novo\\\/inscricoes-para-a-7a-edicao-do-vams-acontecem-ate-o-dia-20-de-setembro\\\/#primaryimage\"},\"thumbnailUrl\":\"https:\\\/\\\/unisale.com.br\\\/pastoral\\\/wp-content\\\/uploads\\\/2024\\\/09\\\/Feed-VAMS.png\",\"datePublished\":\"2024-09-10T14:53:17+00:00\",\"author\":{\"@id\":\"https:\\\/\\\/unisale.com.br\\\/pastoral\\\/#\\\/schema\\\/person\\\/a16ba711a0f7dec9cb6b44563144d5a3\"},\"inLanguage\":\"pt-BR\",\"potentialAction\":[{\"@type\":\"ReadAction\",\"target\":[\"https:\\\/\\\/unisale.com.br\\\/novo\\\/inscricoes-para-a-7a-edicao-do-vams-acontecem-ate-o-dia-20-de-setembro\\\/\"]}]},{\"@type\":\"ImageObject\",\"inLanguage\":\"pt-BR\",\"@id\":\"https:\\\/\\\/unisale.com.br\\\/novo\\\/inscricoes-para-a-7a-edicao-do-vams-acontecem-ate-o-dia-20-de-setembro\\\/#primaryimage\",\"url\":\"https:\\\/\\\/unisale.com.br\\\/pastoral\\\/wp-content\\\/uploads\\\/2024\\\/09\\\/Feed-VAMS.png\",\"contentUrl\":\"https:\\\/\\\/unisale.com.br\\\/pastoral\\\/wp-content\\\/uploads\\\/2024\\\/09\\\/Feed-VAMS.png\",\"width\":500,\"height\":500},{\"@type\":\"WebSite\",\"@id\":\"https:\\\/\\\/unisale.com.br\\\/pastoral\\\/#website\",\"url\":\"https:\\\/\\\/unisale.com.br\\\/pastoral\\\/\",\"name\":\"Pastoral Universit\u00e1ria UniSALESIANO\",\"description\":\"Site da Pastoral Universit\u00e1ria do UniSALESIANO\",\"potentialAction\":[{\"@type\":\"SearchAction\",\"target\":{\"@type\":\"EntryPoint\",\"urlTemplate\":\"https:\\\/\\\/unisale.com.br\\\/pastoral\\\/?s={search_term_string}\"},\"query-input\":{\"@type\":\"PropertyValueSpecification\",\"valueRequired\":true,\"valueName\":\"search_term_string\"}}],\"inLanguage\":\"pt-BR\"},{\"@type\":\"Person\",\"@id\":\"https:\\\/\\\/unisale.com.br\\\/pastoral\\\/#\\\/schema\\\/person\\\/a16ba711a0f7dec9cb6b44563144d5a3\",\"name\":\"pastoral\",\"url\":\"https:\\\/\\\/unisale.com.br\\\/pastoral\\\/author\\\/pastoral\\\/\"}]}<\/script>\n<!-- \/ Yoast SEO plugin. -->","yoast_head_json":{"title":"Inscri\u00e7\u00f5es para a 7\u00aa edi\u00e7\u00e3o do VAMS acontecem at\u00e9 o dia 20 de setembro - Pastoral Universit\u00e1ria UniSALESIANO","robots":{"index":"index","follow":"follow","max-snippet":"max-snippet:-1","max-image-preview":"max-image-preview:large","max-video-preview":"max-video-preview:-1"},"canonical":"https:\/\/unisale.com.br\/novo\/inscricoes-para-a-7a-edicao-do-vams-acontecem-ate-o-dia-20-de-setembro\/","og_locale":"pt_BR","og_type":"article","og_title":"Inscri\u00e7\u00f5es para a 7\u00aa edi\u00e7\u00e3o do VAMS acontecem at\u00e9 o dia 20 de setembro - Pastoral Universit\u00e1ria UniSALESIANO","og_description":"O UniSALESIANO abriu as inscri\u00e7\u00f5es para a\u00a07\u00aa edi\u00e7\u00e3o do projeto VAMS (Voluntariado Acad\u00eamico Mission\u00e1rio Salesiano), que ocorrer\u00e1 em 2025. As inscri\u00e7\u00f5es iniciaram no 12 de...","og_url":"https:\/\/unisale.com.br\/novo\/inscricoes-para-a-7a-edicao-do-vams-acontecem-ate-o-dia-20-de-setembro\/","og_site_name":"Pastoral Universit\u00e1ria UniSALESIANO","article_published_time":"2024-09-10T14:53:17+00:00","og_image":[{"width":1080,"height":1080,"url":"https:\/\/unisale.com.br\/novo\/wp-content\/uploads\/2024\/09\/Feed-VAMS.png","type":"image\/png"}],"author":"pastoral","twitter_card":"summary_large_image","twitter_misc":{"Escrito por":"pastoral","Est. tempo de leitura":"3 minutos"},"schema":{"@context":"https:\/\/schema.org","@graph":[{"@type":"Article","@id":"https:\/\/unisale.com.br\/novo\/inscricoes-para-a-7a-edicao-do-vams-acontecem-ate-o-dia-20-de-setembro\/#article","isPartOf":{"@id":"https:\/\/unisale.com.br\/novo\/inscricoes-para-a-7a-edicao-do-vams-acontecem-ate-o-dia-20-de-setembro\/"},"author":{"name":"pastoral","@id":"https:\/\/unisale.com.br\/pastoral\/#\/schema\/person\/a16ba711a0f7dec9cb6b44563144d5a3"},"headline":"Inscri\u00e7\u00f5es para a 7\u00aa edi\u00e7\u00e3o do VAMS acontecem at\u00e9 o dia 20 de setembro","datePublished":"2024-09-10T14:53:17+00:00","mainEntityOfPage":{"@id":"https:\/\/unisale.com.br\/novo\/inscricoes-para-a-7a-edicao-do-vams-acontecem-ate-o-dia-20-de-setembro\/"},"wordCount":392,"image":{"@id":"https:\/\/unisale.com.br\/novo\/inscricoes-para-a-7a-edicao-do-vams-acontecem-ate-o-dia-20-de-setembro\/#primaryimage"},"thumbnailUrl":"https:\/\/unisale.com.br\/pastoral\/wp-content\/uploads\/2024\/09\/Feed-VAMS.png","articleSection":["Not\u00edcias"],"inLanguage":"pt-BR"},{"@type":"WebPage","@id":"https:\/\/unisale.com.br\/novo\/inscricoes-para-a-7a-edicao-do-vams-acontecem-ate-o-dia-20-de-setembro\/","url":"https:\/\/unisale.com.br\/novo\/inscricoes-para-a-7a-edicao-do-vams-acontecem-ate-o-dia-20-de-setembro\/","name":"Inscri\u00e7\u00f5es para a 7\u00aa edi\u00e7\u00e3o do VAMS acontecem at\u00e9 o dia 20 de setembro - Pastoral Universit\u00e1ria UniSALESIANO","isPartOf":{"@id":"https:\/\/unisale.com.br\/pastoral\/#website"},"primaryImageOfPage":{"@id":"https:\/\/unisale.com.br\/novo\/inscricoes-para-a-7a-edicao-do-vams-acontecem-ate-o-dia-20-de-setembro\/#primaryimage"},"image":{"@id":"https:\/\/unisale.com.br\/novo\/inscricoes-para-a-7a-edicao-do-vams-acontecem-ate-o-dia-20-de-setembro\/#primaryimage"},"thumbnailUrl":"https:\/\/unisale.com.br\/pastoral\/wp-content\/uploads\/2024\/09\/Feed-VAMS.png","datePublished":"2024-09-10T14:53:17+00:00","author":{"@id":"https:\/\/unisale.com.br\/pastoral\/#\/schema\/person\/a16ba711a0f7dec9cb6b44563144d5a3"},"inLanguage":"pt-BR","potentialAction":[{"@type":"ReadAction","target":["https:\/\/unisale.com.br\/novo\/inscricoes-para-a-7a-edicao-do-vams-acontecem-ate-o-dia-20-de-setembro\/"]}]},{"@type":"ImageObject","inLanguage":"pt-BR","@id":"https:\/\/unisale.com.br\/novo\/inscricoes-para-a-7a-edicao-do-vams-acontecem-ate-o-dia-20-de-setembro\/#primaryimage","url":"https:\/\/unisale.com.br\/pastoral\/wp-content\/uploads\/2024\/09\/Feed-VAMS.png","contentUrl":"https:\/\/unisale.com.br\/pastoral\/wp-content\/uploads\/2024\/09\/Feed-VAMS.png","width":500,"height":500},{"@type":"WebSite","@id":"https:\/\/unisale.com.br\/pastoral\/#website","url":"https:\/\/unisale.com.br\/pastoral\/","name":"Pastoral Universit\u00e1ria UniSALESIANO","description":"Site da Pastoral Universit\u00e1ria do UniSALESIANO","potentialAction":[{"@type":"SearchAction","target":{"@type":"EntryPoint","urlTemplate":"https:\/\/unisale.com.br\/pastoral\/?s={search_term_string}"},"query-input":{"@type":"PropertyValueSpecification","valueRequired":true,"valueName":"search_term_string"}}],"inLanguage":"pt-BR"},{"@type":"Person","@id":"https:\/\/unisale.com.br\/pastoral\/#\/schema\/person\/a16ba711a0f7dec9cb6b44563144d5a3","name":"pastoral","url":"https:\/\/unisale.com.br\/pastoral\/author\/pastoral\/"}]}},"_links":{"self":[{"href":"https:\/\/unisale.com.br\/pastoral\/wp-json\/wp\/v2\/posts\/10994","targetHints":{"allow":["GET"]}}],"collection":[{"href":"https:\/\/unisale.com.br\/pastoral\/wp-json\/wp\/v2\/posts"}],"about":[{"href":"https:\/\/unisale.com.br\/pastoral\/wp-json\/wp\/v2\/types\/post"}],"author":[{"embeddable":true,"href":"https:\/\/unisale.com.br\/pastoral\/wp-json\/wp\/v2\/users\/1"}],"replies":[{"embeddable":true,"href":"https:\/\/unisale.com.br\/pastoral\/wp-json\/wp\/v2\/comments?post=10994"}],"version-history":[{"count":1,"href":"https:\/\/unisale.com.br\/pastoral\/wp-json\/wp\/v2\/posts\/10994\/revisions"}],"predecessor-version":[{"id":10996,"href":"https:\/\/unisale.com.br\/pastoral\/wp-json\/wp\/v2\/posts\/10994\/revisions\/10996"}],"wp:featuredmedia":[{"embeddable":true,"href":"https:\/\/unisale.com.br\/pastoral\/wp-json\/wp\/v2\/media\/10995"}],"wp:attachment":[{"href":"https:\/\/unisale.com.br\/pastoral\/wp-json\/wp\/v2\/media?parent=10994"}],"wp:term":[{"taxonomy":"category","embeddable":true,"href":"https:\/\/unisale.com.br\/pastoral\/wp-json\/wp\/v2\/categories?post=10994"},{"taxonomy":"post_tag","embeddable":true,"href":"https:\/\/unisale.com.br\/pastoral\/wp-json\/wp\/v2\/tags?post=10994"}],"curies":[{"name":"wp","href":"https:\/\/api.w.org\/{rel}","templated":true}]}}