{"id":10997,"date":"2024-09-10T14:54:22","date_gmt":"2024-09-10T14:54:22","guid":{"rendered":"https:\/\/unisale.com.br\/pastoral\/?p=10997"},"modified":"2024-09-10T14:54:22","modified_gmt":"2024-09-10T14:54:22","slug":"missa-de-acao-de-gracas-celebra-os-20-anos-de-ordenacao-episcopal-de-dom-sergio","status":"publish","type":"post","link":"https:\/\/unisale.com.br\/pastoral\/missa-de-acao-de-gracas-celebra-os-20-anos-de-ordenacao-episcopal-de-dom-sergio\/","title":{"rendered":"Missa de A\u00e7\u00e3o de Gra\u00e7as celebra os 20 Anos de Ordena\u00e7\u00e3o Episcopal de Dom S\u00e9rgio"},"content":{"rendered":"<p>Na manh\u00e3 deste 14 de agosto, a Igreja Santo Ant\u00f4nio de P\u00e1dua, em Ara\u00e7atuba, foi palco de uma significativa celebra\u00e7\u00e3o em homenagem aos 20 anos de ordena\u00e7\u00e3o episcopal de\u00a0<strong>Dom S\u00e9rgio Krzywy, bispo da Diocese de Ara\u00e7atuba<\/strong>. A missa de a\u00e7\u00e3o de gra\u00e7as contou com a presen\u00e7a de diversos representantes leigos das pastorais, p\u00e1rocos e religiosos da Diocese, destacando a uni\u00e3o e a f\u00e9 da comunidade cat\u00f3lica local.<\/p>\n<p>Entre os participantes, destacaram-se o\u00a0<strong>Reitor do UniSALESIANO, Pe. Paulo Vendrame, SDB<\/strong>, e o\u00a0<strong>Pr\u00f3-Reitor de Pastoral, Pe. Paulo J\u00e1como, SDB<\/strong>, que, juntamente com outros membros do clero e leigos, fizeram quest\u00e3o de prestigiar o jubileu de Dom S\u00e9rgio.<\/p>\n<p>Durante a celebra\u00e7\u00e3o, Dom S\u00e9rgio expressou sua profunda gratid\u00e3o pelos 20 anos \u00e0 frente da Diocese de Ara\u00e7atuba. Em seu depoimento, emocionado, o bispo destacou a beleza e o potencial pastoral da diocese, ressaltando a colabora\u00e7\u00e3o e o compromisso dos p\u00e1rocos, padres, leigos, movimentos e religiosos.<\/p>\n<p>\u201c\u00c9 uma alegria imensa trabalhar nesta Diocese t\u00e3o linda. Um campo vasto de a\u00e7\u00e3o pastoral, onde cada um, com seu trabalho, contribui para o crescimento espiritual e comunit\u00e1rio. Todos se sentem felizes em ser vistos e reconhecidos aqui em Ara\u00e7atuba\u201d, afirmou Dom S\u00e9rgio.<\/p>\n<p>A missa foi um momento de reflex\u00e3o, agradecimento e renova\u00e7\u00e3o do compromisso pastoral, evidenciando a dedica\u00e7\u00e3o e o carinho de Dom S\u00e9rgio por sua miss\u00e3o episcopal e pela comunidade que ele serve h\u00e1 duas d\u00e9cadas. A celebra\u00e7\u00e3o do jubileu reafirmou os la\u00e7os de f\u00e9 e fraternidade que unem a Diocese de Ara\u00e7atuba, fortalecendo o esp\u00edrito de servi\u00e7o e comunh\u00e3o entre todos os presentes.<\/p>\n","protected":false},"excerpt":{"rendered":"<p>Na manh\u00e3 deste 14 de agosto, a Igreja Santo Ant\u00f4nio de P\u00e1dua, em Ara\u00e7atuba, foi palco de uma significativa celebra\u00e7\u00e3o em homenagem aos 20 anos&#8230;<\/p>\n","protected":false},"author":1,"featured_media":10998,"comment_status":"closed","ping_status":"closed","sticky":false,"template":"","format":"standard","meta":{"_acf_changed":false,"footnotes":""},"categories":[3],"tags":[],"class_list":["post-10997","post","type-post","status-publish","format-standard","has-post-thumbnail","hentry","category-not"],"acf":[],"yoast_head":"<!-- This site is optimized with the Yoast SEO plugin v27.3 - https:\/\/yoast.com\/product\/yoast-seo-wordpress\/ -->\n<title>Missa de A\u00e7\u00e3o de Gra\u00e7as celebra os 20 Anos de Ordena\u00e7\u00e3o Episcopal de Dom S\u00e9rgio - Pastoral Universit\u00e1ria UniSALESIANO<\/title>\n<meta name=\"robots\" content=\"index, follow, max-snippet:-1, max-image-preview:large, max-video-preview:-1\" \/>\n<link rel=\"canonical\" href=\"https:\/\/unisale.com.br\/novo\/missa-de-acao-de-gracas-celebra-os-20-anos-de-ordenacao-episcopal-de-dom-sergio\/\" \/>\n<meta property=\"og:locale\" content=\"pt_BR\" \/>\n<meta property=\"og:type\" content=\"article\" \/>\n<meta property=\"og:title\" content=\"Missa de A\u00e7\u00e3o de Gra\u00e7as celebra os 20 Anos de Ordena\u00e7\u00e3o Episcopal de Dom S\u00e9rgio - Pastoral Universit\u00e1ria UniSALESIANO\" \/>\n<meta property=\"og:description\" content=\"Na manh\u00e3 deste 14 de agosto, a Igreja Santo Ant\u00f4nio de P\u00e1dua, em Ara\u00e7atuba, foi palco de uma significativa celebra\u00e7\u00e3o em homenagem aos 20 anos...\" \/>\n<meta property=\"og:url\" content=\"https:\/\/unisale.com.br\/novo\/missa-de-acao-de-gracas-celebra-os-20-anos-de-ordenacao-episcopal-de-dom-sergio\/\" \/>\n<meta property=\"og:site_name\" content=\"Pastoral Universit\u00e1ria UniSALESIANO\" \/>\n<meta property=\"article:published_time\" content=\"2024-09-10T14:54:22+00:00\" \/>\n<meta property=\"og:image\" content=\"https:\/\/unisale.com.br\/novo\/wp-content\/uploads\/2024\/09\/Captura-de-tela-2024-08-14-163911.jpg\" \/>\n\t<meta property=\"og:image:width\" content=\"664\" \/>\n\t<meta property=\"og:image:height\" content=\"461\" \/>\n\t<meta property=\"og:image:type\" content=\"image\/jpeg\" \/>\n<meta name=\"author\" content=\"pastoral\" \/>\n<meta name=\"twitter:card\" content=\"summary_large_image\" \/>\n<meta name=\"twitter:label1\" content=\"Escrito por\" \/>\n\t<meta name=\"twitter:data1\" content=\"pastoral\" \/>\n\t<meta name=\"twitter:label2\" content=\"Est. tempo de leitura\" \/>\n\t<meta name=\"twitter:data2\" content=\"2 minutos\" \/>\n<script type=\"application\/ld+json\" class=\"yoast-schema-graph\">{\"@context\":\"https:\\\/\\\/schema.org\",\"@graph\":[{\"@type\":\"Article\",\"@id\":\"https:\\\/\\\/unisale.com.br\\\/novo\\\/missa-de-acao-de-gracas-celebra-os-20-anos-de-ordenacao-episcopal-de-dom-sergio\\\/#article\",\"isPartOf\":{\"@id\":\"https:\\\/\\\/unisale.com.br\\\/novo\\\/missa-de-acao-de-gracas-celebra-os-20-anos-de-ordenacao-episcopal-de-dom-sergio\\\/\"},\"author\":{\"name\":\"pastoral\",\"@id\":\"https:\\\/\\\/unisale.com.br\\\/pastoral\\\/#\\\/schema\\\/person\\\/a16ba711a0f7dec9cb6b44563144d5a3\"},\"headline\":\"Missa de A\u00e7\u00e3o de Gra\u00e7as celebra os 20 Anos de Ordena\u00e7\u00e3o Episcopal de Dom S\u00e9rgio\",\"datePublished\":\"2024-09-10T14:54:22+00:00\",\"mainEntityOfPage\":{\"@id\":\"https:\\\/\\\/unisale.com.br\\\/novo\\\/missa-de-acao-de-gracas-celebra-os-20-anos-de-ordenacao-episcopal-de-dom-sergio\\\/\"},\"wordCount\":312,\"image\":{\"@id\":\"https:\\\/\\\/unisale.com.br\\\/novo\\\/missa-de-acao-de-gracas-celebra-os-20-anos-de-ordenacao-episcopal-de-dom-sergio\\\/#primaryimage\"},\"thumbnailUrl\":\"https:\\\/\\\/unisale.com.br\\\/pastoral\\\/wp-content\\\/uploads\\\/2024\\\/09\\\/Captura-de-tela-2024-08-14-163911.jpg\",\"articleSection\":[\"Not\u00edcias\"],\"inLanguage\":\"pt-BR\"},{\"@type\":\"WebPage\",\"@id\":\"https:\\\/\\\/unisale.com.br\\\/novo\\\/missa-de-acao-de-gracas-celebra-os-20-anos-de-ordenacao-episcopal-de-dom-sergio\\\/\",\"url\":\"https:\\\/\\\/unisale.com.br\\\/novo\\\/missa-de-acao-de-gracas-celebra-os-20-anos-de-ordenacao-episcopal-de-dom-sergio\\\/\",\"name\":\"Missa de A\u00e7\u00e3o de Gra\u00e7as celebra os 20 Anos de Ordena\u00e7\u00e3o Episcopal de Dom S\u00e9rgio - Pastoral Universit\u00e1ria UniSALESIANO\",\"isPartOf\":{\"@id\":\"https:\\\/\\\/unisale.com.br\\\/pastoral\\\/#website\"},\"primaryImageOfPage\":{\"@id\":\"https:\\\/\\\/unisale.com.br\\\/novo\\\/missa-de-acao-de-gracas-celebra-os-20-anos-de-ordenacao-episcopal-de-dom-sergio\\\/#primaryimage\"},\"image\":{\"@id\":\"https:\\\/\\\/unisale.com.br\\\/novo\\\/missa-de-acao-de-gracas-celebra-os-20-anos-de-ordenacao-episcopal-de-dom-sergio\\\/#primaryimage\"},\"thumbnailUrl\":\"https:\\\/\\\/unisale.com.br\\\/pastoral\\\/wp-content\\\/uploads\\\/2024\\\/09\\\/Captura-de-tela-2024-08-14-163911.jpg\",\"datePublished\":\"2024-09-10T14:54:22+00:00\",\"author\":{\"@id\":\"https:\\\/\\\/unisale.com.br\\\/pastoral\\\/#\\\/schema\\\/person\\\/a16ba711a0f7dec9cb6b44563144d5a3\"},\"inLanguage\":\"pt-BR\",\"potentialAction\":[{\"@type\":\"ReadAction\",\"target\":[\"https:\\\/\\\/unisale.com.br\\\/novo\\\/missa-de-acao-de-gracas-celebra-os-20-anos-de-ordenacao-episcopal-de-dom-sergio\\\/\"]}]},{\"@type\":\"ImageObject\",\"inLanguage\":\"pt-BR\",\"@id\":\"https:\\\/\\\/unisale.com.br\\\/novo\\\/missa-de-acao-de-gracas-celebra-os-20-anos-de-ordenacao-episcopal-de-dom-sergio\\\/#primaryimage\",\"url\":\"https:\\\/\\\/unisale.com.br\\\/pastoral\\\/wp-content\\\/uploads\\\/2024\\\/09\\\/Captura-de-tela-2024-08-14-163911.jpg\",\"contentUrl\":\"https:\\\/\\\/unisale.com.br\\\/pastoral\\\/wp-content\\\/uploads\\\/2024\\\/09\\\/Captura-de-tela-2024-08-14-163911.jpg\",\"width\":664,\"height\":461},{\"@type\":\"WebSite\",\"@id\":\"https:\\\/\\\/unisale.com.br\\\/pastoral\\\/#website\",\"url\":\"https:\\\/\\\/unisale.com.br\\\/pastoral\\\/\",\"name\":\"Pastoral Universit\u00e1ria UniSALESIANO\",\"description\":\"Site da Pastoral Universit\u00e1ria do UniSALESIANO\",\"potentialAction\":[{\"@type\":\"SearchAction\",\"target\":{\"@type\":\"EntryPoint\",\"urlTemplate\":\"https:\\\/\\\/unisale.com.br\\\/pastoral\\\/?s={search_term_string}\"},\"query-input\":{\"@type\":\"PropertyValueSpecification\",\"valueRequired\":true,\"valueName\":\"search_term_string\"}}],\"inLanguage\":\"pt-BR\"},{\"@type\":\"Person\",\"@id\":\"https:\\\/\\\/unisale.com.br\\\/pastoral\\\/#\\\/schema\\\/person\\\/a16ba711a0f7dec9cb6b44563144d5a3\",\"name\":\"pastoral\",\"url\":\"https:\\\/\\\/unisale.com.br\\\/pastoral\\\/author\\\/pastoral\\\/\"}]}<\/script>\n<!-- \/ Yoast SEO plugin. -->","yoast_head_json":{"title":"Missa de A\u00e7\u00e3o de Gra\u00e7as celebra os 20 Anos de Ordena\u00e7\u00e3o Episcopal de Dom S\u00e9rgio - Pastoral Universit\u00e1ria UniSALESIANO","robots":{"index":"index","follow":"follow","max-snippet":"max-snippet:-1","max-image-preview":"max-image-preview:large","max-video-preview":"max-video-preview:-1"},"canonical":"https:\/\/unisale.com.br\/novo\/missa-de-acao-de-gracas-celebra-os-20-anos-de-ordenacao-episcopal-de-dom-sergio\/","og_locale":"pt_BR","og_type":"article","og_title":"Missa de A\u00e7\u00e3o de Gra\u00e7as celebra os 20 Anos de Ordena\u00e7\u00e3o Episcopal de Dom S\u00e9rgio - Pastoral Universit\u00e1ria UniSALESIANO","og_description":"Na manh\u00e3 deste 14 de agosto, a Igreja Santo Ant\u00f4nio de P\u00e1dua, em Ara\u00e7atuba, foi palco de uma significativa celebra\u00e7\u00e3o em homenagem aos 20 anos...","og_url":"https:\/\/unisale.com.br\/novo\/missa-de-acao-de-gracas-celebra-os-20-anos-de-ordenacao-episcopal-de-dom-sergio\/","og_site_name":"Pastoral Universit\u00e1ria UniSALESIANO","article_published_time":"2024-09-10T14:54:22+00:00","og_image":[{"width":664,"height":461,"url":"https:\/\/unisale.com.br\/novo\/wp-content\/uploads\/2024\/09\/Captura-de-tela-2024-08-14-163911.jpg","type":"image\/jpeg"}],"author":"pastoral","twitter_card":"summary_large_image","twitter_misc":{"Escrito por":"pastoral","Est. tempo de leitura":"2 minutos"},"schema":{"@context":"https:\/\/schema.org","@graph":[{"@type":"Article","@id":"https:\/\/unisale.com.br\/novo\/missa-de-acao-de-gracas-celebra-os-20-anos-de-ordenacao-episcopal-de-dom-sergio\/#article","isPartOf":{"@id":"https:\/\/unisale.com.br\/novo\/missa-de-acao-de-gracas-celebra-os-20-anos-de-ordenacao-episcopal-de-dom-sergio\/"},"author":{"name":"pastoral","@id":"https:\/\/unisale.com.br\/pastoral\/#\/schema\/person\/a16ba711a0f7dec9cb6b44563144d5a3"},"headline":"Missa de A\u00e7\u00e3o de Gra\u00e7as celebra os 20 Anos de Ordena\u00e7\u00e3o Episcopal de Dom S\u00e9rgio","datePublished":"2024-09-10T14:54:22+00:00","mainEntityOfPage":{"@id":"https:\/\/unisale.com.br\/novo\/missa-de-acao-de-gracas-celebra-os-20-anos-de-ordenacao-episcopal-de-dom-sergio\/"},"wordCount":312,"image":{"@id":"https:\/\/unisale.com.br\/novo\/missa-de-acao-de-gracas-celebra-os-20-anos-de-ordenacao-episcopal-de-dom-sergio\/#primaryimage"},"thumbnailUrl":"https:\/\/unisale.com.br\/pastoral\/wp-content\/uploads\/2024\/09\/Captura-de-tela-2024-08-14-163911.jpg","articleSection":["Not\u00edcias"],"inLanguage":"pt-BR"},{"@type":"WebPage","@id":"https:\/\/unisale.com.br\/novo\/missa-de-acao-de-gracas-celebra-os-20-anos-de-ordenacao-episcopal-de-dom-sergio\/","url":"https:\/\/unisale.com.br\/novo\/missa-de-acao-de-gracas-celebra-os-20-anos-de-ordenacao-episcopal-de-dom-sergio\/","name":"Missa de A\u00e7\u00e3o de Gra\u00e7as celebra os 20 Anos de Ordena\u00e7\u00e3o Episcopal de Dom S\u00e9rgio - Pastoral Universit\u00e1ria UniSALESIANO","isPartOf":{"@id":"https:\/\/unisale.com.br\/pastoral\/#website"},"primaryImageOfPage":{"@id":"https:\/\/unisale.com.br\/novo\/missa-de-acao-de-gracas-celebra-os-20-anos-de-ordenacao-episcopal-de-dom-sergio\/#primaryimage"},"image":{"@id":"https:\/\/unisale.com.br\/novo\/missa-de-acao-de-gracas-celebra-os-20-anos-de-ordenacao-episcopal-de-dom-sergio\/#primaryimage"},"thumbnailUrl":"https:\/\/unisale.com.br\/pastoral\/wp-content\/uploads\/2024\/09\/Captura-de-tela-2024-08-14-163911.jpg","datePublished":"2024-09-10T14:54:22+00:00","author":{"@id":"https:\/\/unisale.com.br\/pastoral\/#\/schema\/person\/a16ba711a0f7dec9cb6b44563144d5a3"},"inLanguage":"pt-BR","potentialAction":[{"@type":"ReadAction","target":["https:\/\/unisale.com.br\/novo\/missa-de-acao-de-gracas-celebra-os-20-anos-de-ordenacao-episcopal-de-dom-sergio\/"]}]},{"@type":"ImageObject","inLanguage":"pt-BR","@id":"https:\/\/unisale.com.br\/novo\/missa-de-acao-de-gracas-celebra-os-20-anos-de-ordenacao-episcopal-de-dom-sergio\/#primaryimage","url":"https:\/\/unisale.com.br\/pastoral\/wp-content\/uploads\/2024\/09\/Captura-de-tela-2024-08-14-163911.jpg","contentUrl":"https:\/\/unisale.com.br\/pastoral\/wp-content\/uploads\/2024\/09\/Captura-de-tela-2024-08-14-163911.jpg","width":664,"height":461},{"@type":"WebSite","@id":"https:\/\/unisale.com.br\/pastoral\/#website","url":"https:\/\/unisale.com.br\/pastoral\/","name":"Pastoral Universit\u00e1ria UniSALESIANO","description":"Site da Pastoral Universit\u00e1ria do UniSALESIANO","potentialAction":[{"@type":"SearchAction","target":{"@type":"EntryPoint","urlTemplate":"https:\/\/unisale.com.br\/pastoral\/?s={search_term_string}"},"query-input":{"@type":"PropertyValueSpecification","valueRequired":true,"valueName":"search_term_string"}}],"inLanguage":"pt-BR"},{"@type":"Person","@id":"https:\/\/unisale.com.br\/pastoral\/#\/schema\/person\/a16ba711a0f7dec9cb6b44563144d5a3","name":"pastoral","url":"https:\/\/unisale.com.br\/pastoral\/author\/pastoral\/"}]}},"_links":{"self":[{"href":"https:\/\/unisale.com.br\/pastoral\/wp-json\/wp\/v2\/posts\/10997","targetHints":{"allow":["GET"]}}],"collection":[{"href":"https:\/\/unisale.com.br\/pastoral\/wp-json\/wp\/v2\/posts"}],"about":[{"href":"https:\/\/unisale.com.br\/pastoral\/wp-json\/wp\/v2\/types\/post"}],"author":[{"embeddable":true,"href":"https:\/\/unisale.com.br\/pastoral\/wp-json\/wp\/v2\/users\/1"}],"replies":[{"embeddable":true,"href":"https:\/\/unisale.com.br\/pastoral\/wp-json\/wp\/v2\/comments?post=10997"}],"version-history":[{"count":1,"href":"https:\/\/unisale.com.br\/pastoral\/wp-json\/wp\/v2\/posts\/10997\/revisions"}],"predecessor-version":[{"id":10999,"href":"https:\/\/unisale.com.br\/pastoral\/wp-json\/wp\/v2\/posts\/10997\/revisions\/10999"}],"wp:featuredmedia":[{"embeddable":true,"href":"https:\/\/unisale.com.br\/pastoral\/wp-json\/wp\/v2\/media\/10998"}],"wp:attachment":[{"href":"https:\/\/unisale.com.br\/pastoral\/wp-json\/wp\/v2\/media?parent=10997"}],"wp:term":[{"taxonomy":"category","embeddable":true,"href":"https:\/\/unisale.com.br\/pastoral\/wp-json\/wp\/v2\/categories?post=10997"},{"taxonomy":"post_tag","embeddable":true,"href":"https:\/\/unisale.com.br\/pastoral\/wp-json\/wp\/v2\/tags?post=10997"}],"curies":[{"name":"wp","href":"https:\/\/api.w.org\/{rel}","templated":true}]}}