{"id":11000,"date":"2024-09-10T14:56:41","date_gmt":"2024-09-10T14:56:41","guid":{"rendered":"https:\/\/unisale.com.br\/pastoral\/?p=11000"},"modified":"2024-09-10T14:56:41","modified_gmt":"2024-09-10T14:56:41","slug":"jovens-do-oratorio-participam-de-campeonato-de-futebol-em-homenagem-a-dom-bosco","status":"publish","type":"post","link":"https:\/\/unisale.com.br\/pastoral\/jovens-do-oratorio-participam-de-campeonato-de-futebol-em-homenagem-a-dom-bosco\/","title":{"rendered":"Jovens do Orat\u00f3rio participam de Campeonato de Futebol em homenagem a Dom Bosco"},"content":{"rendered":"<p>O\u00a0<strong>Campeonato de Futebol Orat\u00f3rio Dom Bosco<\/strong>, em comemora\u00e7\u00e3o ao anivers\u00e1rio de\u00a0<strong>Dom Bosco<\/strong>, fundador dos salesianos, foi iniciado no dia 24 de agosto e promete agitar os s\u00e1bados na regi\u00e3o dos bairros \u00c1gua Branca 1, 2 e 3, em Ara\u00e7atuba.<\/p>\n<p>O torneio, organizado pelo\u00a0<strong>Curso de Educa\u00e7\u00e3o F\u00edsica do UniSALESIANO<\/strong>, conta com a participa\u00e7\u00e3o de cinco equipes, divididas em duas categorias: tr\u00eas times na categoria acima de 12 anos e dois na categoria abaixo de 12 anos. \u201cEssa divis\u00e3o permite que jovens de diferentes idades participem e se destaquem em um ambiente competitivo e inclusivo\u201d, explicou o docente do\u00a0<strong>Curso de Educa\u00e7\u00e3o F\u00edsica, Prof. Ivo Pedon<\/strong>.<\/p>\n<p>De acordo com Ivo, o campeonato \u00e9 realizado em formato de todos contra todos, oferecendo a cada equipe a oportunidade de jogar m\u00faltiplas partidas contra seus advers\u00e1rios, garantindo que os jovens atletas possam mostrar todo o seu talento. \u201cEsse modelo tamb\u00e9m promove a intera\u00e7\u00e3o entre os participantes e aumenta a competitividade em cada jogo\u201d, ressaltou.<\/p>\n<p>Al\u00e9m dos jogos, que s\u00e3o promovidos aos s\u00e1bados, o campeonato se tornou um ponto de encontro para fam\u00edlias e amigos, que se re\u00fanem para apoiar os jovens.<\/p>\n<p><strong>PREMIA\u00c7\u00c3O<\/strong><\/p>\n<p>A classifica\u00e7\u00e3o das equipes ser\u00e1 baseada na pontua\u00e7\u00e3o acumulada ao longo do torneio, com os times mais bem colocados sendo premiados ao final. \u201cAl\u00e9m do trof\u00e9u para o campe\u00e3o, os tr\u00eas primeiros colocados de cada categoria receber\u00e3o medalhas em reconhecimento ao seu desempenho e dedica\u00e7\u00e3o\u201d, disse Ivo.<\/p>\n<p>Conforme o professor<strong>,\u00a0<\/strong>mais do que uma competi\u00e7\u00e3o, o Campeonato de Futebol do Orat\u00f3rio Dom Bosco \u00e9 uma ferramenta de desenvolvimento para os jovens. O futebol, como atividade central, refor\u00e7a valores essenciais como disciplina, respeito, trabalho em equipe e supera\u00e7\u00e3o. Al\u00e9m disso, proporciona momentos de socializa\u00e7\u00e3o e lazer, contribuindo para o bem-estar dos participantes.<\/p>\n<p>\u201cO campeonato, que continuar\u00e1 at\u00e9 o final de setembro, \u00e9 uma verdadeira celebra\u00e7\u00e3o do esporte e da amizade. Aos s\u00e1bados, a bola rola e a comunidade se une para apoiar esses jovens talentos, que, mais do que nunca, est\u00e3o aprendendo e crescendo atrav\u00e9s do futebol\u201d, finalizou.<\/p>\n<p>&nbsp;<\/p>\n\n\t\t<style type=\"text\/css\">\n\t\t\t#gallery-1 {\n\t\t\t\tmargin: auto;\n\t\t\t}\n\t\t\t#gallery-1 .gallery-item {\n\t\t\t\tfloat: left;\n\t\t\t\tmargin-top: 10px;\n\t\t\t\ttext-align: center;\n\t\t\t\twidth: 33%;\n\t\t\t}\n\t\t\t#gallery-1 img {\n\t\t\t\tborder: 2px solid #cfcfcf;\n\t\t\t}\n\t\t\t#gallery-1 .gallery-caption {\n\t\t\t\tmargin-left: 0;\n\t\t\t}\n\t\t\t\/* see gallery_shortcode() in wp-includes\/media.php *\/\n\t\t<\/style>\n\t\t<div id='gallery-1' class='gallery galleryid-11000 gallery-columns-3 gallery-size-thumbnail'><dl class='gallery-item'>\n\t\t\t<dt class='gallery-icon landscape'>\n\t\t\t\t<a href='https:\/\/unisale.com.br\/pastoral\/jovens-do-oratorio-participam-de-campeonato-de-futebol-em-homenagem-a-dom-bosco\/whatsapp-image-2024-08-27-at-09-29-41-768x703-2\/'><img decoding=\"async\" width=\"150\" height=\"150\" src=\"https:\/\/unisale.com.br\/pastoral\/wp-content\/uploads\/2024\/09\/WhatsApp-Image-2024-08-27-at-09.29.41-768x703-2-150x150.jpeg\" class=\"attachment-thumbnail size-thumbnail\" alt=\"\" \/><\/a>\n\t\t\t<\/dt><\/dl><dl class='gallery-item'>\n\t\t\t<dt class='gallery-icon portrait'>\n\t\t\t\t<a href='https:\/\/unisale.com.br\/pastoral\/jovens-do-oratorio-participam-de-campeonato-de-futebol-em-homenagem-a-dom-bosco\/whatsapp-image-2024-08-27-at-09-29-44-768x1001-2\/'><img decoding=\"async\" width=\"150\" height=\"150\" src=\"https:\/\/unisale.com.br\/pastoral\/wp-content\/uploads\/2024\/09\/WhatsApp-Image-2024-08-27-at-09.29.44-768x1001-2-150x150.jpeg\" class=\"attachment-thumbnail size-thumbnail\" alt=\"\" \/><\/a>\n\t\t\t<\/dt><\/dl><dl class='gallery-item'>\n\t\t\t<dt class='gallery-icon landscape'>\n\t\t\t\t<a href='https:\/\/unisale.com.br\/pastoral\/jovens-do-oratorio-participam-de-campeonato-de-futebol-em-homenagem-a-dom-bosco\/whatsapp-image-2024-08-27-at-09-29-41-1-1024x970-2\/'><img decoding=\"async\" width=\"150\" height=\"150\" src=\"https:\/\/unisale.com.br\/pastoral\/wp-content\/uploads\/2024\/09\/WhatsApp-Image-2024-08-27-at-09.29.41-1-1024x970-2-150x150.jpeg\" class=\"attachment-thumbnail size-thumbnail\" alt=\"\" \/><\/a>\n\t\t\t<\/dt><\/dl><br style=\"clear: both\" \/><dl class='gallery-item'>\n\t\t\t<dt class='gallery-icon landscape'>\n\t\t\t\t<a href='https:\/\/unisale.com.br\/pastoral\/jovens-do-oratorio-participam-de-campeonato-de-futebol-em-homenagem-a-dom-bosco\/whatsapp-image-2024-08-27-at-09-29-41-2-1024x1000-2\/'><img loading=\"lazy\" decoding=\"async\" width=\"150\" height=\"150\" src=\"https:\/\/unisale.com.br\/pastoral\/wp-content\/uploads\/2024\/09\/WhatsApp-Image-2024-08-27-at-09.29.41-2-1024x1000-2-150x150.jpeg\" class=\"attachment-thumbnail size-thumbnail\" alt=\"\" \/><\/a>\n\t\t\t<\/dt><\/dl><dl class='gallery-item'>\n\t\t\t<dt class='gallery-icon landscape'>\n\t\t\t\t<a href='https:\/\/unisale.com.br\/pastoral\/jovens-do-oratorio-participam-de-campeonato-de-futebol-em-homenagem-a-dom-bosco\/whatsapp-image-2024-08-27-at-09-29-42-1024x982-2\/'><img loading=\"lazy\" decoding=\"async\" width=\"150\" height=\"150\" src=\"https:\/\/unisale.com.br\/pastoral\/wp-content\/uploads\/2024\/09\/WhatsApp-Image-2024-08-27-at-09.29.42-1024x982-2-150x150.jpeg\" class=\"attachment-thumbnail size-thumbnail\" alt=\"\" \/><\/a>\n\t\t\t<\/dt><\/dl><dl class='gallery-item'>\n\t\t\t<dt class='gallery-icon portrait'>\n\t\t\t\t<a href='https:\/\/unisale.com.br\/pastoral\/jovens-do-oratorio-participam-de-campeonato-de-futebol-em-homenagem-a-dom-bosco\/whatsapp-image-2024-08-27-at-09-29-43-899x1024-2\/'><img loading=\"lazy\" decoding=\"async\" width=\"150\" height=\"150\" src=\"https:\/\/unisale.com.br\/pastoral\/wp-content\/uploads\/2024\/09\/WhatsApp-Image-2024-08-27-at-09.29.43-899x1024-2-150x150.jpeg\" class=\"attachment-thumbnail size-thumbnail\" alt=\"\" \/><\/a>\n\t\t\t<\/dt><\/dl><br style=\"clear: both\" \/>\n\t\t<\/div>\n\n","protected":false},"excerpt":{"rendered":"<p>O\u00a0Campeonato de Futebol Orat\u00f3rio Dom Bosco, em comemora\u00e7\u00e3o ao anivers\u00e1rio de\u00a0Dom Bosco, fundador dos salesianos, foi iniciado no dia 24 de agosto e promete agitar&#8230;<\/p>\n","protected":false},"author":1,"featured_media":11001,"comment_status":"closed","ping_status":"closed","sticky":false,"template":"","format":"standard","meta":{"_acf_changed":false,"footnotes":""},"categories":[3],"tags":[],"class_list":["post-11000","post","type-post","status-publish","format-standard","has-post-thumbnail","hentry","category-not"],"acf":[],"yoast_head":"<!-- This site is optimized with the Yoast SEO plugin v27.3 - https:\/\/yoast.com\/product\/yoast-seo-wordpress\/ -->\n<title>Jovens do Orat\u00f3rio participam de Campeonato de Futebol em homenagem a Dom Bosco - Pastoral Universit\u00e1ria UniSALESIANO<\/title>\n<meta name=\"robots\" content=\"index, follow, max-snippet:-1, max-image-preview:large, max-video-preview:-1\" \/>\n<link rel=\"canonical\" href=\"https:\/\/unisale.com.br\/novo\/jovens-do-oratorio-participam-de-campeonato-de-futebol-em-homenagem-a-dom-bosco\/\" \/>\n<meta property=\"og:locale\" content=\"pt_BR\" \/>\n<meta property=\"og:type\" content=\"article\" \/>\n<meta property=\"og:title\" content=\"Jovens do Orat\u00f3rio participam de Campeonato de Futebol em homenagem a Dom Bosco - Pastoral Universit\u00e1ria UniSALESIANO\" \/>\n<meta property=\"og:description\" content=\"O\u00a0Campeonato de Futebol Orat\u00f3rio Dom Bosco, em comemora\u00e7\u00e3o ao anivers\u00e1rio de\u00a0Dom Bosco, fundador dos salesianos, foi iniciado no dia 24 de agosto e promete agitar...\" \/>\n<meta property=\"og:url\" content=\"https:\/\/unisale.com.br\/novo\/jovens-do-oratorio-participam-de-campeonato-de-futebol-em-homenagem-a-dom-bosco\/\" \/>\n<meta property=\"og:site_name\" content=\"Pastoral Universit\u00e1ria UniSALESIANO\" \/>\n<meta property=\"article:published_time\" content=\"2024-09-10T14:56:41+00:00\" \/>\n<meta property=\"og:image\" content=\"https:\/\/unisale.com.br\/novo\/wp-content\/uploads\/2024\/09\/WhatsApp-Image-2024-08-27-at-09.29.43-1-768x567-1.jpeg\" \/>\n\t<meta property=\"og:image:width\" content=\"768\" \/>\n\t<meta property=\"og:image:height\" content=\"567\" \/>\n\t<meta property=\"og:image:type\" content=\"image\/jpeg\" \/>\n<meta name=\"author\" content=\"pastoral\" \/>\n<meta name=\"twitter:card\" content=\"summary_large_image\" \/>\n<meta name=\"twitter:label1\" content=\"Escrito por\" \/>\n\t<meta name=\"twitter:data1\" content=\"pastoral\" \/>\n\t<meta name=\"twitter:label2\" content=\"Est. tempo de leitura\" \/>\n\t<meta name=\"twitter:data2\" content=\"4 minutos\" \/>\n<script type=\"application\/ld+json\" class=\"yoast-schema-graph\">{\"@context\":\"https:\\\/\\\/schema.org\",\"@graph\":[{\"@type\":\"Article\",\"@id\":\"https:\\\/\\\/unisale.com.br\\\/novo\\\/jovens-do-oratorio-participam-de-campeonato-de-futebol-em-homenagem-a-dom-bosco\\\/#article\",\"isPartOf\":{\"@id\":\"https:\\\/\\\/unisale.com.br\\\/novo\\\/jovens-do-oratorio-participam-de-campeonato-de-futebol-em-homenagem-a-dom-bosco\\\/\"},\"author\":{\"name\":\"pastoral\",\"@id\":\"https:\\\/\\\/unisale.com.br\\\/pastoral\\\/#\\\/schema\\\/person\\\/a16ba711a0f7dec9cb6b44563144d5a3\"},\"headline\":\"Jovens do Orat\u00f3rio participam de Campeonato de Futebol em homenagem a Dom Bosco\",\"datePublished\":\"2024-09-10T14:56:41+00:00\",\"mainEntityOfPage\":{\"@id\":\"https:\\\/\\\/unisale.com.br\\\/novo\\\/jovens-do-oratorio-participam-de-campeonato-de-futebol-em-homenagem-a-dom-bosco\\\/\"},\"wordCount\":386,\"image\":{\"@id\":\"https:\\\/\\\/unisale.com.br\\\/novo\\\/jovens-do-oratorio-participam-de-campeonato-de-futebol-em-homenagem-a-dom-bosco\\\/#primaryimage\"},\"thumbnailUrl\":\"https:\\\/\\\/unisale.com.br\\\/pastoral\\\/wp-content\\\/uploads\\\/2024\\\/09\\\/WhatsApp-Image-2024-08-27-at-09.29.43-1-768x567-1.jpeg\",\"articleSection\":[\"Not\u00edcias\"],\"inLanguage\":\"pt-BR\"},{\"@type\":\"WebPage\",\"@id\":\"https:\\\/\\\/unisale.com.br\\\/novo\\\/jovens-do-oratorio-participam-de-campeonato-de-futebol-em-homenagem-a-dom-bosco\\\/\",\"url\":\"https:\\\/\\\/unisale.com.br\\\/novo\\\/jovens-do-oratorio-participam-de-campeonato-de-futebol-em-homenagem-a-dom-bosco\\\/\",\"name\":\"Jovens do Orat\u00f3rio participam de Campeonato de Futebol em homenagem a Dom Bosco - Pastoral Universit\u00e1ria UniSALESIANO\",\"isPartOf\":{\"@id\":\"https:\\\/\\\/unisale.com.br\\\/pastoral\\\/#website\"},\"primaryImageOfPage\":{\"@id\":\"https:\\\/\\\/unisale.com.br\\\/novo\\\/jovens-do-oratorio-participam-de-campeonato-de-futebol-em-homenagem-a-dom-bosco\\\/#primaryimage\"},\"image\":{\"@id\":\"https:\\\/\\\/unisale.com.br\\\/novo\\\/jovens-do-oratorio-participam-de-campeonato-de-futebol-em-homenagem-a-dom-bosco\\\/#primaryimage\"},\"thumbnailUrl\":\"https:\\\/\\\/unisale.com.br\\\/pastoral\\\/wp-content\\\/uploads\\\/2024\\\/09\\\/WhatsApp-Image-2024-08-27-at-09.29.43-1-768x567-1.jpeg\",\"datePublished\":\"2024-09-10T14:56:41+00:00\",\"author\":{\"@id\":\"https:\\\/\\\/unisale.com.br\\\/pastoral\\\/#\\\/schema\\\/person\\\/a16ba711a0f7dec9cb6b44563144d5a3\"},\"inLanguage\":\"pt-BR\",\"potentialAction\":[{\"@type\":\"ReadAction\",\"target\":[\"https:\\\/\\\/unisale.com.br\\\/novo\\\/jovens-do-oratorio-participam-de-campeonato-de-futebol-em-homenagem-a-dom-bosco\\\/\"]}]},{\"@type\":\"ImageObject\",\"inLanguage\":\"pt-BR\",\"@id\":\"https:\\\/\\\/unisale.com.br\\\/novo\\\/jovens-do-oratorio-participam-de-campeonato-de-futebol-em-homenagem-a-dom-bosco\\\/#primaryimage\",\"url\":\"https:\\\/\\\/unisale.com.br\\\/pastoral\\\/wp-content\\\/uploads\\\/2024\\\/09\\\/WhatsApp-Image-2024-08-27-at-09.29.43-1-768x567-1.jpeg\",\"contentUrl\":\"https:\\\/\\\/unisale.com.br\\\/pastoral\\\/wp-content\\\/uploads\\\/2024\\\/09\\\/WhatsApp-Image-2024-08-27-at-09.29.43-1-768x567-1.jpeg\",\"width\":677,\"height\":500},{\"@type\":\"WebSite\",\"@id\":\"https:\\\/\\\/unisale.com.br\\\/pastoral\\\/#website\",\"url\":\"https:\\\/\\\/unisale.com.br\\\/pastoral\\\/\",\"name\":\"Pastoral Universit\u00e1ria UniSALESIANO\",\"description\":\"Site da Pastoral Universit\u00e1ria do UniSALESIANO\",\"potentialAction\":[{\"@type\":\"SearchAction\",\"target\":{\"@type\":\"EntryPoint\",\"urlTemplate\":\"https:\\\/\\\/unisale.com.br\\\/pastoral\\\/?s={search_term_string}\"},\"query-input\":{\"@type\":\"PropertyValueSpecification\",\"valueRequired\":true,\"valueName\":\"search_term_string\"}}],\"inLanguage\":\"pt-BR\"},{\"@type\":\"Person\",\"@id\":\"https:\\\/\\\/unisale.com.br\\\/pastoral\\\/#\\\/schema\\\/person\\\/a16ba711a0f7dec9cb6b44563144d5a3\",\"name\":\"pastoral\",\"url\":\"https:\\\/\\\/unisale.com.br\\\/pastoral\\\/author\\\/pastoral\\\/\"}]}<\/script>\n<!-- \/ Yoast SEO plugin. -->","yoast_head_json":{"title":"Jovens do Orat\u00f3rio participam de Campeonato de Futebol em homenagem a Dom Bosco - Pastoral Universit\u00e1ria UniSALESIANO","robots":{"index":"index","follow":"follow","max-snippet":"max-snippet:-1","max-image-preview":"max-image-preview:large","max-video-preview":"max-video-preview:-1"},"canonical":"https:\/\/unisale.com.br\/novo\/jovens-do-oratorio-participam-de-campeonato-de-futebol-em-homenagem-a-dom-bosco\/","og_locale":"pt_BR","og_type":"article","og_title":"Jovens do Orat\u00f3rio participam de Campeonato de Futebol em homenagem a Dom Bosco - Pastoral Universit\u00e1ria UniSALESIANO","og_description":"O\u00a0Campeonato de Futebol Orat\u00f3rio Dom Bosco, em comemora\u00e7\u00e3o ao anivers\u00e1rio de\u00a0Dom Bosco, fundador dos salesianos, foi iniciado no dia 24 de agosto e promete agitar...","og_url":"https:\/\/unisale.com.br\/novo\/jovens-do-oratorio-participam-de-campeonato-de-futebol-em-homenagem-a-dom-bosco\/","og_site_name":"Pastoral Universit\u00e1ria UniSALESIANO","article_published_time":"2024-09-10T14:56:41+00:00","og_image":[{"width":768,"height":567,"url":"https:\/\/unisale.com.br\/novo\/wp-content\/uploads\/2024\/09\/WhatsApp-Image-2024-08-27-at-09.29.43-1-768x567-1.jpeg","type":"image\/jpeg"}],"author":"pastoral","twitter_card":"summary_large_image","twitter_misc":{"Escrito por":"pastoral","Est. tempo de leitura":"4 minutos"},"schema":{"@context":"https:\/\/schema.org","@graph":[{"@type":"Article","@id":"https:\/\/unisale.com.br\/novo\/jovens-do-oratorio-participam-de-campeonato-de-futebol-em-homenagem-a-dom-bosco\/#article","isPartOf":{"@id":"https:\/\/unisale.com.br\/novo\/jovens-do-oratorio-participam-de-campeonato-de-futebol-em-homenagem-a-dom-bosco\/"},"author":{"name":"pastoral","@id":"https:\/\/unisale.com.br\/pastoral\/#\/schema\/person\/a16ba711a0f7dec9cb6b44563144d5a3"},"headline":"Jovens do Orat\u00f3rio participam de Campeonato de Futebol em homenagem a Dom Bosco","datePublished":"2024-09-10T14:56:41+00:00","mainEntityOfPage":{"@id":"https:\/\/unisale.com.br\/novo\/jovens-do-oratorio-participam-de-campeonato-de-futebol-em-homenagem-a-dom-bosco\/"},"wordCount":386,"image":{"@id":"https:\/\/unisale.com.br\/novo\/jovens-do-oratorio-participam-de-campeonato-de-futebol-em-homenagem-a-dom-bosco\/#primaryimage"},"thumbnailUrl":"https:\/\/unisale.com.br\/pastoral\/wp-content\/uploads\/2024\/09\/WhatsApp-Image-2024-08-27-at-09.29.43-1-768x567-1.jpeg","articleSection":["Not\u00edcias"],"inLanguage":"pt-BR"},{"@type":"WebPage","@id":"https:\/\/unisale.com.br\/novo\/jovens-do-oratorio-participam-de-campeonato-de-futebol-em-homenagem-a-dom-bosco\/","url":"https:\/\/unisale.com.br\/novo\/jovens-do-oratorio-participam-de-campeonato-de-futebol-em-homenagem-a-dom-bosco\/","name":"Jovens do Orat\u00f3rio participam de Campeonato de Futebol em homenagem a Dom Bosco - Pastoral Universit\u00e1ria UniSALESIANO","isPartOf":{"@id":"https:\/\/unisale.com.br\/pastoral\/#website"},"primaryImageOfPage":{"@id":"https:\/\/unisale.com.br\/novo\/jovens-do-oratorio-participam-de-campeonato-de-futebol-em-homenagem-a-dom-bosco\/#primaryimage"},"image":{"@id":"https:\/\/unisale.com.br\/novo\/jovens-do-oratorio-participam-de-campeonato-de-futebol-em-homenagem-a-dom-bosco\/#primaryimage"},"thumbnailUrl":"https:\/\/unisale.com.br\/pastoral\/wp-content\/uploads\/2024\/09\/WhatsApp-Image-2024-08-27-at-09.29.43-1-768x567-1.jpeg","datePublished":"2024-09-10T14:56:41+00:00","author":{"@id":"https:\/\/unisale.com.br\/pastoral\/#\/schema\/person\/a16ba711a0f7dec9cb6b44563144d5a3"},"inLanguage":"pt-BR","potentialAction":[{"@type":"ReadAction","target":["https:\/\/unisale.com.br\/novo\/jovens-do-oratorio-participam-de-campeonato-de-futebol-em-homenagem-a-dom-bosco\/"]}]},{"@type":"ImageObject","inLanguage":"pt-BR","@id":"https:\/\/unisale.com.br\/novo\/jovens-do-oratorio-participam-de-campeonato-de-futebol-em-homenagem-a-dom-bosco\/#primaryimage","url":"https:\/\/unisale.com.br\/pastoral\/wp-content\/uploads\/2024\/09\/WhatsApp-Image-2024-08-27-at-09.29.43-1-768x567-1.jpeg","contentUrl":"https:\/\/unisale.com.br\/pastoral\/wp-content\/uploads\/2024\/09\/WhatsApp-Image-2024-08-27-at-09.29.43-1-768x567-1.jpeg","width":677,"height":500},{"@type":"WebSite","@id":"https:\/\/unisale.com.br\/pastoral\/#website","url":"https:\/\/unisale.com.br\/pastoral\/","name":"Pastoral Universit\u00e1ria UniSALESIANO","description":"Site da Pastoral Universit\u00e1ria do UniSALESIANO","potentialAction":[{"@type":"SearchAction","target":{"@type":"EntryPoint","urlTemplate":"https:\/\/unisale.com.br\/pastoral\/?s={search_term_string}"},"query-input":{"@type":"PropertyValueSpecification","valueRequired":true,"valueName":"search_term_string"}}],"inLanguage":"pt-BR"},{"@type":"Person","@id":"https:\/\/unisale.com.br\/pastoral\/#\/schema\/person\/a16ba711a0f7dec9cb6b44563144d5a3","name":"pastoral","url":"https:\/\/unisale.com.br\/pastoral\/author\/pastoral\/"}]}},"_links":{"self":[{"href":"https:\/\/unisale.com.br\/pastoral\/wp-json\/wp\/v2\/posts\/11000","targetHints":{"allow":["GET"]}}],"collection":[{"href":"https:\/\/unisale.com.br\/pastoral\/wp-json\/wp\/v2\/posts"}],"about":[{"href":"https:\/\/unisale.com.br\/pastoral\/wp-json\/wp\/v2\/types\/post"}],"author":[{"embeddable":true,"href":"https:\/\/unisale.com.br\/pastoral\/wp-json\/wp\/v2\/users\/1"}],"replies":[{"embeddable":true,"href":"https:\/\/unisale.com.br\/pastoral\/wp-json\/wp\/v2\/comments?post=11000"}],"version-history":[{"count":1,"href":"https:\/\/unisale.com.br\/pastoral\/wp-json\/wp\/v2\/posts\/11000\/revisions"}],"predecessor-version":[{"id":11014,"href":"https:\/\/unisale.com.br\/pastoral\/wp-json\/wp\/v2\/posts\/11000\/revisions\/11014"}],"wp:featuredmedia":[{"embeddable":true,"href":"https:\/\/unisale.com.br\/pastoral\/wp-json\/wp\/v2\/media\/11001"}],"wp:attachment":[{"href":"https:\/\/unisale.com.br\/pastoral\/wp-json\/wp\/v2\/media?parent=11000"}],"wp:term":[{"taxonomy":"category","embeddable":true,"href":"https:\/\/unisale.com.br\/pastoral\/wp-json\/wp\/v2\/categories?post=11000"},{"taxonomy":"post_tag","embeddable":true,"href":"https:\/\/unisale.com.br\/pastoral\/wp-json\/wp\/v2\/tags?post=11000"}],"curies":[{"name":"wp","href":"https:\/\/api.w.org\/{rel}","templated":true}]}}