{"id":11069,"date":"2024-09-19T18:35:23","date_gmt":"2024-09-19T18:35:23","guid":{"rendered":"https:\/\/unisale.com.br\/pastoral\/?p=11069"},"modified":"2024-09-19T18:35:23","modified_gmt":"2024-09-19T18:35:23","slug":"unisalesiano-reforca-campanha-do-setembro-amarelo-com-uniformes-e-fotos-nos-ambientes","status":"publish","type":"post","link":"https:\/\/unisale.com.br\/pastoral\/unisalesiano-reforca-campanha-do-setembro-amarelo-com-uniformes-e-fotos-nos-ambientes\/","title":{"rendered":"UniSALESIANO refor\u00e7a campanha do \u201cSetembro Amarelo\u201d com uniformes e fotos nos ambientes"},"content":{"rendered":"<p>Neste ano de 2024, o UniSALESIANO ampliou suas a\u00e7\u00f5es em apoio ao\u00a0<strong>\u201cSetembro Amarelo\u201d,<\/strong>\u00a0m\u00eas de conscientiza\u00e7\u00e3o sobre a preven\u00e7\u00e3o do suic\u00eddio. A Reitoria entregou uniformes amarelos aos colaboradores, estampados com a mensagem \u201cVida: sempre a melhor escolha\u201d, com o objetivo de promover a valoriza\u00e7\u00e3o da vida e a conscientiza\u00e7\u00e3o sobre a sa\u00fade mental.<\/p>\n<p>Na manh\u00e3 do dia 9 de setembro, os colaboradores se reuniram para uma foto oficial na escadaria da Institui\u00e7\u00e3o, que \u00e9 usada para propagar essa mensagem importante e dar visibilidade \u00e0 campanha. Ao longo do m\u00eas, os funcion\u00e1rios de cada setor tamb\u00e9m foram fotografados, uniformizados.<\/p>\n<p>O\u00a0<strong>Pr\u00f3-Reitor de Pastoral, Pe. Paulo J\u00e1como<\/strong>, SDB, incentivou os cursos a se engajarem, usando b\u00f3tons com a mesma mensagem dos uniformes, refor\u00e7ando a participa\u00e7\u00e3o ativa de toda a comunidade acad\u00eamica. Como exemplo, orientadores e as turmas dos 8\u00ba e 10\u00ba termos de Fisioterapia UniSALESIANO Ara\u00e7atuba utilizam os b\u00f3tons do Setembro Amarelo em atendimento na UNA (Universidade Aberta da Melhor Idade).<\/p>\n<p>\u201cO uso dos uniformes e b\u00f3tons n\u00e3o \u00e9 apenas um gesto simb\u00f3lico, mas um compromisso de cada um de n\u00f3s em promover a cultura de cuidado e amor ao pr\u00f3ximo. Precisamos estar atentos, prontos para ouvir e acolher, especialmente em momentos de dificuldade\u201d, ressaltou Pe. Paulo J\u00e1como.<\/p>\n<p>Por sua vez, o\u00a0<strong>Reitor do UniSALESIANO, Pe. Paulo Vendrame<\/strong>, lembrou da import\u00e2ncia de cuidar da vida em todas as suas dimens\u00f5es. \u201cNo UniSALESIANO, buscamos ser uma comunidade que promove a sa\u00fade mental e acolhe o outro com empatia e aten\u00e7\u00e3o. A vida \u00e9 sempre a melhor escolha, e cada gesto de apoio e valoriza\u00e7\u00e3o pode fazer a diferen\u00e7a,\u201d afirmou.<\/p>\n<p><strong>FOMENTO<\/strong><\/p>\n<p>De acordo com a Associa\u00e7\u00e3o Brasileira de Psiquiatria (ABP), desde 2014, em parceria com o Conselho Federal de Medicina (CFM), o Brasil realiza a campanha Setembro Amarelo, com o intuito de conscientizar a sociedade e fomentar com informa\u00e7\u00f5es relacionadas \u00e0 preven\u00e7\u00e3o do suic\u00eddio no pa\u00eds.<\/p>\n<p>Vale ressaltar que a campanha \u00e9 realizada durante todo o m\u00eas de setembro, mas o Dia Mundial de Preven\u00e7\u00e3o ao Suic\u00eddio \u00e9 celebrado neste dia 10\/09, e endossado pela Organiza\u00e7\u00e3o Mundial da Sa\u00fade (OMS).<\/p>\n<p>Segundo a Organiza\u00e7\u00e3o, s\u00e3o registrados mais de 700 mil suic\u00eddios em todo o mundo. Contudo, informa que existem epis\u00f3dios subnotificados, o que pode chegar a mais de 1 milh\u00e3o de casos. No Brasil, a estimativa \u00e9 de 14 mil casos por ano, o que leva em m\u00e9dia trinta e oito pessoas cometem suic\u00eddio por dia. Entre 2010 e 2019, o pa\u00eds registrou em torno de 112.230 mil mortes por suic\u00eddio.<\/p>\n<p><img fetchpriority=\"high\" decoding=\"async\" class=\"alignnone size-full wp-image-11076\" src=\"https:\/\/unisale.com.br\/pastoral\/wp-content\/uploads\/2024\/09\/WhatsApp-Image-2024-09-09-at-10.05.49-768x521-1.jpeg\" alt=\"\" width=\"768\" height=\"521\" srcset=\"https:\/\/unisale.com.br\/pastoral\/wp-content\/uploads\/2024\/09\/WhatsApp-Image-2024-09-09-at-10.05.49-768x521-1.jpeg 737w, https:\/\/unisale.com.br\/pastoral\/wp-content\/uploads\/2024\/09\/WhatsApp-Image-2024-09-09-at-10.05.49-768x521-1-300x204.jpeg 300w\" sizes=\"(max-width: 768px) 100vw, 768px\" \/><\/p>\n<p>&nbsp;<\/p>\n\n\t\t<style type=\"text\/css\">\n\t\t\t#gallery-1 {\n\t\t\t\tmargin: auto;\n\t\t\t}\n\t\t\t#gallery-1 .gallery-item {\n\t\t\t\tfloat: left;\n\t\t\t\tmargin-top: 10px;\n\t\t\t\ttext-align: center;\n\t\t\t\twidth: 33%;\n\t\t\t}\n\t\t\t#gallery-1 img {\n\t\t\t\tborder: 2px solid #cfcfcf;\n\t\t\t}\n\t\t\t#gallery-1 .gallery-caption {\n\t\t\t\tmargin-left: 0;\n\t\t\t}\n\t\t\t\/* see gallery_shortcode() in wp-includes\/media.php *\/\n\t\t<\/style>\n\t\t<div id='gallery-1' class='gallery galleryid-11069 gallery-columns-3 gallery-size-thumbnail'><dl class='gallery-item'>\n\t\t\t<dt class='gallery-icon landscape'>\n\t\t\t\t<a href='https:\/\/unisale.com.br\/pastoral\/unisalesiano-reforca-campanha-do-setembro-amarelo-com-uniformes-e-fotos-nos-ambientes\/784a5106-1024x683\/'><img decoding=\"async\" width=\"150\" height=\"150\" src=\"https:\/\/unisale.com.br\/pastoral\/wp-content\/uploads\/2024\/09\/784A5106-1024x683-1-150x150.jpg\" class=\"attachment-thumbnail size-thumbnail\" alt=\"\" \/><\/a>\n\t\t\t<\/dt><\/dl><dl class='gallery-item'>\n\t\t\t<dt class='gallery-icon landscape'>\n\t\t\t\t<a href='https:\/\/unisale.com.br\/pastoral\/unisalesiano-reforca-campanha-do-setembro-amarelo-com-uniformes-e-fotos-nos-ambientes\/784a5103-1024x683\/'><img decoding=\"async\" width=\"150\" height=\"150\" src=\"https:\/\/unisale.com.br\/pastoral\/wp-content\/uploads\/2024\/09\/784A5103-1024x683-1-150x150.jpg\" class=\"attachment-thumbnail size-thumbnail\" alt=\"\" \/><\/a>\n\t\t\t<\/dt><\/dl><dl class='gallery-item'>\n\t\t\t<dt class='gallery-icon landscape'>\n\t\t\t\t<a href='https:\/\/unisale.com.br\/pastoral\/unisalesiano-reforca-campanha-do-setembro-amarelo-com-uniformes-e-fotos-nos-ambientes\/784a5095-1024x683\/'><img loading=\"lazy\" decoding=\"async\" width=\"150\" height=\"150\" src=\"https:\/\/unisale.com.br\/pastoral\/wp-content\/uploads\/2024\/09\/784A5095-1024x683-1-150x150.jpg\" class=\"attachment-thumbnail size-thumbnail\" alt=\"\" \/><\/a>\n\t\t\t<\/dt><\/dl><br style=\"clear: both\" \/><dl class='gallery-item'>\n\t\t\t<dt class='gallery-icon landscape'>\n\t\t\t\t<a href='https:\/\/unisale.com.br\/pastoral\/unisalesiano-reforca-campanha-do-setembro-amarelo-com-uniformes-e-fotos-nos-ambientes\/784a5090-1024x683\/'><img loading=\"lazy\" decoding=\"async\" width=\"150\" height=\"150\" src=\"https:\/\/unisale.com.br\/pastoral\/wp-content\/uploads\/2024\/09\/784A5090-1024x683-1-150x150.jpg\" class=\"attachment-thumbnail size-thumbnail\" alt=\"\" \/><\/a>\n\t\t\t<\/dt><\/dl><dl class='gallery-item'>\n\t\t\t<dt class='gallery-icon landscape'>\n\t\t\t\t<a href='https:\/\/unisale.com.br\/pastoral\/unisalesiano-reforca-campanha-do-setembro-amarelo-com-uniformes-e-fotos-nos-ambientes\/784a5075-1024x683\/'><img loading=\"lazy\" decoding=\"async\" width=\"150\" height=\"150\" src=\"https:\/\/unisale.com.br\/pastoral\/wp-content\/uploads\/2024\/09\/784A5075-1024x683-1-150x150.jpg\" class=\"attachment-thumbnail size-thumbnail\" alt=\"\" \/><\/a>\n\t\t\t<\/dt><\/dl>\n\t\t\t<br style='clear: both' \/>\n\t\t<\/div>\n\n<p>&nbsp;<\/p>\n","protected":false},"excerpt":{"rendered":"<p>Neste ano de 2024, o UniSALESIANO ampliou suas a\u00e7\u00f5es em apoio ao\u00a0\u201cSetembro Amarelo\u201d,\u00a0m\u00eas de conscientiza\u00e7\u00e3o sobre a preven\u00e7\u00e3o do suic\u00eddio. A Reitoria entregou uniformes amarelos&#8230;<\/p>\n","protected":false},"author":1,"featured_media":11075,"comment_status":"closed","ping_status":"closed","sticky":false,"template":"","format":"standard","meta":{"_acf_changed":false,"footnotes":""},"categories":[3],"tags":[],"class_list":["post-11069","post","type-post","status-publish","format-standard","has-post-thumbnail","hentry","category-not"],"acf":[],"yoast_head":"<!-- This site is optimized with the Yoast SEO plugin v27.3 - https:\/\/yoast.com\/product\/yoast-seo-wordpress\/ -->\n<title>UniSALESIANO refor\u00e7a campanha do \u201cSetembro Amarelo\u201d com uniformes e fotos nos ambientes - Pastoral Universit\u00e1ria UniSALESIANO<\/title>\n<meta name=\"robots\" content=\"index, follow, max-snippet:-1, max-image-preview:large, max-video-preview:-1\" \/>\n<link rel=\"canonical\" href=\"https:\/\/unisale.com.br\/novo\/unisalesiano-reforca-campanha-do-setembro-amarelo-com-uniformes-e-fotos-nos-ambientes\/\" \/>\n<meta property=\"og:locale\" content=\"pt_BR\" \/>\n<meta property=\"og:type\" content=\"article\" \/>\n<meta property=\"og:title\" content=\"UniSALESIANO refor\u00e7a campanha do \u201cSetembro Amarelo\u201d com uniformes e fotos nos ambientes - Pastoral Universit\u00e1ria UniSALESIANO\" \/>\n<meta property=\"og:description\" content=\"Neste ano de 2024, o UniSALESIANO ampliou suas a\u00e7\u00f5es em apoio ao\u00a0\u201cSetembro Amarelo\u201d,\u00a0m\u00eas de conscientiza\u00e7\u00e3o sobre a preven\u00e7\u00e3o do suic\u00eddio. A Reitoria entregou uniformes amarelos...\" \/>\n<meta property=\"og:url\" content=\"https:\/\/unisale.com.br\/novo\/unisalesiano-reforca-campanha-do-setembro-amarelo-com-uniformes-e-fotos-nos-ambientes\/\" \/>\n<meta property=\"og:site_name\" content=\"Pastoral Universit\u00e1ria UniSALESIANO\" \/>\n<meta property=\"article:published_time\" content=\"2024-09-19T18:35:23+00:00\" \/>\n<meta property=\"og:image\" content=\"https:\/\/unisale.com.br\/novo\/wp-content\/uploads\/2024\/09\/784A5126-768x512-1.jpg\" \/>\n\t<meta property=\"og:image:width\" content=\"768\" \/>\n\t<meta property=\"og:image:height\" content=\"512\" \/>\n\t<meta property=\"og:image:type\" content=\"image\/jpeg\" \/>\n<meta name=\"author\" content=\"pastoral\" \/>\n<meta name=\"twitter:card\" content=\"summary_large_image\" \/>\n<meta name=\"twitter:label1\" content=\"Escrito por\" \/>\n\t<meta name=\"twitter:data1\" content=\"pastoral\" \/>\n\t<meta name=\"twitter:label2\" content=\"Est. tempo de leitura\" \/>\n\t<meta name=\"twitter:data2\" content=\"3 minutos\" \/>\n<script type=\"application\/ld+json\" class=\"yoast-schema-graph\">{\"@context\":\"https:\\\/\\\/schema.org\",\"@graph\":[{\"@type\":\"Article\",\"@id\":\"https:\\\/\\\/unisale.com.br\\\/novo\\\/unisalesiano-reforca-campanha-do-setembro-amarelo-com-uniformes-e-fotos-nos-ambientes\\\/#article\",\"isPartOf\":{\"@id\":\"https:\\\/\\\/unisale.com.br\\\/novo\\\/unisalesiano-reforca-campanha-do-setembro-amarelo-com-uniformes-e-fotos-nos-ambientes\\\/\"},\"author\":{\"name\":\"pastoral\",\"@id\":\"https:\\\/\\\/unisale.com.br\\\/pastoral\\\/#\\\/schema\\\/person\\\/a16ba711a0f7dec9cb6b44563144d5a3\"},\"headline\":\"UniSALESIANO refor\u00e7a campanha do \u201cSetembro Amarelo\u201d com uniformes e fotos nos ambientes\",\"datePublished\":\"2024-09-19T18:35:23+00:00\",\"mainEntityOfPage\":{\"@id\":\"https:\\\/\\\/unisale.com.br\\\/novo\\\/unisalesiano-reforca-campanha-do-setembro-amarelo-com-uniformes-e-fotos-nos-ambientes\\\/\"},\"wordCount\":465,\"image\":{\"@id\":\"https:\\\/\\\/unisale.com.br\\\/novo\\\/unisalesiano-reforca-campanha-do-setembro-amarelo-com-uniformes-e-fotos-nos-ambientes\\\/#primaryimage\"},\"thumbnailUrl\":\"https:\\\/\\\/unisale.com.br\\\/pastoral\\\/wp-content\\\/uploads\\\/2024\\\/09\\\/784A5126-768x512-1.jpg\",\"articleSection\":[\"Not\u00edcias\"],\"inLanguage\":\"pt-BR\"},{\"@type\":\"WebPage\",\"@id\":\"https:\\\/\\\/unisale.com.br\\\/novo\\\/unisalesiano-reforca-campanha-do-setembro-amarelo-com-uniformes-e-fotos-nos-ambientes\\\/\",\"url\":\"https:\\\/\\\/unisale.com.br\\\/novo\\\/unisalesiano-reforca-campanha-do-setembro-amarelo-com-uniformes-e-fotos-nos-ambientes\\\/\",\"name\":\"UniSALESIANO refor\u00e7a campanha do \u201cSetembro Amarelo\u201d com uniformes e fotos nos ambientes - Pastoral Universit\u00e1ria UniSALESIANO\",\"isPartOf\":{\"@id\":\"https:\\\/\\\/unisale.com.br\\\/pastoral\\\/#website\"},\"primaryImageOfPage\":{\"@id\":\"https:\\\/\\\/unisale.com.br\\\/novo\\\/unisalesiano-reforca-campanha-do-setembro-amarelo-com-uniformes-e-fotos-nos-ambientes\\\/#primaryimage\"},\"image\":{\"@id\":\"https:\\\/\\\/unisale.com.br\\\/novo\\\/unisalesiano-reforca-campanha-do-setembro-amarelo-com-uniformes-e-fotos-nos-ambientes\\\/#primaryimage\"},\"thumbnailUrl\":\"https:\\\/\\\/unisale.com.br\\\/pastoral\\\/wp-content\\\/uploads\\\/2024\\\/09\\\/784A5126-768x512-1.jpg\",\"datePublished\":\"2024-09-19T18:35:23+00:00\",\"author\":{\"@id\":\"https:\\\/\\\/unisale.com.br\\\/pastoral\\\/#\\\/schema\\\/person\\\/a16ba711a0f7dec9cb6b44563144d5a3\"},\"inLanguage\":\"pt-BR\",\"potentialAction\":[{\"@type\":\"ReadAction\",\"target\":[\"https:\\\/\\\/unisale.com.br\\\/novo\\\/unisalesiano-reforca-campanha-do-setembro-amarelo-com-uniformes-e-fotos-nos-ambientes\\\/\"]}]},{\"@type\":\"ImageObject\",\"inLanguage\":\"pt-BR\",\"@id\":\"https:\\\/\\\/unisale.com.br\\\/novo\\\/unisalesiano-reforca-campanha-do-setembro-amarelo-com-uniformes-e-fotos-nos-ambientes\\\/#primaryimage\",\"url\":\"https:\\\/\\\/unisale.com.br\\\/pastoral\\\/wp-content\\\/uploads\\\/2024\\\/09\\\/784A5126-768x512-1.jpg\",\"contentUrl\":\"https:\\\/\\\/unisale.com.br\\\/pastoral\\\/wp-content\\\/uploads\\\/2024\\\/09\\\/784A5126-768x512-1.jpg\",\"width\":750,\"height\":500},{\"@type\":\"WebSite\",\"@id\":\"https:\\\/\\\/unisale.com.br\\\/pastoral\\\/#website\",\"url\":\"https:\\\/\\\/unisale.com.br\\\/pastoral\\\/\",\"name\":\"Pastoral Universit\u00e1ria UniSALESIANO\",\"description\":\"Site da Pastoral Universit\u00e1ria do UniSALESIANO\",\"potentialAction\":[{\"@type\":\"SearchAction\",\"target\":{\"@type\":\"EntryPoint\",\"urlTemplate\":\"https:\\\/\\\/unisale.com.br\\\/pastoral\\\/?s={search_term_string}\"},\"query-input\":{\"@type\":\"PropertyValueSpecification\",\"valueRequired\":true,\"valueName\":\"search_term_string\"}}],\"inLanguage\":\"pt-BR\"},{\"@type\":\"Person\",\"@id\":\"https:\\\/\\\/unisale.com.br\\\/pastoral\\\/#\\\/schema\\\/person\\\/a16ba711a0f7dec9cb6b44563144d5a3\",\"name\":\"pastoral\",\"url\":\"https:\\\/\\\/unisale.com.br\\\/pastoral\\\/author\\\/pastoral\\\/\"}]}<\/script>\n<!-- \/ Yoast SEO plugin. -->","yoast_head_json":{"title":"UniSALESIANO refor\u00e7a campanha do \u201cSetembro Amarelo\u201d com uniformes e fotos nos ambientes - Pastoral Universit\u00e1ria UniSALESIANO","robots":{"index":"index","follow":"follow","max-snippet":"max-snippet:-1","max-image-preview":"max-image-preview:large","max-video-preview":"max-video-preview:-1"},"canonical":"https:\/\/unisale.com.br\/novo\/unisalesiano-reforca-campanha-do-setembro-amarelo-com-uniformes-e-fotos-nos-ambientes\/","og_locale":"pt_BR","og_type":"article","og_title":"UniSALESIANO refor\u00e7a campanha do \u201cSetembro Amarelo\u201d com uniformes e fotos nos ambientes - Pastoral Universit\u00e1ria UniSALESIANO","og_description":"Neste ano de 2024, o UniSALESIANO ampliou suas a\u00e7\u00f5es em apoio ao\u00a0\u201cSetembro Amarelo\u201d,\u00a0m\u00eas de conscientiza\u00e7\u00e3o sobre a preven\u00e7\u00e3o do suic\u00eddio. A Reitoria entregou uniformes amarelos...","og_url":"https:\/\/unisale.com.br\/novo\/unisalesiano-reforca-campanha-do-setembro-amarelo-com-uniformes-e-fotos-nos-ambientes\/","og_site_name":"Pastoral Universit\u00e1ria UniSALESIANO","article_published_time":"2024-09-19T18:35:23+00:00","og_image":[{"width":768,"height":512,"url":"https:\/\/unisale.com.br\/novo\/wp-content\/uploads\/2024\/09\/784A5126-768x512-1.jpg","type":"image\/jpeg"}],"author":"pastoral","twitter_card":"summary_large_image","twitter_misc":{"Escrito por":"pastoral","Est. tempo de leitura":"3 minutos"},"schema":{"@context":"https:\/\/schema.org","@graph":[{"@type":"Article","@id":"https:\/\/unisale.com.br\/novo\/unisalesiano-reforca-campanha-do-setembro-amarelo-com-uniformes-e-fotos-nos-ambientes\/#article","isPartOf":{"@id":"https:\/\/unisale.com.br\/novo\/unisalesiano-reforca-campanha-do-setembro-amarelo-com-uniformes-e-fotos-nos-ambientes\/"},"author":{"name":"pastoral","@id":"https:\/\/unisale.com.br\/pastoral\/#\/schema\/person\/a16ba711a0f7dec9cb6b44563144d5a3"},"headline":"UniSALESIANO refor\u00e7a campanha do \u201cSetembro Amarelo\u201d com uniformes e fotos nos ambientes","datePublished":"2024-09-19T18:35:23+00:00","mainEntityOfPage":{"@id":"https:\/\/unisale.com.br\/novo\/unisalesiano-reforca-campanha-do-setembro-amarelo-com-uniformes-e-fotos-nos-ambientes\/"},"wordCount":465,"image":{"@id":"https:\/\/unisale.com.br\/novo\/unisalesiano-reforca-campanha-do-setembro-amarelo-com-uniformes-e-fotos-nos-ambientes\/#primaryimage"},"thumbnailUrl":"https:\/\/unisale.com.br\/pastoral\/wp-content\/uploads\/2024\/09\/784A5126-768x512-1.jpg","articleSection":["Not\u00edcias"],"inLanguage":"pt-BR"},{"@type":"WebPage","@id":"https:\/\/unisale.com.br\/novo\/unisalesiano-reforca-campanha-do-setembro-amarelo-com-uniformes-e-fotos-nos-ambientes\/","url":"https:\/\/unisale.com.br\/novo\/unisalesiano-reforca-campanha-do-setembro-amarelo-com-uniformes-e-fotos-nos-ambientes\/","name":"UniSALESIANO refor\u00e7a campanha do \u201cSetembro Amarelo\u201d com uniformes e fotos nos ambientes - Pastoral Universit\u00e1ria UniSALESIANO","isPartOf":{"@id":"https:\/\/unisale.com.br\/pastoral\/#website"},"primaryImageOfPage":{"@id":"https:\/\/unisale.com.br\/novo\/unisalesiano-reforca-campanha-do-setembro-amarelo-com-uniformes-e-fotos-nos-ambientes\/#primaryimage"},"image":{"@id":"https:\/\/unisale.com.br\/novo\/unisalesiano-reforca-campanha-do-setembro-amarelo-com-uniformes-e-fotos-nos-ambientes\/#primaryimage"},"thumbnailUrl":"https:\/\/unisale.com.br\/pastoral\/wp-content\/uploads\/2024\/09\/784A5126-768x512-1.jpg","datePublished":"2024-09-19T18:35:23+00:00","author":{"@id":"https:\/\/unisale.com.br\/pastoral\/#\/schema\/person\/a16ba711a0f7dec9cb6b44563144d5a3"},"inLanguage":"pt-BR","potentialAction":[{"@type":"ReadAction","target":["https:\/\/unisale.com.br\/novo\/unisalesiano-reforca-campanha-do-setembro-amarelo-com-uniformes-e-fotos-nos-ambientes\/"]}]},{"@type":"ImageObject","inLanguage":"pt-BR","@id":"https:\/\/unisale.com.br\/novo\/unisalesiano-reforca-campanha-do-setembro-amarelo-com-uniformes-e-fotos-nos-ambientes\/#primaryimage","url":"https:\/\/unisale.com.br\/pastoral\/wp-content\/uploads\/2024\/09\/784A5126-768x512-1.jpg","contentUrl":"https:\/\/unisale.com.br\/pastoral\/wp-content\/uploads\/2024\/09\/784A5126-768x512-1.jpg","width":750,"height":500},{"@type":"WebSite","@id":"https:\/\/unisale.com.br\/pastoral\/#website","url":"https:\/\/unisale.com.br\/pastoral\/","name":"Pastoral Universit\u00e1ria UniSALESIANO","description":"Site da Pastoral Universit\u00e1ria do UniSALESIANO","potentialAction":[{"@type":"SearchAction","target":{"@type":"EntryPoint","urlTemplate":"https:\/\/unisale.com.br\/pastoral\/?s={search_term_string}"},"query-input":{"@type":"PropertyValueSpecification","valueRequired":true,"valueName":"search_term_string"}}],"inLanguage":"pt-BR"},{"@type":"Person","@id":"https:\/\/unisale.com.br\/pastoral\/#\/schema\/person\/a16ba711a0f7dec9cb6b44563144d5a3","name":"pastoral","url":"https:\/\/unisale.com.br\/pastoral\/author\/pastoral\/"}]}},"_links":{"self":[{"href":"https:\/\/unisale.com.br\/pastoral\/wp-json\/wp\/v2\/posts\/11069","targetHints":{"allow":["GET"]}}],"collection":[{"href":"https:\/\/unisale.com.br\/pastoral\/wp-json\/wp\/v2\/posts"}],"about":[{"href":"https:\/\/unisale.com.br\/pastoral\/wp-json\/wp\/v2\/types\/post"}],"author":[{"embeddable":true,"href":"https:\/\/unisale.com.br\/pastoral\/wp-json\/wp\/v2\/users\/1"}],"replies":[{"embeddable":true,"href":"https:\/\/unisale.com.br\/pastoral\/wp-json\/wp\/v2\/comments?post=11069"}],"version-history":[{"count":1,"href":"https:\/\/unisale.com.br\/pastoral\/wp-json\/wp\/v2\/posts\/11069\/revisions"}],"predecessor-version":[{"id":11077,"href":"https:\/\/unisale.com.br\/pastoral\/wp-json\/wp\/v2\/posts\/11069\/revisions\/11077"}],"wp:featuredmedia":[{"embeddable":true,"href":"https:\/\/unisale.com.br\/pastoral\/wp-json\/wp\/v2\/media\/11075"}],"wp:attachment":[{"href":"https:\/\/unisale.com.br\/pastoral\/wp-json\/wp\/v2\/media?parent=11069"}],"wp:term":[{"taxonomy":"category","embeddable":true,"href":"https:\/\/unisale.com.br\/pastoral\/wp-json\/wp\/v2\/categories?post=11069"},{"taxonomy":"post_tag","embeddable":true,"href":"https:\/\/unisale.com.br\/pastoral\/wp-json\/wp\/v2\/tags?post=11069"}],"curies":[{"name":"wp","href":"https:\/\/api.w.org\/{rel}","templated":true}]}}