{"id":11085,"date":"2024-09-27T11:25:27","date_gmt":"2024-09-27T11:25:27","guid":{"rendered":"https:\/\/unisale.com.br\/pastoral\/?p=11085"},"modified":"2024-09-27T11:25:27","modified_gmt":"2024-09-27T11:25:27","slug":"28-09-o-filho-do-homem-vai-ser-entregue-nas-maos-dos-homens","status":"publish","type":"post","link":"https:\/\/unisale.com.br\/pastoral\/28-09-o-filho-do-homem-vai-ser-entregue-nas-maos-dos-homens\/","title":{"rendered":"28\/09 &#8211; O Filho do Homem vai ser entregue nas m\u00e3os dos homens."},"content":{"rendered":"<p>S\u00e1bado, 28 de setembro de 2024.<\/p>\n<p>&nbsp;<\/p>\n<p>Evangelho (Lc 9,43-45)<\/p>\n<p>&nbsp;<\/p>\n<p><strong>\u201cO Filho do Homem vai ser entregue nas m\u00e3os dos homens.\u201d<\/strong><\/p>\n<p>&nbsp;<\/p>\n<p>Naquele tempo, 43btodos estavam admirados com todas as coisas que Jesus fazia. Ent\u00e3o Jesus disse a seus disc\u00edpulos: 44\u201cPrestai bem aten\u00e7\u00e3o \u00e0s palavras que vou dizer: O Filho do Homem vai ser entregue nas m\u00e3os dos homens\u201d. 45Mas os disc\u00edpulos n\u00e3o compreendiam o que Jesus dizia. O sentido lhes ficava escondido, de modo que n\u00e3o podiam entender; e eles tinham medo de fazer perguntas sobre o assunto.<\/p>\n<p>&nbsp;<\/p>\n<p><strong>Reflex\u00e3o<\/strong><\/p>\n<p>&nbsp;<\/p>\n<p>Os disc\u00edpulos se comportam exatamente como n\u00f3s nos comportamos hoje, depois de mais de dois mil anos. Diante das coisas que n\u00f3s n\u00e3o entendemos, evitamos fazer perguntas. Fazemos de conta que nada acontece, com a esperan\u00e7a de que aquilo que n\u00e3o entendemos n\u00e3o seja t\u00e3o importante. Tantas vezes a nossa f\u00e9 se manifesta a n\u00f3s com questionamentos decisivos, perguntas que n\u00e3o entendemos imediatamente onde queremos chegar, o sentido final das coisas. Mas ao inv\u00e9s de tomarmos a s\u00e9rio, procuramos n\u00e3o pensar. Para n\u00f3s o ato de f\u00e9 coincide com o ato de supress\u00e3o de todas as d\u00favidas e questionamentos que nos fazem arder por dentro. Mas fazendo assim perdemos aquilo que Deus mesmo deseja dizer-nos atrav\u00e9s das nossas d\u00favidas e questionamentos. A nenhum de n\u00f3s agrada a cruz, e temos dificuldade de entender onde realmente ela nos quer levar. Mas n\u00e3o \u00e9 fazendo de conta que n\u00e3o est\u00e1 acontecendo nada que conseguiremos obter respostas. Quando menos esperamos as situa\u00e7\u00f5es dif\u00edceis cair\u00e3o sobre os nossos ombros e nos derrubar\u00e3o. Ter f\u00e9 n\u00e3o significa ter todas as respostas, mas justamente possuir questionamentos e viver buscando todos os dias as respostas.<\/p>\n<p><strong>Pe. Paulo Eduardo J\u00e1como, SDB.<\/strong><\/p>\n","protected":false},"excerpt":{"rendered":"<p>S\u00e1bado, 28 de setembro de 2024. &nbsp; Evangelho (Lc 9,43-45) &nbsp; \u201cO Filho do Homem vai ser entregue nas m\u00e3os dos homens.\u201d &nbsp; Naquele tempo,&#8230;<\/p>\n","protected":false},"author":7,"featured_media":11086,"comment_status":"closed","ping_status":"closed","sticky":false,"template":"","format":"standard","meta":{"_acf_changed":false,"footnotes":""},"categories":[13],"tags":[],"class_list":["post-11085","post","type-post","status-publish","format-standard","has-post-thumbnail","hentry","category-reflexaodoevagelho"],"acf":[],"yoast_head":"<!-- This site is optimized with the Yoast SEO plugin v27.3 - https:\/\/yoast.com\/product\/yoast-seo-wordpress\/ -->\n<title>28\/09 - O Filho do Homem vai ser entregue nas m\u00e3os dos homens. - Pastoral Universit\u00e1ria UniSALESIANO<\/title>\n<meta name=\"robots\" content=\"index, follow, max-snippet:-1, max-image-preview:large, max-video-preview:-1\" \/>\n<link rel=\"canonical\" href=\"https:\/\/unisale.com.br\/pastoral\/28-09-o-filho-do-homem-vai-ser-entregue-nas-maos-dos-homens\/\" \/>\n<meta property=\"og:locale\" content=\"pt_BR\" \/>\n<meta property=\"og:type\" content=\"article\" \/>\n<meta property=\"og:title\" content=\"28\/09 - O Filho do Homem vai ser entregue nas m\u00e3os dos homens. - Pastoral Universit\u00e1ria UniSALESIANO\" \/>\n<meta property=\"og:description\" content=\"S\u00e1bado, 28 de setembro de 2024. &nbsp; Evangelho (Lc 9,43-45) &nbsp; \u201cO Filho do Homem vai ser entregue nas m\u00e3os dos homens.\u201d &nbsp; Naquele tempo,...\" \/>\n<meta property=\"og:url\" content=\"https:\/\/unisale.com.br\/pastoral\/28-09-o-filho-do-homem-vai-ser-entregue-nas-maos-dos-homens\/\" \/>\n<meta property=\"og:site_name\" content=\"Pastoral Universit\u00e1ria UniSALESIANO\" \/>\n<meta property=\"article:published_time\" content=\"2024-09-27T11:25:27+00:00\" \/>\n<meta property=\"og:image\" content=\"https:\/\/unisale.com.br\/pastoral\/wp-content\/uploads\/2024\/09\/images.jpeg\" \/>\n\t<meta property=\"og:image:width\" content=\"267\" \/>\n\t<meta property=\"og:image:height\" content=\"189\" \/>\n\t<meta property=\"og:image:type\" content=\"image\/jpeg\" \/>\n<meta name=\"author\" content=\"Luan Carlos Souza Pires\" \/>\n<meta name=\"twitter:card\" content=\"summary_large_image\" \/>\n<meta name=\"twitter:label1\" content=\"Escrito por\" \/>\n\t<meta name=\"twitter:data1\" content=\"Luan Carlos Souza Pires\" \/>\n\t<meta name=\"twitter:label2\" content=\"Est. tempo de leitura\" \/>\n\t<meta name=\"twitter:data2\" content=\"2 minutos\" \/>\n<script type=\"application\/ld+json\" class=\"yoast-schema-graph\">{\"@context\":\"https:\\\/\\\/schema.org\",\"@graph\":[{\"@type\":\"Article\",\"@id\":\"https:\\\/\\\/unisale.com.br\\\/pastoral\\\/28-09-o-filho-do-homem-vai-ser-entregue-nas-maos-dos-homens\\\/#article\",\"isPartOf\":{\"@id\":\"https:\\\/\\\/unisale.com.br\\\/pastoral\\\/28-09-o-filho-do-homem-vai-ser-entregue-nas-maos-dos-homens\\\/\"},\"author\":{\"name\":\"Luan Carlos Souza Pires\",\"@id\":\"https:\\\/\\\/unisale.com.br\\\/pastoral\\\/#\\\/schema\\\/person\\\/f5a2bcc971c39b32f07f294786390f70\"},\"headline\":\"28\\\/09 &#8211; O Filho do Homem vai ser entregue nas m\u00e3os dos homens.\",\"datePublished\":\"2024-09-27T11:25:27+00:00\",\"mainEntityOfPage\":{\"@id\":\"https:\\\/\\\/unisale.com.br\\\/pastoral\\\/28-09-o-filho-do-homem-vai-ser-entregue-nas-maos-dos-homens\\\/\"},\"wordCount\":333,\"image\":{\"@id\":\"https:\\\/\\\/unisale.com.br\\\/pastoral\\\/28-09-o-filho-do-homem-vai-ser-entregue-nas-maos-dos-homens\\\/#primaryimage\"},\"thumbnailUrl\":\"https:\\\/\\\/unisale.com.br\\\/pastoral\\\/wp-content\\\/uploads\\\/2024\\\/09\\\/images.jpeg\",\"articleSection\":[\"Reflex\u00e3o do Evangelho\"],\"inLanguage\":\"pt-BR\"},{\"@type\":\"WebPage\",\"@id\":\"https:\\\/\\\/unisale.com.br\\\/pastoral\\\/28-09-o-filho-do-homem-vai-ser-entregue-nas-maos-dos-homens\\\/\",\"url\":\"https:\\\/\\\/unisale.com.br\\\/pastoral\\\/28-09-o-filho-do-homem-vai-ser-entregue-nas-maos-dos-homens\\\/\",\"name\":\"28\\\/09 - O Filho do Homem vai ser entregue nas m\u00e3os dos homens. - Pastoral Universit\u00e1ria UniSALESIANO\",\"isPartOf\":{\"@id\":\"https:\\\/\\\/unisale.com.br\\\/pastoral\\\/#website\"},\"primaryImageOfPage\":{\"@id\":\"https:\\\/\\\/unisale.com.br\\\/pastoral\\\/28-09-o-filho-do-homem-vai-ser-entregue-nas-maos-dos-homens\\\/#primaryimage\"},\"image\":{\"@id\":\"https:\\\/\\\/unisale.com.br\\\/pastoral\\\/28-09-o-filho-do-homem-vai-ser-entregue-nas-maos-dos-homens\\\/#primaryimage\"},\"thumbnailUrl\":\"https:\\\/\\\/unisale.com.br\\\/pastoral\\\/wp-content\\\/uploads\\\/2024\\\/09\\\/images.jpeg\",\"datePublished\":\"2024-09-27T11:25:27+00:00\",\"author\":{\"@id\":\"https:\\\/\\\/unisale.com.br\\\/pastoral\\\/#\\\/schema\\\/person\\\/f5a2bcc971c39b32f07f294786390f70\"},\"inLanguage\":\"pt-BR\",\"potentialAction\":[{\"@type\":\"ReadAction\",\"target\":[\"https:\\\/\\\/unisale.com.br\\\/pastoral\\\/28-09-o-filho-do-homem-vai-ser-entregue-nas-maos-dos-homens\\\/\"]}]},{\"@type\":\"ImageObject\",\"inLanguage\":\"pt-BR\",\"@id\":\"https:\\\/\\\/unisale.com.br\\\/pastoral\\\/28-09-o-filho-do-homem-vai-ser-entregue-nas-maos-dos-homens\\\/#primaryimage\",\"url\":\"https:\\\/\\\/unisale.com.br\\\/pastoral\\\/wp-content\\\/uploads\\\/2024\\\/09\\\/images.jpeg\",\"contentUrl\":\"https:\\\/\\\/unisale.com.br\\\/pastoral\\\/wp-content\\\/uploads\\\/2024\\\/09\\\/images.jpeg\",\"width\":267,\"height\":189},{\"@type\":\"WebSite\",\"@id\":\"https:\\\/\\\/unisale.com.br\\\/pastoral\\\/#website\",\"url\":\"https:\\\/\\\/unisale.com.br\\\/pastoral\\\/\",\"name\":\"Pastoral Universit\u00e1ria UniSALESIANO\",\"description\":\"Site da Pastoral Universit\u00e1ria do UniSALESIANO\",\"potentialAction\":[{\"@type\":\"SearchAction\",\"target\":{\"@type\":\"EntryPoint\",\"urlTemplate\":\"https:\\\/\\\/unisale.com.br\\\/pastoral\\\/?s={search_term_string}\"},\"query-input\":{\"@type\":\"PropertyValueSpecification\",\"valueRequired\":true,\"valueName\":\"search_term_string\"}}],\"inLanguage\":\"pt-BR\"},{\"@type\":\"Person\",\"@id\":\"https:\\\/\\\/unisale.com.br\\\/pastoral\\\/#\\\/schema\\\/person\\\/f5a2bcc971c39b32f07f294786390f70\",\"name\":\"Luan Carlos Souza Pires\",\"url\":\"https:\\\/\\\/unisale.com.br\\\/pastoral\\\/author\\\/luan\\\/\"}]}<\/script>\n<!-- \/ Yoast SEO plugin. -->","yoast_head_json":{"title":"28\/09 - O Filho do Homem vai ser entregue nas m\u00e3os dos homens. - Pastoral Universit\u00e1ria UniSALESIANO","robots":{"index":"index","follow":"follow","max-snippet":"max-snippet:-1","max-image-preview":"max-image-preview:large","max-video-preview":"max-video-preview:-1"},"canonical":"https:\/\/unisale.com.br\/pastoral\/28-09-o-filho-do-homem-vai-ser-entregue-nas-maos-dos-homens\/","og_locale":"pt_BR","og_type":"article","og_title":"28\/09 - O Filho do Homem vai ser entregue nas m\u00e3os dos homens. - Pastoral Universit\u00e1ria UniSALESIANO","og_description":"S\u00e1bado, 28 de setembro de 2024. &nbsp; Evangelho (Lc 9,43-45) &nbsp; \u201cO Filho do Homem vai ser entregue nas m\u00e3os dos homens.\u201d &nbsp; Naquele tempo,...","og_url":"https:\/\/unisale.com.br\/pastoral\/28-09-o-filho-do-homem-vai-ser-entregue-nas-maos-dos-homens\/","og_site_name":"Pastoral Universit\u00e1ria UniSALESIANO","article_published_time":"2024-09-27T11:25:27+00:00","og_image":[{"width":267,"height":189,"url":"https:\/\/unisale.com.br\/pastoral\/wp-content\/uploads\/2024\/09\/images.jpeg","type":"image\/jpeg"}],"author":"Luan Carlos Souza Pires","twitter_card":"summary_large_image","twitter_misc":{"Escrito por":"Luan Carlos Souza Pires","Est. tempo de leitura":"2 minutos"},"schema":{"@context":"https:\/\/schema.org","@graph":[{"@type":"Article","@id":"https:\/\/unisale.com.br\/pastoral\/28-09-o-filho-do-homem-vai-ser-entregue-nas-maos-dos-homens\/#article","isPartOf":{"@id":"https:\/\/unisale.com.br\/pastoral\/28-09-o-filho-do-homem-vai-ser-entregue-nas-maos-dos-homens\/"},"author":{"name":"Luan Carlos Souza Pires","@id":"https:\/\/unisale.com.br\/pastoral\/#\/schema\/person\/f5a2bcc971c39b32f07f294786390f70"},"headline":"28\/09 &#8211; O Filho do Homem vai ser entregue nas m\u00e3os dos homens.","datePublished":"2024-09-27T11:25:27+00:00","mainEntityOfPage":{"@id":"https:\/\/unisale.com.br\/pastoral\/28-09-o-filho-do-homem-vai-ser-entregue-nas-maos-dos-homens\/"},"wordCount":333,"image":{"@id":"https:\/\/unisale.com.br\/pastoral\/28-09-o-filho-do-homem-vai-ser-entregue-nas-maos-dos-homens\/#primaryimage"},"thumbnailUrl":"https:\/\/unisale.com.br\/pastoral\/wp-content\/uploads\/2024\/09\/images.jpeg","articleSection":["Reflex\u00e3o do Evangelho"],"inLanguage":"pt-BR"},{"@type":"WebPage","@id":"https:\/\/unisale.com.br\/pastoral\/28-09-o-filho-do-homem-vai-ser-entregue-nas-maos-dos-homens\/","url":"https:\/\/unisale.com.br\/pastoral\/28-09-o-filho-do-homem-vai-ser-entregue-nas-maos-dos-homens\/","name":"28\/09 - O Filho do Homem vai ser entregue nas m\u00e3os dos homens. - Pastoral Universit\u00e1ria UniSALESIANO","isPartOf":{"@id":"https:\/\/unisale.com.br\/pastoral\/#website"},"primaryImageOfPage":{"@id":"https:\/\/unisale.com.br\/pastoral\/28-09-o-filho-do-homem-vai-ser-entregue-nas-maos-dos-homens\/#primaryimage"},"image":{"@id":"https:\/\/unisale.com.br\/pastoral\/28-09-o-filho-do-homem-vai-ser-entregue-nas-maos-dos-homens\/#primaryimage"},"thumbnailUrl":"https:\/\/unisale.com.br\/pastoral\/wp-content\/uploads\/2024\/09\/images.jpeg","datePublished":"2024-09-27T11:25:27+00:00","author":{"@id":"https:\/\/unisale.com.br\/pastoral\/#\/schema\/person\/f5a2bcc971c39b32f07f294786390f70"},"inLanguage":"pt-BR","potentialAction":[{"@type":"ReadAction","target":["https:\/\/unisale.com.br\/pastoral\/28-09-o-filho-do-homem-vai-ser-entregue-nas-maos-dos-homens\/"]}]},{"@type":"ImageObject","inLanguage":"pt-BR","@id":"https:\/\/unisale.com.br\/pastoral\/28-09-o-filho-do-homem-vai-ser-entregue-nas-maos-dos-homens\/#primaryimage","url":"https:\/\/unisale.com.br\/pastoral\/wp-content\/uploads\/2024\/09\/images.jpeg","contentUrl":"https:\/\/unisale.com.br\/pastoral\/wp-content\/uploads\/2024\/09\/images.jpeg","width":267,"height":189},{"@type":"WebSite","@id":"https:\/\/unisale.com.br\/pastoral\/#website","url":"https:\/\/unisale.com.br\/pastoral\/","name":"Pastoral Universit\u00e1ria UniSALESIANO","description":"Site da Pastoral Universit\u00e1ria do UniSALESIANO","potentialAction":[{"@type":"SearchAction","target":{"@type":"EntryPoint","urlTemplate":"https:\/\/unisale.com.br\/pastoral\/?s={search_term_string}"},"query-input":{"@type":"PropertyValueSpecification","valueRequired":true,"valueName":"search_term_string"}}],"inLanguage":"pt-BR"},{"@type":"Person","@id":"https:\/\/unisale.com.br\/pastoral\/#\/schema\/person\/f5a2bcc971c39b32f07f294786390f70","name":"Luan Carlos Souza Pires","url":"https:\/\/unisale.com.br\/pastoral\/author\/luan\/"}]}},"_links":{"self":[{"href":"https:\/\/unisale.com.br\/pastoral\/wp-json\/wp\/v2\/posts\/11085","targetHints":{"allow":["GET"]}}],"collection":[{"href":"https:\/\/unisale.com.br\/pastoral\/wp-json\/wp\/v2\/posts"}],"about":[{"href":"https:\/\/unisale.com.br\/pastoral\/wp-json\/wp\/v2\/types\/post"}],"author":[{"embeddable":true,"href":"https:\/\/unisale.com.br\/pastoral\/wp-json\/wp\/v2\/users\/7"}],"replies":[{"embeddable":true,"href":"https:\/\/unisale.com.br\/pastoral\/wp-json\/wp\/v2\/comments?post=11085"}],"version-history":[{"count":1,"href":"https:\/\/unisale.com.br\/pastoral\/wp-json\/wp\/v2\/posts\/11085\/revisions"}],"predecessor-version":[{"id":11087,"href":"https:\/\/unisale.com.br\/pastoral\/wp-json\/wp\/v2\/posts\/11085\/revisions\/11087"}],"wp:featuredmedia":[{"embeddable":true,"href":"https:\/\/unisale.com.br\/pastoral\/wp-json\/wp\/v2\/media\/11086"}],"wp:attachment":[{"href":"https:\/\/unisale.com.br\/pastoral\/wp-json\/wp\/v2\/media?parent=11085"}],"wp:term":[{"taxonomy":"category","embeddable":true,"href":"https:\/\/unisale.com.br\/pastoral\/wp-json\/wp\/v2\/categories?post=11085"},{"taxonomy":"post_tag","embeddable":true,"href":"https:\/\/unisale.com.br\/pastoral\/wp-json\/wp\/v2\/tags?post=11085"}],"curies":[{"name":"wp","href":"https:\/\/api.w.org\/{rel}","templated":true}]}}