{"id":11157,"date":"2024-09-30T10:26:00","date_gmt":"2024-09-30T10:26:00","guid":{"rendered":"https:\/\/unisale.com.br\/pastoral\/?p=11157"},"modified":"2024-09-30T10:26:00","modified_gmt":"2024-09-30T10:26:00","slug":"30-09-pois-aquele-que-entre-todos-vos-for-o-menor-esse-e-o-maior","status":"publish","type":"post","link":"https:\/\/unisale.com.br\/pastoral\/30-09-pois-aquele-que-entre-todos-vos-for-o-menor-esse-e-o-maior\/","title":{"rendered":"30\/09 &#8211; Pois aquele que entre todos v\u00f3s for o menor, esse \u00e9 o maior."},"content":{"rendered":"<p>Segunda-feira, 30 de setembro de 2024.<\/p>\n<p>&nbsp;<\/p>\n<p>Evangelho (Lc 9,46-50)<\/p>\n<p>&nbsp;<\/p>\n<p><strong>\u201cPois aquele que entre todos v\u00f3s for o menor, esse \u00e9 o maior.\u201d<\/strong><\/p>\n<p>&nbsp;<\/p>\n<p>Naquele tempo, <sup>46<\/sup>houve entre os disc\u00edpulos uma discuss\u00e3o, para saber qual deles seria o maior. <sup>47<\/sup>Jesus sabia o que estavam pensando, pegou ent\u00e3o uma crian\u00e7a, colocou-a junto de si <sup>48<\/sup>e disse-lhes: \u201cQuem receber esta crian\u00e7a em meu nome, estar\u00e1 recebendo a mim. E quem me receber, estar\u00e1 recebendo aquele que me enviou. Pois aquele que entre todos v\u00f3s for o menor, esse \u00e9 o maior\u201d. <sup>49<\/sup>Jo\u00e3o disse a Jesus: \u201cMestre, vimos um homem que expulsa dem\u00f4nios em teu nome. Mas n\u00f3s lho proibimos, porque n\u00e3o anda conosco\u201d. <sup>50<\/sup>Jesus disse-lhe: \u201cN\u00e3o o proibais, pois quem n\u00e3o est\u00e1 contra v\u00f3s, est\u00e1 a vosso favor\u201d.<\/p>\n<p>&nbsp;<\/p>\n<p><strong>Reflex\u00e3o<\/strong><\/p>\n<p>&nbsp;<\/p>\n<p>Duas coisas parecem emergir do Evangelho de hoje: a primeira diz respeito a postura que o disc\u00edpulo deve ter no confronto com a grandeza. A segunda diz respeito ao modo com o qual precisamos entender a rela\u00e7\u00e3o com a exclusividade da f\u00e9. A primeira considera\u00e7\u00e3o nasce de uma discuss\u00e3o bem precisa: \u201cNaquele tempo, houve entre os disc\u00edpulos uma discuss\u00e3o, para saber qual deles seria o maior\u201d.\u00a0 A l\u00f3gica da soberba corta automaticamente fora da l\u00f3gica do Reino. N\u00e3o se entende nada da mensagem de Cristo se n\u00e3o se aprende a ser humilde. Quem pensa de preencher o pr\u00f3prio vazio ocupando um lugar, ou se encontrar a salva\u00e7\u00e3o no afirmar-se sobre os outros n\u00e3o consegue jamais intuir o cora\u00e7\u00e3o mais verdadeiro do Evangelho. Jesus nos explica fazendo ajudar por uma crian\u00e7a: \u201cQuem receber esta crian\u00e7a em meu nome, estar\u00e1 recebendo a mim. E quem me receber, estar\u00e1 recebendo aquele que me enviou. Pois aquele que entre todos v\u00f3s for o menor, esse \u00e9 o maior\u201d. Se um n\u00e3o se torna pequeno n\u00e3o consegue intuir a grande do Evangelho. Eis porque o mais humilde pode ter uma interpreta\u00e7\u00e3o mais justa do evangelho do que um soberbo te\u00f3logo. Neste sentido tem raz\u00e3o o Papa Francisco quando nos pede para nos colocarmos a escutar as pessoas mais simples, porque a eles Jesus reserva a comunica\u00e7\u00e3o mais verdadeira da sua mensagem. Deus fala aos pequenos e simples. O segundo aspecto do Evangelho de hoje, ao inv\u00e9s, diz respeito a exclusividade que Jo\u00e3o pensa ter em rela\u00e7\u00e3o a Jesus: \u201cMestre, vimos um homem que expulsa dem\u00f4nios em teu nome. Mas n\u00f3s lho proibimos, porque n\u00e3o anda conosco. Jesus disse-lhe: \u201cN\u00e3o o proibais, pois quem n\u00e3o est\u00e1 contra v\u00f3s, est\u00e1 a vosso favor\u201d. Ningu\u00e9m pode constringir a gra\u00e7a de Deus a agir somente onde n\u00f3s decidimos. Muitas vezes a gra\u00e7a age tamb\u00e9m fora dos nossos circuitos, e com muita humildade devemos reconhecer, aceitar e agradecer ao Senhor.<\/p>\n<p><strong>Pe. Paulo Eduardo J\u00e1como, SDB.<\/strong><\/p>\n","protected":false},"excerpt":{"rendered":"<p>Segunda-feira, 30 de setembro de 2024. &nbsp; Evangelho (Lc 9,46-50) &nbsp; \u201cPois aquele que entre todos v\u00f3s for o menor, esse \u00e9 o maior.\u201d &nbsp;&#8230;<\/p>\n","protected":false},"author":7,"featured_media":11158,"comment_status":"closed","ping_status":"closed","sticky":false,"template":"","format":"standard","meta":{"_acf_changed":false,"footnotes":""},"categories":[13],"tags":[],"class_list":["post-11157","post","type-post","status-publish","format-standard","has-post-thumbnail","hentry","category-reflexaodoevagelho"],"acf":[],"yoast_head":"<!-- This site is optimized with the Yoast SEO plugin v27.3 - https:\/\/yoast.com\/product\/yoast-seo-wordpress\/ -->\n<title>30\/09 - Pois aquele que entre todos v\u00f3s for o menor, esse \u00e9 o maior. - Pastoral Universit\u00e1ria UniSALESIANO<\/title>\n<meta name=\"robots\" content=\"index, follow, max-snippet:-1, max-image-preview:large, max-video-preview:-1\" \/>\n<link rel=\"canonical\" href=\"https:\/\/unisale.com.br\/pastoral\/30-09-pois-aquele-que-entre-todos-vos-for-o-menor-esse-e-o-maior\/\" \/>\n<meta property=\"og:locale\" content=\"pt_BR\" \/>\n<meta property=\"og:type\" content=\"article\" \/>\n<meta property=\"og:title\" content=\"30\/09 - Pois aquele que entre todos v\u00f3s for o menor, esse \u00e9 o maior. - Pastoral Universit\u00e1ria UniSALESIANO\" \/>\n<meta property=\"og:description\" content=\"Segunda-feira, 30 de setembro de 2024. &nbsp; Evangelho (Lc 9,46-50) &nbsp; \u201cPois aquele que entre todos v\u00f3s for o menor, esse \u00e9 o maior.\u201d &nbsp;...\" \/>\n<meta property=\"og:url\" content=\"https:\/\/unisale.com.br\/pastoral\/30-09-pois-aquele-que-entre-todos-vos-for-o-menor-esse-e-o-maior\/\" \/>\n<meta property=\"og:site_name\" content=\"Pastoral Universit\u00e1ria UniSALESIANO\" \/>\n<meta property=\"article:published_time\" content=\"2024-09-30T10:26:00+00:00\" \/>\n<meta property=\"og:image\" content=\"https:\/\/unisale.com.br\/pastoral\/wp-content\/uploads\/2024\/09\/Design-sem-nome-7.png\" \/>\n\t<meta property=\"og:image:width\" content=\"1080\" \/>\n\t<meta property=\"og:image:height\" content=\"1080\" \/>\n\t<meta property=\"og:image:type\" content=\"image\/png\" \/>\n<meta name=\"author\" content=\"Luan Carlos Souza Pires\" \/>\n<meta name=\"twitter:card\" content=\"summary_large_image\" \/>\n<meta name=\"twitter:label1\" content=\"Escrito por\" \/>\n\t<meta name=\"twitter:data1\" content=\"Luan Carlos Souza Pires\" \/>\n\t<meta name=\"twitter:label2\" content=\"Est. tempo de leitura\" \/>\n\t<meta name=\"twitter:data2\" content=\"3 minutos\" \/>\n<script type=\"application\/ld+json\" class=\"yoast-schema-graph\">{\"@context\":\"https:\\\/\\\/schema.org\",\"@graph\":[{\"@type\":\"Article\",\"@id\":\"https:\\\/\\\/unisale.com.br\\\/pastoral\\\/30-09-pois-aquele-que-entre-todos-vos-for-o-menor-esse-e-o-maior\\\/#article\",\"isPartOf\":{\"@id\":\"https:\\\/\\\/unisale.com.br\\\/pastoral\\\/30-09-pois-aquele-que-entre-todos-vos-for-o-menor-esse-e-o-maior\\\/\"},\"author\":{\"name\":\"Luan Carlos Souza Pires\",\"@id\":\"https:\\\/\\\/unisale.com.br\\\/pastoral\\\/#\\\/schema\\\/person\\\/f5a2bcc971c39b32f07f294786390f70\"},\"headline\":\"30\\\/09 &#8211; Pois aquele que entre todos v\u00f3s for o menor, esse \u00e9 o maior.\",\"datePublished\":\"2024-09-30T10:26:00+00:00\",\"mainEntityOfPage\":{\"@id\":\"https:\\\/\\\/unisale.com.br\\\/pastoral\\\/30-09-pois-aquele-que-entre-todos-vos-for-o-menor-esse-e-o-maior\\\/\"},\"wordCount\":517,\"image\":{\"@id\":\"https:\\\/\\\/unisale.com.br\\\/pastoral\\\/30-09-pois-aquele-que-entre-todos-vos-for-o-menor-esse-e-o-maior\\\/#primaryimage\"},\"thumbnailUrl\":\"https:\\\/\\\/unisale.com.br\\\/pastoral\\\/wp-content\\\/uploads\\\/2024\\\/09\\\/Design-sem-nome-7-e1771503003317.jpg\",\"articleSection\":[\"Reflex\u00e3o do Evangelho\"],\"inLanguage\":\"pt-BR\"},{\"@type\":\"WebPage\",\"@id\":\"https:\\\/\\\/unisale.com.br\\\/pastoral\\\/30-09-pois-aquele-que-entre-todos-vos-for-o-menor-esse-e-o-maior\\\/\",\"url\":\"https:\\\/\\\/unisale.com.br\\\/pastoral\\\/30-09-pois-aquele-que-entre-todos-vos-for-o-menor-esse-e-o-maior\\\/\",\"name\":\"30\\\/09 - Pois aquele que entre todos v\u00f3s for o menor, esse \u00e9 o maior. - Pastoral Universit\u00e1ria UniSALESIANO\",\"isPartOf\":{\"@id\":\"https:\\\/\\\/unisale.com.br\\\/pastoral\\\/#website\"},\"primaryImageOfPage\":{\"@id\":\"https:\\\/\\\/unisale.com.br\\\/pastoral\\\/30-09-pois-aquele-que-entre-todos-vos-for-o-menor-esse-e-o-maior\\\/#primaryimage\"},\"image\":{\"@id\":\"https:\\\/\\\/unisale.com.br\\\/pastoral\\\/30-09-pois-aquele-que-entre-todos-vos-for-o-menor-esse-e-o-maior\\\/#primaryimage\"},\"thumbnailUrl\":\"https:\\\/\\\/unisale.com.br\\\/pastoral\\\/wp-content\\\/uploads\\\/2024\\\/09\\\/Design-sem-nome-7-e1771503003317.jpg\",\"datePublished\":\"2024-09-30T10:26:00+00:00\",\"author\":{\"@id\":\"https:\\\/\\\/unisale.com.br\\\/pastoral\\\/#\\\/schema\\\/person\\\/f5a2bcc971c39b32f07f294786390f70\"},\"inLanguage\":\"pt-BR\",\"potentialAction\":[{\"@type\":\"ReadAction\",\"target\":[\"https:\\\/\\\/unisale.com.br\\\/pastoral\\\/30-09-pois-aquele-que-entre-todos-vos-for-o-menor-esse-e-o-maior\\\/\"]}]},{\"@type\":\"ImageObject\",\"inLanguage\":\"pt-BR\",\"@id\":\"https:\\\/\\\/unisale.com.br\\\/pastoral\\\/30-09-pois-aquele-que-entre-todos-vos-for-o-menor-esse-e-o-maior\\\/#primaryimage\",\"url\":\"https:\\\/\\\/unisale.com.br\\\/pastoral\\\/wp-content\\\/uploads\\\/2024\\\/09\\\/Design-sem-nome-7-e1771503003317.jpg\",\"contentUrl\":\"https:\\\/\\\/unisale.com.br\\\/pastoral\\\/wp-content\\\/uploads\\\/2024\\\/09\\\/Design-sem-nome-7-e1771503003317.jpg\",\"width\":500,\"height\":500},{\"@type\":\"WebSite\",\"@id\":\"https:\\\/\\\/unisale.com.br\\\/pastoral\\\/#website\",\"url\":\"https:\\\/\\\/unisale.com.br\\\/pastoral\\\/\",\"name\":\"Pastoral Universit\u00e1ria UniSALESIANO\",\"description\":\"Site da Pastoral Universit\u00e1ria do UniSALESIANO\",\"potentialAction\":[{\"@type\":\"SearchAction\",\"target\":{\"@type\":\"EntryPoint\",\"urlTemplate\":\"https:\\\/\\\/unisale.com.br\\\/pastoral\\\/?s={search_term_string}\"},\"query-input\":{\"@type\":\"PropertyValueSpecification\",\"valueRequired\":true,\"valueName\":\"search_term_string\"}}],\"inLanguage\":\"pt-BR\"},{\"@type\":\"Person\",\"@id\":\"https:\\\/\\\/unisale.com.br\\\/pastoral\\\/#\\\/schema\\\/person\\\/f5a2bcc971c39b32f07f294786390f70\",\"name\":\"Luan Carlos Souza Pires\",\"url\":\"https:\\\/\\\/unisale.com.br\\\/pastoral\\\/author\\\/luan\\\/\"}]}<\/script>\n<!-- \/ Yoast SEO plugin. -->","yoast_head_json":{"title":"30\/09 - Pois aquele que entre todos v\u00f3s for o menor, esse \u00e9 o maior. - Pastoral Universit\u00e1ria UniSALESIANO","robots":{"index":"index","follow":"follow","max-snippet":"max-snippet:-1","max-image-preview":"max-image-preview:large","max-video-preview":"max-video-preview:-1"},"canonical":"https:\/\/unisale.com.br\/pastoral\/30-09-pois-aquele-que-entre-todos-vos-for-o-menor-esse-e-o-maior\/","og_locale":"pt_BR","og_type":"article","og_title":"30\/09 - Pois aquele que entre todos v\u00f3s for o menor, esse \u00e9 o maior. - Pastoral Universit\u00e1ria UniSALESIANO","og_description":"Segunda-feira, 30 de setembro de 2024. &nbsp; Evangelho (Lc 9,46-50) &nbsp; \u201cPois aquele que entre todos v\u00f3s for o menor, esse \u00e9 o maior.\u201d &nbsp;...","og_url":"https:\/\/unisale.com.br\/pastoral\/30-09-pois-aquele-que-entre-todos-vos-for-o-menor-esse-e-o-maior\/","og_site_name":"Pastoral Universit\u00e1ria UniSALESIANO","article_published_time":"2024-09-30T10:26:00+00:00","og_image":[{"width":1080,"height":1080,"url":"https:\/\/unisale.com.br\/pastoral\/wp-content\/uploads\/2024\/09\/Design-sem-nome-7.png","type":"image\/png"}],"author":"Luan Carlos Souza Pires","twitter_card":"summary_large_image","twitter_misc":{"Escrito por":"Luan Carlos Souza Pires","Est. tempo de leitura":"3 minutos"},"schema":{"@context":"https:\/\/schema.org","@graph":[{"@type":"Article","@id":"https:\/\/unisale.com.br\/pastoral\/30-09-pois-aquele-que-entre-todos-vos-for-o-menor-esse-e-o-maior\/#article","isPartOf":{"@id":"https:\/\/unisale.com.br\/pastoral\/30-09-pois-aquele-que-entre-todos-vos-for-o-menor-esse-e-o-maior\/"},"author":{"name":"Luan Carlos Souza Pires","@id":"https:\/\/unisale.com.br\/pastoral\/#\/schema\/person\/f5a2bcc971c39b32f07f294786390f70"},"headline":"30\/09 &#8211; Pois aquele que entre todos v\u00f3s for o menor, esse \u00e9 o maior.","datePublished":"2024-09-30T10:26:00+00:00","mainEntityOfPage":{"@id":"https:\/\/unisale.com.br\/pastoral\/30-09-pois-aquele-que-entre-todos-vos-for-o-menor-esse-e-o-maior\/"},"wordCount":517,"image":{"@id":"https:\/\/unisale.com.br\/pastoral\/30-09-pois-aquele-que-entre-todos-vos-for-o-menor-esse-e-o-maior\/#primaryimage"},"thumbnailUrl":"https:\/\/unisale.com.br\/pastoral\/wp-content\/uploads\/2024\/09\/Design-sem-nome-7-e1771503003317.jpg","articleSection":["Reflex\u00e3o do Evangelho"],"inLanguage":"pt-BR"},{"@type":"WebPage","@id":"https:\/\/unisale.com.br\/pastoral\/30-09-pois-aquele-que-entre-todos-vos-for-o-menor-esse-e-o-maior\/","url":"https:\/\/unisale.com.br\/pastoral\/30-09-pois-aquele-que-entre-todos-vos-for-o-menor-esse-e-o-maior\/","name":"30\/09 - Pois aquele que entre todos v\u00f3s for o menor, esse \u00e9 o maior. - Pastoral Universit\u00e1ria UniSALESIANO","isPartOf":{"@id":"https:\/\/unisale.com.br\/pastoral\/#website"},"primaryImageOfPage":{"@id":"https:\/\/unisale.com.br\/pastoral\/30-09-pois-aquele-que-entre-todos-vos-for-o-menor-esse-e-o-maior\/#primaryimage"},"image":{"@id":"https:\/\/unisale.com.br\/pastoral\/30-09-pois-aquele-que-entre-todos-vos-for-o-menor-esse-e-o-maior\/#primaryimage"},"thumbnailUrl":"https:\/\/unisale.com.br\/pastoral\/wp-content\/uploads\/2024\/09\/Design-sem-nome-7-e1771503003317.jpg","datePublished":"2024-09-30T10:26:00+00:00","author":{"@id":"https:\/\/unisale.com.br\/pastoral\/#\/schema\/person\/f5a2bcc971c39b32f07f294786390f70"},"inLanguage":"pt-BR","potentialAction":[{"@type":"ReadAction","target":["https:\/\/unisale.com.br\/pastoral\/30-09-pois-aquele-que-entre-todos-vos-for-o-menor-esse-e-o-maior\/"]}]},{"@type":"ImageObject","inLanguage":"pt-BR","@id":"https:\/\/unisale.com.br\/pastoral\/30-09-pois-aquele-que-entre-todos-vos-for-o-menor-esse-e-o-maior\/#primaryimage","url":"https:\/\/unisale.com.br\/pastoral\/wp-content\/uploads\/2024\/09\/Design-sem-nome-7-e1771503003317.jpg","contentUrl":"https:\/\/unisale.com.br\/pastoral\/wp-content\/uploads\/2024\/09\/Design-sem-nome-7-e1771503003317.jpg","width":500,"height":500},{"@type":"WebSite","@id":"https:\/\/unisale.com.br\/pastoral\/#website","url":"https:\/\/unisale.com.br\/pastoral\/","name":"Pastoral Universit\u00e1ria UniSALESIANO","description":"Site da Pastoral Universit\u00e1ria do UniSALESIANO","potentialAction":[{"@type":"SearchAction","target":{"@type":"EntryPoint","urlTemplate":"https:\/\/unisale.com.br\/pastoral\/?s={search_term_string}"},"query-input":{"@type":"PropertyValueSpecification","valueRequired":true,"valueName":"search_term_string"}}],"inLanguage":"pt-BR"},{"@type":"Person","@id":"https:\/\/unisale.com.br\/pastoral\/#\/schema\/person\/f5a2bcc971c39b32f07f294786390f70","name":"Luan Carlos Souza Pires","url":"https:\/\/unisale.com.br\/pastoral\/author\/luan\/"}]}},"_links":{"self":[{"href":"https:\/\/unisale.com.br\/pastoral\/wp-json\/wp\/v2\/posts\/11157","targetHints":{"allow":["GET"]}}],"collection":[{"href":"https:\/\/unisale.com.br\/pastoral\/wp-json\/wp\/v2\/posts"}],"about":[{"href":"https:\/\/unisale.com.br\/pastoral\/wp-json\/wp\/v2\/types\/post"}],"author":[{"embeddable":true,"href":"https:\/\/unisale.com.br\/pastoral\/wp-json\/wp\/v2\/users\/7"}],"replies":[{"embeddable":true,"href":"https:\/\/unisale.com.br\/pastoral\/wp-json\/wp\/v2\/comments?post=11157"}],"version-history":[{"count":1,"href":"https:\/\/unisale.com.br\/pastoral\/wp-json\/wp\/v2\/posts\/11157\/revisions"}],"predecessor-version":[{"id":11159,"href":"https:\/\/unisale.com.br\/pastoral\/wp-json\/wp\/v2\/posts\/11157\/revisions\/11159"}],"wp:featuredmedia":[{"embeddable":true,"href":"https:\/\/unisale.com.br\/pastoral\/wp-json\/wp\/v2\/media\/11158"}],"wp:attachment":[{"href":"https:\/\/unisale.com.br\/pastoral\/wp-json\/wp\/v2\/media?parent=11157"}],"wp:term":[{"taxonomy":"category","embeddable":true,"href":"https:\/\/unisale.com.br\/pastoral\/wp-json\/wp\/v2\/categories?post=11157"},{"taxonomy":"post_tag","embeddable":true,"href":"https:\/\/unisale.com.br\/pastoral\/wp-json\/wp\/v2\/tags?post=11157"}],"curies":[{"name":"wp","href":"https:\/\/api.w.org\/{rel}","templated":true}]}}