{"id":11178,"date":"2024-10-01T19:36:04","date_gmt":"2024-10-01T19:36:04","guid":{"rendered":"https:\/\/unisale.com.br\/pastoral\/?p=11178"},"modified":"2024-10-01T19:36:04","modified_gmt":"2024-10-01T19:36:04","slug":"06-10-deixai-vir-a-mim-as-criancas-nao-as-proibais-porque-o-reino-de-deus-e-dos-que-sao-como-elas","status":"publish","type":"post","link":"https:\/\/unisale.com.br\/pastoral\/06-10-deixai-vir-a-mim-as-criancas-nao-as-proibais-porque-o-reino-de-deus-e-dos-que-sao-como-elas\/","title":{"rendered":"06\/10 &#8211; Deixai vir a mim as crian\u00e7as. N\u00e3o as proibais, porque o Reino de Deus \u00e9 dos que s\u00e3o como elas"},"content":{"rendered":"<p>Domingo, 06 de outubro de 2024.<\/p>\n<p>&nbsp;<\/p>\n<p>Evangelho (Mc 10,2-16)<\/p>\n<p>&nbsp;<\/p>\n<p><strong>\u201cDeixai vir a mim as crian\u00e7as. N\u00e3o as proibais, porque o Reino de Deus \u00e9 dos que s\u00e3o como elas\u201d<\/strong><\/p>\n<p>&nbsp;<\/p>\n<p>Naquele tempo, <sup>2<\/sup>alguns fariseus se aproximaram de Jesus. Para p\u00f4-lo \u00e0 prova, perguntaram se era permitido ao homem divorciar-se de sua mulher. <sup>3<\/sup>Jesus perguntou: \u201cO que Mois\u00e9s vos ordenou?\u201d <sup>4<\/sup>Os fariseus responderam: \u201cMois\u00e9s permitiu escrever uma certid\u00e3o de div\u00f3rcio e despedi-la\u201d. <sup>5<\/sup>Jesus ent\u00e3o disse: \u201cFoi por causa da dureza do vosso cora\u00e7\u00e3o que Mois\u00e9s vos escreveu este mandamento. <sup>6<\/sup>No entanto, desde o come\u00e7o da cria\u00e7\u00e3o, Deus os fez homem e mulher. <sup>7<\/sup>Por isso, o homem deixar\u00e1 seu pai e sua m\u00e3e e os dois ser\u00e3o uma s\u00f3 carne. <sup>8<\/sup>Assim, j\u00e1 n\u00e3o s\u00e3o dois, mas uma s\u00f3 carne. <sup>9<\/sup>Portanto, o que Deus uniu o homem n\u00e3o separe!\u201d <sup>10<\/sup>Em casa, os disc\u00edpulos fizeram, novamente, perguntas sobre o mesmo assunto. <sup>11<\/sup>Jesus respondeu: \u201cQuem se divorciar de sua mulher e casar com outra, cometer\u00e1 adult\u00e9rio contra a primeira. <sup>12<\/sup>E se a mulher se divorciar de seu marido e se casar com outro, cometer\u00e1 adult\u00e9rio\u201d. <sup>13<\/sup>Depois disso, traziam crian\u00e7as para que Jesus as tocasse. Mas os disc\u00edpulos as repreendiam. <sup>14<\/sup>Vendo isso, Jesus se aborreceu e disse: \u201cDeixai vir a mim as crian\u00e7as. N\u00e3o as proibais, porque o Reino de Deus \u00e9 dos que s\u00e3o como elas. <sup>15<\/sup>Em verdade vos digo: quem n\u00e3o receber o Reino de Deus como uma crian\u00e7a, n\u00e3o entrar\u00e1 nele\u201d. <sup>16<\/sup>Ele abra\u00e7ava as crian\u00e7as e as aben\u00e7oava, impondo-lhes as m\u00e3os.<\/p>\n<p>&nbsp;<\/p>\n<p><strong>Reflex\u00e3o<\/strong><\/p>\n<p>&nbsp;<\/p>\n<p>O resumo do Evangelho de hoje pode ser tirado da passagem b\u00edblica do G\u00eanesis que o mesmo Jesus citou: \u201cPor isso, o homem deixar\u00e1 seu pai e sua m\u00e3e e se unir\u00e1 \u00e0 sua mulher, e eles ser\u00e3o uma s\u00f3 carne\u201d. Essa palavra \u00e9 um convite a tomarmos consci\u00eancia de uma realidade j\u00e1 conhecida, mas talvez n\u00e3o muito apreciada nos dias de hoje, ou seja, o matrim\u00f4nio se constitui em si mesmo um Evangelho, uma Boa Nova para o mundo de hoje. A uni\u00e3o do homem e da mulher, o ser \u201cuma s\u00f3 carne\u201d na caridade, no amor fecundo e indissol\u00favel, \u00e9 um sinal que fala de Deus com for\u00e7a. O matrim\u00f4nio est\u00e1 ligado \u00e0 f\u00e9, n\u00e3o num sentido gen\u00e9rico. O matrim\u00f4nio se fundamenta, enquanto uni\u00e3o do amor fiel e indissol\u00favel, na Gra\u00e7a que vem do Deus uno e Trino, que em Cristo nos amou com um amor fiel at\u00e9 a Cruz. Hoje somos capazes de compreender toda a verdade desta afirma\u00e7\u00e3o, em contraste com a dolorosa realidade de muitos matrim\u00f4nios que, infelizmente, acabam mal. H\u00e1 uma correspond\u00eancia entre a crise de f\u00e9 e a crise do matrim\u00f4nio. E como a Igreja afirma e testemunha h\u00e1 muito tempo, o matrim\u00f4nio \u00e9 chamado a ser n\u00e3o apenas objeto, mas o sujeito da nova evangeliza\u00e7\u00e3o. O matrim\u00f4nio n\u00e3o existe se estiver fora da rela\u00e7\u00e3o com Deus. Por isto \u00e9 necess\u00e1rio rezar incessantemente e perseverar no esfor\u00e7o quotidiano para manter os compromissos assumidos no dia do Matrim\u00f4nio. No Matrim\u00f4nio deve existir a primazia de Deus Criador, o Senhorio de Deus, aquele senhorio que as crian\u00e7as sabem acolher melhor que os adultos, e \u00e9 por isso que Jesus as indica como modelo para entrar no Reino dos C\u00e9us. (Cf Bento XVI)<\/p>\n<p><strong>Pe. Paulo Eduardo J\u00e1como, SDB.<\/strong><\/p>\n","protected":false},"excerpt":{"rendered":"<p>Domingo, 06 de outubro de 2024. &nbsp; Evangelho (Mc 10,2-16) &nbsp; \u201cDeixai vir a mim as crian\u00e7as. N\u00e3o as proibais, porque o Reino de Deus&#8230;<\/p>\n","protected":false},"author":7,"featured_media":11179,"comment_status":"closed","ping_status":"closed","sticky":false,"template":"","format":"standard","meta":{"_acf_changed":false,"footnotes":""},"categories":[13],"tags":[],"class_list":["post-11178","post","type-post","status-publish","format-standard","has-post-thumbnail","hentry","category-reflexaodoevagelho"],"acf":[],"yoast_head":"<!-- This site is optimized with the Yoast SEO plugin v27.3 - https:\/\/yoast.com\/product\/yoast-seo-wordpress\/ -->\n<title>06\/10 - Deixai vir a mim as crian\u00e7as. N\u00e3o as proibais, porque o Reino de Deus \u00e9 dos que s\u00e3o como elas - Pastoral Universit\u00e1ria UniSALESIANO<\/title>\n<meta name=\"robots\" content=\"index, follow, max-snippet:-1, max-image-preview:large, max-video-preview:-1\" \/>\n<link rel=\"canonical\" href=\"https:\/\/unisale.com.br\/pastoral\/06-10-deixai-vir-a-mim-as-criancas-nao-as-proibais-porque-o-reino-de-deus-e-dos-que-sao-como-elas\/\" \/>\n<meta property=\"og:locale\" content=\"pt_BR\" \/>\n<meta property=\"og:type\" content=\"article\" \/>\n<meta property=\"og:title\" content=\"06\/10 - Deixai vir a mim as crian\u00e7as. N\u00e3o as proibais, porque o Reino de Deus \u00e9 dos que s\u00e3o como elas - Pastoral Universit\u00e1ria UniSALESIANO\" \/>\n<meta property=\"og:description\" content=\"Domingo, 06 de outubro de 2024. &nbsp; Evangelho (Mc 10,2-16) &nbsp; \u201cDeixai vir a mim as crian\u00e7as. N\u00e3o as proibais, porque o Reino de Deus...\" \/>\n<meta property=\"og:url\" content=\"https:\/\/unisale.com.br\/pastoral\/06-10-deixai-vir-a-mim-as-criancas-nao-as-proibais-porque-o-reino-de-deus-e-dos-que-sao-como-elas\/\" \/>\n<meta property=\"og:site_name\" content=\"Pastoral Universit\u00e1ria UniSALESIANO\" \/>\n<meta property=\"article:published_time\" content=\"2024-10-01T19:36:04+00:00\" \/>\n<meta property=\"og:image\" content=\"https:\/\/unisale.com.br\/pastoral\/wp-content\/uploads\/2024\/10\/Design-sem-nome-7.png\" \/>\n\t<meta property=\"og:image:width\" content=\"1080\" \/>\n\t<meta property=\"og:image:height\" content=\"1080\" \/>\n\t<meta property=\"og:image:type\" content=\"image\/png\" \/>\n<meta name=\"author\" content=\"Luan Carlos Souza Pires\" \/>\n<meta name=\"twitter:card\" content=\"summary_large_image\" \/>\n<meta name=\"twitter:label1\" content=\"Escrito por\" \/>\n\t<meta name=\"twitter:data1\" content=\"Luan Carlos Souza Pires\" \/>\n\t<meta name=\"twitter:label2\" content=\"Est. tempo de leitura\" \/>\n\t<meta name=\"twitter:data2\" content=\"4 minutos\" \/>\n<script type=\"application\/ld+json\" class=\"yoast-schema-graph\">{\"@context\":\"https:\\\/\\\/schema.org\",\"@graph\":[{\"@type\":\"Article\",\"@id\":\"https:\\\/\\\/unisale.com.br\\\/pastoral\\\/06-10-deixai-vir-a-mim-as-criancas-nao-as-proibais-porque-o-reino-de-deus-e-dos-que-sao-como-elas\\\/#article\",\"isPartOf\":{\"@id\":\"https:\\\/\\\/unisale.com.br\\\/pastoral\\\/06-10-deixai-vir-a-mim-as-criancas-nao-as-proibais-porque-o-reino-de-deus-e-dos-que-sao-como-elas\\\/\"},\"author\":{\"name\":\"Luan Carlos Souza Pires\",\"@id\":\"https:\\\/\\\/unisale.com.br\\\/pastoral\\\/#\\\/schema\\\/person\\\/f5a2bcc971c39b32f07f294786390f70\"},\"headline\":\"06\\\/10 &#8211; Deixai vir a mim as crian\u00e7as. N\u00e3o as proibais, porque o Reino de Deus \u00e9 dos que s\u00e3o como elas\",\"datePublished\":\"2024-10-01T19:36:04+00:00\",\"mainEntityOfPage\":{\"@id\":\"https:\\\/\\\/unisale.com.br\\\/pastoral\\\/06-10-deixai-vir-a-mim-as-criancas-nao-as-proibais-porque-o-reino-de-deus-e-dos-que-sao-como-elas\\\/\"},\"wordCount\":624,\"image\":{\"@id\":\"https:\\\/\\\/unisale.com.br\\\/pastoral\\\/06-10-deixai-vir-a-mim-as-criancas-nao-as-proibais-porque-o-reino-de-deus-e-dos-que-sao-como-elas\\\/#primaryimage\"},\"thumbnailUrl\":\"https:\\\/\\\/unisale.com.br\\\/pastoral\\\/wp-content\\\/uploads\\\/2024\\\/10\\\/Design-sem-nome-7.jpg\",\"articleSection\":[\"Reflex\u00e3o do Evangelho\"],\"inLanguage\":\"pt-BR\"},{\"@type\":\"WebPage\",\"@id\":\"https:\\\/\\\/unisale.com.br\\\/pastoral\\\/06-10-deixai-vir-a-mim-as-criancas-nao-as-proibais-porque-o-reino-de-deus-e-dos-que-sao-como-elas\\\/\",\"url\":\"https:\\\/\\\/unisale.com.br\\\/pastoral\\\/06-10-deixai-vir-a-mim-as-criancas-nao-as-proibais-porque-o-reino-de-deus-e-dos-que-sao-como-elas\\\/\",\"name\":\"06\\\/10 - Deixai vir a mim as crian\u00e7as. N\u00e3o as proibais, porque o Reino de Deus \u00e9 dos que s\u00e3o como elas - Pastoral Universit\u00e1ria UniSALESIANO\",\"isPartOf\":{\"@id\":\"https:\\\/\\\/unisale.com.br\\\/pastoral\\\/#website\"},\"primaryImageOfPage\":{\"@id\":\"https:\\\/\\\/unisale.com.br\\\/pastoral\\\/06-10-deixai-vir-a-mim-as-criancas-nao-as-proibais-porque-o-reino-de-deus-e-dos-que-sao-como-elas\\\/#primaryimage\"},\"image\":{\"@id\":\"https:\\\/\\\/unisale.com.br\\\/pastoral\\\/06-10-deixai-vir-a-mim-as-criancas-nao-as-proibais-porque-o-reino-de-deus-e-dos-que-sao-como-elas\\\/#primaryimage\"},\"thumbnailUrl\":\"https:\\\/\\\/unisale.com.br\\\/pastoral\\\/wp-content\\\/uploads\\\/2024\\\/10\\\/Design-sem-nome-7.jpg\",\"datePublished\":\"2024-10-01T19:36:04+00:00\",\"author\":{\"@id\":\"https:\\\/\\\/unisale.com.br\\\/pastoral\\\/#\\\/schema\\\/person\\\/f5a2bcc971c39b32f07f294786390f70\"},\"inLanguage\":\"pt-BR\",\"potentialAction\":[{\"@type\":\"ReadAction\",\"target\":[\"https:\\\/\\\/unisale.com.br\\\/pastoral\\\/06-10-deixai-vir-a-mim-as-criancas-nao-as-proibais-porque-o-reino-de-deus-e-dos-que-sao-como-elas\\\/\"]}]},{\"@type\":\"ImageObject\",\"inLanguage\":\"pt-BR\",\"@id\":\"https:\\\/\\\/unisale.com.br\\\/pastoral\\\/06-10-deixai-vir-a-mim-as-criancas-nao-as-proibais-porque-o-reino-de-deus-e-dos-que-sao-como-elas\\\/#primaryimage\",\"url\":\"https:\\\/\\\/unisale.com.br\\\/pastoral\\\/wp-content\\\/uploads\\\/2024\\\/10\\\/Design-sem-nome-7.jpg\",\"contentUrl\":\"https:\\\/\\\/unisale.com.br\\\/pastoral\\\/wp-content\\\/uploads\\\/2024\\\/10\\\/Design-sem-nome-7.jpg\",\"width\":500,\"height\":500},{\"@type\":\"WebSite\",\"@id\":\"https:\\\/\\\/unisale.com.br\\\/pastoral\\\/#website\",\"url\":\"https:\\\/\\\/unisale.com.br\\\/pastoral\\\/\",\"name\":\"Pastoral Universit\u00e1ria UniSALESIANO\",\"description\":\"Site da Pastoral Universit\u00e1ria do UniSALESIANO\",\"potentialAction\":[{\"@type\":\"SearchAction\",\"target\":{\"@type\":\"EntryPoint\",\"urlTemplate\":\"https:\\\/\\\/unisale.com.br\\\/pastoral\\\/?s={search_term_string}\"},\"query-input\":{\"@type\":\"PropertyValueSpecification\",\"valueRequired\":true,\"valueName\":\"search_term_string\"}}],\"inLanguage\":\"pt-BR\"},{\"@type\":\"Person\",\"@id\":\"https:\\\/\\\/unisale.com.br\\\/pastoral\\\/#\\\/schema\\\/person\\\/f5a2bcc971c39b32f07f294786390f70\",\"name\":\"Luan Carlos Souza Pires\",\"url\":\"https:\\\/\\\/unisale.com.br\\\/pastoral\\\/author\\\/luan\\\/\"}]}<\/script>\n<!-- \/ Yoast SEO plugin. -->","yoast_head_json":{"title":"06\/10 - Deixai vir a mim as crian\u00e7as. N\u00e3o as proibais, porque o Reino de Deus \u00e9 dos que s\u00e3o como elas - Pastoral Universit\u00e1ria UniSALESIANO","robots":{"index":"index","follow":"follow","max-snippet":"max-snippet:-1","max-image-preview":"max-image-preview:large","max-video-preview":"max-video-preview:-1"},"canonical":"https:\/\/unisale.com.br\/pastoral\/06-10-deixai-vir-a-mim-as-criancas-nao-as-proibais-porque-o-reino-de-deus-e-dos-que-sao-como-elas\/","og_locale":"pt_BR","og_type":"article","og_title":"06\/10 - Deixai vir a mim as crian\u00e7as. N\u00e3o as proibais, porque o Reino de Deus \u00e9 dos que s\u00e3o como elas - Pastoral Universit\u00e1ria UniSALESIANO","og_description":"Domingo, 06 de outubro de 2024. &nbsp; Evangelho (Mc 10,2-16) &nbsp; \u201cDeixai vir a mim as crian\u00e7as. N\u00e3o as proibais, porque o Reino de Deus...","og_url":"https:\/\/unisale.com.br\/pastoral\/06-10-deixai-vir-a-mim-as-criancas-nao-as-proibais-porque-o-reino-de-deus-e-dos-que-sao-como-elas\/","og_site_name":"Pastoral Universit\u00e1ria UniSALESIANO","article_published_time":"2024-10-01T19:36:04+00:00","og_image":[{"width":1080,"height":1080,"url":"https:\/\/unisale.com.br\/pastoral\/wp-content\/uploads\/2024\/10\/Design-sem-nome-7.png","type":"image\/png"}],"author":"Luan Carlos Souza Pires","twitter_card":"summary_large_image","twitter_misc":{"Escrito por":"Luan Carlos Souza Pires","Est. tempo de leitura":"4 minutos"},"schema":{"@context":"https:\/\/schema.org","@graph":[{"@type":"Article","@id":"https:\/\/unisale.com.br\/pastoral\/06-10-deixai-vir-a-mim-as-criancas-nao-as-proibais-porque-o-reino-de-deus-e-dos-que-sao-como-elas\/#article","isPartOf":{"@id":"https:\/\/unisale.com.br\/pastoral\/06-10-deixai-vir-a-mim-as-criancas-nao-as-proibais-porque-o-reino-de-deus-e-dos-que-sao-como-elas\/"},"author":{"name":"Luan Carlos Souza Pires","@id":"https:\/\/unisale.com.br\/pastoral\/#\/schema\/person\/f5a2bcc971c39b32f07f294786390f70"},"headline":"06\/10 &#8211; Deixai vir a mim as crian\u00e7as. N\u00e3o as proibais, porque o Reino de Deus \u00e9 dos que s\u00e3o como elas","datePublished":"2024-10-01T19:36:04+00:00","mainEntityOfPage":{"@id":"https:\/\/unisale.com.br\/pastoral\/06-10-deixai-vir-a-mim-as-criancas-nao-as-proibais-porque-o-reino-de-deus-e-dos-que-sao-como-elas\/"},"wordCount":624,"image":{"@id":"https:\/\/unisale.com.br\/pastoral\/06-10-deixai-vir-a-mim-as-criancas-nao-as-proibais-porque-o-reino-de-deus-e-dos-que-sao-como-elas\/#primaryimage"},"thumbnailUrl":"https:\/\/unisale.com.br\/pastoral\/wp-content\/uploads\/2024\/10\/Design-sem-nome-7.jpg","articleSection":["Reflex\u00e3o do Evangelho"],"inLanguage":"pt-BR"},{"@type":"WebPage","@id":"https:\/\/unisale.com.br\/pastoral\/06-10-deixai-vir-a-mim-as-criancas-nao-as-proibais-porque-o-reino-de-deus-e-dos-que-sao-como-elas\/","url":"https:\/\/unisale.com.br\/pastoral\/06-10-deixai-vir-a-mim-as-criancas-nao-as-proibais-porque-o-reino-de-deus-e-dos-que-sao-como-elas\/","name":"06\/10 - Deixai vir a mim as crian\u00e7as. N\u00e3o as proibais, porque o Reino de Deus \u00e9 dos que s\u00e3o como elas - Pastoral Universit\u00e1ria UniSALESIANO","isPartOf":{"@id":"https:\/\/unisale.com.br\/pastoral\/#website"},"primaryImageOfPage":{"@id":"https:\/\/unisale.com.br\/pastoral\/06-10-deixai-vir-a-mim-as-criancas-nao-as-proibais-porque-o-reino-de-deus-e-dos-que-sao-como-elas\/#primaryimage"},"image":{"@id":"https:\/\/unisale.com.br\/pastoral\/06-10-deixai-vir-a-mim-as-criancas-nao-as-proibais-porque-o-reino-de-deus-e-dos-que-sao-como-elas\/#primaryimage"},"thumbnailUrl":"https:\/\/unisale.com.br\/pastoral\/wp-content\/uploads\/2024\/10\/Design-sem-nome-7.jpg","datePublished":"2024-10-01T19:36:04+00:00","author":{"@id":"https:\/\/unisale.com.br\/pastoral\/#\/schema\/person\/f5a2bcc971c39b32f07f294786390f70"},"inLanguage":"pt-BR","potentialAction":[{"@type":"ReadAction","target":["https:\/\/unisale.com.br\/pastoral\/06-10-deixai-vir-a-mim-as-criancas-nao-as-proibais-porque-o-reino-de-deus-e-dos-que-sao-como-elas\/"]}]},{"@type":"ImageObject","inLanguage":"pt-BR","@id":"https:\/\/unisale.com.br\/pastoral\/06-10-deixai-vir-a-mim-as-criancas-nao-as-proibais-porque-o-reino-de-deus-e-dos-que-sao-como-elas\/#primaryimage","url":"https:\/\/unisale.com.br\/pastoral\/wp-content\/uploads\/2024\/10\/Design-sem-nome-7.jpg","contentUrl":"https:\/\/unisale.com.br\/pastoral\/wp-content\/uploads\/2024\/10\/Design-sem-nome-7.jpg","width":500,"height":500},{"@type":"WebSite","@id":"https:\/\/unisale.com.br\/pastoral\/#website","url":"https:\/\/unisale.com.br\/pastoral\/","name":"Pastoral Universit\u00e1ria UniSALESIANO","description":"Site da Pastoral Universit\u00e1ria do UniSALESIANO","potentialAction":[{"@type":"SearchAction","target":{"@type":"EntryPoint","urlTemplate":"https:\/\/unisale.com.br\/pastoral\/?s={search_term_string}"},"query-input":{"@type":"PropertyValueSpecification","valueRequired":true,"valueName":"search_term_string"}}],"inLanguage":"pt-BR"},{"@type":"Person","@id":"https:\/\/unisale.com.br\/pastoral\/#\/schema\/person\/f5a2bcc971c39b32f07f294786390f70","name":"Luan Carlos Souza Pires","url":"https:\/\/unisale.com.br\/pastoral\/author\/luan\/"}]}},"_links":{"self":[{"href":"https:\/\/unisale.com.br\/pastoral\/wp-json\/wp\/v2\/posts\/11178","targetHints":{"allow":["GET"]}}],"collection":[{"href":"https:\/\/unisale.com.br\/pastoral\/wp-json\/wp\/v2\/posts"}],"about":[{"href":"https:\/\/unisale.com.br\/pastoral\/wp-json\/wp\/v2\/types\/post"}],"author":[{"embeddable":true,"href":"https:\/\/unisale.com.br\/pastoral\/wp-json\/wp\/v2\/users\/7"}],"replies":[{"embeddable":true,"href":"https:\/\/unisale.com.br\/pastoral\/wp-json\/wp\/v2\/comments?post=11178"}],"version-history":[{"count":1,"href":"https:\/\/unisale.com.br\/pastoral\/wp-json\/wp\/v2\/posts\/11178\/revisions"}],"predecessor-version":[{"id":11180,"href":"https:\/\/unisale.com.br\/pastoral\/wp-json\/wp\/v2\/posts\/11178\/revisions\/11180"}],"wp:featuredmedia":[{"embeddable":true,"href":"https:\/\/unisale.com.br\/pastoral\/wp-json\/wp\/v2\/media\/11179"}],"wp:attachment":[{"href":"https:\/\/unisale.com.br\/pastoral\/wp-json\/wp\/v2\/media?parent=11178"}],"wp:term":[{"taxonomy":"category","embeddable":true,"href":"https:\/\/unisale.com.br\/pastoral\/wp-json\/wp\/v2\/categories?post=11178"},{"taxonomy":"post_tag","embeddable":true,"href":"https:\/\/unisale.com.br\/pastoral\/wp-json\/wp\/v2\/tags?post=11178"}],"curies":[{"name":"wp","href":"https:\/\/api.w.org\/{rel}","templated":true}]}}