{"id":11182,"date":"2024-10-01T19:49:55","date_gmt":"2024-10-01T19:49:55","guid":{"rendered":"https:\/\/unisale.com.br\/pastoral\/?p=11182"},"modified":"2024-10-01T19:49:55","modified_gmt":"2024-10-01T19:49:55","slug":"07-10-alegra-te-cheia-de-graca-o-senhor-esta-contigo-3","status":"publish","type":"post","link":"https:\/\/unisale.com.br\/pastoral\/07-10-alegra-te-cheia-de-graca-o-senhor-esta-contigo-3\/","title":{"rendered":"07\/10 &#8211; Alegra-te, cheia de gra\u00e7a, o Senhor est\u00e1 contigo."},"content":{"rendered":"<p>Segunda-feira, 07 de outubro de 2024.<\/p>\n<p>&nbsp;<\/p>\n<p>Evangelho (Lc 1,26-38)<\/p>\n<p>&nbsp;<\/p>\n<p><strong>\u201cAlegra-te, cheia de gra\u00e7a, o Senhor est\u00e1 contigo\u201d<\/strong><\/p>\n<p>&nbsp;<\/p>\n<p>Naquele tempo, <sup>26<\/sup>o anjo Gabriel foi enviado por Deus a uma cidade da Galileia, chamada Nazar\u00e9, <sup>27<\/sup>a uma virgem, prometida em casamento a um homem chamado Jos\u00e9. Ele era descendente de Davi e o nome da Virgem era Maria. <sup>28<\/sup>O anjo entrou onde ela estava e disse: \u201cAlegra-te, cheia de gra\u00e7a, o Senhor est\u00e1 contigo!\u201d <sup>29<\/sup>Maria ficou perturbada com estas palavras e come\u00e7ou a pensar qual seria o significado da sauda\u00e7\u00e3o. <sup>30<\/sup>O anjo, ent\u00e3o, disse-lhe: \u201cN\u00e3o tenhas medo, Maria, porque encontraste gra\u00e7a diante de Deus. <sup>31<\/sup>Eis que conceber\u00e1s e dar\u00e1s \u00e0 luz um filho, a quem por\u00e1s o nome de Jesus. <sup>32<\/sup>Ele ser\u00e1 grande, ser\u00e1 chamado Filho do Alt\u00edssimo, e o Senhor Deus lhe dar\u00e1 o trono de seu pai Davi. <sup>33<\/sup>Ele reinar\u00e1 para sempre sobre os descendentes de Jac\u00f3, e o seu reino n\u00e3o ter\u00e1 fim\u201d. <sup>34<\/sup>Maria perguntou ao anjo: \u201cComo acontecer\u00e1 isso, se eu n\u00e3o conhe\u00e7o homem algum?\u201d <sup>35<\/sup>O anjo respondeu: \u201cO Esp\u00edrito vir\u00e1 sobre ti, e o poder do Alt\u00edssimo te cobrir\u00e1 com sua sombra. Por isso, o menino que vai nascer ser\u00e1 chamado Santo, Filho de Deus. <sup>36<\/sup>Tamb\u00e9m Isabel, tua parenta, concebeu um filho na velhice. Este j\u00e1 \u00e9 o sexto m\u00eas daquela que era considerada est\u00e9ril, <sup>37<\/sup>porque para Deus nada \u00e9 imposs\u00edvel\u201d. <sup>38<\/sup>Maria, ent\u00e3o, disse: \u201cEis aqui a serva do Senhor; fa\u00e7a-se em mim segundo a tua palavra!\u201d E o anjo retirou-se.<\/p>\n<p>&nbsp;<\/p>\n<p><strong>Reflex\u00e3o<\/strong><\/p>\n<p>&nbsp;<\/p>\n<p>Hoje celebramos Nossa Senhora do Ros\u00e1rio e o Evangelho nos apresenta este epis\u00f3dio t\u00e3o importante da encarna\u00e7\u00e3o do Verbo escrito por S. Lucas. \u00c9 relendo este epis\u00f3dio que n\u00f3s entendemos que Deus entra na hist\u00f3ria atrav\u00e9s da liberdade e disponibilidade desta mulher. Por isso existe um di\u00e1logo: uma pergunta e uma resposta. O anjo n\u00e3o s\u00f3 d\u00e1 informa\u00e7\u00f5es a Maria, mas lhe descreve o que est\u00e1 para acontecer. O momento da encarna\u00e7\u00e3o acontece no mesmo instante do \u201cSim\u201d de Maria. Este sim \u00e9 pronunciado n\u00e3o obstante o medo, as interroga\u00e7\u00f5es, as incompreens\u00f5es do Mist\u00e9rio que se colocava diante de Maria. O Evangelho nos coloca um segredo: o \u00fanico modo para que a nossa vida tenha sentido \u00e9 acolher a vida assim como o Senhor a nos prop\u00f5e, dando lugar aos acontecimentos tamb\u00e9m quando estes nos amedrontam e nos causam confus\u00e3o. A f\u00e9 de Mara \u00e9 a f\u00e9 em uma obra de Deus que ainda \u00e9 Mist\u00e9rio. Ela confia em Deus apesar de tudo. Ela cultiva uma confian\u00e7a que \u00e9 maior do que o que deve afrontar. \u00c9 neste abandono confiante que se encontra o in\u00edcio da reden\u00e7\u00e3o assim como a conhecemos. Hoje \u00e9 o dia prop\u00edcio para pedirmos ao Senhor a Gra\u00e7a de saber dizer \u201csim\u201d a tudo aquilo que neste momento a vida nos coloca, e assim descobrir que tamb\u00e9m no \u2018seio\u2019 da nossa vida o Verbo se fez carne.<\/p>\n<p><strong><\/p>\n<p>Pe. Paulo Eduardo J\u00e1como, SDB.<\/strong><\/p>\n","protected":false},"excerpt":{"rendered":"<p>Segunda-feira, 07 de outubro de 2024. &nbsp; Evangelho (Lc 1,26-38) &nbsp; \u201cAlegra-te, cheia de gra\u00e7a, o Senhor est\u00e1 contigo\u201d &nbsp; Naquele tempo, 26o anjo Gabriel&#8230;<\/p>\n","protected":false},"author":7,"featured_media":11183,"comment_status":"closed","ping_status":"closed","sticky":false,"template":"","format":"standard","meta":{"_acf_changed":false,"footnotes":""},"categories":[13],"tags":[],"class_list":["post-11182","post","type-post","status-publish","format-standard","has-post-thumbnail","hentry","category-reflexaodoevagelho"],"acf":[],"yoast_head":"<!-- This site is optimized with the Yoast SEO plugin v27.3 - https:\/\/yoast.com\/product\/yoast-seo-wordpress\/ -->\n<title>07\/10 - Alegra-te, cheia de gra\u00e7a, o Senhor est\u00e1 contigo. - Pastoral Universit\u00e1ria UniSALESIANO<\/title>\n<meta name=\"robots\" content=\"index, follow, max-snippet:-1, max-image-preview:large, max-video-preview:-1\" \/>\n<link rel=\"canonical\" href=\"https:\/\/unisale.com.br\/pastoral\/07-10-alegra-te-cheia-de-graca-o-senhor-esta-contigo-3\/\" \/>\n<meta property=\"og:locale\" content=\"pt_BR\" \/>\n<meta property=\"og:type\" content=\"article\" \/>\n<meta property=\"og:title\" content=\"07\/10 - Alegra-te, cheia de gra\u00e7a, o Senhor est\u00e1 contigo. - Pastoral Universit\u00e1ria UniSALESIANO\" \/>\n<meta property=\"og:description\" content=\"Segunda-feira, 07 de outubro de 2024. &nbsp; Evangelho (Lc 1,26-38) &nbsp; \u201cAlegra-te, cheia de gra\u00e7a, o Senhor est\u00e1 contigo\u201d &nbsp; Naquele tempo, 26o anjo Gabriel...\" \/>\n<meta property=\"og:url\" content=\"https:\/\/unisale.com.br\/pastoral\/07-10-alegra-te-cheia-de-graca-o-senhor-esta-contigo-3\/\" \/>\n<meta property=\"og:site_name\" content=\"Pastoral Universit\u00e1ria UniSALESIANO\" \/>\n<meta property=\"article:published_time\" content=\"2024-10-01T19:49:55+00:00\" \/>\n<meta property=\"og:image\" content=\"https:\/\/unisale.com.br\/pastoral\/wp-content\/uploads\/2024\/10\/Design-sem-nome-8.png\" \/>\n\t<meta property=\"og:image:width\" content=\"1080\" \/>\n\t<meta property=\"og:image:height\" content=\"1080\" \/>\n\t<meta property=\"og:image:type\" content=\"image\/png\" \/>\n<meta name=\"author\" content=\"Luan Carlos Souza Pires\" \/>\n<meta name=\"twitter:card\" content=\"summary_large_image\" \/>\n<meta name=\"twitter:label1\" content=\"Escrito por\" \/>\n\t<meta name=\"twitter:data1\" content=\"Luan Carlos Souza Pires\" \/>\n\t<meta name=\"twitter:label2\" content=\"Est. tempo de leitura\" \/>\n\t<meta name=\"twitter:data2\" content=\"3 minutos\" \/>\n<script type=\"application\/ld+json\" class=\"yoast-schema-graph\">{\"@context\":\"https:\\\/\\\/schema.org\",\"@graph\":[{\"@type\":\"Article\",\"@id\":\"https:\\\/\\\/unisale.com.br\\\/pastoral\\\/07-10-alegra-te-cheia-de-graca-o-senhor-esta-contigo-3\\\/#article\",\"isPartOf\":{\"@id\":\"https:\\\/\\\/unisale.com.br\\\/pastoral\\\/07-10-alegra-te-cheia-de-graca-o-senhor-esta-contigo-3\\\/\"},\"author\":{\"name\":\"Luan Carlos Souza Pires\",\"@id\":\"https:\\\/\\\/unisale.com.br\\\/pastoral\\\/#\\\/schema\\\/person\\\/f5a2bcc971c39b32f07f294786390f70\"},\"headline\":\"07\\\/10 &#8211; Alegra-te, cheia de gra\u00e7a, o Senhor est\u00e1 contigo.\",\"datePublished\":\"2024-10-01T19:49:55+00:00\",\"mainEntityOfPage\":{\"@id\":\"https:\\\/\\\/unisale.com.br\\\/pastoral\\\/07-10-alegra-te-cheia-de-graca-o-senhor-esta-contigo-3\\\/\"},\"wordCount\":533,\"image\":{\"@id\":\"https:\\\/\\\/unisale.com.br\\\/pastoral\\\/07-10-alegra-te-cheia-de-graca-o-senhor-esta-contigo-3\\\/#primaryimage\"},\"thumbnailUrl\":\"https:\\\/\\\/unisale.com.br\\\/pastoral\\\/wp-content\\\/uploads\\\/2024\\\/10\\\/Design-sem-nome-8.jpg\",\"articleSection\":[\"Reflex\u00e3o do Evangelho\"],\"inLanguage\":\"pt-BR\"},{\"@type\":\"WebPage\",\"@id\":\"https:\\\/\\\/unisale.com.br\\\/pastoral\\\/07-10-alegra-te-cheia-de-graca-o-senhor-esta-contigo-3\\\/\",\"url\":\"https:\\\/\\\/unisale.com.br\\\/pastoral\\\/07-10-alegra-te-cheia-de-graca-o-senhor-esta-contigo-3\\\/\",\"name\":\"07\\\/10 - Alegra-te, cheia de gra\u00e7a, o Senhor est\u00e1 contigo. - Pastoral Universit\u00e1ria UniSALESIANO\",\"isPartOf\":{\"@id\":\"https:\\\/\\\/unisale.com.br\\\/pastoral\\\/#website\"},\"primaryImageOfPage\":{\"@id\":\"https:\\\/\\\/unisale.com.br\\\/pastoral\\\/07-10-alegra-te-cheia-de-graca-o-senhor-esta-contigo-3\\\/#primaryimage\"},\"image\":{\"@id\":\"https:\\\/\\\/unisale.com.br\\\/pastoral\\\/07-10-alegra-te-cheia-de-graca-o-senhor-esta-contigo-3\\\/#primaryimage\"},\"thumbnailUrl\":\"https:\\\/\\\/unisale.com.br\\\/pastoral\\\/wp-content\\\/uploads\\\/2024\\\/10\\\/Design-sem-nome-8.jpg\",\"datePublished\":\"2024-10-01T19:49:55+00:00\",\"author\":{\"@id\":\"https:\\\/\\\/unisale.com.br\\\/pastoral\\\/#\\\/schema\\\/person\\\/f5a2bcc971c39b32f07f294786390f70\"},\"inLanguage\":\"pt-BR\",\"potentialAction\":[{\"@type\":\"ReadAction\",\"target\":[\"https:\\\/\\\/unisale.com.br\\\/pastoral\\\/07-10-alegra-te-cheia-de-graca-o-senhor-esta-contigo-3\\\/\"]}]},{\"@type\":\"ImageObject\",\"inLanguage\":\"pt-BR\",\"@id\":\"https:\\\/\\\/unisale.com.br\\\/pastoral\\\/07-10-alegra-te-cheia-de-graca-o-senhor-esta-contigo-3\\\/#primaryimage\",\"url\":\"https:\\\/\\\/unisale.com.br\\\/pastoral\\\/wp-content\\\/uploads\\\/2024\\\/10\\\/Design-sem-nome-8.jpg\",\"contentUrl\":\"https:\\\/\\\/unisale.com.br\\\/pastoral\\\/wp-content\\\/uploads\\\/2024\\\/10\\\/Design-sem-nome-8.jpg\",\"width\":500,\"height\":500},{\"@type\":\"WebSite\",\"@id\":\"https:\\\/\\\/unisale.com.br\\\/pastoral\\\/#website\",\"url\":\"https:\\\/\\\/unisale.com.br\\\/pastoral\\\/\",\"name\":\"Pastoral Universit\u00e1ria UniSALESIANO\",\"description\":\"Site da Pastoral Universit\u00e1ria do UniSALESIANO\",\"potentialAction\":[{\"@type\":\"SearchAction\",\"target\":{\"@type\":\"EntryPoint\",\"urlTemplate\":\"https:\\\/\\\/unisale.com.br\\\/pastoral\\\/?s={search_term_string}\"},\"query-input\":{\"@type\":\"PropertyValueSpecification\",\"valueRequired\":true,\"valueName\":\"search_term_string\"}}],\"inLanguage\":\"pt-BR\"},{\"@type\":\"Person\",\"@id\":\"https:\\\/\\\/unisale.com.br\\\/pastoral\\\/#\\\/schema\\\/person\\\/f5a2bcc971c39b32f07f294786390f70\",\"name\":\"Luan Carlos Souza Pires\",\"url\":\"https:\\\/\\\/unisale.com.br\\\/pastoral\\\/author\\\/luan\\\/\"}]}<\/script>\n<!-- \/ Yoast SEO plugin. -->","yoast_head_json":{"title":"07\/10 - Alegra-te, cheia de gra\u00e7a, o Senhor est\u00e1 contigo. - Pastoral Universit\u00e1ria UniSALESIANO","robots":{"index":"index","follow":"follow","max-snippet":"max-snippet:-1","max-image-preview":"max-image-preview:large","max-video-preview":"max-video-preview:-1"},"canonical":"https:\/\/unisale.com.br\/pastoral\/07-10-alegra-te-cheia-de-graca-o-senhor-esta-contigo-3\/","og_locale":"pt_BR","og_type":"article","og_title":"07\/10 - Alegra-te, cheia de gra\u00e7a, o Senhor est\u00e1 contigo. - Pastoral Universit\u00e1ria UniSALESIANO","og_description":"Segunda-feira, 07 de outubro de 2024. &nbsp; Evangelho (Lc 1,26-38) &nbsp; \u201cAlegra-te, cheia de gra\u00e7a, o Senhor est\u00e1 contigo\u201d &nbsp; Naquele tempo, 26o anjo Gabriel...","og_url":"https:\/\/unisale.com.br\/pastoral\/07-10-alegra-te-cheia-de-graca-o-senhor-esta-contigo-3\/","og_site_name":"Pastoral Universit\u00e1ria UniSALESIANO","article_published_time":"2024-10-01T19:49:55+00:00","og_image":[{"width":1080,"height":1080,"url":"https:\/\/unisale.com.br\/pastoral\/wp-content\/uploads\/2024\/10\/Design-sem-nome-8.png","type":"image\/png"}],"author":"Luan Carlos Souza Pires","twitter_card":"summary_large_image","twitter_misc":{"Escrito por":"Luan Carlos Souza Pires","Est. tempo de leitura":"3 minutos"},"schema":{"@context":"https:\/\/schema.org","@graph":[{"@type":"Article","@id":"https:\/\/unisale.com.br\/pastoral\/07-10-alegra-te-cheia-de-graca-o-senhor-esta-contigo-3\/#article","isPartOf":{"@id":"https:\/\/unisale.com.br\/pastoral\/07-10-alegra-te-cheia-de-graca-o-senhor-esta-contigo-3\/"},"author":{"name":"Luan Carlos Souza Pires","@id":"https:\/\/unisale.com.br\/pastoral\/#\/schema\/person\/f5a2bcc971c39b32f07f294786390f70"},"headline":"07\/10 &#8211; Alegra-te, cheia de gra\u00e7a, o Senhor est\u00e1 contigo.","datePublished":"2024-10-01T19:49:55+00:00","mainEntityOfPage":{"@id":"https:\/\/unisale.com.br\/pastoral\/07-10-alegra-te-cheia-de-graca-o-senhor-esta-contigo-3\/"},"wordCount":533,"image":{"@id":"https:\/\/unisale.com.br\/pastoral\/07-10-alegra-te-cheia-de-graca-o-senhor-esta-contigo-3\/#primaryimage"},"thumbnailUrl":"https:\/\/unisale.com.br\/pastoral\/wp-content\/uploads\/2024\/10\/Design-sem-nome-8.jpg","articleSection":["Reflex\u00e3o do Evangelho"],"inLanguage":"pt-BR"},{"@type":"WebPage","@id":"https:\/\/unisale.com.br\/pastoral\/07-10-alegra-te-cheia-de-graca-o-senhor-esta-contigo-3\/","url":"https:\/\/unisale.com.br\/pastoral\/07-10-alegra-te-cheia-de-graca-o-senhor-esta-contigo-3\/","name":"07\/10 - Alegra-te, cheia de gra\u00e7a, o Senhor est\u00e1 contigo. - Pastoral Universit\u00e1ria UniSALESIANO","isPartOf":{"@id":"https:\/\/unisale.com.br\/pastoral\/#website"},"primaryImageOfPage":{"@id":"https:\/\/unisale.com.br\/pastoral\/07-10-alegra-te-cheia-de-graca-o-senhor-esta-contigo-3\/#primaryimage"},"image":{"@id":"https:\/\/unisale.com.br\/pastoral\/07-10-alegra-te-cheia-de-graca-o-senhor-esta-contigo-3\/#primaryimage"},"thumbnailUrl":"https:\/\/unisale.com.br\/pastoral\/wp-content\/uploads\/2024\/10\/Design-sem-nome-8.jpg","datePublished":"2024-10-01T19:49:55+00:00","author":{"@id":"https:\/\/unisale.com.br\/pastoral\/#\/schema\/person\/f5a2bcc971c39b32f07f294786390f70"},"inLanguage":"pt-BR","potentialAction":[{"@type":"ReadAction","target":["https:\/\/unisale.com.br\/pastoral\/07-10-alegra-te-cheia-de-graca-o-senhor-esta-contigo-3\/"]}]},{"@type":"ImageObject","inLanguage":"pt-BR","@id":"https:\/\/unisale.com.br\/pastoral\/07-10-alegra-te-cheia-de-graca-o-senhor-esta-contigo-3\/#primaryimage","url":"https:\/\/unisale.com.br\/pastoral\/wp-content\/uploads\/2024\/10\/Design-sem-nome-8.jpg","contentUrl":"https:\/\/unisale.com.br\/pastoral\/wp-content\/uploads\/2024\/10\/Design-sem-nome-8.jpg","width":500,"height":500},{"@type":"WebSite","@id":"https:\/\/unisale.com.br\/pastoral\/#website","url":"https:\/\/unisale.com.br\/pastoral\/","name":"Pastoral Universit\u00e1ria UniSALESIANO","description":"Site da Pastoral Universit\u00e1ria do UniSALESIANO","potentialAction":[{"@type":"SearchAction","target":{"@type":"EntryPoint","urlTemplate":"https:\/\/unisale.com.br\/pastoral\/?s={search_term_string}"},"query-input":{"@type":"PropertyValueSpecification","valueRequired":true,"valueName":"search_term_string"}}],"inLanguage":"pt-BR"},{"@type":"Person","@id":"https:\/\/unisale.com.br\/pastoral\/#\/schema\/person\/f5a2bcc971c39b32f07f294786390f70","name":"Luan Carlos Souza Pires","url":"https:\/\/unisale.com.br\/pastoral\/author\/luan\/"}]}},"_links":{"self":[{"href":"https:\/\/unisale.com.br\/pastoral\/wp-json\/wp\/v2\/posts\/11182","targetHints":{"allow":["GET"]}}],"collection":[{"href":"https:\/\/unisale.com.br\/pastoral\/wp-json\/wp\/v2\/posts"}],"about":[{"href":"https:\/\/unisale.com.br\/pastoral\/wp-json\/wp\/v2\/types\/post"}],"author":[{"embeddable":true,"href":"https:\/\/unisale.com.br\/pastoral\/wp-json\/wp\/v2\/users\/7"}],"replies":[{"embeddable":true,"href":"https:\/\/unisale.com.br\/pastoral\/wp-json\/wp\/v2\/comments?post=11182"}],"version-history":[{"count":1,"href":"https:\/\/unisale.com.br\/pastoral\/wp-json\/wp\/v2\/posts\/11182\/revisions"}],"predecessor-version":[{"id":11184,"href":"https:\/\/unisale.com.br\/pastoral\/wp-json\/wp\/v2\/posts\/11182\/revisions\/11184"}],"wp:featuredmedia":[{"embeddable":true,"href":"https:\/\/unisale.com.br\/pastoral\/wp-json\/wp\/v2\/media\/11183"}],"wp:attachment":[{"href":"https:\/\/unisale.com.br\/pastoral\/wp-json\/wp\/v2\/media?parent=11182"}],"wp:term":[{"taxonomy":"category","embeddable":true,"href":"https:\/\/unisale.com.br\/pastoral\/wp-json\/wp\/v2\/categories?post=11182"},{"taxonomy":"post_tag","embeddable":true,"href":"https:\/\/unisale.com.br\/pastoral\/wp-json\/wp\/v2\/tags?post=11182"}],"curies":[{"name":"wp","href":"https:\/\/api.w.org\/{rel}","templated":true}]}}