{"id":11216,"date":"2024-10-14T12:42:51","date_gmt":"2024-10-14T12:42:51","guid":{"rendered":"https:\/\/unisale.com.br\/pastoral\/?p=11216"},"modified":"2024-10-14T12:42:51","modified_gmt":"2024-10-14T12:42:51","slug":"16-10-ai-de-vos-ai-de-vos","status":"publish","type":"post","link":"https:\/\/unisale.com.br\/pastoral\/16-10-ai-de-vos-ai-de-vos\/","title":{"rendered":"16\/10 &#8211; Ai de v\u00f3s&#8230; Ai de v\u00f3s!"},"content":{"rendered":"<p>Quarta-feira, 16 de outubro de 2024.<\/p>\n<p>&nbsp;<\/p>\n<p>Evangelho (Lc 11,42-46)<\/p>\n<p>&nbsp;<\/p>\n<p><strong>\u201cAi de v\u00f3s&#8230; Ai de v\u00f3s!\u201d<\/strong><\/p>\n<p>&nbsp;<\/p>\n<p>Naquele tempo, disse o Senhor: <sup>42<\/sup>\u201cAi de v\u00f3s, fariseus, porque pagais o d\u00edzimo da hortel\u00e3, da arruda e de todas as outras ervas, mas deixais de lado a justi\u00e7a e o amor de Deus. V\u00f3s dever\u00edeis praticar isso, sem deixar de lado aquilo. <sup>43<\/sup>Ai de v\u00f3s, fariseus, porque gostais do lugar de honra nas sinagogas, e de serdes cumprimentados nas pra\u00e7as p\u00fablicas. <sup>44<\/sup>Ai de v\u00f3s, porque sois como t\u00famulos que n\u00e3o se veem, sobre os quais os homens andam sem saber\u201d. <sup>45<\/sup>Um mestre da Lei tomou a palavra e disse: \u201cMestre, falando assim, insulta-nos tamb\u00e9m a n\u00f3s!\u201d <sup>46<\/sup>Jesus respondeu: \u201cAi de v\u00f3s tamb\u00e9m, mestres da Lei, porque colocais sobre os homens cargas insuport\u00e1veis, e v\u00f3s mesmos n\u00e3o tocais nessas cargas, nem com um s\u00f3 dedo\u201d.<\/p>\n<p>&nbsp;<\/p>\n<p><strong>Reflex\u00e3o<\/strong><\/p>\n<p>&nbsp;<\/p>\n<p>O que vale para n\u00f3s sermos coerentes com as regras, mas n\u00e3o termos olhos para as pessoas que est\u00e3o ao nosso lado precisando de n\u00f3s? Para que serve uma justi\u00e7a que se op\u00f5e ao amor concreto? S\u00f3 a honestidade \u00e9 suficiente para nos definirmos como bons? Jesus parece dizer que n\u00e3o. Precisamos alargar o nosso horizonte para visualizarmos a vida concreta das pessoas que est\u00e3o ao nosso redor. Pois o amor de Deus \u00e9 sempre amor pelo pr\u00f3ximo. Mas nem sempre ser o primeiro da classe resolve o vazio que temos dentro de n\u00f3s. Quem age assim vive com a morte dentro de si e nem sabe. E o pior do que isso, \u00e9 sempre haver claro o que os outros precisam fazer, aquilo que os outros deveriam corrigir em si mesmos, ter sempre e lucidamente em mente ou no ju\u00edzo, de que modo deveria se desenvolver a vida do outro, sem jamais perceber que a mudan\u00e7a que tanto desejamos do outro deve come\u00e7ar a partir de n\u00f3s e n\u00e3o da convers\u00e3o de quem est\u00e1 ao nosso lado. Assim n\u00f3s oprimimos a vida do outro. Assim n\u00f3s colocamos nos ombros do outro, fardos pesados. N\u00f3s muitas vezes e muito facilmente contribu\u00edmos para que o outro se sinta sempre culpado e errado. Nem a oportunidade de defender-se ou se explicar damos ao outro. \u00c9 Jesus quem diz: \u201cAi de v\u00f3s tamb\u00e9m, mestres da lei, porque colocais sobre os homens cargas insuport\u00e1veis, e v\u00f3s mesmos n\u00e3o tocais nessas cargas nem com um s\u00f3 dedo\u201d. Jesus nos dirige estas palavra hoje para nos colocar a salvo do risco do farisa\u00edsmo que existe em cada um de n\u00f3s.<\/p>\n<p><strong>Pe. Paulo Eduardo J\u00e1como, SDB.\u00a0<\/strong><\/p>\n","protected":false},"excerpt":{"rendered":"<p>Quarta-feira, 16 de outubro de 2024. &nbsp; Evangelho (Lc 11,42-46) &nbsp; \u201cAi de v\u00f3s&#8230; Ai de v\u00f3s!\u201d &nbsp; Naquele tempo, disse o Senhor: 42\u201cAi de&#8230;<\/p>\n","protected":false},"author":7,"featured_media":11217,"comment_status":"closed","ping_status":"closed","sticky":false,"template":"","format":"standard","meta":{"_acf_changed":false,"footnotes":""},"categories":[13],"tags":[],"class_list":["post-11216","post","type-post","status-publish","format-standard","has-post-thumbnail","hentry","category-reflexaodoevagelho"],"acf":[],"yoast_head":"<!-- This site is optimized with the Yoast SEO plugin v27.3 - https:\/\/yoast.com\/product\/yoast-seo-wordpress\/ -->\n<title>16\/10 - Ai de v\u00f3s... Ai de v\u00f3s! - Pastoral Universit\u00e1ria UniSALESIANO<\/title>\n<meta name=\"robots\" content=\"index, follow, max-snippet:-1, max-image-preview:large, max-video-preview:-1\" \/>\n<link rel=\"canonical\" href=\"https:\/\/unisale.com.br\/pastoral\/16-10-ai-de-vos-ai-de-vos\/\" \/>\n<meta property=\"og:locale\" content=\"pt_BR\" \/>\n<meta property=\"og:type\" content=\"article\" \/>\n<meta property=\"og:title\" content=\"16\/10 - Ai de v\u00f3s... Ai de v\u00f3s! - Pastoral Universit\u00e1ria UniSALESIANO\" \/>\n<meta property=\"og:description\" content=\"Quarta-feira, 16 de outubro de 2024. &nbsp; Evangelho (Lc 11,42-46) &nbsp; \u201cAi de v\u00f3s&#8230; Ai de v\u00f3s!\u201d &nbsp; Naquele tempo, disse o Senhor: 42\u201cAi de...\" \/>\n<meta property=\"og:url\" content=\"https:\/\/unisale.com.br\/pastoral\/16-10-ai-de-vos-ai-de-vos\/\" \/>\n<meta property=\"og:site_name\" content=\"Pastoral Universit\u00e1ria UniSALESIANO\" \/>\n<meta property=\"article:published_time\" content=\"2024-10-14T12:42:51+00:00\" \/>\n<meta property=\"og:image\" content=\"https:\/\/unisale.com.br\/pastoral\/wp-content\/uploads\/2024\/10\/Design-sem-nome-13-768x768.png\" \/>\n\t<meta property=\"og:image:width\" content=\"768\" \/>\n\t<meta property=\"og:image:height\" content=\"768\" \/>\n\t<meta property=\"og:image:type\" content=\"image\/png\" \/>\n<meta name=\"author\" content=\"Luan Carlos Souza Pires\" \/>\n<meta name=\"twitter:card\" content=\"summary_large_image\" \/>\n<meta name=\"twitter:label1\" content=\"Escrito por\" \/>\n\t<meta name=\"twitter:data1\" content=\"Luan Carlos Souza Pires\" \/>\n\t<meta name=\"twitter:label2\" content=\"Est. tempo de leitura\" \/>\n\t<meta name=\"twitter:data2\" content=\"3 minutos\" \/>\n<script type=\"application\/ld+json\" class=\"yoast-schema-graph\">{\"@context\":\"https:\\\/\\\/schema.org\",\"@graph\":[{\"@type\":\"Article\",\"@id\":\"https:\\\/\\\/unisale.com.br\\\/pastoral\\\/16-10-ai-de-vos-ai-de-vos\\\/#article\",\"isPartOf\":{\"@id\":\"https:\\\/\\\/unisale.com.br\\\/pastoral\\\/16-10-ai-de-vos-ai-de-vos\\\/\"},\"author\":{\"name\":\"Luan Carlos Souza Pires\",\"@id\":\"https:\\\/\\\/unisale.com.br\\\/pastoral\\\/#\\\/schema\\\/person\\\/f5a2bcc971c39b32f07f294786390f70\"},\"headline\":\"16\\\/10 &#8211; Ai de v\u00f3s&#8230; Ai de v\u00f3s!\",\"datePublished\":\"2024-10-14T12:42:51+00:00\",\"mainEntityOfPage\":{\"@id\":\"https:\\\/\\\/unisale.com.br\\\/pastoral\\\/16-10-ai-de-vos-ai-de-vos\\\/\"},\"wordCount\":477,\"image\":{\"@id\":\"https:\\\/\\\/unisale.com.br\\\/pastoral\\\/16-10-ai-de-vos-ai-de-vos\\\/#primaryimage\"},\"thumbnailUrl\":\"https:\\\/\\\/unisale.com.br\\\/pastoral\\\/wp-content\\\/uploads\\\/2024\\\/10\\\/Design-sem-nome-13.jpg\",\"articleSection\":[\"Reflex\u00e3o do Evangelho\"],\"inLanguage\":\"pt-BR\"},{\"@type\":\"WebPage\",\"@id\":\"https:\\\/\\\/unisale.com.br\\\/pastoral\\\/16-10-ai-de-vos-ai-de-vos\\\/\",\"url\":\"https:\\\/\\\/unisale.com.br\\\/pastoral\\\/16-10-ai-de-vos-ai-de-vos\\\/\",\"name\":\"16\\\/10 - Ai de v\u00f3s... Ai de v\u00f3s! - Pastoral Universit\u00e1ria UniSALESIANO\",\"isPartOf\":{\"@id\":\"https:\\\/\\\/unisale.com.br\\\/pastoral\\\/#website\"},\"primaryImageOfPage\":{\"@id\":\"https:\\\/\\\/unisale.com.br\\\/pastoral\\\/16-10-ai-de-vos-ai-de-vos\\\/#primaryimage\"},\"image\":{\"@id\":\"https:\\\/\\\/unisale.com.br\\\/pastoral\\\/16-10-ai-de-vos-ai-de-vos\\\/#primaryimage\"},\"thumbnailUrl\":\"https:\\\/\\\/unisale.com.br\\\/pastoral\\\/wp-content\\\/uploads\\\/2024\\\/10\\\/Design-sem-nome-13.jpg\",\"datePublished\":\"2024-10-14T12:42:51+00:00\",\"author\":{\"@id\":\"https:\\\/\\\/unisale.com.br\\\/pastoral\\\/#\\\/schema\\\/person\\\/f5a2bcc971c39b32f07f294786390f70\"},\"inLanguage\":\"pt-BR\",\"potentialAction\":[{\"@type\":\"ReadAction\",\"target\":[\"https:\\\/\\\/unisale.com.br\\\/pastoral\\\/16-10-ai-de-vos-ai-de-vos\\\/\"]}]},{\"@type\":\"ImageObject\",\"inLanguage\":\"pt-BR\",\"@id\":\"https:\\\/\\\/unisale.com.br\\\/pastoral\\\/16-10-ai-de-vos-ai-de-vos\\\/#primaryimage\",\"url\":\"https:\\\/\\\/unisale.com.br\\\/pastoral\\\/wp-content\\\/uploads\\\/2024\\\/10\\\/Design-sem-nome-13.jpg\",\"contentUrl\":\"https:\\\/\\\/unisale.com.br\\\/pastoral\\\/wp-content\\\/uploads\\\/2024\\\/10\\\/Design-sem-nome-13.jpg\",\"width\":500,\"height\":500},{\"@type\":\"WebSite\",\"@id\":\"https:\\\/\\\/unisale.com.br\\\/pastoral\\\/#website\",\"url\":\"https:\\\/\\\/unisale.com.br\\\/pastoral\\\/\",\"name\":\"Pastoral Universit\u00e1ria UniSALESIANO\",\"description\":\"Site da Pastoral Universit\u00e1ria do UniSALESIANO\",\"potentialAction\":[{\"@type\":\"SearchAction\",\"target\":{\"@type\":\"EntryPoint\",\"urlTemplate\":\"https:\\\/\\\/unisale.com.br\\\/pastoral\\\/?s={search_term_string}\"},\"query-input\":{\"@type\":\"PropertyValueSpecification\",\"valueRequired\":true,\"valueName\":\"search_term_string\"}}],\"inLanguage\":\"pt-BR\"},{\"@type\":\"Person\",\"@id\":\"https:\\\/\\\/unisale.com.br\\\/pastoral\\\/#\\\/schema\\\/person\\\/f5a2bcc971c39b32f07f294786390f70\",\"name\":\"Luan Carlos Souza Pires\",\"url\":\"https:\\\/\\\/unisale.com.br\\\/pastoral\\\/author\\\/luan\\\/\"}]}<\/script>\n<!-- \/ Yoast SEO plugin. -->","yoast_head_json":{"title":"16\/10 - Ai de v\u00f3s... Ai de v\u00f3s! - Pastoral Universit\u00e1ria UniSALESIANO","robots":{"index":"index","follow":"follow","max-snippet":"max-snippet:-1","max-image-preview":"max-image-preview:large","max-video-preview":"max-video-preview:-1"},"canonical":"https:\/\/unisale.com.br\/pastoral\/16-10-ai-de-vos-ai-de-vos\/","og_locale":"pt_BR","og_type":"article","og_title":"16\/10 - Ai de v\u00f3s... Ai de v\u00f3s! - Pastoral Universit\u00e1ria UniSALESIANO","og_description":"Quarta-feira, 16 de outubro de 2024. &nbsp; Evangelho (Lc 11,42-46) &nbsp; \u201cAi de v\u00f3s&#8230; Ai de v\u00f3s!\u201d &nbsp; Naquele tempo, disse o Senhor: 42\u201cAi de...","og_url":"https:\/\/unisale.com.br\/pastoral\/16-10-ai-de-vos-ai-de-vos\/","og_site_name":"Pastoral Universit\u00e1ria UniSALESIANO","article_published_time":"2024-10-14T12:42:51+00:00","og_image":[{"width":768,"height":768,"url":"https:\/\/unisale.com.br\/pastoral\/wp-content\/uploads\/2024\/10\/Design-sem-nome-13-768x768.png","type":"image\/png"}],"author":"Luan Carlos Souza Pires","twitter_card":"summary_large_image","twitter_misc":{"Escrito por":"Luan Carlos Souza Pires","Est. tempo de leitura":"3 minutos"},"schema":{"@context":"https:\/\/schema.org","@graph":[{"@type":"Article","@id":"https:\/\/unisale.com.br\/pastoral\/16-10-ai-de-vos-ai-de-vos\/#article","isPartOf":{"@id":"https:\/\/unisale.com.br\/pastoral\/16-10-ai-de-vos-ai-de-vos\/"},"author":{"name":"Luan Carlos Souza Pires","@id":"https:\/\/unisale.com.br\/pastoral\/#\/schema\/person\/f5a2bcc971c39b32f07f294786390f70"},"headline":"16\/10 &#8211; Ai de v\u00f3s&#8230; Ai de v\u00f3s!","datePublished":"2024-10-14T12:42:51+00:00","mainEntityOfPage":{"@id":"https:\/\/unisale.com.br\/pastoral\/16-10-ai-de-vos-ai-de-vos\/"},"wordCount":477,"image":{"@id":"https:\/\/unisale.com.br\/pastoral\/16-10-ai-de-vos-ai-de-vos\/#primaryimage"},"thumbnailUrl":"https:\/\/unisale.com.br\/pastoral\/wp-content\/uploads\/2024\/10\/Design-sem-nome-13.jpg","articleSection":["Reflex\u00e3o do Evangelho"],"inLanguage":"pt-BR"},{"@type":"WebPage","@id":"https:\/\/unisale.com.br\/pastoral\/16-10-ai-de-vos-ai-de-vos\/","url":"https:\/\/unisale.com.br\/pastoral\/16-10-ai-de-vos-ai-de-vos\/","name":"16\/10 - Ai de v\u00f3s... Ai de v\u00f3s! - Pastoral Universit\u00e1ria UniSALESIANO","isPartOf":{"@id":"https:\/\/unisale.com.br\/pastoral\/#website"},"primaryImageOfPage":{"@id":"https:\/\/unisale.com.br\/pastoral\/16-10-ai-de-vos-ai-de-vos\/#primaryimage"},"image":{"@id":"https:\/\/unisale.com.br\/pastoral\/16-10-ai-de-vos-ai-de-vos\/#primaryimage"},"thumbnailUrl":"https:\/\/unisale.com.br\/pastoral\/wp-content\/uploads\/2024\/10\/Design-sem-nome-13.jpg","datePublished":"2024-10-14T12:42:51+00:00","author":{"@id":"https:\/\/unisale.com.br\/pastoral\/#\/schema\/person\/f5a2bcc971c39b32f07f294786390f70"},"inLanguage":"pt-BR","potentialAction":[{"@type":"ReadAction","target":["https:\/\/unisale.com.br\/pastoral\/16-10-ai-de-vos-ai-de-vos\/"]}]},{"@type":"ImageObject","inLanguage":"pt-BR","@id":"https:\/\/unisale.com.br\/pastoral\/16-10-ai-de-vos-ai-de-vos\/#primaryimage","url":"https:\/\/unisale.com.br\/pastoral\/wp-content\/uploads\/2024\/10\/Design-sem-nome-13.jpg","contentUrl":"https:\/\/unisale.com.br\/pastoral\/wp-content\/uploads\/2024\/10\/Design-sem-nome-13.jpg","width":500,"height":500},{"@type":"WebSite","@id":"https:\/\/unisale.com.br\/pastoral\/#website","url":"https:\/\/unisale.com.br\/pastoral\/","name":"Pastoral Universit\u00e1ria UniSALESIANO","description":"Site da Pastoral Universit\u00e1ria do UniSALESIANO","potentialAction":[{"@type":"SearchAction","target":{"@type":"EntryPoint","urlTemplate":"https:\/\/unisale.com.br\/pastoral\/?s={search_term_string}"},"query-input":{"@type":"PropertyValueSpecification","valueRequired":true,"valueName":"search_term_string"}}],"inLanguage":"pt-BR"},{"@type":"Person","@id":"https:\/\/unisale.com.br\/pastoral\/#\/schema\/person\/f5a2bcc971c39b32f07f294786390f70","name":"Luan Carlos Souza Pires","url":"https:\/\/unisale.com.br\/pastoral\/author\/luan\/"}]}},"_links":{"self":[{"href":"https:\/\/unisale.com.br\/pastoral\/wp-json\/wp\/v2\/posts\/11216","targetHints":{"allow":["GET"]}}],"collection":[{"href":"https:\/\/unisale.com.br\/pastoral\/wp-json\/wp\/v2\/posts"}],"about":[{"href":"https:\/\/unisale.com.br\/pastoral\/wp-json\/wp\/v2\/types\/post"}],"author":[{"embeddable":true,"href":"https:\/\/unisale.com.br\/pastoral\/wp-json\/wp\/v2\/users\/7"}],"replies":[{"embeddable":true,"href":"https:\/\/unisale.com.br\/pastoral\/wp-json\/wp\/v2\/comments?post=11216"}],"version-history":[{"count":1,"href":"https:\/\/unisale.com.br\/pastoral\/wp-json\/wp\/v2\/posts\/11216\/revisions"}],"predecessor-version":[{"id":11218,"href":"https:\/\/unisale.com.br\/pastoral\/wp-json\/wp\/v2\/posts\/11216\/revisions\/11218"}],"wp:featuredmedia":[{"embeddable":true,"href":"https:\/\/unisale.com.br\/pastoral\/wp-json\/wp\/v2\/media\/11217"}],"wp:attachment":[{"href":"https:\/\/unisale.com.br\/pastoral\/wp-json\/wp\/v2\/media?parent=11216"}],"wp:term":[{"taxonomy":"category","embeddable":true,"href":"https:\/\/unisale.com.br\/pastoral\/wp-json\/wp\/v2\/categories?post=11216"},{"taxonomy":"post_tag","embeddable":true,"href":"https:\/\/unisale.com.br\/pastoral\/wp-json\/wp\/v2\/tags?post=11216"}],"curies":[{"name":"wp","href":"https:\/\/api.w.org\/{rel}","templated":true}]}}