{"id":11247,"date":"2024-10-21T14:00:02","date_gmt":"2024-10-21T14:00:02","guid":{"rendered":"https:\/\/unisale.com.br\/pastoral\/?p=11247"},"modified":"2024-10-21T14:00:02","modified_gmt":"2024-10-21T14:00:02","slug":"26-10-mas-se-vos-nao-vos-converterdes","status":"publish","type":"post","link":"https:\/\/unisale.com.br\/pastoral\/26-10-mas-se-vos-nao-vos-converterdes\/","title":{"rendered":"26\/10 &#8211; Mas, se v\u00f3s n\u00e3o vos converterdes&#8230;"},"content":{"rendered":"<p>S\u00e1bado, 26 de outubro de 2024.<\/p>\n<p>&nbsp;<\/p>\n<p>Evangelho (Lc 13,1-9)<\/p>\n<p>&nbsp;<\/p>\n<p><strong>\u201cMas, se v\u00f3s n\u00e3o vos converterdes&#8230;\u201d<\/strong><\/p>\n<p>&nbsp;<\/p>\n<p><sup>1<\/sup>Naquele tempo, vieram algumas pessoas trazendo not\u00edcias a Jesus a respeito dos galileus que Pilatos tinha matado, misturando seu sangue com o dos sacrif\u00edcios que ofereciam. <sup>2<\/sup>Jesus lhes respondeu: \u201cV\u00f3s pensais que esses galileus eram mais pecadores do que todos os outros galileus, por terem sofrido tal coisa? <sup>3<\/sup>Eu vos digo que n\u00e3o. Mas se v\u00f3s n\u00e3o vos converterdes, ireis morrer todos do mesmo modo. <sup>4<\/sup>E aqueles dezoito que morreram, quando a torre de Silo\u00e9 caiu sobre eles? Pensais que eram mais culpados do que todos os outros moradores de Jerusal\u00e9m? <sup>5<\/sup>Eu vos digo que n\u00e3o. Mas, se n\u00e3o vos converterdes, ireis morrer todos do mesmo modo\u201d. <sup>6<\/sup>E Jesus contou esta par\u00e1bola: \u201cCerto homem tinha uma figueira plantada na sua vinha. Foi at\u00e9 ela procurar figos e n\u00e3o encontrou. <sup>7<\/sup>Ent\u00e3o disse ao vinhateiro: \u2018J\u00e1 faz tr\u00eas anos que venho procurando figos nesta figueira e nada encontro. Corta-a! Por que est\u00e1 ela inutilizando a terra?\u2019 <sup>8<\/sup>Ele, por\u00e9m, respondeu: \u2018Senhor, deixa a figueira ainda este ano. Vou cavar em volta dela e colocar adubo. <sup>9<\/sup>Pode ser que venha a dar fruto. Se n\u00e3o der, ent\u00e3o tu a cortar\u00e1s\u2019\u201d.<\/p>\n<p>&nbsp;<\/p>\n<p><strong>Reflex\u00e3o<\/strong><\/p>\n<p>&nbsp;<\/p>\n<p>Todos os dias assistindo aos notici\u00e1rios ou lendo jornais, n\u00f3s nos deparamos com tristes not\u00edcias de in\u00fameras trag\u00e9dias. Nos deparamos com hist\u00f3rias de graves acontecimentos ocorridos na vida de algu\u00e9m. O risco \u00e9 de pensarmos que estas coisas s\u00f3 acontecem com os outros e jamais com a gente. Mas n\u00e3o \u00e9 bem assim. Se neste momento algu\u00e9m pedisse contas da nossa vida ou se nos encontr\u00e1ssemos face a face com a morte, o que pensar\u00edamos? O que far\u00edamos? O que devemos mesmo fazer \u00e9 deixar de protelar, \u00e9 hoje o tempo oportuno de mudan\u00e7a e de escolhas importantes a se fazer, porque amanh\u00e3 n\u00e3o sabemos se teremos possibilidade. \u00c9 bonito tamb\u00e9m ver que esta p\u00e1gina dura do Evangelho, termine com um gesto de paci\u00eancia. Quando Jesus conta a par\u00e1bola da figueira est\u00e9ril diz: \u201cSenhor, deixa a figueira ainda este ano. Vou cavar em volta dela e colocar adubo. Pode ser que venha a dar fruto\u201d. \u00c9 preciso dar tempo, uma outra possibilidade para que possa recuperar-se de dar fruto. Esta \u00e9 uma mensagem para cada um de n\u00f3s. Amanh\u00e3 de manh\u00e3 pode ser que acordemos mais uma vez, teremos outra oportunidade de viver a nossa vida, mas n\u00e3o nos \u00e9 dada esta possibilidade simplesmente porque Deus nos est\u00e1 paparicando, mas porque nos est\u00e1 dando mais uma vez a oportunidade de concluir algo, de decidir por qual motivo queremos viver. Nos est\u00e1 colocando nas condi\u00e7\u00f5es de produzir qualquer fruto que ao mesmo tempo nos torna felizes, mas faz feliz tamb\u00e9m a Ele que nos ama.<\/p>\n<p><strong><br \/>\nPe. Paulo Eduardo J\u00e1como, SDB.<\/strong><\/p>\n","protected":false},"excerpt":{"rendered":"<p>S\u00e1bado, 26 de outubro de 2024. &nbsp; Evangelho (Lc 13,1-9) &nbsp; \u201cMas, se v\u00f3s n\u00e3o vos converterdes&#8230;\u201d &nbsp; 1Naquele tempo, vieram algumas pessoas trazendo not\u00edcias&#8230;<\/p>\n","protected":false},"author":7,"featured_media":11248,"comment_status":"closed","ping_status":"closed","sticky":false,"template":"","format":"standard","meta":{"_acf_changed":false,"footnotes":""},"categories":[13],"tags":[],"class_list":["post-11247","post","type-post","status-publish","format-standard","has-post-thumbnail","hentry","category-reflexaodoevagelho"],"acf":[],"yoast_head":"<!-- This site is optimized with the Yoast SEO plugin v27.3 - https:\/\/yoast.com\/product\/yoast-seo-wordpress\/ -->\n<title>26\/10 - Mas, se v\u00f3s n\u00e3o vos converterdes... - Pastoral Universit\u00e1ria UniSALESIANO<\/title>\n<meta name=\"robots\" content=\"index, follow, max-snippet:-1, max-image-preview:large, max-video-preview:-1\" \/>\n<link rel=\"canonical\" href=\"https:\/\/unisale.com.br\/pastoral\/26-10-mas-se-vos-nao-vos-converterdes\/\" \/>\n<meta property=\"og:locale\" content=\"pt_BR\" \/>\n<meta property=\"og:type\" content=\"article\" \/>\n<meta property=\"og:title\" content=\"26\/10 - Mas, se v\u00f3s n\u00e3o vos converterdes... - Pastoral Universit\u00e1ria UniSALESIANO\" \/>\n<meta property=\"og:description\" content=\"S\u00e1bado, 26 de outubro de 2024. &nbsp; Evangelho (Lc 13,1-9) &nbsp; \u201cMas, se v\u00f3s n\u00e3o vos converterdes&#8230;\u201d &nbsp; 1Naquele tempo, vieram algumas pessoas trazendo not\u00edcias...\" \/>\n<meta property=\"og:url\" content=\"https:\/\/unisale.com.br\/pastoral\/26-10-mas-se-vos-nao-vos-converterdes\/\" \/>\n<meta property=\"og:site_name\" content=\"Pastoral Universit\u00e1ria UniSALESIANO\" \/>\n<meta property=\"article:published_time\" content=\"2024-10-21T14:00:02+00:00\" \/>\n<meta property=\"og:image\" content=\"https:\/\/unisale.com.br\/pastoral\/wp-content\/uploads\/2024\/10\/Design-sem-nome-10-2.png\" \/>\n\t<meta property=\"og:image:width\" content=\"1080\" \/>\n\t<meta property=\"og:image:height\" content=\"1080\" \/>\n\t<meta property=\"og:image:type\" content=\"image\/png\" \/>\n<meta name=\"author\" content=\"Luan Carlos Souza Pires\" \/>\n<meta name=\"twitter:card\" content=\"summary_large_image\" \/>\n<meta name=\"twitter:label1\" content=\"Escrito por\" \/>\n\t<meta name=\"twitter:data1\" content=\"Luan Carlos Souza Pires\" \/>\n\t<meta name=\"twitter:label2\" content=\"Est. tempo de leitura\" \/>\n\t<meta name=\"twitter:data2\" content=\"3 minutos\" \/>\n<script type=\"application\/ld+json\" class=\"yoast-schema-graph\">{\"@context\":\"https:\\\/\\\/schema.org\",\"@graph\":[{\"@type\":\"Article\",\"@id\":\"https:\\\/\\\/unisale.com.br\\\/pastoral\\\/26-10-mas-se-vos-nao-vos-converterdes\\\/#article\",\"isPartOf\":{\"@id\":\"https:\\\/\\\/unisale.com.br\\\/pastoral\\\/26-10-mas-se-vos-nao-vos-converterdes\\\/\"},\"author\":{\"name\":\"Luan Carlos Souza Pires\",\"@id\":\"https:\\\/\\\/unisale.com.br\\\/pastoral\\\/#\\\/schema\\\/person\\\/f5a2bcc971c39b32f07f294786390f70\"},\"headline\":\"26\\\/10 &#8211; Mas, se v\u00f3s n\u00e3o vos converterdes&#8230;\",\"datePublished\":\"2024-10-21T14:00:02+00:00\",\"mainEntityOfPage\":{\"@id\":\"https:\\\/\\\/unisale.com.br\\\/pastoral\\\/26-10-mas-se-vos-nao-vos-converterdes\\\/\"},\"wordCount\":510,\"image\":{\"@id\":\"https:\\\/\\\/unisale.com.br\\\/pastoral\\\/26-10-mas-se-vos-nao-vos-converterdes\\\/#primaryimage\"},\"thumbnailUrl\":\"https:\\\/\\\/unisale.com.br\\\/pastoral\\\/wp-content\\\/uploads\\\/2024\\\/10\\\/Design-sem-nome-10-2.jpg\",\"articleSection\":[\"Reflex\u00e3o do Evangelho\"],\"inLanguage\":\"pt-BR\"},{\"@type\":\"WebPage\",\"@id\":\"https:\\\/\\\/unisale.com.br\\\/pastoral\\\/26-10-mas-se-vos-nao-vos-converterdes\\\/\",\"url\":\"https:\\\/\\\/unisale.com.br\\\/pastoral\\\/26-10-mas-se-vos-nao-vos-converterdes\\\/\",\"name\":\"26\\\/10 - Mas, se v\u00f3s n\u00e3o vos converterdes... - Pastoral Universit\u00e1ria UniSALESIANO\",\"isPartOf\":{\"@id\":\"https:\\\/\\\/unisale.com.br\\\/pastoral\\\/#website\"},\"primaryImageOfPage\":{\"@id\":\"https:\\\/\\\/unisale.com.br\\\/pastoral\\\/26-10-mas-se-vos-nao-vos-converterdes\\\/#primaryimage\"},\"image\":{\"@id\":\"https:\\\/\\\/unisale.com.br\\\/pastoral\\\/26-10-mas-se-vos-nao-vos-converterdes\\\/#primaryimage\"},\"thumbnailUrl\":\"https:\\\/\\\/unisale.com.br\\\/pastoral\\\/wp-content\\\/uploads\\\/2024\\\/10\\\/Design-sem-nome-10-2.jpg\",\"datePublished\":\"2024-10-21T14:00:02+00:00\",\"author\":{\"@id\":\"https:\\\/\\\/unisale.com.br\\\/pastoral\\\/#\\\/schema\\\/person\\\/f5a2bcc971c39b32f07f294786390f70\"},\"inLanguage\":\"pt-BR\",\"potentialAction\":[{\"@type\":\"ReadAction\",\"target\":[\"https:\\\/\\\/unisale.com.br\\\/pastoral\\\/26-10-mas-se-vos-nao-vos-converterdes\\\/\"]}]},{\"@type\":\"ImageObject\",\"inLanguage\":\"pt-BR\",\"@id\":\"https:\\\/\\\/unisale.com.br\\\/pastoral\\\/26-10-mas-se-vos-nao-vos-converterdes\\\/#primaryimage\",\"url\":\"https:\\\/\\\/unisale.com.br\\\/pastoral\\\/wp-content\\\/uploads\\\/2024\\\/10\\\/Design-sem-nome-10-2.jpg\",\"contentUrl\":\"https:\\\/\\\/unisale.com.br\\\/pastoral\\\/wp-content\\\/uploads\\\/2024\\\/10\\\/Design-sem-nome-10-2.jpg\",\"width\":500,\"height\":500},{\"@type\":\"WebSite\",\"@id\":\"https:\\\/\\\/unisale.com.br\\\/pastoral\\\/#website\",\"url\":\"https:\\\/\\\/unisale.com.br\\\/pastoral\\\/\",\"name\":\"Pastoral Universit\u00e1ria UniSALESIANO\",\"description\":\"Site da Pastoral Universit\u00e1ria do UniSALESIANO\",\"potentialAction\":[{\"@type\":\"SearchAction\",\"target\":{\"@type\":\"EntryPoint\",\"urlTemplate\":\"https:\\\/\\\/unisale.com.br\\\/pastoral\\\/?s={search_term_string}\"},\"query-input\":{\"@type\":\"PropertyValueSpecification\",\"valueRequired\":true,\"valueName\":\"search_term_string\"}}],\"inLanguage\":\"pt-BR\"},{\"@type\":\"Person\",\"@id\":\"https:\\\/\\\/unisale.com.br\\\/pastoral\\\/#\\\/schema\\\/person\\\/f5a2bcc971c39b32f07f294786390f70\",\"name\":\"Luan Carlos Souza Pires\",\"url\":\"https:\\\/\\\/unisale.com.br\\\/pastoral\\\/author\\\/luan\\\/\"}]}<\/script>\n<!-- \/ Yoast SEO plugin. -->","yoast_head_json":{"title":"26\/10 - Mas, se v\u00f3s n\u00e3o vos converterdes... - Pastoral Universit\u00e1ria UniSALESIANO","robots":{"index":"index","follow":"follow","max-snippet":"max-snippet:-1","max-image-preview":"max-image-preview:large","max-video-preview":"max-video-preview:-1"},"canonical":"https:\/\/unisale.com.br\/pastoral\/26-10-mas-se-vos-nao-vos-converterdes\/","og_locale":"pt_BR","og_type":"article","og_title":"26\/10 - Mas, se v\u00f3s n\u00e3o vos converterdes... - Pastoral Universit\u00e1ria UniSALESIANO","og_description":"S\u00e1bado, 26 de outubro de 2024. &nbsp; Evangelho (Lc 13,1-9) &nbsp; \u201cMas, se v\u00f3s n\u00e3o vos converterdes&#8230;\u201d &nbsp; 1Naquele tempo, vieram algumas pessoas trazendo not\u00edcias...","og_url":"https:\/\/unisale.com.br\/pastoral\/26-10-mas-se-vos-nao-vos-converterdes\/","og_site_name":"Pastoral Universit\u00e1ria UniSALESIANO","article_published_time":"2024-10-21T14:00:02+00:00","og_image":[{"width":1080,"height":1080,"url":"https:\/\/unisale.com.br\/pastoral\/wp-content\/uploads\/2024\/10\/Design-sem-nome-10-2.png","type":"image\/png"}],"author":"Luan Carlos Souza Pires","twitter_card":"summary_large_image","twitter_misc":{"Escrito por":"Luan Carlos Souza Pires","Est. tempo de leitura":"3 minutos"},"schema":{"@context":"https:\/\/schema.org","@graph":[{"@type":"Article","@id":"https:\/\/unisale.com.br\/pastoral\/26-10-mas-se-vos-nao-vos-converterdes\/#article","isPartOf":{"@id":"https:\/\/unisale.com.br\/pastoral\/26-10-mas-se-vos-nao-vos-converterdes\/"},"author":{"name":"Luan Carlos Souza Pires","@id":"https:\/\/unisale.com.br\/pastoral\/#\/schema\/person\/f5a2bcc971c39b32f07f294786390f70"},"headline":"26\/10 &#8211; Mas, se v\u00f3s n\u00e3o vos converterdes&#8230;","datePublished":"2024-10-21T14:00:02+00:00","mainEntityOfPage":{"@id":"https:\/\/unisale.com.br\/pastoral\/26-10-mas-se-vos-nao-vos-converterdes\/"},"wordCount":510,"image":{"@id":"https:\/\/unisale.com.br\/pastoral\/26-10-mas-se-vos-nao-vos-converterdes\/#primaryimage"},"thumbnailUrl":"https:\/\/unisale.com.br\/pastoral\/wp-content\/uploads\/2024\/10\/Design-sem-nome-10-2.jpg","articleSection":["Reflex\u00e3o do Evangelho"],"inLanguage":"pt-BR"},{"@type":"WebPage","@id":"https:\/\/unisale.com.br\/pastoral\/26-10-mas-se-vos-nao-vos-converterdes\/","url":"https:\/\/unisale.com.br\/pastoral\/26-10-mas-se-vos-nao-vos-converterdes\/","name":"26\/10 - Mas, se v\u00f3s n\u00e3o vos converterdes... - Pastoral Universit\u00e1ria UniSALESIANO","isPartOf":{"@id":"https:\/\/unisale.com.br\/pastoral\/#website"},"primaryImageOfPage":{"@id":"https:\/\/unisale.com.br\/pastoral\/26-10-mas-se-vos-nao-vos-converterdes\/#primaryimage"},"image":{"@id":"https:\/\/unisale.com.br\/pastoral\/26-10-mas-se-vos-nao-vos-converterdes\/#primaryimage"},"thumbnailUrl":"https:\/\/unisale.com.br\/pastoral\/wp-content\/uploads\/2024\/10\/Design-sem-nome-10-2.jpg","datePublished":"2024-10-21T14:00:02+00:00","author":{"@id":"https:\/\/unisale.com.br\/pastoral\/#\/schema\/person\/f5a2bcc971c39b32f07f294786390f70"},"inLanguage":"pt-BR","potentialAction":[{"@type":"ReadAction","target":["https:\/\/unisale.com.br\/pastoral\/26-10-mas-se-vos-nao-vos-converterdes\/"]}]},{"@type":"ImageObject","inLanguage":"pt-BR","@id":"https:\/\/unisale.com.br\/pastoral\/26-10-mas-se-vos-nao-vos-converterdes\/#primaryimage","url":"https:\/\/unisale.com.br\/pastoral\/wp-content\/uploads\/2024\/10\/Design-sem-nome-10-2.jpg","contentUrl":"https:\/\/unisale.com.br\/pastoral\/wp-content\/uploads\/2024\/10\/Design-sem-nome-10-2.jpg","width":500,"height":500},{"@type":"WebSite","@id":"https:\/\/unisale.com.br\/pastoral\/#website","url":"https:\/\/unisale.com.br\/pastoral\/","name":"Pastoral Universit\u00e1ria UniSALESIANO","description":"Site da Pastoral Universit\u00e1ria do UniSALESIANO","potentialAction":[{"@type":"SearchAction","target":{"@type":"EntryPoint","urlTemplate":"https:\/\/unisale.com.br\/pastoral\/?s={search_term_string}"},"query-input":{"@type":"PropertyValueSpecification","valueRequired":true,"valueName":"search_term_string"}}],"inLanguage":"pt-BR"},{"@type":"Person","@id":"https:\/\/unisale.com.br\/pastoral\/#\/schema\/person\/f5a2bcc971c39b32f07f294786390f70","name":"Luan Carlos Souza Pires","url":"https:\/\/unisale.com.br\/pastoral\/author\/luan\/"}]}},"_links":{"self":[{"href":"https:\/\/unisale.com.br\/pastoral\/wp-json\/wp\/v2\/posts\/11247","targetHints":{"allow":["GET"]}}],"collection":[{"href":"https:\/\/unisale.com.br\/pastoral\/wp-json\/wp\/v2\/posts"}],"about":[{"href":"https:\/\/unisale.com.br\/pastoral\/wp-json\/wp\/v2\/types\/post"}],"author":[{"embeddable":true,"href":"https:\/\/unisale.com.br\/pastoral\/wp-json\/wp\/v2\/users\/7"}],"replies":[{"embeddable":true,"href":"https:\/\/unisale.com.br\/pastoral\/wp-json\/wp\/v2\/comments?post=11247"}],"version-history":[{"count":1,"href":"https:\/\/unisale.com.br\/pastoral\/wp-json\/wp\/v2\/posts\/11247\/revisions"}],"predecessor-version":[{"id":11249,"href":"https:\/\/unisale.com.br\/pastoral\/wp-json\/wp\/v2\/posts\/11247\/revisions\/11249"}],"wp:featuredmedia":[{"embeddable":true,"href":"https:\/\/unisale.com.br\/pastoral\/wp-json\/wp\/v2\/media\/11248"}],"wp:attachment":[{"href":"https:\/\/unisale.com.br\/pastoral\/wp-json\/wp\/v2\/media?parent=11247"}],"wp:term":[{"taxonomy":"category","embeddable":true,"href":"https:\/\/unisale.com.br\/pastoral\/wp-json\/wp\/v2\/categories?post=11247"},{"taxonomy":"post_tag","embeddable":true,"href":"https:\/\/unisale.com.br\/pastoral\/wp-json\/wp\/v2\/tags?post=11247"}],"curies":[{"name":"wp","href":"https:\/\/api.w.org\/{rel}","templated":true}]}}