{"id":11256,"date":"2024-10-23T17:51:17","date_gmt":"2024-10-23T17:51:17","guid":{"rendered":"https:\/\/unisale.com.br\/pastoral\/?p=11256"},"modified":"2024-10-23T17:51:17","modified_gmt":"2024-10-23T17:51:17","slug":"29-10-com-que-poderei-ainda-comparar-o-reino-de-deus","status":"publish","type":"post","link":"https:\/\/unisale.com.br\/pastoral\/29-10-com-que-poderei-ainda-comparar-o-reino-de-deus\/","title":{"rendered":"29\/10 &#8211; Com que poderei ainda comparar o Reino de Deus?"},"content":{"rendered":"<p>Ter\u00e7a-feira, 29 de outubro de 2024.<\/p>\n<p>&nbsp;<\/p>\n<p>Evangelho (Lc 13,18-21)<\/p>\n<p>&nbsp;<\/p>\n<p><strong>\u201cCom que poderei ainda comparar o Reino de Deus?\u201d<\/strong><\/p>\n<p>&nbsp;<\/p>\n<p>Naquele tempo, <sup>18<\/sup>Jesus dizia: \u201cA que \u00e9 semelhante o Reino de Deus, e com que poderei compar\u00e1-lo? <sup>19<\/sup>Ele \u00e9 como a semente de mostarda, que um homem pega e atira no seu jardim. A semente cresce, torna-se uma grande \u00e1rvore, e as aves do c\u00e9u fazem ninhos nos seus ramos\u201d. <sup>20<\/sup>Jesus disse ainda: \u201cCom que poderei ainda comparar o Reino de Deus? <sup>21<\/sup>Ele \u00e9 como o fermento que uma mulher pega e mistura com tr\u00eas por\u00e7\u00f5es de farinha, at\u00e9 que tudo fique fermentado\u201d.<\/p>\n<p>&nbsp;<\/p>\n<p><strong>Reflex\u00e3o<\/strong><\/p>\n<p>&nbsp;<\/p>\n<p>Jesus compara o reino de Deus com duas realidades insignificantes, mas que fazem a diferen\u00e7a em algum momento: a semente de mostarda e o fermento. O infinitamente pequeno e o infinitamente escondido. Na realidade Jesus nos diz que s\u00f3 se pode entender de fato o que seja o reino de Deus se n\u00f3s o tomarmos a s\u00e9rio e tamb\u00e9m as suas consequ\u00eancias. O reino de Deus possui dois efeitos: parte de uma coisa pequena, mas que crescendo se torna infinitamente confi\u00e1vel: \u201cA semente cresce, torna-se uma grande \u00e1rvore, e as aves do c\u00e9u fazem ninhos nos seus ramos\u201d. Ao mesmo tempo \u00e9 algo que para fermentar a massa deve ser colocado dentro. Uma f\u00e9 vivida fora da hist\u00f3ria, como fuga, como aliena\u00e7\u00e3o n\u00e3o serve para fermentar a hist\u00f3ria. Neste sentido Jesus hoje nos que a chegada do reino s\u00f3 a poderemos ver se confiarmos nas coisas pequenas. A vida n\u00e3o a mudamos com espor\u00e1dicos atos heroicos, mas atrav\u00e9s das pequenas coisas cotidianas que tornam a vida mais humana, mais verdadeira, mais suport\u00e1vel. O amor entre duas pessoas se nutre de pequenas coisas. Seria estupidez pensar que basta dizer a algu\u00e9m uma \u00fanica vez \u201ceu te amo\u201d para poder acreditar que ama de verdade. O amor precisa ser dito com todo o alfabeto (palavras, gestos, sil\u00eancio, presen\u00e7a), para poder acreditar de fato que se ama. \u00c9 preciso dizer todos os dias, em todos os momentos, atrav\u00e9s dos pequenos gestos que n\u00e3o ser\u00e3o jamais banais. O reino de Deus ou muda a realidade a partir de dentro ou \u00e9 uma ideologia. A tenta\u00e7\u00e3o ideol\u00f3gica \u00e9 aquela de pensar que basta mudar a forma para dizer que mudou tamb\u00e9m a subst\u00e2ncia. Muitas vezes defendemos a forma, mas nos esquecemos da subst\u00e2ncia. E a subst\u00e2ncia se muda com o testemunho, n\u00e3o com as palavras. Por isto o Evangelho se propaga com o testemunho e n\u00e3o com o marketing.<\/p>\n<p><strong>Pe. Paulo Eduardo J\u00e1como, SDB.<\/strong><\/p>\n","protected":false},"excerpt":{"rendered":"<p>Ter\u00e7a-feira, 29 de outubro de 2024. &nbsp; Evangelho (Lc 13,18-21) &nbsp; \u201cCom que poderei ainda comparar o Reino de Deus?\u201d &nbsp; Naquele tempo, 18Jesus dizia:&#8230;<\/p>\n","protected":false},"author":7,"featured_media":11257,"comment_status":"closed","ping_status":"closed","sticky":false,"template":"","format":"standard","meta":{"_acf_changed":false,"footnotes":""},"categories":[13],"tags":[],"class_list":["post-11256","post","type-post","status-publish","format-standard","has-post-thumbnail","hentry","category-reflexaodoevagelho"],"acf":[],"yoast_head":"<!-- This site is optimized with the Yoast SEO plugin v27.3 - https:\/\/yoast.com\/product\/yoast-seo-wordpress\/ -->\n<title>29\/10 - Com que poderei ainda comparar o Reino de Deus? - Pastoral Universit\u00e1ria UniSALESIANO<\/title>\n<meta name=\"robots\" content=\"index, follow, max-snippet:-1, max-image-preview:large, max-video-preview:-1\" \/>\n<link rel=\"canonical\" href=\"https:\/\/unisale.com.br\/pastoral\/29-10-com-que-poderei-ainda-comparar-o-reino-de-deus\/\" \/>\n<meta property=\"og:locale\" content=\"pt_BR\" \/>\n<meta property=\"og:type\" content=\"article\" \/>\n<meta property=\"og:title\" content=\"29\/10 - Com que poderei ainda comparar o Reino de Deus? - Pastoral Universit\u00e1ria UniSALESIANO\" \/>\n<meta property=\"og:description\" content=\"Ter\u00e7a-feira, 29 de outubro de 2024. &nbsp; Evangelho (Lc 13,18-21) &nbsp; \u201cCom que poderei ainda comparar o Reino de Deus?\u201d &nbsp; Naquele tempo, 18Jesus dizia:...\" \/>\n<meta property=\"og:url\" content=\"https:\/\/unisale.com.br\/pastoral\/29-10-com-que-poderei-ainda-comparar-o-reino-de-deus\/\" \/>\n<meta property=\"og:site_name\" content=\"Pastoral Universit\u00e1ria UniSALESIANO\" \/>\n<meta property=\"article:published_time\" content=\"2024-10-23T17:51:17+00:00\" \/>\n<meta property=\"og:image\" content=\"https:\/\/unisale.com.br\/pastoral\/wp-content\/uploads\/2024\/10\/Design-sem-nome-7-3-1024x1024.png\" \/>\n\t<meta property=\"og:image:width\" content=\"1024\" \/>\n\t<meta property=\"og:image:height\" content=\"1024\" \/>\n\t<meta property=\"og:image:type\" content=\"image\/png\" \/>\n<meta name=\"author\" content=\"Luan Carlos Souza Pires\" \/>\n<meta name=\"twitter:card\" content=\"summary_large_image\" \/>\n<meta name=\"twitter:label1\" content=\"Escrito por\" \/>\n\t<meta name=\"twitter:data1\" content=\"Luan Carlos Souza Pires\" \/>\n\t<meta name=\"twitter:label2\" content=\"Est. tempo de leitura\" \/>\n\t<meta name=\"twitter:data2\" content=\"3 minutos\" \/>\n<script type=\"application\/ld+json\" class=\"yoast-schema-graph\">{\"@context\":\"https:\\\/\\\/schema.org\",\"@graph\":[{\"@type\":\"Article\",\"@id\":\"https:\\\/\\\/unisale.com.br\\\/pastoral\\\/29-10-com-que-poderei-ainda-comparar-o-reino-de-deus\\\/#article\",\"isPartOf\":{\"@id\":\"https:\\\/\\\/unisale.com.br\\\/pastoral\\\/29-10-com-que-poderei-ainda-comparar-o-reino-de-deus\\\/\"},\"author\":{\"name\":\"Luan Carlos Souza Pires\",\"@id\":\"https:\\\/\\\/unisale.com.br\\\/pastoral\\\/#\\\/schema\\\/person\\\/f5a2bcc971c39b32f07f294786390f70\"},\"headline\":\"29\\\/10 &#8211; Com que poderei ainda comparar o Reino de Deus?\",\"datePublished\":\"2024-10-23T17:51:17+00:00\",\"mainEntityOfPage\":{\"@id\":\"https:\\\/\\\/unisale.com.br\\\/pastoral\\\/29-10-com-que-poderei-ainda-comparar-o-reino-de-deus\\\/\"},\"wordCount\":463,\"image\":{\"@id\":\"https:\\\/\\\/unisale.com.br\\\/pastoral\\\/29-10-com-que-poderei-ainda-comparar-o-reino-de-deus\\\/#primaryimage\"},\"thumbnailUrl\":\"https:\\\/\\\/unisale.com.br\\\/pastoral\\\/wp-content\\\/uploads\\\/2024\\\/10\\\/Design-sem-nome-7-3.jpg\",\"articleSection\":[\"Reflex\u00e3o do Evangelho\"],\"inLanguage\":\"pt-BR\"},{\"@type\":\"WebPage\",\"@id\":\"https:\\\/\\\/unisale.com.br\\\/pastoral\\\/29-10-com-que-poderei-ainda-comparar-o-reino-de-deus\\\/\",\"url\":\"https:\\\/\\\/unisale.com.br\\\/pastoral\\\/29-10-com-que-poderei-ainda-comparar-o-reino-de-deus\\\/\",\"name\":\"29\\\/10 - Com que poderei ainda comparar o Reino de Deus? - Pastoral Universit\u00e1ria UniSALESIANO\",\"isPartOf\":{\"@id\":\"https:\\\/\\\/unisale.com.br\\\/pastoral\\\/#website\"},\"primaryImageOfPage\":{\"@id\":\"https:\\\/\\\/unisale.com.br\\\/pastoral\\\/29-10-com-que-poderei-ainda-comparar-o-reino-de-deus\\\/#primaryimage\"},\"image\":{\"@id\":\"https:\\\/\\\/unisale.com.br\\\/pastoral\\\/29-10-com-que-poderei-ainda-comparar-o-reino-de-deus\\\/#primaryimage\"},\"thumbnailUrl\":\"https:\\\/\\\/unisale.com.br\\\/pastoral\\\/wp-content\\\/uploads\\\/2024\\\/10\\\/Design-sem-nome-7-3.jpg\",\"datePublished\":\"2024-10-23T17:51:17+00:00\",\"author\":{\"@id\":\"https:\\\/\\\/unisale.com.br\\\/pastoral\\\/#\\\/schema\\\/person\\\/f5a2bcc971c39b32f07f294786390f70\"},\"inLanguage\":\"pt-BR\",\"potentialAction\":[{\"@type\":\"ReadAction\",\"target\":[\"https:\\\/\\\/unisale.com.br\\\/pastoral\\\/29-10-com-que-poderei-ainda-comparar-o-reino-de-deus\\\/\"]}]},{\"@type\":\"ImageObject\",\"inLanguage\":\"pt-BR\",\"@id\":\"https:\\\/\\\/unisale.com.br\\\/pastoral\\\/29-10-com-que-poderei-ainda-comparar-o-reino-de-deus\\\/#primaryimage\",\"url\":\"https:\\\/\\\/unisale.com.br\\\/pastoral\\\/wp-content\\\/uploads\\\/2024\\\/10\\\/Design-sem-nome-7-3.jpg\",\"contentUrl\":\"https:\\\/\\\/unisale.com.br\\\/pastoral\\\/wp-content\\\/uploads\\\/2024\\\/10\\\/Design-sem-nome-7-3.jpg\",\"width\":500,\"height\":500},{\"@type\":\"WebSite\",\"@id\":\"https:\\\/\\\/unisale.com.br\\\/pastoral\\\/#website\",\"url\":\"https:\\\/\\\/unisale.com.br\\\/pastoral\\\/\",\"name\":\"Pastoral Universit\u00e1ria UniSALESIANO\",\"description\":\"Site da Pastoral Universit\u00e1ria do UniSALESIANO\",\"potentialAction\":[{\"@type\":\"SearchAction\",\"target\":{\"@type\":\"EntryPoint\",\"urlTemplate\":\"https:\\\/\\\/unisale.com.br\\\/pastoral\\\/?s={search_term_string}\"},\"query-input\":{\"@type\":\"PropertyValueSpecification\",\"valueRequired\":true,\"valueName\":\"search_term_string\"}}],\"inLanguage\":\"pt-BR\"},{\"@type\":\"Person\",\"@id\":\"https:\\\/\\\/unisale.com.br\\\/pastoral\\\/#\\\/schema\\\/person\\\/f5a2bcc971c39b32f07f294786390f70\",\"name\":\"Luan Carlos Souza Pires\",\"url\":\"https:\\\/\\\/unisale.com.br\\\/pastoral\\\/author\\\/luan\\\/\"}]}<\/script>\n<!-- \/ Yoast SEO plugin. -->","yoast_head_json":{"title":"29\/10 - Com que poderei ainda comparar o Reino de Deus? - Pastoral Universit\u00e1ria UniSALESIANO","robots":{"index":"index","follow":"follow","max-snippet":"max-snippet:-1","max-image-preview":"max-image-preview:large","max-video-preview":"max-video-preview:-1"},"canonical":"https:\/\/unisale.com.br\/pastoral\/29-10-com-que-poderei-ainda-comparar-o-reino-de-deus\/","og_locale":"pt_BR","og_type":"article","og_title":"29\/10 - Com que poderei ainda comparar o Reino de Deus? - Pastoral Universit\u00e1ria UniSALESIANO","og_description":"Ter\u00e7a-feira, 29 de outubro de 2024. &nbsp; Evangelho (Lc 13,18-21) &nbsp; \u201cCom que poderei ainda comparar o Reino de Deus?\u201d &nbsp; Naquele tempo, 18Jesus dizia:...","og_url":"https:\/\/unisale.com.br\/pastoral\/29-10-com-que-poderei-ainda-comparar-o-reino-de-deus\/","og_site_name":"Pastoral Universit\u00e1ria UniSALESIANO","article_published_time":"2024-10-23T17:51:17+00:00","og_image":[{"width":1024,"height":1024,"url":"https:\/\/unisale.com.br\/pastoral\/wp-content\/uploads\/2024\/10\/Design-sem-nome-7-3-1024x1024.png","type":"image\/png"}],"author":"Luan Carlos Souza Pires","twitter_card":"summary_large_image","twitter_misc":{"Escrito por":"Luan Carlos Souza Pires","Est. tempo de leitura":"3 minutos"},"schema":{"@context":"https:\/\/schema.org","@graph":[{"@type":"Article","@id":"https:\/\/unisale.com.br\/pastoral\/29-10-com-que-poderei-ainda-comparar-o-reino-de-deus\/#article","isPartOf":{"@id":"https:\/\/unisale.com.br\/pastoral\/29-10-com-que-poderei-ainda-comparar-o-reino-de-deus\/"},"author":{"name":"Luan Carlos Souza Pires","@id":"https:\/\/unisale.com.br\/pastoral\/#\/schema\/person\/f5a2bcc971c39b32f07f294786390f70"},"headline":"29\/10 &#8211; Com que poderei ainda comparar o Reino de Deus?","datePublished":"2024-10-23T17:51:17+00:00","mainEntityOfPage":{"@id":"https:\/\/unisale.com.br\/pastoral\/29-10-com-que-poderei-ainda-comparar-o-reino-de-deus\/"},"wordCount":463,"image":{"@id":"https:\/\/unisale.com.br\/pastoral\/29-10-com-que-poderei-ainda-comparar-o-reino-de-deus\/#primaryimage"},"thumbnailUrl":"https:\/\/unisale.com.br\/pastoral\/wp-content\/uploads\/2024\/10\/Design-sem-nome-7-3.jpg","articleSection":["Reflex\u00e3o do Evangelho"],"inLanguage":"pt-BR"},{"@type":"WebPage","@id":"https:\/\/unisale.com.br\/pastoral\/29-10-com-que-poderei-ainda-comparar-o-reino-de-deus\/","url":"https:\/\/unisale.com.br\/pastoral\/29-10-com-que-poderei-ainda-comparar-o-reino-de-deus\/","name":"29\/10 - Com que poderei ainda comparar o Reino de Deus? - Pastoral Universit\u00e1ria UniSALESIANO","isPartOf":{"@id":"https:\/\/unisale.com.br\/pastoral\/#website"},"primaryImageOfPage":{"@id":"https:\/\/unisale.com.br\/pastoral\/29-10-com-que-poderei-ainda-comparar-o-reino-de-deus\/#primaryimage"},"image":{"@id":"https:\/\/unisale.com.br\/pastoral\/29-10-com-que-poderei-ainda-comparar-o-reino-de-deus\/#primaryimage"},"thumbnailUrl":"https:\/\/unisale.com.br\/pastoral\/wp-content\/uploads\/2024\/10\/Design-sem-nome-7-3.jpg","datePublished":"2024-10-23T17:51:17+00:00","author":{"@id":"https:\/\/unisale.com.br\/pastoral\/#\/schema\/person\/f5a2bcc971c39b32f07f294786390f70"},"inLanguage":"pt-BR","potentialAction":[{"@type":"ReadAction","target":["https:\/\/unisale.com.br\/pastoral\/29-10-com-que-poderei-ainda-comparar-o-reino-de-deus\/"]}]},{"@type":"ImageObject","inLanguage":"pt-BR","@id":"https:\/\/unisale.com.br\/pastoral\/29-10-com-que-poderei-ainda-comparar-o-reino-de-deus\/#primaryimage","url":"https:\/\/unisale.com.br\/pastoral\/wp-content\/uploads\/2024\/10\/Design-sem-nome-7-3.jpg","contentUrl":"https:\/\/unisale.com.br\/pastoral\/wp-content\/uploads\/2024\/10\/Design-sem-nome-7-3.jpg","width":500,"height":500},{"@type":"WebSite","@id":"https:\/\/unisale.com.br\/pastoral\/#website","url":"https:\/\/unisale.com.br\/pastoral\/","name":"Pastoral Universit\u00e1ria UniSALESIANO","description":"Site da Pastoral Universit\u00e1ria do UniSALESIANO","potentialAction":[{"@type":"SearchAction","target":{"@type":"EntryPoint","urlTemplate":"https:\/\/unisale.com.br\/pastoral\/?s={search_term_string}"},"query-input":{"@type":"PropertyValueSpecification","valueRequired":true,"valueName":"search_term_string"}}],"inLanguage":"pt-BR"},{"@type":"Person","@id":"https:\/\/unisale.com.br\/pastoral\/#\/schema\/person\/f5a2bcc971c39b32f07f294786390f70","name":"Luan Carlos Souza Pires","url":"https:\/\/unisale.com.br\/pastoral\/author\/luan\/"}]}},"_links":{"self":[{"href":"https:\/\/unisale.com.br\/pastoral\/wp-json\/wp\/v2\/posts\/11256","targetHints":{"allow":["GET"]}}],"collection":[{"href":"https:\/\/unisale.com.br\/pastoral\/wp-json\/wp\/v2\/posts"}],"about":[{"href":"https:\/\/unisale.com.br\/pastoral\/wp-json\/wp\/v2\/types\/post"}],"author":[{"embeddable":true,"href":"https:\/\/unisale.com.br\/pastoral\/wp-json\/wp\/v2\/users\/7"}],"replies":[{"embeddable":true,"href":"https:\/\/unisale.com.br\/pastoral\/wp-json\/wp\/v2\/comments?post=11256"}],"version-history":[{"count":1,"href":"https:\/\/unisale.com.br\/pastoral\/wp-json\/wp\/v2\/posts\/11256\/revisions"}],"predecessor-version":[{"id":11258,"href":"https:\/\/unisale.com.br\/pastoral\/wp-json\/wp\/v2\/posts\/11256\/revisions\/11258"}],"wp:featuredmedia":[{"embeddable":true,"href":"https:\/\/unisale.com.br\/pastoral\/wp-json\/wp\/v2\/media\/11257"}],"wp:attachment":[{"href":"https:\/\/unisale.com.br\/pastoral\/wp-json\/wp\/v2\/media?parent=11256"}],"wp:term":[{"taxonomy":"category","embeddable":true,"href":"https:\/\/unisale.com.br\/pastoral\/wp-json\/wp\/v2\/categories?post=11256"},{"taxonomy":"post_tag","embeddable":true,"href":"https:\/\/unisale.com.br\/pastoral\/wp-json\/wp\/v2\/tags?post=11256"}],"curies":[{"name":"wp","href":"https:\/\/api.w.org\/{rel}","templated":true}]}}