{"id":11287,"date":"2024-11-04T14:20:26","date_gmt":"2024-11-04T14:20:26","guid":{"rendered":"https:\/\/unisale.com.br\/pastoral\/?p=11287"},"modified":"2024-11-04T14:20:26","modified_gmt":"2024-11-04T14:20:26","slug":"comemoracao-do-jubileu-de-75-anos-da-presenca-salesiana-em-aracatuba-reune-comunidade-e-autoridades","status":"publish","type":"post","link":"https:\/\/unisale.com.br\/pastoral\/comemoracao-do-jubileu-de-75-anos-da-presenca-salesiana-em-aracatuba-reune-comunidade-e-autoridades\/","title":{"rendered":"Comemora\u00e7\u00e3o do jubileu de 75 anos da presen\u00e7a salesiana em Ara\u00e7atuba re\u00fane comunidade e autoridades"},"content":{"rendered":"<p>A\u00a0<strong>Capela S\u00e3o Domingos S\u00e1vio<\/strong>, do<strong>\u00a0Col\u00e9gio Salesiano \u201cDom Luiz Lasagna\u201d<\/strong>, foi o cen\u00e1rio de uma cerim\u00f4nia especial que celebrou os 75 anos da presen\u00e7a salesiana em Ara\u00e7atuba. O evento reuniu autoridades locais, colaboradores e membros da comunidade educativa e pastoral em um momento de gratid\u00e3o e reafirma\u00e7\u00e3o dos compromissos com a miss\u00e3o salesiana. A\u00a0<strong>Banda Regimental da Pol\u00edcia Militar do CPI-10<\/strong>\u00a0recepcionou os participantes na entrada da Capela. A solenidade aconteceu no \u00faltimo dia 27, \u00e0s 19h30.<\/p>\n<p>A cerim\u00f4nia teve como ponto alto o lan\u00e7amento da revista comemorativa alusiva ao jubileu de 75 anos, que traz a hist\u00f3ria dos Salesianos em Ara\u00e7atuba. A publica\u00e7\u00e3o destaca as conquistas da Institui\u00e7\u00e3o ao longo das d\u00e9cadas e o impacto significativo na forma\u00e7\u00e3o de jovens, desde a chegada do primeiro sacerdote salesiano,\u00a0<strong>Pe. Pedro Cometti<\/strong>, em 1949. A publica\u00e7\u00e3o foi apresentada ao p\u00fablico pelos alunos do Col\u00e9gio Salesiano,\u00a0<strong>Felipe Paiva e Francisco Gama<\/strong>, devidamente caracterizados como\u00a0<strong>S\u00e3o Jo\u00e3o Bosco e Dom Luiz Lasagna<\/strong>, figuras centrais na trajet\u00f3ria salesiana.<\/p>\n<p>Durante o evento, diversas autoridades compuseram a mesa de honra, entre elas: o Reitor do UniSALESIANO e Diretor da Presen\u00e7a Salesiana em Ara\u00e7atuba,\u00a0<strong>Pe. Paulo Vendrame, SDB<\/strong>; o Prefeito de Ara\u00e7atuba,\u00a0<strong>Dilador Borges Damasceno<\/strong>; o representante do Bispo Diocesano,\u00a0<strong>Dom S\u00e9rgio Krzywy, Pe. Orivaldo Pereira Filho<\/strong>; e o representante do\u00a0<strong>Pe. Ricardo Carlos, SDB<\/strong>, Inspetor da Miss\u00e3o Salesiana de Mato Grosso, o\u00a0<strong>Pe. Jo\u00e3o Marcos Ara\u00fajo Ramos, SDB<\/strong>, que \u00e9 Diretor dos Salesianos de Lins.<\/p>\n<p>Tamb\u00e9m o Administrador da Presen\u00e7a Salesiana em Ara\u00e7atuba,\u00a0<strong>Mestre Arnaldo Ernest Sugshi<\/strong>; o P\u00e1roco da Par\u00f3quia S\u00e3o Francisco e Santa Clara,\u00a0<strong>Pe. Delmiro Vieira do Nascimento J\u00fanior; SDB<\/strong>, e o Pr\u00f3-Reitor de Pastoral do UniSALESIANO,\u00a0<strong>Pe. Paulo J\u00e1como, SDB<\/strong>. Em seus discursos, destacaram a import\u00e2ncia da educa\u00e7\u00e3o integral e da forma\u00e7\u00e3o crist\u00e3 como pilares da miss\u00e3o salesiana, reafirmando o compromisso de continuar a obra iniciada h\u00e1 75 anos.<\/p>\n<p>\u201cSomos a fam\u00edlia de Dom Bosco, escolhemos esse espa\u00e7o da Capela S\u00e3o Domingos S\u00e1vio, do Col\u00e9gio Salesiano, para lan\u00e7ar essa revista comemorativa, uma edi\u00e7\u00e3o para celebrar esse ato hist\u00f3rico porque aqui foi a semente, aqui tudo come\u00e7ou e, com a b\u00ean\u00e7\u00e3o de Deus e a acolhida da sociedade de Ara\u00e7atuba, essa obra floresceu e produziu muitos frutos. Essa \u00e9 uma presen\u00e7a que contempla o ideal educativo de S\u00e3o Jo\u00e3o Bosco. Ser sinal e portador do amor de Deus aos jovens. H\u00e1 mais de sete d\u00e9cadas em Ara\u00e7atuba, o salesiano se tornou sin\u00f4nimo de educa\u00e7\u00e3o de qualidade, forma\u00e7\u00e3o de car\u00e1ter e compet\u00eancia profissional\u201d, destacou Pe. Paulo Vendrame.<\/p>\n<p><strong>HOMENAGEM<\/strong><\/p>\n<p>Outro momento especial da noite foi a homenagem aos representantes dos diversos grupos da Fam\u00edlia Salesiana e \u00e0queles que contribu\u00edram para o desenvolvimento e fortalecimento da miss\u00e3o na cidade. Entre os homenageados, figuram ex-alunos do Col\u00e9gio e das faculdades salesianas, professores, colaboradores e benfeitores que, ao longo dos anos, ajudaram a consolidar a presen\u00e7a salesiana em Ara\u00e7atuba.<\/p>\n<p>O\u00a0<strong>Pr\u00f3-Reitor de Ensino, Pesquisa e P\u00f3s-Gradua\u00e7\u00e3o do UniSALESIANO, Prof. Andr\u00e9 Ornellas<\/strong>, em nome de todos os homenageados, afirmou que tudo conspirou para o bem. A vinda dos salesianos para Ara\u00e7atuba deu certo porque pessoas boas estiveram pelo caminho, como o\u00a0<strong>Monsenhor Victor Ribeiro Mazzei<\/strong>, que recebeu os padres em sua par\u00f3quia. \u201cMilhares de pessoas passaram pelas casas salesianas ao longo desse per\u00edodo. E s\u00f3 temos que agradecer os salesianos pela dedica\u00e7\u00e3o \u00e1rdua \u00e0 comunidade\u201d, frisou.<\/p>\n<p>Encerrando a cerim\u00f4nia, os convidados foram agraciados com um coquetel, onde puderam confraternizar e celebrar a longevidade e a relev\u00e2ncia da obra salesiana. A solenidade foi um marco para a Institui\u00e7\u00e3o e para toda a cidade de Ara\u00e7atuba, que continua a ser transformada pelo legado educativo e espiritual deixado por S\u00e3o Jo\u00e3o Bosco.<\/p>\n<p>\u201cCom essa celebra\u00e7\u00e3o, os Salesianos reafirmam seu papel fundamental na forma\u00e7\u00e3o de novas gera\u00e7\u00f5es, oferecendo uma educa\u00e7\u00e3o que vai al\u00e9m do ensino formal, promovendo valores humanos e crist\u00e3os que moldam cidad\u00e3os conscientes e comprometidos com o bem comum\u201d, concluiu Pe. Paulo Vendrame.<\/p>\n<p>&nbsp;<\/p>\n<p><strong><em>Confira lista dos homenageados, abaixo:<\/em><\/strong><\/p>\n<p><strong>\u2013 Monsenhor Victor Ribeiro Mazzei (in memoriam)<\/strong><\/p>\n<p>Considerado primeiro benfeitor dos Salesianos em Ara\u00e7atuba. Que acolheu, na casa paroquial, os padres salesianos que chegavam para iniciar sua miss\u00e3o na cidade, em 1949.<\/p>\n<p>Recebeu a homenagem o seu sobrinho, o economista e professor, Henrique Pedroso Mazzei.<\/p>\n<p><strong>\u2013 Bispo Diocesano de Ara\u00e7atuba, Dom S\u00e9rgio Krywy<\/strong><\/p>\n<p>Em seu nome, recebeu a homenagem o Pe. Orivaldo Pereira Filho, Chanceler da C\u00faria Diocesana e P\u00e1roco da Par\u00f3quia Bom Jesus da Lapa.<\/p>\n<p><strong>\u2013 Pe. Ricardo Carlos \u2013 Inspetor da Miss\u00e3o Salesiana de Mato Grosso e Chanceler do UniSALESIANO<\/strong><\/p>\n<p>Em seu nome, recebeu a homenagem o Pe. Jo\u00e3o Marcos Araujo Ramos<strong>,\u00a0<\/strong>Vice-Reitor do UniSALESIANO e Diretor do UniSALESIANO Lins.<\/p>\n<p><strong>\u2013 Prefeito de Ara\u00e7atuba<\/strong><\/p>\n<p>Dilador Borges Damasceno<\/p>\n<p><strong>\u2013 Alunos do Col\u00e9gio Salesiano \u201cDom Luiz Lasagna\u201d<\/strong><\/p>\n<p>Sr. Ant\u00f4nio Pedro Pezzuto \u2013 que foi estudante no ano de 1952; e Sr. Petr\u00f4nio Pereira Lima \u2013 aluno de 1963 a 1965.<\/p>\n<p><strong>\u2013 Alunos do UniSALESIANO \u2013 do Curso de Ci\u00eancias Cont\u00e1beis, que completa 50 anos em 2024<\/strong><\/p>\n<p>Odivaldo Joel Benetti \u2013 de 1975 a 1978<\/p>\n<p>Nelson Antonio Calsavara \u2013 de 1981 a 1985<\/p>\n<p><strong>\u2013 Professor da Faculdade de Ci\u00eancias Cont\u00e1beis<\/strong><\/p>\n<p>Clemente Cavasana<\/p>\n<p><strong>\u2013 Ex-Diretor de Ara\u00e7atuba<\/strong><\/p>\n<p>Pe. Jos\u00e9 Alves de Ara\u00fajo<\/p>\n<p><strong>Ex-colaborador do Col\u00e9gio Salesiano<\/strong><\/p>\n<p>Sr. Jos\u00e9 Luiz do Rego e Silva<\/p>\n<p><strong>\u2013 Comunidade dos Salesianos em Ara\u00e7atuba, no Jubileu<\/strong><\/p>\n<p>Pe. Paulo Fernando Vendrame<\/p>\n<p>Pe. Paulo Eduardo J\u00e1como<\/p>\n<p>Pe. Delmiro Vieira do Nascimento Jr.<\/p>\n<p>Mestre Arnaldo Ernest Sugshi<\/p>\n<p>Aspirante Geraldo Jucinei Almeida Assun\u00e7\u00e3o<\/p>\n<p><strong>\u2013 Reitoria do UniSALESIANO<\/strong><\/p>\n<p>Prof. Andr\u00e9 Ornellas<\/p>\n<p>Vanda Aparecida Guilherme de Moura<\/p>\n<p>Pe. Jo\u00e3o Marcos Araujo Ramos<\/p>\n<p><strong>\u2013 Diretoria do Col\u00e9gio Salesiano<\/strong><\/p>\n<p>Liliana Aparecida Cor\u00e1<\/p>\n<p>Franco Garcia<\/p>\n<p>Silvana Aparecida Corr\u00eaa Pereira<\/p>\n<p>Jos\u00e9 Valentim da Silva Filho<\/p>\n<p><strong>\u2013 Alunos do Col\u00e9gio Salesiano \u2013 atualmente<\/strong><\/p>\n<p>Lara Taiacol Fabretto \u2013 2\u00aa s\u00e9rie<\/p>\n<p>Matheus Belinello Morales \u2013 9\u00ba ano<\/p>\n<p><strong>\u2013 Alunos do UniSALESIANO \u2013 atualmente<\/strong><\/p>\n<p>Eva Luana Souza Pires \u2013 Medicina<\/p>\n<p>Luiz Alexandre Marinho Lanzoni \u2013 Biomedicina<\/p>\n<p><strong>\u2013 Coordenadores dos Cursos do UniSALESIANO Ara\u00e7atuba<\/strong><\/p>\n<p>Ana Carolina Lima Frade Gomes<\/p>\n<p>Antonio Moreira<\/p>\n<p>Antonio Henrique Oliveira Poletto<\/p>\n<p>Ariadine Pires<\/p>\n<p>Carla Komatsu Machado<\/p>\n<p>Cibele Rodrigues<\/p>\n<p>Giselle Clemente Sailler<\/p>\n<p>Giuliano Pincerato<\/p>\n<p>Jos\u00e9 Carlos Lorenzetti<\/p>\n<p>Juliana Maria Mitidiero<\/p>\n<p>Lilian Pacchioni<\/p>\n<p>Maria Teixeira Bicharelli<\/p>\n<p>Mirella Justi<\/p>\n<p>Nelson Hitoshi Takiy<\/p>\n<p>Rafael Silva Cipriano<\/p>\n<p>Rossana Abud Cabrera Rosa<\/p>\n<p>Sheila Cardoso Ribeiro<\/p>\n<p><strong>\u2013 Capela\/C\u00e1ritas<\/strong><\/p>\n<p>Aparecida Moreira Dourado Gon\u00e7alves de Souza<\/p>\n<p>Maridalva Boraschi<\/p>\n<p>Maria Reberte de Marques<\/p>\n<p>Lucila Dourado dos Santos Malta<\/p>\n<p><strong>\u2013 Par\u00f3quia S\u00e3o Francisco e Santa Clara, Igreja Matriz e suas comunidades: Santo Expedito e Sagrado Cora\u00e7\u00e3o de Jesus<\/strong><\/p>\n<p>Marina Alves dos Santos<\/p>\n<p>Valdeide Francisco Mattara<\/p>\n<p>Ana Maria Pereira Freitas<\/p>\n<p>Maria No\u00eamia Gomes de Moraes<\/p>\n<p>Valdenisi da Silva Dourado<\/p>\n<p>Irm\u00e3 Maria Tereza Polizel<\/p>\n<p><strong>\u2013 Orat\u00f3rio Dom Bosco<\/strong><\/p>\n<p>Armando Sgobi Barbosa<\/p>\n<p>M\u00e1rcia Regina Sgobi Brites Barbosa<\/p>\n<p>Nivaldo Almeida Pinto<\/p>\n<p>\u2013\u00a0<strong>Ag\u00eancia Performance \u2013 respons\u00e1vel pela produ\u00e7\u00e3o da revista<\/strong><\/p>\n<p>Isabel Cristina Maced\u00f4nio<\/p>\n<p>&nbsp;<\/p>\n\n\t\t<style type=\"text\/css\">\n\t\t\t#gallery-1 {\n\t\t\t\tmargin: auto;\n\t\t\t}\n\t\t\t#gallery-1 .gallery-item {\n\t\t\t\tfloat: left;\n\t\t\t\tmargin-top: 10px;\n\t\t\t\ttext-align: center;\n\t\t\t\twidth: 25%;\n\t\t\t}\n\t\t\t#gallery-1 img {\n\t\t\t\tborder: 2px solid #cfcfcf;\n\t\t\t}\n\t\t\t#gallery-1 .gallery-caption {\n\t\t\t\tmargin-left: 0;\n\t\t\t}\n\t\t\t\/* see gallery_shortcode() in wp-includes\/media.php *\/\n\t\t<\/style>\n\t\t<div id='gallery-1' class='gallery galleryid-11287 gallery-columns-4 gallery-size-thumbnail'><dl class='gallery-item'>\n\t\t\t<dt class='gallery-icon landscape'>\n\t\t\t\t<a href='https:\/\/unisale.com.br\/pastoral\/comemoracao-do-jubileu-de-75-anos-da-presenca-salesiana-em-aracatuba-reune-comunidade-e-autoridades\/784a5443-1-1024x683\/'><img decoding=\"async\" width=\"150\" height=\"150\" src=\"https:\/\/unisale.com.br\/pastoral\/wp-content\/uploads\/2024\/11\/784A5443-1-1024x683-1-150x150.jpg\" class=\"attachment-thumbnail size-thumbnail\" alt=\"\" \/><\/a>\n\t\t\t<\/dt><\/dl><dl class='gallery-item'>\n\t\t\t<dt class='gallery-icon landscape'>\n\t\t\t\t<a href='https:\/\/unisale.com.br\/pastoral\/comemoracao-do-jubileu-de-75-anos-da-presenca-salesiana-em-aracatuba-reune-comunidade-e-autoridades\/784a5446-1024x683\/'><img decoding=\"async\" width=\"150\" height=\"150\" src=\"https:\/\/unisale.com.br\/pastoral\/wp-content\/uploads\/2024\/11\/784A5446-1024x683-1-150x150.jpg\" class=\"attachment-thumbnail size-thumbnail\" alt=\"\" \/><\/a>\n\t\t\t<\/dt><\/dl><dl class='gallery-item'>\n\t\t\t<dt class='gallery-icon landscape'>\n\t\t\t\t<a href='https:\/\/unisale.com.br\/pastoral\/comemoracao-do-jubileu-de-75-anos-da-presenca-salesiana-em-aracatuba-reune-comunidade-e-autoridades\/784a5469-1-1024x683\/'><img decoding=\"async\" width=\"150\" height=\"150\" src=\"https:\/\/unisale.com.br\/pastoral\/wp-content\/uploads\/2024\/11\/784A5469-1-1024x683-1-150x150.jpg\" class=\"attachment-thumbnail size-thumbnail\" alt=\"\" \/><\/a>\n\t\t\t<\/dt><\/dl><dl class='gallery-item'>\n\t\t\t<dt class='gallery-icon landscape'>\n\t\t\t\t<a href='https:\/\/unisale.com.br\/pastoral\/comemoracao-do-jubileu-de-75-anos-da-presenca-salesiana-em-aracatuba-reune-comunidade-e-autoridades\/784a5479-1024x683\/'><img loading=\"lazy\" decoding=\"async\" width=\"150\" height=\"150\" src=\"https:\/\/unisale.com.br\/pastoral\/wp-content\/uploads\/2024\/11\/784A5479-1024x683-1-150x150.jpg\" class=\"attachment-thumbnail size-thumbnail\" alt=\"\" \/><\/a>\n\t\t\t<\/dt><\/dl><br style=\"clear: both\" \/><dl class='gallery-item'>\n\t\t\t<dt class='gallery-icon landscape'>\n\t\t\t\t<a href='https:\/\/unisale.com.br\/pastoral\/comemoracao-do-jubileu-de-75-anos-da-presenca-salesiana-em-aracatuba-reune-comunidade-e-autoridades\/784a5485-1-1024x683\/'><img loading=\"lazy\" decoding=\"async\" width=\"150\" height=\"150\" src=\"https:\/\/unisale.com.br\/pastoral\/wp-content\/uploads\/2024\/11\/784A5485-1-1024x683-1-150x150.jpg\" class=\"attachment-thumbnail size-thumbnail\" alt=\"\" \/><\/a>\n\t\t\t<\/dt><\/dl><dl class='gallery-item'>\n\t\t\t<dt class='gallery-icon landscape'>\n\t\t\t\t<a href='https:\/\/unisale.com.br\/pastoral\/comemoracao-do-jubileu-de-75-anos-da-presenca-salesiana-em-aracatuba-reune-comunidade-e-autoridades\/784a5497-1-1024x683\/'><img loading=\"lazy\" decoding=\"async\" width=\"150\" height=\"150\" src=\"https:\/\/unisale.com.br\/pastoral\/wp-content\/uploads\/2024\/11\/784A5497-1-1024x683-1-150x150.jpg\" class=\"attachment-thumbnail size-thumbnail\" alt=\"\" \/><\/a>\n\t\t\t<\/dt><\/dl><dl class='gallery-item'>\n\t\t\t<dt class='gallery-icon landscape'>\n\t\t\t\t<a href='https:\/\/unisale.com.br\/pastoral\/comemoracao-do-jubileu-de-75-anos-da-presenca-salesiana-em-aracatuba-reune-comunidade-e-autoridades\/784a5517-1024x683\/'><img loading=\"lazy\" decoding=\"async\" width=\"150\" height=\"150\" src=\"https:\/\/unisale.com.br\/pastoral\/wp-content\/uploads\/2024\/11\/784A5517-1024x683-1-150x150.jpg\" class=\"attachment-thumbnail size-thumbnail\" alt=\"\" \/><\/a>\n\t\t\t<\/dt><\/dl><dl class='gallery-item'>\n\t\t\t<dt class='gallery-icon landscape'>\n\t\t\t\t<a href='https:\/\/unisale.com.br\/pastoral\/comemoracao-do-jubileu-de-75-anos-da-presenca-salesiana-em-aracatuba-reune-comunidade-e-autoridades\/784a5529-1024x683\/'><img loading=\"lazy\" decoding=\"async\" width=\"150\" height=\"150\" src=\"https:\/\/unisale.com.br\/pastoral\/wp-content\/uploads\/2024\/11\/784A5529-1024x683-1-150x150.jpg\" class=\"attachment-thumbnail size-thumbnail\" alt=\"\" \/><\/a>\n\t\t\t<\/dt><\/dl><br style=\"clear: both\" \/><dl class='gallery-item'>\n\t\t\t<dt class='gallery-icon landscape'>\n\t\t\t\t<a href='https:\/\/unisale.com.br\/pastoral\/comemoracao-do-jubileu-de-75-anos-da-presenca-salesiana-em-aracatuba-reune-comunidade-e-autoridades\/784a5537-1-1024x683\/'><img loading=\"lazy\" decoding=\"async\" width=\"150\" height=\"150\" src=\"https:\/\/unisale.com.br\/pastoral\/wp-content\/uploads\/2024\/11\/784A5537-1-1024x683-1-150x150.jpg\" class=\"attachment-thumbnail size-thumbnail\" alt=\"\" \/><\/a>\n\t\t\t<\/dt><\/dl><dl class='gallery-item'>\n\t\t\t<dt class='gallery-icon landscape'>\n\t\t\t\t<a href='https:\/\/unisale.com.br\/pastoral\/comemoracao-do-jubileu-de-75-anos-da-presenca-salesiana-em-aracatuba-reune-comunidade-e-autoridades\/784a5548-1024x683\/'><img loading=\"lazy\" decoding=\"async\" width=\"150\" height=\"150\" src=\"https:\/\/unisale.com.br\/pastoral\/wp-content\/uploads\/2024\/11\/784A5548-1024x683-1-150x150.jpg\" class=\"attachment-thumbnail size-thumbnail\" alt=\"\" \/><\/a>\n\t\t\t<\/dt><\/dl><dl class='gallery-item'>\n\t\t\t<dt class='gallery-icon landscape'>\n\t\t\t\t<a href='https:\/\/unisale.com.br\/pastoral\/comemoracao-do-jubileu-de-75-anos-da-presenca-salesiana-em-aracatuba-reune-comunidade-e-autoridades\/784a5567-1024x683\/'><img loading=\"lazy\" decoding=\"async\" width=\"150\" height=\"150\" src=\"https:\/\/unisale.com.br\/pastoral\/wp-content\/uploads\/2024\/11\/784A5567-1024x683-1-150x150.jpg\" class=\"attachment-thumbnail size-thumbnail\" alt=\"\" \/><\/a>\n\t\t\t<\/dt><\/dl><dl class='gallery-item'>\n\t\t\t<dt class='gallery-icon landscape'>\n\t\t\t\t<a href='https:\/\/unisale.com.br\/pastoral\/comemoracao-do-jubileu-de-75-anos-da-presenca-salesiana-em-aracatuba-reune-comunidade-e-autoridades\/784a5575-1024x683\/'><img loading=\"lazy\" decoding=\"async\" width=\"150\" height=\"150\" src=\"https:\/\/unisale.com.br\/pastoral\/wp-content\/uploads\/2024\/11\/784A5575-1024x683-1-150x150.jpg\" class=\"attachment-thumbnail size-thumbnail\" alt=\"\" \/><\/a>\n\t\t\t<\/dt><\/dl><br style=\"clear: both\" \/><dl class='gallery-item'>\n\t\t\t<dt class='gallery-icon landscape'>\n\t\t\t\t<a href='https:\/\/unisale.com.br\/pastoral\/comemoracao-do-jubileu-de-75-anos-da-presenca-salesiana-em-aracatuba-reune-comunidade-e-autoridades\/784a5592-1024x683\/'><img loading=\"lazy\" decoding=\"async\" width=\"150\" height=\"150\" src=\"https:\/\/unisale.com.br\/pastoral\/wp-content\/uploads\/2024\/11\/784A5592-1024x683-1-150x150.jpg\" class=\"attachment-thumbnail size-thumbnail\" alt=\"\" \/><\/a>\n\t\t\t<\/dt><\/dl><dl class='gallery-item'>\n\t\t\t<dt class='gallery-icon landscape'>\n\t\t\t\t<a href='https:\/\/unisale.com.br\/pastoral\/comemoracao-do-jubileu-de-75-anos-da-presenca-salesiana-em-aracatuba-reune-comunidade-e-autoridades\/784a5605-1-1024x683\/'><img loading=\"lazy\" decoding=\"async\" width=\"150\" height=\"150\" src=\"https:\/\/unisale.com.br\/pastoral\/wp-content\/uploads\/2024\/11\/784A5605-1-1024x683-1-150x150.jpg\" class=\"attachment-thumbnail size-thumbnail\" alt=\"\" \/><\/a>\n\t\t\t<\/dt><\/dl><dl class='gallery-item'>\n\t\t\t<dt class='gallery-icon landscape'>\n\t\t\t\t<a href='https:\/\/unisale.com.br\/pastoral\/comemoracao-do-jubileu-de-75-anos-da-presenca-salesiana-em-aracatuba-reune-comunidade-e-autoridades\/784a5616-1-1024x683\/'><img loading=\"lazy\" decoding=\"async\" width=\"150\" height=\"150\" src=\"https:\/\/unisale.com.br\/pastoral\/wp-content\/uploads\/2024\/11\/784A5616-1-1024x683-1-150x150.jpg\" class=\"attachment-thumbnail size-thumbnail\" alt=\"\" \/><\/a>\n\t\t\t<\/dt><\/dl><dl class='gallery-item'>\n\t\t\t<dt class='gallery-icon landscape'>\n\t\t\t\t<a href='https:\/\/unisale.com.br\/pastoral\/comemoracao-do-jubileu-de-75-anos-da-presenca-salesiana-em-aracatuba-reune-comunidade-e-autoridades\/784a5628-1024x683\/'><img loading=\"lazy\" decoding=\"async\" width=\"150\" height=\"150\" src=\"https:\/\/unisale.com.br\/pastoral\/wp-content\/uploads\/2024\/11\/784A5628-1024x683-1-150x150.jpg\" class=\"attachment-thumbnail size-thumbnail\" alt=\"\" \/><\/a>\n\t\t\t<\/dt><\/dl><br style=\"clear: both\" \/><dl class='gallery-item'>\n\t\t\t<dt class='gallery-icon landscape'>\n\t\t\t\t<a href='https:\/\/unisale.com.br\/pastoral\/comemoracao-do-jubileu-de-75-anos-da-presenca-salesiana-em-aracatuba-reune-comunidade-e-autoridades\/784a5643-1-1024x683\/'><img loading=\"lazy\" decoding=\"async\" width=\"150\" height=\"150\" src=\"https:\/\/unisale.com.br\/pastoral\/wp-content\/uploads\/2024\/11\/784A5643-1-1024x683-1-150x150.jpg\" class=\"attachment-thumbnail size-thumbnail\" alt=\"\" \/><\/a>\n\t\t\t<\/dt><\/dl><dl class='gallery-item'>\n\t\t\t<dt class='gallery-icon landscape'>\n\t\t\t\t<a href='https:\/\/unisale.com.br\/pastoral\/comemoracao-do-jubileu-de-75-anos-da-presenca-salesiana-em-aracatuba-reune-comunidade-e-autoridades\/784a5673-1024x683\/'><img loading=\"lazy\" decoding=\"async\" width=\"150\" height=\"150\" src=\"https:\/\/unisale.com.br\/pastoral\/wp-content\/uploads\/2024\/11\/784A5673-1024x683-1-150x150.jpg\" class=\"attachment-thumbnail size-thumbnail\" alt=\"\" \/><\/a>\n\t\t\t<\/dt><\/dl><dl class='gallery-item'>\n\t\t\t<dt class='gallery-icon landscape'>\n\t\t\t\t<a href='https:\/\/unisale.com.br\/pastoral\/comemoracao-do-jubileu-de-75-anos-da-presenca-salesiana-em-aracatuba-reune-comunidade-e-autoridades\/784a5692-1-1024x683\/'><img loading=\"lazy\" decoding=\"async\" width=\"150\" height=\"150\" src=\"https:\/\/unisale.com.br\/pastoral\/wp-content\/uploads\/2024\/11\/784A5692-1-1024x683-1-150x150.jpg\" class=\"attachment-thumbnail size-thumbnail\" alt=\"\" \/><\/a>\n\t\t\t<\/dt><\/dl><dl class='gallery-item'>\n\t\t\t<dt class='gallery-icon landscape'>\n\t\t\t\t<a href='https:\/\/unisale.com.br\/pastoral\/comemoracao-do-jubileu-de-75-anos-da-presenca-salesiana-em-aracatuba-reune-comunidade-e-autoridades\/784a5704-1024x683\/'><img loading=\"lazy\" decoding=\"async\" width=\"150\" height=\"150\" src=\"https:\/\/unisale.com.br\/pastoral\/wp-content\/uploads\/2024\/11\/784A5704-1024x683-1-150x150.jpg\" class=\"attachment-thumbnail size-thumbnail\" alt=\"\" \/><\/a>\n\t\t\t<\/dt><\/dl><br style=\"clear: both\" \/><dl class='gallery-item'>\n\t\t\t<dt class='gallery-icon landscape'>\n\t\t\t\t<a href='https:\/\/unisale.com.br\/pastoral\/comemoracao-do-jubileu-de-75-anos-da-presenca-salesiana-em-aracatuba-reune-comunidade-e-autoridades\/784a5711-1024x683\/'><img loading=\"lazy\" decoding=\"async\" width=\"150\" height=\"150\" src=\"https:\/\/unisale.com.br\/pastoral\/wp-content\/uploads\/2024\/11\/784A5711-1024x683-1-150x150.jpg\" class=\"attachment-thumbnail size-thumbnail\" alt=\"\" \/><\/a>\n\t\t\t<\/dt><\/dl><dl class='gallery-item'>\n\t\t\t<dt class='gallery-icon landscape'>\n\t\t\t\t<a href='https:\/\/unisale.com.br\/pastoral\/comemoracao-do-jubileu-de-75-anos-da-presenca-salesiana-em-aracatuba-reune-comunidade-e-autoridades\/784a5729-1024x683\/'><img loading=\"lazy\" decoding=\"async\" width=\"150\" height=\"150\" src=\"https:\/\/unisale.com.br\/pastoral\/wp-content\/uploads\/2024\/11\/784A5729-1024x683-1-150x150.jpg\" class=\"attachment-thumbnail size-thumbnail\" alt=\"\" \/><\/a>\n\t\t\t<\/dt><\/dl><dl class='gallery-item'>\n\t\t\t<dt class='gallery-icon landscape'>\n\t\t\t\t<a href='https:\/\/unisale.com.br\/pastoral\/comemoracao-do-jubileu-de-75-anos-da-presenca-salesiana-em-aracatuba-reune-comunidade-e-autoridades\/784a5753-1024x683\/'><img loading=\"lazy\" decoding=\"async\" width=\"150\" height=\"150\" src=\"https:\/\/unisale.com.br\/pastoral\/wp-content\/uploads\/2024\/11\/784A5753-1024x683-1-150x150.jpg\" class=\"attachment-thumbnail size-thumbnail\" alt=\"\" \/><\/a>\n\t\t\t<\/dt><\/dl><dl class='gallery-item'>\n\t\t\t<dt class='gallery-icon landscape'>\n\t\t\t\t<a href='https:\/\/unisale.com.br\/pastoral\/comemoracao-do-jubileu-de-75-anos-da-presenca-salesiana-em-aracatuba-reune-comunidade-e-autoridades\/784a5773-1024x683\/'><img loading=\"lazy\" decoding=\"async\" width=\"150\" height=\"150\" src=\"https:\/\/unisale.com.br\/pastoral\/wp-content\/uploads\/2024\/11\/784A5773-1024x683-1-150x150.jpg\" class=\"attachment-thumbnail size-thumbnail\" alt=\"\" \/><\/a>\n\t\t\t<\/dt><\/dl><br style=\"clear: both\" \/><dl class='gallery-item'>\n\t\t\t<dt class='gallery-icon landscape'>\n\t\t\t\t<a href='https:\/\/unisale.com.br\/pastoral\/comemoracao-do-jubileu-de-75-anos-da-presenca-salesiana-em-aracatuba-reune-comunidade-e-autoridades\/784a5781-1024x683\/'><img loading=\"lazy\" decoding=\"async\" width=\"150\" height=\"150\" src=\"https:\/\/unisale.com.br\/pastoral\/wp-content\/uploads\/2024\/11\/784A5781-1024x683-1-150x150.jpg\" class=\"attachment-thumbnail size-thumbnail\" alt=\"\" \/><\/a>\n\t\t\t<\/dt><\/dl><dl class='gallery-item'>\n\t\t\t<dt class='gallery-icon landscape'>\n\t\t\t\t<a href='https:\/\/unisale.com.br\/pastoral\/comemoracao-do-jubileu-de-75-anos-da-presenca-salesiana-em-aracatuba-reune-comunidade-e-autoridades\/784a5787-1024x683\/'><img loading=\"lazy\" decoding=\"async\" width=\"150\" height=\"150\" src=\"https:\/\/unisale.com.br\/pastoral\/wp-content\/uploads\/2024\/11\/784A5787-1024x683-1-150x150.jpg\" class=\"attachment-thumbnail size-thumbnail\" alt=\"\" \/><\/a>\n\t\t\t<\/dt><\/dl><dl class='gallery-item'>\n\t\t\t<dt class='gallery-icon landscape'>\n\t\t\t\t<a href='https:\/\/unisale.com.br\/pastoral\/comemoracao-do-jubileu-de-75-anos-da-presenca-salesiana-em-aracatuba-reune-comunidade-e-autoridades\/784a5796-1024x683\/'><img loading=\"lazy\" decoding=\"async\" width=\"150\" height=\"150\" src=\"https:\/\/unisale.com.br\/pastoral\/wp-content\/uploads\/2024\/11\/784A5796-1024x683-1-150x150.jpg\" class=\"attachment-thumbnail size-thumbnail\" alt=\"\" \/><\/a>\n\t\t\t<\/dt><\/dl><dl class='gallery-item'>\n\t\t\t<dt class='gallery-icon landscape'>\n\t\t\t\t<a href='https:\/\/unisale.com.br\/pastoral\/comemoracao-do-jubileu-de-75-anos-da-presenca-salesiana-em-aracatuba-reune-comunidade-e-autoridades\/784a5809-1024x683\/'><img loading=\"lazy\" decoding=\"async\" width=\"150\" height=\"150\" src=\"https:\/\/unisale.com.br\/pastoral\/wp-content\/uploads\/2024\/11\/784A5809-1024x683-1-150x150.jpg\" class=\"attachment-thumbnail size-thumbnail\" alt=\"\" \/><\/a>\n\t\t\t<\/dt><\/dl><br style=\"clear: both\" \/><dl class='gallery-item'>\n\t\t\t<dt class='gallery-icon landscape'>\n\t\t\t\t<a href='https:\/\/unisale.com.br\/pastoral\/comemoracao-do-jubileu-de-75-anos-da-presenca-salesiana-em-aracatuba-reune-comunidade-e-autoridades\/784a5821-1-1024x683\/'><img loading=\"lazy\" decoding=\"async\" width=\"150\" height=\"150\" src=\"https:\/\/unisale.com.br\/pastoral\/wp-content\/uploads\/2024\/11\/784A5821-1-1024x683-1-150x150.jpg\" class=\"attachment-thumbnail size-thumbnail\" alt=\"\" \/><\/a>\n\t\t\t<\/dt><\/dl><dl class='gallery-item'>\n\t\t\t<dt class='gallery-icon landscape'>\n\t\t\t\t<a href='https:\/\/unisale.com.br\/pastoral\/comemoracao-do-jubileu-de-75-anos-da-presenca-salesiana-em-aracatuba-reune-comunidade-e-autoridades\/784a5832-1024x683\/'><img loading=\"lazy\" decoding=\"async\" width=\"150\" height=\"150\" src=\"https:\/\/unisale.com.br\/pastoral\/wp-content\/uploads\/2024\/11\/784A5832-1024x683-1-150x150.jpg\" class=\"attachment-thumbnail size-thumbnail\" alt=\"\" \/><\/a>\n\t\t\t<\/dt><\/dl><dl class='gallery-item'>\n\t\t\t<dt class='gallery-icon landscape'>\n\t\t\t\t<a href='https:\/\/unisale.com.br\/pastoral\/comemoracao-do-jubileu-de-75-anos-da-presenca-salesiana-em-aracatuba-reune-comunidade-e-autoridades\/784a5840-1024x683\/'><img loading=\"lazy\" decoding=\"async\" width=\"150\" height=\"150\" src=\"https:\/\/unisale.com.br\/pastoral\/wp-content\/uploads\/2024\/11\/784A5840-1024x683-1-150x150.jpg\" class=\"attachment-thumbnail size-thumbnail\" alt=\"\" \/><\/a>\n\t\t\t<\/dt><\/dl><dl class='gallery-item'>\n\t\t\t<dt class='gallery-icon landscape'>\n\t\t\t\t<a href='https:\/\/unisale.com.br\/pastoral\/comemoracao-do-jubileu-de-75-anos-da-presenca-salesiana-em-aracatuba-reune-comunidade-e-autoridades\/784a5846-1024x683\/'><img loading=\"lazy\" decoding=\"async\" width=\"150\" height=\"150\" src=\"https:\/\/unisale.com.br\/pastoral\/wp-content\/uploads\/2024\/11\/784A5846-1024x683-1-150x150.jpg\" class=\"attachment-thumbnail size-thumbnail\" alt=\"\" \/><\/a>\n\t\t\t<\/dt><\/dl><br style=\"clear: both\" \/><dl class='gallery-item'>\n\t\t\t<dt class='gallery-icon landscape'>\n\t\t\t\t<a href='https:\/\/unisale.com.br\/pastoral\/comemoracao-do-jubileu-de-75-anos-da-presenca-salesiana-em-aracatuba-reune-comunidade-e-autoridades\/784a5905-1024x683\/'><img loading=\"lazy\" decoding=\"async\" width=\"150\" height=\"150\" src=\"https:\/\/unisale.com.br\/pastoral\/wp-content\/uploads\/2024\/11\/784A5905-1024x683-1-150x150.jpg\" class=\"attachment-thumbnail size-thumbnail\" alt=\"\" \/><\/a>\n\t\t\t<\/dt><\/dl><dl class='gallery-item'>\n\t\t\t<dt class='gallery-icon landscape'>\n\t\t\t\t<a href='https:\/\/unisale.com.br\/pastoral\/comemoracao-do-jubileu-de-75-anos-da-presenca-salesiana-em-aracatuba-reune-comunidade-e-autoridades\/784a5859-768x512\/'><img loading=\"lazy\" decoding=\"async\" width=\"150\" height=\"150\" src=\"https:\/\/unisale.com.br\/pastoral\/wp-content\/uploads\/2024\/11\/784A5859-768x512-1-150x150.jpg\" class=\"attachment-thumbnail size-thumbnail\" alt=\"\" \/><\/a>\n\t\t\t<\/dt><\/dl><dl class='gallery-item'>\n\t\t\t<dt class='gallery-icon landscape'>\n\t\t\t\t<a href='https:\/\/unisale.com.br\/pastoral\/comemoracao-do-jubileu-de-75-anos-da-presenca-salesiana-em-aracatuba-reune-comunidade-e-autoridades\/784a5275-1024x683\/'><img loading=\"lazy\" decoding=\"async\" width=\"150\" height=\"150\" src=\"https:\/\/unisale.com.br\/pastoral\/wp-content\/uploads\/2024\/11\/784A5275-1024x683-1-150x150.jpg\" class=\"attachment-thumbnail size-thumbnail\" alt=\"\" \/><\/a>\n\t\t\t<\/dt><\/dl><dl class='gallery-item'>\n\t\t\t<dt class='gallery-icon landscape'>\n\t\t\t\t<a href='https:\/\/unisale.com.br\/pastoral\/comemoracao-do-jubileu-de-75-anos-da-presenca-salesiana-em-aracatuba-reune-comunidade-e-autoridades\/784a5292-1024x683\/'><img loading=\"lazy\" decoding=\"async\" width=\"150\" height=\"150\" src=\"https:\/\/unisale.com.br\/pastoral\/wp-content\/uploads\/2024\/11\/784A5292-1024x683-1-150x150.jpg\" class=\"attachment-thumbnail size-thumbnail\" alt=\"\" \/><\/a>\n\t\t\t<\/dt><\/dl><br style=\"clear: both\" \/><dl class='gallery-item'>\n\t\t\t<dt class='gallery-icon landscape'>\n\t\t\t\t<a href='https:\/\/unisale.com.br\/pastoral\/comemoracao-do-jubileu-de-75-anos-da-presenca-salesiana-em-aracatuba-reune-comunidade-e-autoridades\/784a5293-1-1024x683\/'><img loading=\"lazy\" decoding=\"async\" width=\"150\" height=\"150\" src=\"https:\/\/unisale.com.br\/pastoral\/wp-content\/uploads\/2024\/11\/784A5293-1-1024x683-1-150x150.jpg\" class=\"attachment-thumbnail size-thumbnail\" alt=\"\" \/><\/a>\n\t\t\t<\/dt><\/dl><dl class='gallery-item'>\n\t\t\t<dt class='gallery-icon landscape'>\n\t\t\t\t<a href='https:\/\/unisale.com.br\/pastoral\/comemoracao-do-jubileu-de-75-anos-da-presenca-salesiana-em-aracatuba-reune-comunidade-e-autoridades\/784a5339-1-1024x683\/'><img loading=\"lazy\" decoding=\"async\" width=\"150\" height=\"150\" src=\"https:\/\/unisale.com.br\/pastoral\/wp-content\/uploads\/2024\/11\/784A5339-1-1024x683-1-150x150.jpg\" class=\"attachment-thumbnail size-thumbnail\" alt=\"\" \/><\/a>\n\t\t\t<\/dt><\/dl><dl class='gallery-item'>\n\t\t\t<dt class='gallery-icon landscape'>\n\t\t\t\t<a href='https:\/\/unisale.com.br\/pastoral\/comemoracao-do-jubileu-de-75-anos-da-presenca-salesiana-em-aracatuba-reune-comunidade-e-autoridades\/784a5353-1024x683\/'><img loading=\"lazy\" decoding=\"async\" width=\"150\" height=\"150\" src=\"https:\/\/unisale.com.br\/pastoral\/wp-content\/uploads\/2024\/11\/784A5353-1024x683-1-150x150.jpg\" class=\"attachment-thumbnail size-thumbnail\" alt=\"\" \/><\/a>\n\t\t\t<\/dt><\/dl><dl class='gallery-item'>\n\t\t\t<dt class='gallery-icon landscape'>\n\t\t\t\t<a href='https:\/\/unisale.com.br\/pastoral\/comemoracao-do-jubileu-de-75-anos-da-presenca-salesiana-em-aracatuba-reune-comunidade-e-autoridades\/784a5360-1-1024x683\/'><img loading=\"lazy\" decoding=\"async\" width=\"150\" height=\"150\" src=\"https:\/\/unisale.com.br\/pastoral\/wp-content\/uploads\/2024\/11\/784A5360-1-1024x683-1-150x150.jpg\" class=\"attachment-thumbnail size-thumbnail\" alt=\"\" \/><\/a>\n\t\t\t<\/dt><\/dl><br style=\"clear: both\" \/><dl class='gallery-item'>\n\t\t\t<dt class='gallery-icon landscape'>\n\t\t\t\t<a href='https:\/\/unisale.com.br\/pastoral\/comemoracao-do-jubileu-de-75-anos-da-presenca-salesiana-em-aracatuba-reune-comunidade-e-autoridades\/784a5397-1024x683\/'><img loading=\"lazy\" decoding=\"async\" width=\"150\" height=\"150\" src=\"https:\/\/unisale.com.br\/pastoral\/wp-content\/uploads\/2024\/11\/784A5397-1024x683-1-150x150.jpg\" class=\"attachment-thumbnail size-thumbnail\" alt=\"\" \/><\/a>\n\t\t\t<\/dt><\/dl><dl class='gallery-item'>\n\t\t\t<dt class='gallery-icon landscape'>\n\t\t\t\t<a href='https:\/\/unisale.com.br\/pastoral\/comemoracao-do-jubileu-de-75-anos-da-presenca-salesiana-em-aracatuba-reune-comunidade-e-autoridades\/784a5406-1024x683\/'><img loading=\"lazy\" decoding=\"async\" width=\"150\" height=\"150\" src=\"https:\/\/unisale.com.br\/pastoral\/wp-content\/uploads\/2024\/11\/784A5406-1024x683-1-150x150.jpg\" class=\"attachment-thumbnail size-thumbnail\" alt=\"\" \/><\/a>\n\t\t\t<\/dt><\/dl><dl class='gallery-item'>\n\t\t\t<dt class='gallery-icon landscape'>\n\t\t\t\t<a href='https:\/\/unisale.com.br\/pastoral\/comemoracao-do-jubileu-de-75-anos-da-presenca-salesiana-em-aracatuba-reune-comunidade-e-autoridades\/784a5416-1-1024x683\/'><img loading=\"lazy\" decoding=\"async\" width=\"150\" height=\"150\" src=\"https:\/\/unisale.com.br\/pastoral\/wp-content\/uploads\/2024\/11\/784A5416-1-1024x683-1-150x150.jpg\" class=\"attachment-thumbnail size-thumbnail\" alt=\"\" \/><\/a>\n\t\t\t<\/dt><\/dl><dl class='gallery-item'>\n\t\t\t<dt class='gallery-icon landscape'>\n\t\t\t\t<a href='https:\/\/unisale.com.br\/pastoral\/comemoracao-do-jubileu-de-75-anos-da-presenca-salesiana-em-aracatuba-reune-comunidade-e-autoridades\/784a5434-1024x683\/'><img loading=\"lazy\" decoding=\"async\" width=\"150\" height=\"150\" src=\"https:\/\/unisale.com.br\/pastoral\/wp-content\/uploads\/2024\/11\/784A5434-1024x683-1-150x150.jpg\" class=\"attachment-thumbnail size-thumbnail\" alt=\"\" \/><\/a>\n\t\t\t<\/dt><\/dl><br style=\"clear: both\" \/>\n\t\t<\/div>\n\n","protected":false},"excerpt":{"rendered":"<p>A\u00a0Capela S\u00e3o Domingos S\u00e1vio, do\u00a0Col\u00e9gio Salesiano \u201cDom Luiz Lasagna\u201d, foi o cen\u00e1rio de uma cerim\u00f4nia especial que celebrou os 75 anos da presen\u00e7a salesiana em&#8230;<\/p>\n","protected":false},"author":1,"featured_media":11299,"comment_status":"closed","ping_status":"closed","sticky":false,"template":"","format":"standard","meta":{"_acf_changed":false,"footnotes":""},"categories":[3],"tags":[],"class_list":["post-11287","post","type-post","status-publish","format-standard","has-post-thumbnail","hentry","category-not"],"acf":[],"yoast_head":"<!-- This site is optimized with the Yoast SEO plugin v27.3 - https:\/\/yoast.com\/product\/yoast-seo-wordpress\/ -->\n<title>Comemora\u00e7\u00e3o do jubileu de 75 anos da presen\u00e7a salesiana em Ara\u00e7atuba re\u00fane comunidade e autoridades - Pastoral Universit\u00e1ria UniSALESIANO<\/title>\n<meta name=\"robots\" content=\"index, follow, max-snippet:-1, max-image-preview:large, max-video-preview:-1\" \/>\n<link rel=\"canonical\" href=\"https:\/\/unisale.com.br\/pastoral\/comemoracao-do-jubileu-de-75-anos-da-presenca-salesiana-em-aracatuba-reune-comunidade-e-autoridades\/\" \/>\n<meta property=\"og:locale\" content=\"pt_BR\" \/>\n<meta property=\"og:type\" content=\"article\" \/>\n<meta property=\"og:title\" content=\"Comemora\u00e7\u00e3o do jubileu de 75 anos da presen\u00e7a salesiana em Ara\u00e7atuba re\u00fane comunidade e autoridades - Pastoral Universit\u00e1ria UniSALESIANO\" \/>\n<meta property=\"og:description\" content=\"A\u00a0Capela S\u00e3o Domingos S\u00e1vio, do\u00a0Col\u00e9gio Salesiano \u201cDom Luiz Lasagna\u201d, foi o cen\u00e1rio de uma cerim\u00f4nia especial que celebrou os 75 anos da presen\u00e7a salesiana em...\" \/>\n<meta property=\"og:url\" content=\"https:\/\/unisale.com.br\/pastoral\/comemoracao-do-jubileu-de-75-anos-da-presenca-salesiana-em-aracatuba-reune-comunidade-e-autoridades\/\" \/>\n<meta property=\"og:site_name\" content=\"Pastoral Universit\u00e1ria UniSALESIANO\" \/>\n<meta property=\"article:published_time\" content=\"2024-11-04T14:20:26+00:00\" \/>\n<meta property=\"og:image\" content=\"https:\/\/unisale.com.br\/pastoral\/wp-content\/uploads\/2024\/11\/784A5859-768x512-1.jpg\" \/>\n\t<meta property=\"og:image:width\" content=\"768\" \/>\n\t<meta property=\"og:image:height\" content=\"512\" \/>\n\t<meta property=\"og:image:type\" content=\"image\/jpeg\" \/>\n<meta name=\"author\" content=\"pastoral\" \/>\n<meta name=\"twitter:card\" content=\"summary_large_image\" \/>\n<meta name=\"twitter:label1\" content=\"Escrito por\" \/>\n\t<meta name=\"twitter:data1\" content=\"pastoral\" \/>\n\t<meta name=\"twitter:label2\" content=\"Est. tempo de leitura\" \/>\n\t<meta name=\"twitter:data2\" content=\"7 minutos\" \/>\n<script type=\"application\/ld+json\" class=\"yoast-schema-graph\">{\"@context\":\"https:\\\/\\\/schema.org\",\"@graph\":[{\"@type\":\"Article\",\"@id\":\"https:\\\/\\\/unisale.com.br\\\/pastoral\\\/comemoracao-do-jubileu-de-75-anos-da-presenca-salesiana-em-aracatuba-reune-comunidade-e-autoridades\\\/#article\",\"isPartOf\":{\"@id\":\"https:\\\/\\\/unisale.com.br\\\/pastoral\\\/comemoracao-do-jubileu-de-75-anos-da-presenca-salesiana-em-aracatuba-reune-comunidade-e-autoridades\\\/\"},\"author\":{\"name\":\"pastoral\",\"@id\":\"https:\\\/\\\/unisale.com.br\\\/pastoral\\\/#\\\/schema\\\/person\\\/a16ba711a0f7dec9cb6b44563144d5a3\"},\"headline\":\"Comemora\u00e7\u00e3o do jubileu de 75 anos da presen\u00e7a salesiana em Ara\u00e7atuba re\u00fane comunidade e autoridades\",\"datePublished\":\"2024-11-04T14:20:26+00:00\",\"mainEntityOfPage\":{\"@id\":\"https:\\\/\\\/unisale.com.br\\\/pastoral\\\/comemoracao-do-jubileu-de-75-anos-da-presenca-salesiana-em-aracatuba-reune-comunidade-e-autoridades\\\/\"},\"wordCount\":1215,\"image\":{\"@id\":\"https:\\\/\\\/unisale.com.br\\\/pastoral\\\/comemoracao-do-jubileu-de-75-anos-da-presenca-salesiana-em-aracatuba-reune-comunidade-e-autoridades\\\/#primaryimage\"},\"thumbnailUrl\":\"https:\\\/\\\/unisale.com.br\\\/pastoral\\\/wp-content\\\/uploads\\\/2024\\\/11\\\/784A5859-768x512-1.jpg\",\"articleSection\":[\"Not\u00edcias\"],\"inLanguage\":\"pt-BR\"},{\"@type\":\"WebPage\",\"@id\":\"https:\\\/\\\/unisale.com.br\\\/pastoral\\\/comemoracao-do-jubileu-de-75-anos-da-presenca-salesiana-em-aracatuba-reune-comunidade-e-autoridades\\\/\",\"url\":\"https:\\\/\\\/unisale.com.br\\\/pastoral\\\/comemoracao-do-jubileu-de-75-anos-da-presenca-salesiana-em-aracatuba-reune-comunidade-e-autoridades\\\/\",\"name\":\"Comemora\u00e7\u00e3o do jubileu de 75 anos da presen\u00e7a salesiana em Ara\u00e7atuba re\u00fane comunidade e autoridades - Pastoral Universit\u00e1ria UniSALESIANO\",\"isPartOf\":{\"@id\":\"https:\\\/\\\/unisale.com.br\\\/pastoral\\\/#website\"},\"primaryImageOfPage\":{\"@id\":\"https:\\\/\\\/unisale.com.br\\\/pastoral\\\/comemoracao-do-jubileu-de-75-anos-da-presenca-salesiana-em-aracatuba-reune-comunidade-e-autoridades\\\/#primaryimage\"},\"image\":{\"@id\":\"https:\\\/\\\/unisale.com.br\\\/pastoral\\\/comemoracao-do-jubileu-de-75-anos-da-presenca-salesiana-em-aracatuba-reune-comunidade-e-autoridades\\\/#primaryimage\"},\"thumbnailUrl\":\"https:\\\/\\\/unisale.com.br\\\/pastoral\\\/wp-content\\\/uploads\\\/2024\\\/11\\\/784A5859-768x512-1.jpg\",\"datePublished\":\"2024-11-04T14:20:26+00:00\",\"author\":{\"@id\":\"https:\\\/\\\/unisale.com.br\\\/pastoral\\\/#\\\/schema\\\/person\\\/a16ba711a0f7dec9cb6b44563144d5a3\"},\"inLanguage\":\"pt-BR\",\"potentialAction\":[{\"@type\":\"ReadAction\",\"target\":[\"https:\\\/\\\/unisale.com.br\\\/pastoral\\\/comemoracao-do-jubileu-de-75-anos-da-presenca-salesiana-em-aracatuba-reune-comunidade-e-autoridades\\\/\"]}]},{\"@type\":\"ImageObject\",\"inLanguage\":\"pt-BR\",\"@id\":\"https:\\\/\\\/unisale.com.br\\\/pastoral\\\/comemoracao-do-jubileu-de-75-anos-da-presenca-salesiana-em-aracatuba-reune-comunidade-e-autoridades\\\/#primaryimage\",\"url\":\"https:\\\/\\\/unisale.com.br\\\/pastoral\\\/wp-content\\\/uploads\\\/2024\\\/11\\\/784A5859-768x512-1.jpg\",\"contentUrl\":\"https:\\\/\\\/unisale.com.br\\\/pastoral\\\/wp-content\\\/uploads\\\/2024\\\/11\\\/784A5859-768x512-1.jpg\",\"width\":750,\"height\":500},{\"@type\":\"WebSite\",\"@id\":\"https:\\\/\\\/unisale.com.br\\\/pastoral\\\/#website\",\"url\":\"https:\\\/\\\/unisale.com.br\\\/pastoral\\\/\",\"name\":\"Pastoral Universit\u00e1ria UniSALESIANO\",\"description\":\"Site da Pastoral Universit\u00e1ria do UniSALESIANO\",\"potentialAction\":[{\"@type\":\"SearchAction\",\"target\":{\"@type\":\"EntryPoint\",\"urlTemplate\":\"https:\\\/\\\/unisale.com.br\\\/pastoral\\\/?s={search_term_string}\"},\"query-input\":{\"@type\":\"PropertyValueSpecification\",\"valueRequired\":true,\"valueName\":\"search_term_string\"}}],\"inLanguage\":\"pt-BR\"},{\"@type\":\"Person\",\"@id\":\"https:\\\/\\\/unisale.com.br\\\/pastoral\\\/#\\\/schema\\\/person\\\/a16ba711a0f7dec9cb6b44563144d5a3\",\"name\":\"pastoral\",\"url\":\"https:\\\/\\\/unisale.com.br\\\/pastoral\\\/author\\\/pastoral\\\/\"}]}<\/script>\n<!-- \/ Yoast SEO plugin. -->","yoast_head_json":{"title":"Comemora\u00e7\u00e3o do jubileu de 75 anos da presen\u00e7a salesiana em Ara\u00e7atuba re\u00fane comunidade e autoridades - Pastoral Universit\u00e1ria UniSALESIANO","robots":{"index":"index","follow":"follow","max-snippet":"max-snippet:-1","max-image-preview":"max-image-preview:large","max-video-preview":"max-video-preview:-1"},"canonical":"https:\/\/unisale.com.br\/pastoral\/comemoracao-do-jubileu-de-75-anos-da-presenca-salesiana-em-aracatuba-reune-comunidade-e-autoridades\/","og_locale":"pt_BR","og_type":"article","og_title":"Comemora\u00e7\u00e3o do jubileu de 75 anos da presen\u00e7a salesiana em Ara\u00e7atuba re\u00fane comunidade e autoridades - Pastoral Universit\u00e1ria UniSALESIANO","og_description":"A\u00a0Capela S\u00e3o Domingos S\u00e1vio, do\u00a0Col\u00e9gio Salesiano \u201cDom Luiz Lasagna\u201d, foi o cen\u00e1rio de uma cerim\u00f4nia especial que celebrou os 75 anos da presen\u00e7a salesiana em...","og_url":"https:\/\/unisale.com.br\/pastoral\/comemoracao-do-jubileu-de-75-anos-da-presenca-salesiana-em-aracatuba-reune-comunidade-e-autoridades\/","og_site_name":"Pastoral Universit\u00e1ria UniSALESIANO","article_published_time":"2024-11-04T14:20:26+00:00","og_image":[{"width":768,"height":512,"url":"https:\/\/unisale.com.br\/pastoral\/wp-content\/uploads\/2024\/11\/784A5859-768x512-1.jpg","type":"image\/jpeg"}],"author":"pastoral","twitter_card":"summary_large_image","twitter_misc":{"Escrito por":"pastoral","Est. tempo de leitura":"7 minutos"},"schema":{"@context":"https:\/\/schema.org","@graph":[{"@type":"Article","@id":"https:\/\/unisale.com.br\/pastoral\/comemoracao-do-jubileu-de-75-anos-da-presenca-salesiana-em-aracatuba-reune-comunidade-e-autoridades\/#article","isPartOf":{"@id":"https:\/\/unisale.com.br\/pastoral\/comemoracao-do-jubileu-de-75-anos-da-presenca-salesiana-em-aracatuba-reune-comunidade-e-autoridades\/"},"author":{"name":"pastoral","@id":"https:\/\/unisale.com.br\/pastoral\/#\/schema\/person\/a16ba711a0f7dec9cb6b44563144d5a3"},"headline":"Comemora\u00e7\u00e3o do jubileu de 75 anos da presen\u00e7a salesiana em Ara\u00e7atuba re\u00fane comunidade e autoridades","datePublished":"2024-11-04T14:20:26+00:00","mainEntityOfPage":{"@id":"https:\/\/unisale.com.br\/pastoral\/comemoracao-do-jubileu-de-75-anos-da-presenca-salesiana-em-aracatuba-reune-comunidade-e-autoridades\/"},"wordCount":1215,"image":{"@id":"https:\/\/unisale.com.br\/pastoral\/comemoracao-do-jubileu-de-75-anos-da-presenca-salesiana-em-aracatuba-reune-comunidade-e-autoridades\/#primaryimage"},"thumbnailUrl":"https:\/\/unisale.com.br\/pastoral\/wp-content\/uploads\/2024\/11\/784A5859-768x512-1.jpg","articleSection":["Not\u00edcias"],"inLanguage":"pt-BR"},{"@type":"WebPage","@id":"https:\/\/unisale.com.br\/pastoral\/comemoracao-do-jubileu-de-75-anos-da-presenca-salesiana-em-aracatuba-reune-comunidade-e-autoridades\/","url":"https:\/\/unisale.com.br\/pastoral\/comemoracao-do-jubileu-de-75-anos-da-presenca-salesiana-em-aracatuba-reune-comunidade-e-autoridades\/","name":"Comemora\u00e7\u00e3o do jubileu de 75 anos da presen\u00e7a salesiana em Ara\u00e7atuba re\u00fane comunidade e autoridades - Pastoral Universit\u00e1ria UniSALESIANO","isPartOf":{"@id":"https:\/\/unisale.com.br\/pastoral\/#website"},"primaryImageOfPage":{"@id":"https:\/\/unisale.com.br\/pastoral\/comemoracao-do-jubileu-de-75-anos-da-presenca-salesiana-em-aracatuba-reune-comunidade-e-autoridades\/#primaryimage"},"image":{"@id":"https:\/\/unisale.com.br\/pastoral\/comemoracao-do-jubileu-de-75-anos-da-presenca-salesiana-em-aracatuba-reune-comunidade-e-autoridades\/#primaryimage"},"thumbnailUrl":"https:\/\/unisale.com.br\/pastoral\/wp-content\/uploads\/2024\/11\/784A5859-768x512-1.jpg","datePublished":"2024-11-04T14:20:26+00:00","author":{"@id":"https:\/\/unisale.com.br\/pastoral\/#\/schema\/person\/a16ba711a0f7dec9cb6b44563144d5a3"},"inLanguage":"pt-BR","potentialAction":[{"@type":"ReadAction","target":["https:\/\/unisale.com.br\/pastoral\/comemoracao-do-jubileu-de-75-anos-da-presenca-salesiana-em-aracatuba-reune-comunidade-e-autoridades\/"]}]},{"@type":"ImageObject","inLanguage":"pt-BR","@id":"https:\/\/unisale.com.br\/pastoral\/comemoracao-do-jubileu-de-75-anos-da-presenca-salesiana-em-aracatuba-reune-comunidade-e-autoridades\/#primaryimage","url":"https:\/\/unisale.com.br\/pastoral\/wp-content\/uploads\/2024\/11\/784A5859-768x512-1.jpg","contentUrl":"https:\/\/unisale.com.br\/pastoral\/wp-content\/uploads\/2024\/11\/784A5859-768x512-1.jpg","width":750,"height":500},{"@type":"WebSite","@id":"https:\/\/unisale.com.br\/pastoral\/#website","url":"https:\/\/unisale.com.br\/pastoral\/","name":"Pastoral Universit\u00e1ria UniSALESIANO","description":"Site da Pastoral Universit\u00e1ria do UniSALESIANO","potentialAction":[{"@type":"SearchAction","target":{"@type":"EntryPoint","urlTemplate":"https:\/\/unisale.com.br\/pastoral\/?s={search_term_string}"},"query-input":{"@type":"PropertyValueSpecification","valueRequired":true,"valueName":"search_term_string"}}],"inLanguage":"pt-BR"},{"@type":"Person","@id":"https:\/\/unisale.com.br\/pastoral\/#\/schema\/person\/a16ba711a0f7dec9cb6b44563144d5a3","name":"pastoral","url":"https:\/\/unisale.com.br\/pastoral\/author\/pastoral\/"}]}},"_links":{"self":[{"href":"https:\/\/unisale.com.br\/pastoral\/wp-json\/wp\/v2\/posts\/11287","targetHints":{"allow":["GET"]}}],"collection":[{"href":"https:\/\/unisale.com.br\/pastoral\/wp-json\/wp\/v2\/posts"}],"about":[{"href":"https:\/\/unisale.com.br\/pastoral\/wp-json\/wp\/v2\/types\/post"}],"author":[{"embeddable":true,"href":"https:\/\/unisale.com.br\/pastoral\/wp-json\/wp\/v2\/users\/1"}],"replies":[{"embeddable":true,"href":"https:\/\/unisale.com.br\/pastoral\/wp-json\/wp\/v2\/comments?post=11287"}],"version-history":[{"count":1,"href":"https:\/\/unisale.com.br\/pastoral\/wp-json\/wp\/v2\/posts\/11287\/revisions"}],"predecessor-version":[{"id":11332,"href":"https:\/\/unisale.com.br\/pastoral\/wp-json\/wp\/v2\/posts\/11287\/revisions\/11332"}],"wp:featuredmedia":[{"embeddable":true,"href":"https:\/\/unisale.com.br\/pastoral\/wp-json\/wp\/v2\/media\/11299"}],"wp:attachment":[{"href":"https:\/\/unisale.com.br\/pastoral\/wp-json\/wp\/v2\/media?parent=11287"}],"wp:term":[{"taxonomy":"category","embeddable":true,"href":"https:\/\/unisale.com.br\/pastoral\/wp-json\/wp\/v2\/categories?post=11287"},{"taxonomy":"post_tag","embeddable":true,"href":"https:\/\/unisale.com.br\/pastoral\/wp-json\/wp\/v2\/tags?post=11287"}],"curies":[{"name":"wp","href":"https:\/\/api.w.org\/{rel}","templated":true}]}}