{"id":11414,"date":"2024-11-04T14:38:27","date_gmt":"2024-11-04T14:38:27","guid":{"rendered":"https:\/\/unisale.com.br\/pastoral\/?p=11414"},"modified":"2024-11-04T14:38:27","modified_gmt":"2024-11-04T14:38:27","slug":"unisalesiano-e-santa-casa-celebram-o-dia-dos-medicos-e-inauguram-imagem-de-sao-lucas","status":"publish","type":"post","link":"https:\/\/unisale.com.br\/pastoral\/unisalesiano-e-santa-casa-celebram-o-dia-dos-medicos-e-inauguram-imagem-de-sao-lucas\/","title":{"rendered":"UniSALESIANO e Santa Casa celebram o Dia dos M\u00e9dicos e inauguram imagem de S\u00e3o Lucas"},"content":{"rendered":"<p>O UniSALESIANO e a Santa Casa inauguraram neste 18 de outubro, em que se comemora o\u00a0<strong>Dia dos M\u00e9dicos<\/strong>, a imagem de S\u00e3o Lucas, padroeiro dos m\u00e9dicos.<\/p>\n<p>O evento contou com a presen\u00e7a do Bispo da Diocese de Ara\u00e7atuba,<strong>\u00a0Dom S\u00e9rgio Krzywy,<\/strong>\u00a0e membros da Reitoria do UniSALESIANO \u2013 Reitor,\u00a0<strong>Pe. Paulo Fernando Vendrame, SDB<\/strong>, Pr\u00f3-Reitor de Ensino, Pesquisa e P\u00f3s-Gradua\u00e7\u00e3o,\u00a0<strong>Prof. Andr\u00e9 Ornellas<\/strong>, Pr\u00f3-Reitora Administrativa,\u00a0<strong>Vanda Aparecida Guilherme de Moura<\/strong>, e Pr\u00f3-Reitor de Pastoral,\u00a0<strong>Pe. Paulo Eduardo J\u00e1como, SDB<\/strong>. Tamb\u00e9m estiveram presentes os colaboradores e membros da Diretoria do hospital.<\/p>\n<p>O provedor da Santa Casa,\u00a0<strong>Petr\u00f4nio Pereira Lima<\/strong>, deu as boas-vindas aos presentes e citou a import\u00e2ncia do evento para a institui\u00e7\u00e3o e a comunidade m\u00e9dica. \u201cEstamos aqui reunidos hoje para trazer para dentro do nosso hospital a imagem de S\u00e3o Lucas, padroeiro dos m\u00e9dicos, em um dia t\u00e3o significativo, o Dia dos M\u00e9dicos. Este \u00e9 um momento especial para n\u00f3s, e agradecemos ao UniSALESIANO pela parceria e presen\u00e7a constante\u201d, afirmou Petr\u00f4nio, que ressaltou ainda o impacto positivo da colabora\u00e7\u00e3o com a institui\u00e7\u00e3o salesiana.<\/p>\n<p>\u201cNosso hospital \u00e9 outro desde que iniciamos essa parceria. O UniSALESIANO tem nos aben\u00e7oado com seu apoio, e juntos, estamos sempre buscando fazer o melhor pelas pessoas\u201d, declarou o provedor, agradecendo ao corpo cl\u00ednico de mais de 350 m\u00e9dicos que atuam diariamente na institui\u00e7\u00e3o.<\/p>\n<p>Por sua vez, o Reitor, Pe. Paulo Fernando Vendrame, celebrou a escolha do dia 18 de outubro para a inaugura\u00e7\u00e3o, lembrando que a data marca a mem\u00f3ria de S\u00e3o Lucas, que foi m\u00e9dico e evangelista, sendo exemplo para todos que cuidam de vidas.<\/p>\n<p>\u201cS\u00e3o Lucas nos inspira a fazer o bem e a seguir o caminho da f\u00e9 e do cuidado com o pr\u00f3ximo. Hoje, al\u00e9m de aben\u00e7oarmos essa imagem, queremos tamb\u00e9m agradecer e aben\u00e7oar todos os m\u00e9dicos que exercem essa miss\u00e3o sublime\u201d, disse o padre, destacando ainda o trabalho do di\u00e1cono\u00a0<strong>Osvaldo Medeiros<\/strong>, respons\u00e1vel pela restaura\u00e7\u00e3o da imagem de S\u00e3o Lucas.<\/p>\n<p>O Reitor convidou os m\u00e9dicos, incluindo o Coordenador do Curso de Medicina do UniSALESIANO,\u00a0<strong>Dr. Ant\u00f4nio Poletto,<\/strong>\u00a0para receberem as b\u00ean\u00e7\u00e3os de S\u00e3o Lucas. \u201cParab\u00e9ns a todos os m\u00e9dicos. Que voc\u00eas continuem aben\u00e7oados nessa miss\u00e3o sublime de cuidar das pessoas e formar novas gera\u00e7\u00f5es de profissionais da sa\u00fade\u201d, afirmou.<\/p>\n<p>Dom S\u00e9rgio conduziu a b\u00ean\u00e7\u00e3o da imagem, da placa e dos presentes. \u201cQue esta imagem de S\u00e3o Lucas seja um sinal de prote\u00e7\u00e3o e inspira\u00e7\u00e3o para todos que aqui trabalham e buscam sa\u00fade\u201d, disse o bispo.<\/p>\n<p><strong>EVANGELHO<\/strong><\/p>\n<p>S\u00e3o Lucas, nascido em Antioquia, S\u00edria, foi m\u00e9dico, pintor e escritor. \u00c9 reconhecido como o autor do Evangelho de Lucas e do livro \u201cAtos dos Ap\u00f3stolos\u201d, al\u00e9m de ser considerado o bi\u00f3grafo da Virgem Maria. Sua dedica\u00e7\u00e3o \u00e0 medicina e ao an\u00fancio da Boa Nova ao lado de S\u00e3o Paulo faz dele um exemplo de cuidado com a vida e de compromisso com a sa\u00fade e o bem-estar.<\/p>\n<p>&nbsp;<\/p>\n\n\t\t<style type=\"text\/css\">\n\t\t\t#gallery-1 {\n\t\t\t\tmargin: auto;\n\t\t\t}\n\t\t\t#gallery-1 .gallery-item {\n\t\t\t\tfloat: left;\n\t\t\t\tmargin-top: 10px;\n\t\t\t\ttext-align: center;\n\t\t\t\twidth: 50%;\n\t\t\t}\n\t\t\t#gallery-1 img {\n\t\t\t\tborder: 2px solid #cfcfcf;\n\t\t\t}\n\t\t\t#gallery-1 .gallery-caption {\n\t\t\t\tmargin-left: 0;\n\t\t\t}\n\t\t\t\/* see gallery_shortcode() in wp-includes\/media.php *\/\n\t\t<\/style>\n\t\t<div id='gallery-1' class='gallery galleryid-11414 gallery-columns-2 gallery-size-medium'><dl class='gallery-item'>\n\t\t\t<dt class='gallery-icon landscape'>\n\t\t\t\t<a href='https:\/\/unisale.com.br\/pastoral\/unisalesiano-e-santa-casa-celebram-o-dia-dos-medicos-e-inauguram-imagem-de-sao-lucas\/784a7293-1024x683\/'><img fetchpriority=\"high\" decoding=\"async\" width=\"300\" height=\"200\" src=\"https:\/\/unisale.com.br\/pastoral\/wp-content\/uploads\/2024\/11\/784A7293-1024x683-1-300x200.jpg\" class=\"attachment-medium size-medium\" alt=\"\" srcset=\"https:\/\/unisale.com.br\/pastoral\/wp-content\/uploads\/2024\/11\/784A7293-1024x683-1-300x200.jpg 300w, https:\/\/unisale.com.br\/pastoral\/wp-content\/uploads\/2024\/11\/784A7293-1024x683-1-768x512.jpg 768w, https:\/\/unisale.com.br\/pastoral\/wp-content\/uploads\/2024\/11\/784A7293-1024x683-1.jpg 750w\" sizes=\"(max-width: 300px) 100vw, 300px\" \/><\/a>\n\t\t\t<\/dt><\/dl><dl class='gallery-item'>\n\t\t\t<dt class='gallery-icon landscape'>\n\t\t\t\t<a href='https:\/\/unisale.com.br\/pastoral\/unisalesiano-e-santa-casa-celebram-o-dia-dos-medicos-e-inauguram-imagem-de-sao-lucas\/784a7292-1024x683\/'><img decoding=\"async\" width=\"300\" height=\"200\" src=\"https:\/\/unisale.com.br\/pastoral\/wp-content\/uploads\/2024\/11\/784A7292-1024x683-1-300x200.jpg\" class=\"attachment-medium size-medium\" alt=\"\" srcset=\"https:\/\/unisale.com.br\/pastoral\/wp-content\/uploads\/2024\/11\/784A7292-1024x683-1-300x200.jpg 300w, https:\/\/unisale.com.br\/pastoral\/wp-content\/uploads\/2024\/11\/784A7292-1024x683-1-768x512.jpg 768w, https:\/\/unisale.com.br\/pastoral\/wp-content\/uploads\/2024\/11\/784A7292-1024x683-1.jpg 750w\" sizes=\"(max-width: 300px) 100vw, 300px\" \/><\/a>\n\t\t\t<\/dt><\/dl><br style=\"clear: both\" \/><dl class='gallery-item'>\n\t\t\t<dt class='gallery-icon landscape'>\n\t\t\t\t<a href='https:\/\/unisale.com.br\/pastoral\/unisalesiano-e-santa-casa-celebram-o-dia-dos-medicos-e-inauguram-imagem-de-sao-lucas\/784a7288-1024x683\/'><img decoding=\"async\" width=\"300\" height=\"200\" src=\"https:\/\/unisale.com.br\/pastoral\/wp-content\/uploads\/2024\/11\/784A7288-1024x683-1-300x200.jpg\" class=\"attachment-medium size-medium\" alt=\"\" srcset=\"https:\/\/unisale.com.br\/pastoral\/wp-content\/uploads\/2024\/11\/784A7288-1024x683-1-300x200.jpg 300w, https:\/\/unisale.com.br\/pastoral\/wp-content\/uploads\/2024\/11\/784A7288-1024x683-1-768x512.jpg 768w, https:\/\/unisale.com.br\/pastoral\/wp-content\/uploads\/2024\/11\/784A7288-1024x683-1.jpg 750w\" sizes=\"(max-width: 300px) 100vw, 300px\" \/><\/a>\n\t\t\t<\/dt><\/dl><dl class='gallery-item'>\n\t\t\t<dt class='gallery-icon landscape'>\n\t\t\t\t<a href='https:\/\/unisale.com.br\/pastoral\/unisalesiano-e-santa-casa-celebram-o-dia-dos-medicos-e-inauguram-imagem-de-sao-lucas\/784a7285-1024x683\/'><img loading=\"lazy\" decoding=\"async\" width=\"300\" height=\"200\" src=\"https:\/\/unisale.com.br\/pastoral\/wp-content\/uploads\/2024\/11\/784A7285-1024x683-1-300x200.jpg\" class=\"attachment-medium size-medium\" alt=\"\" srcset=\"https:\/\/unisale.com.br\/pastoral\/wp-content\/uploads\/2024\/11\/784A7285-1024x683-1-300x200.jpg 300w, https:\/\/unisale.com.br\/pastoral\/wp-content\/uploads\/2024\/11\/784A7285-1024x683-1-768x512.jpg 768w, https:\/\/unisale.com.br\/pastoral\/wp-content\/uploads\/2024\/11\/784A7285-1024x683-1.jpg 750w\" sizes=\"(max-width: 300px) 100vw, 300px\" \/><\/a>\n\t\t\t<\/dt><\/dl><br style=\"clear: both\" \/><dl class='gallery-item'>\n\t\t\t<dt class='gallery-icon landscape'>\n\t\t\t\t<a href='https:\/\/unisale.com.br\/pastoral\/unisalesiano-e-santa-casa-celebram-o-dia-dos-medicos-e-inauguram-imagem-de-sao-lucas\/784a7271-1024x683\/'><img loading=\"lazy\" decoding=\"async\" width=\"300\" height=\"200\" src=\"https:\/\/unisale.com.br\/pastoral\/wp-content\/uploads\/2024\/11\/784A7271-1024x683-1-300x200.jpg\" class=\"attachment-medium size-medium\" alt=\"\" srcset=\"https:\/\/unisale.com.br\/pastoral\/wp-content\/uploads\/2024\/11\/784A7271-1024x683-1-300x200.jpg 300w, https:\/\/unisale.com.br\/pastoral\/wp-content\/uploads\/2024\/11\/784A7271-1024x683-1-768x512.jpg 768w, https:\/\/unisale.com.br\/pastoral\/wp-content\/uploads\/2024\/11\/784A7271-1024x683-1.jpg 750w\" sizes=\"(max-width: 300px) 100vw, 300px\" \/><\/a>\n\t\t\t<\/dt><\/dl><dl class='gallery-item'>\n\t\t\t<dt class='gallery-icon landscape'>\n\t\t\t\t<a href='https:\/\/unisale.com.br\/pastoral\/unisalesiano-e-santa-casa-celebram-o-dia-dos-medicos-e-inauguram-imagem-de-sao-lucas\/784a7261-1024x683\/'><img loading=\"lazy\" decoding=\"async\" width=\"300\" height=\"200\" src=\"https:\/\/unisale.com.br\/pastoral\/wp-content\/uploads\/2024\/11\/784A7261-1024x683-1-300x200.jpg\" class=\"attachment-medium size-medium\" alt=\"\" srcset=\"https:\/\/unisale.com.br\/pastoral\/wp-content\/uploads\/2024\/11\/784A7261-1024x683-1-300x200.jpg 300w, https:\/\/unisale.com.br\/pastoral\/wp-content\/uploads\/2024\/11\/784A7261-1024x683-1-768x512.jpg 768w, https:\/\/unisale.com.br\/pastoral\/wp-content\/uploads\/2024\/11\/784A7261-1024x683-1.jpg 750w\" sizes=\"(max-width: 300px) 100vw, 300px\" \/><\/a>\n\t\t\t<\/dt><\/dl><br style=\"clear: both\" \/><dl class='gallery-item'>\n\t\t\t<dt class='gallery-icon landscape'>\n\t\t\t\t<a href='https:\/\/unisale.com.br\/pastoral\/unisalesiano-e-santa-casa-celebram-o-dia-dos-medicos-e-inauguram-imagem-de-sao-lucas\/784a7259-1024x683\/'><img loading=\"lazy\" decoding=\"async\" width=\"300\" height=\"200\" src=\"https:\/\/unisale.com.br\/pastoral\/wp-content\/uploads\/2024\/11\/784A7259-1024x683-1-300x200.jpg\" class=\"attachment-medium size-medium\" alt=\"\" srcset=\"https:\/\/unisale.com.br\/pastoral\/wp-content\/uploads\/2024\/11\/784A7259-1024x683-1-300x200.jpg 300w, https:\/\/unisale.com.br\/pastoral\/wp-content\/uploads\/2024\/11\/784A7259-1024x683-1-768x512.jpg 768w, https:\/\/unisale.com.br\/pastoral\/wp-content\/uploads\/2024\/11\/784A7259-1024x683-1.jpg 750w\" sizes=\"(max-width: 300px) 100vw, 300px\" \/><\/a>\n\t\t\t<\/dt><\/dl><dl class='gallery-item'>\n\t\t\t<dt class='gallery-icon landscape'>\n\t\t\t\t<a href='https:\/\/unisale.com.br\/pastoral\/unisalesiano-e-santa-casa-celebram-o-dia-dos-medicos-e-inauguram-imagem-de-sao-lucas\/784a7244-1024x683\/'><img loading=\"lazy\" decoding=\"async\" width=\"300\" height=\"200\" src=\"https:\/\/unisale.com.br\/pastoral\/wp-content\/uploads\/2024\/11\/784A7244-1024x683-1-300x200.jpg\" class=\"attachment-medium size-medium\" alt=\"\" srcset=\"https:\/\/unisale.com.br\/pastoral\/wp-content\/uploads\/2024\/11\/784A7244-1024x683-1-300x200.jpg 300w, https:\/\/unisale.com.br\/pastoral\/wp-content\/uploads\/2024\/11\/784A7244-1024x683-1-768x512.jpg 768w, https:\/\/unisale.com.br\/pastoral\/wp-content\/uploads\/2024\/11\/784A7244-1024x683-1.jpg 750w\" sizes=\"(max-width: 300px) 100vw, 300px\" \/><\/a>\n\t\t\t<\/dt><\/dl><br style=\"clear: both\" \/>\n\t\t<\/div>\n\n","protected":false},"excerpt":{"rendered":"<p>O UniSALESIANO e a Santa Casa inauguraram neste 18 de outubro, em que se comemora o\u00a0Dia dos M\u00e9dicos, a imagem de S\u00e3o Lucas, padroeiro dos&#8230;<\/p>\n","protected":false},"author":1,"featured_media":11419,"comment_status":"closed","ping_status":"closed","sticky":false,"template":"","format":"standard","meta":{"_acf_changed":false,"footnotes":""},"categories":[3],"tags":[],"class_list":["post-11414","post","type-post","status-publish","format-standard","has-post-thumbnail","hentry","category-not"],"acf":[],"yoast_head":"<!-- This site is optimized with the Yoast SEO plugin v27.3 - https:\/\/yoast.com\/product\/yoast-seo-wordpress\/ -->\n<title>UniSALESIANO e Santa Casa celebram o Dia dos M\u00e9dicos e inauguram imagem de S\u00e3o Lucas - Pastoral Universit\u00e1ria UniSALESIANO<\/title>\n<meta name=\"robots\" content=\"index, follow, max-snippet:-1, max-image-preview:large, max-video-preview:-1\" \/>\n<link rel=\"canonical\" href=\"https:\/\/unisale.com.br\/pastoral\/unisalesiano-e-santa-casa-celebram-o-dia-dos-medicos-e-inauguram-imagem-de-sao-lucas\/\" \/>\n<meta property=\"og:locale\" content=\"pt_BR\" \/>\n<meta property=\"og:type\" content=\"article\" \/>\n<meta property=\"og:title\" content=\"UniSALESIANO e Santa Casa celebram o Dia dos M\u00e9dicos e inauguram imagem de S\u00e3o Lucas - Pastoral Universit\u00e1ria UniSALESIANO\" \/>\n<meta property=\"og:description\" content=\"O UniSALESIANO e a Santa Casa inauguraram neste 18 de outubro, em que se comemora o\u00a0Dia dos M\u00e9dicos, a imagem de S\u00e3o Lucas, padroeiro dos...\" \/>\n<meta property=\"og:url\" content=\"https:\/\/unisale.com.br\/pastoral\/unisalesiano-e-santa-casa-celebram-o-dia-dos-medicos-e-inauguram-imagem-de-sao-lucas\/\" \/>\n<meta property=\"og:site_name\" content=\"Pastoral Universit\u00e1ria UniSALESIANO\" \/>\n<meta property=\"article:published_time\" content=\"2024-11-04T14:38:27+00:00\" \/>\n<meta property=\"og:image\" content=\"https:\/\/unisale.com.br\/pastoral\/wp-content\/uploads\/2024\/11\/784A7283-768x512-1.jpg\" \/>\n\t<meta property=\"og:image:width\" content=\"768\" \/>\n\t<meta property=\"og:image:height\" content=\"512\" \/>\n\t<meta property=\"og:image:type\" content=\"image\/jpeg\" \/>\n<meta name=\"author\" content=\"pastoral\" \/>\n<meta name=\"twitter:card\" content=\"summary_large_image\" \/>\n<meta name=\"twitter:label1\" content=\"Escrito por\" \/>\n\t<meta name=\"twitter:data1\" content=\"pastoral\" \/>\n\t<meta name=\"twitter:label2\" content=\"Est. tempo de leitura\" \/>\n\t<meta name=\"twitter:data2\" content=\"3 minutos\" \/>\n<script type=\"application\/ld+json\" class=\"yoast-schema-graph\">{\"@context\":\"https:\\\/\\\/schema.org\",\"@graph\":[{\"@type\":\"Article\",\"@id\":\"https:\\\/\\\/unisale.com.br\\\/pastoral\\\/unisalesiano-e-santa-casa-celebram-o-dia-dos-medicos-e-inauguram-imagem-de-sao-lucas\\\/#article\",\"isPartOf\":{\"@id\":\"https:\\\/\\\/unisale.com.br\\\/pastoral\\\/unisalesiano-e-santa-casa-celebram-o-dia-dos-medicos-e-inauguram-imagem-de-sao-lucas\\\/\"},\"author\":{\"name\":\"pastoral\",\"@id\":\"https:\\\/\\\/unisale.com.br\\\/pastoral\\\/#\\\/schema\\\/person\\\/a16ba711a0f7dec9cb6b44563144d5a3\"},\"headline\":\"UniSALESIANO e Santa Casa celebram o Dia dos M\u00e9dicos e inauguram imagem de S\u00e3o Lucas\",\"datePublished\":\"2024-11-04T14:38:27+00:00\",\"mainEntityOfPage\":{\"@id\":\"https:\\\/\\\/unisale.com.br\\\/pastoral\\\/unisalesiano-e-santa-casa-celebram-o-dia-dos-medicos-e-inauguram-imagem-de-sao-lucas\\\/\"},\"wordCount\":565,\"image\":{\"@id\":\"https:\\\/\\\/unisale.com.br\\\/pastoral\\\/unisalesiano-e-santa-casa-celebram-o-dia-dos-medicos-e-inauguram-imagem-de-sao-lucas\\\/#primaryimage\"},\"thumbnailUrl\":\"https:\\\/\\\/unisale.com.br\\\/pastoral\\\/wp-content\\\/uploads\\\/2024\\\/11\\\/784A7283-768x512-1.jpg\",\"articleSection\":[\"Not\u00edcias\"],\"inLanguage\":\"pt-BR\"},{\"@type\":\"WebPage\",\"@id\":\"https:\\\/\\\/unisale.com.br\\\/pastoral\\\/unisalesiano-e-santa-casa-celebram-o-dia-dos-medicos-e-inauguram-imagem-de-sao-lucas\\\/\",\"url\":\"https:\\\/\\\/unisale.com.br\\\/pastoral\\\/unisalesiano-e-santa-casa-celebram-o-dia-dos-medicos-e-inauguram-imagem-de-sao-lucas\\\/\",\"name\":\"UniSALESIANO e Santa Casa celebram o Dia dos M\u00e9dicos e inauguram imagem de S\u00e3o Lucas - Pastoral Universit\u00e1ria UniSALESIANO\",\"isPartOf\":{\"@id\":\"https:\\\/\\\/unisale.com.br\\\/pastoral\\\/#website\"},\"primaryImageOfPage\":{\"@id\":\"https:\\\/\\\/unisale.com.br\\\/pastoral\\\/unisalesiano-e-santa-casa-celebram-o-dia-dos-medicos-e-inauguram-imagem-de-sao-lucas\\\/#primaryimage\"},\"image\":{\"@id\":\"https:\\\/\\\/unisale.com.br\\\/pastoral\\\/unisalesiano-e-santa-casa-celebram-o-dia-dos-medicos-e-inauguram-imagem-de-sao-lucas\\\/#primaryimage\"},\"thumbnailUrl\":\"https:\\\/\\\/unisale.com.br\\\/pastoral\\\/wp-content\\\/uploads\\\/2024\\\/11\\\/784A7283-768x512-1.jpg\",\"datePublished\":\"2024-11-04T14:38:27+00:00\",\"author\":{\"@id\":\"https:\\\/\\\/unisale.com.br\\\/pastoral\\\/#\\\/schema\\\/person\\\/a16ba711a0f7dec9cb6b44563144d5a3\"},\"inLanguage\":\"pt-BR\",\"potentialAction\":[{\"@type\":\"ReadAction\",\"target\":[\"https:\\\/\\\/unisale.com.br\\\/pastoral\\\/unisalesiano-e-santa-casa-celebram-o-dia-dos-medicos-e-inauguram-imagem-de-sao-lucas\\\/\"]}]},{\"@type\":\"ImageObject\",\"inLanguage\":\"pt-BR\",\"@id\":\"https:\\\/\\\/unisale.com.br\\\/pastoral\\\/unisalesiano-e-santa-casa-celebram-o-dia-dos-medicos-e-inauguram-imagem-de-sao-lucas\\\/#primaryimage\",\"url\":\"https:\\\/\\\/unisale.com.br\\\/pastoral\\\/wp-content\\\/uploads\\\/2024\\\/11\\\/784A7283-768x512-1.jpg\",\"contentUrl\":\"https:\\\/\\\/unisale.com.br\\\/pastoral\\\/wp-content\\\/uploads\\\/2024\\\/11\\\/784A7283-768x512-1.jpg\",\"width\":750,\"height\":500},{\"@type\":\"WebSite\",\"@id\":\"https:\\\/\\\/unisale.com.br\\\/pastoral\\\/#website\",\"url\":\"https:\\\/\\\/unisale.com.br\\\/pastoral\\\/\",\"name\":\"Pastoral Universit\u00e1ria UniSALESIANO\",\"description\":\"Site da Pastoral Universit\u00e1ria do UniSALESIANO\",\"potentialAction\":[{\"@type\":\"SearchAction\",\"target\":{\"@type\":\"EntryPoint\",\"urlTemplate\":\"https:\\\/\\\/unisale.com.br\\\/pastoral\\\/?s={search_term_string}\"},\"query-input\":{\"@type\":\"PropertyValueSpecification\",\"valueRequired\":true,\"valueName\":\"search_term_string\"}}],\"inLanguage\":\"pt-BR\"},{\"@type\":\"Person\",\"@id\":\"https:\\\/\\\/unisale.com.br\\\/pastoral\\\/#\\\/schema\\\/person\\\/a16ba711a0f7dec9cb6b44563144d5a3\",\"name\":\"pastoral\",\"url\":\"https:\\\/\\\/unisale.com.br\\\/pastoral\\\/author\\\/pastoral\\\/\"}]}<\/script>\n<!-- \/ Yoast SEO plugin. -->","yoast_head_json":{"title":"UniSALESIANO e Santa Casa celebram o Dia dos M\u00e9dicos e inauguram imagem de S\u00e3o Lucas - Pastoral Universit\u00e1ria UniSALESIANO","robots":{"index":"index","follow":"follow","max-snippet":"max-snippet:-1","max-image-preview":"max-image-preview:large","max-video-preview":"max-video-preview:-1"},"canonical":"https:\/\/unisale.com.br\/pastoral\/unisalesiano-e-santa-casa-celebram-o-dia-dos-medicos-e-inauguram-imagem-de-sao-lucas\/","og_locale":"pt_BR","og_type":"article","og_title":"UniSALESIANO e Santa Casa celebram o Dia dos M\u00e9dicos e inauguram imagem de S\u00e3o Lucas - Pastoral Universit\u00e1ria UniSALESIANO","og_description":"O UniSALESIANO e a Santa Casa inauguraram neste 18 de outubro, em que se comemora o\u00a0Dia dos M\u00e9dicos, a imagem de S\u00e3o Lucas, padroeiro dos...","og_url":"https:\/\/unisale.com.br\/pastoral\/unisalesiano-e-santa-casa-celebram-o-dia-dos-medicos-e-inauguram-imagem-de-sao-lucas\/","og_site_name":"Pastoral Universit\u00e1ria UniSALESIANO","article_published_time":"2024-11-04T14:38:27+00:00","og_image":[{"width":768,"height":512,"url":"https:\/\/unisale.com.br\/pastoral\/wp-content\/uploads\/2024\/11\/784A7283-768x512-1.jpg","type":"image\/jpeg"}],"author":"pastoral","twitter_card":"summary_large_image","twitter_misc":{"Escrito por":"pastoral","Est. tempo de leitura":"3 minutos"},"schema":{"@context":"https:\/\/schema.org","@graph":[{"@type":"Article","@id":"https:\/\/unisale.com.br\/pastoral\/unisalesiano-e-santa-casa-celebram-o-dia-dos-medicos-e-inauguram-imagem-de-sao-lucas\/#article","isPartOf":{"@id":"https:\/\/unisale.com.br\/pastoral\/unisalesiano-e-santa-casa-celebram-o-dia-dos-medicos-e-inauguram-imagem-de-sao-lucas\/"},"author":{"name":"pastoral","@id":"https:\/\/unisale.com.br\/pastoral\/#\/schema\/person\/a16ba711a0f7dec9cb6b44563144d5a3"},"headline":"UniSALESIANO e Santa Casa celebram o Dia dos M\u00e9dicos e inauguram imagem de S\u00e3o Lucas","datePublished":"2024-11-04T14:38:27+00:00","mainEntityOfPage":{"@id":"https:\/\/unisale.com.br\/pastoral\/unisalesiano-e-santa-casa-celebram-o-dia-dos-medicos-e-inauguram-imagem-de-sao-lucas\/"},"wordCount":565,"image":{"@id":"https:\/\/unisale.com.br\/pastoral\/unisalesiano-e-santa-casa-celebram-o-dia-dos-medicos-e-inauguram-imagem-de-sao-lucas\/#primaryimage"},"thumbnailUrl":"https:\/\/unisale.com.br\/pastoral\/wp-content\/uploads\/2024\/11\/784A7283-768x512-1.jpg","articleSection":["Not\u00edcias"],"inLanguage":"pt-BR"},{"@type":"WebPage","@id":"https:\/\/unisale.com.br\/pastoral\/unisalesiano-e-santa-casa-celebram-o-dia-dos-medicos-e-inauguram-imagem-de-sao-lucas\/","url":"https:\/\/unisale.com.br\/pastoral\/unisalesiano-e-santa-casa-celebram-o-dia-dos-medicos-e-inauguram-imagem-de-sao-lucas\/","name":"UniSALESIANO e Santa Casa celebram o Dia dos M\u00e9dicos e inauguram imagem de S\u00e3o Lucas - Pastoral Universit\u00e1ria UniSALESIANO","isPartOf":{"@id":"https:\/\/unisale.com.br\/pastoral\/#website"},"primaryImageOfPage":{"@id":"https:\/\/unisale.com.br\/pastoral\/unisalesiano-e-santa-casa-celebram-o-dia-dos-medicos-e-inauguram-imagem-de-sao-lucas\/#primaryimage"},"image":{"@id":"https:\/\/unisale.com.br\/pastoral\/unisalesiano-e-santa-casa-celebram-o-dia-dos-medicos-e-inauguram-imagem-de-sao-lucas\/#primaryimage"},"thumbnailUrl":"https:\/\/unisale.com.br\/pastoral\/wp-content\/uploads\/2024\/11\/784A7283-768x512-1.jpg","datePublished":"2024-11-04T14:38:27+00:00","author":{"@id":"https:\/\/unisale.com.br\/pastoral\/#\/schema\/person\/a16ba711a0f7dec9cb6b44563144d5a3"},"inLanguage":"pt-BR","potentialAction":[{"@type":"ReadAction","target":["https:\/\/unisale.com.br\/pastoral\/unisalesiano-e-santa-casa-celebram-o-dia-dos-medicos-e-inauguram-imagem-de-sao-lucas\/"]}]},{"@type":"ImageObject","inLanguage":"pt-BR","@id":"https:\/\/unisale.com.br\/pastoral\/unisalesiano-e-santa-casa-celebram-o-dia-dos-medicos-e-inauguram-imagem-de-sao-lucas\/#primaryimage","url":"https:\/\/unisale.com.br\/pastoral\/wp-content\/uploads\/2024\/11\/784A7283-768x512-1.jpg","contentUrl":"https:\/\/unisale.com.br\/pastoral\/wp-content\/uploads\/2024\/11\/784A7283-768x512-1.jpg","width":750,"height":500},{"@type":"WebSite","@id":"https:\/\/unisale.com.br\/pastoral\/#website","url":"https:\/\/unisale.com.br\/pastoral\/","name":"Pastoral Universit\u00e1ria UniSALESIANO","description":"Site da Pastoral Universit\u00e1ria do UniSALESIANO","potentialAction":[{"@type":"SearchAction","target":{"@type":"EntryPoint","urlTemplate":"https:\/\/unisale.com.br\/pastoral\/?s={search_term_string}"},"query-input":{"@type":"PropertyValueSpecification","valueRequired":true,"valueName":"search_term_string"}}],"inLanguage":"pt-BR"},{"@type":"Person","@id":"https:\/\/unisale.com.br\/pastoral\/#\/schema\/person\/a16ba711a0f7dec9cb6b44563144d5a3","name":"pastoral","url":"https:\/\/unisale.com.br\/pastoral\/author\/pastoral\/"}]}},"_links":{"self":[{"href":"https:\/\/unisale.com.br\/pastoral\/wp-json\/wp\/v2\/posts\/11414","targetHints":{"allow":["GET"]}}],"collection":[{"href":"https:\/\/unisale.com.br\/pastoral\/wp-json\/wp\/v2\/posts"}],"about":[{"href":"https:\/\/unisale.com.br\/pastoral\/wp-json\/wp\/v2\/types\/post"}],"author":[{"embeddable":true,"href":"https:\/\/unisale.com.br\/pastoral\/wp-json\/wp\/v2\/users\/1"}],"replies":[{"embeddable":true,"href":"https:\/\/unisale.com.br\/pastoral\/wp-json\/wp\/v2\/comments?post=11414"}],"version-history":[{"count":1,"href":"https:\/\/unisale.com.br\/pastoral\/wp-json\/wp\/v2\/posts\/11414\/revisions"}],"predecessor-version":[{"id":11424,"href":"https:\/\/unisale.com.br\/pastoral\/wp-json\/wp\/v2\/posts\/11414\/revisions\/11424"}],"wp:featuredmedia":[{"embeddable":true,"href":"https:\/\/unisale.com.br\/pastoral\/wp-json\/wp\/v2\/media\/11419"}],"wp:attachment":[{"href":"https:\/\/unisale.com.br\/pastoral\/wp-json\/wp\/v2\/media?parent=11414"}],"wp:term":[{"taxonomy":"category","embeddable":true,"href":"https:\/\/unisale.com.br\/pastoral\/wp-json\/wp\/v2\/categories?post=11414"},{"taxonomy":"post_tag","embeddable":true,"href":"https:\/\/unisale.com.br\/pastoral\/wp-json\/wp\/v2\/tags?post=11414"}],"curies":[{"name":"wp","href":"https:\/\/api.w.org\/{rel}","templated":true}]}}