{"id":1144,"date":"2021-05-10T13:12:52","date_gmt":"2021-05-10T13:12:52","guid":{"rendered":"https:\/\/unisale.com.br\/pastoral\/?p=1144"},"modified":"2021-05-21T11:50:38","modified_gmt":"2021-05-21T11:50:38","slug":"quando-vier","status":"publish","type":"post","link":"https:\/\/unisale.com.br\/pastoral\/quando-vier\/","title":{"rendered":"10\/05 &#8211; Quando vier o Defensor que eu vos mandarei&#8230;"},"content":{"rendered":"<p><strong>Segunda-feira, 10 de maio de 2021.<\/strong><\/p>\n<p>Evangelho (Jo 15,26-16,4))<\/p>\n<p><strong>\u00a0<\/strong><\/p>\n<p><strong><em>&#8220;Quando vier o Defensor que eu vos mandarei&#8230;&#8221;<\/em><\/strong><\/p>\n<p>Naquele tempo, disse Jesus aos seus disc\u00edpulos: <sup>26<\/sup>\u201cQuando vier o Defensor que eu vos mandarei da parte do Pai, o Esp\u00edrito da verdade, que procedo do Pai, ele dar\u00e1 testemunho de mim. <sup>27<\/sup>E v\u00f3s tamb\u00e9m dareis testemunho, porque estais comigo desde o come\u00e7o. <sup>16,1<\/sup>Eu vos disse estas coisas para que a vossa f\u00e9 n\u00e3o seja abalada. <sup>2<\/sup>Expulsar-vos-\u00e3o das sinagogas, e vir\u00e1 a hora em que aquele que vos matar julgar\u00e1 estar prestando culto a Deus. <sup>3<\/sup>Agir\u00e3o assim porque n\u00e3o conheceram o Pai nem a mim. <sup>4<\/sup>Eu vos digo isso para que vos lembreis de que eu o disse, quando chegar a hora\u201d.<\/p>\n<p>&nbsp;<\/p>\n<p><strong>Reflex\u00e3o<\/strong><\/p>\n<p>No evangelho de hoje, Jesus promete a vinda do Esp\u00edrito Santo o \u201cPar\u00e1clito\u201d, termo este que pode ser traduzido como \u201cDefensor\u201d. Jesus chama este mesmo Par\u00e1clito de \u201cEsp\u00edrito da verdade. Jesus diz, claramente, que o mundo tem rejeitado a veracidade das Suas palavras e das Suas obras, e o Esp\u00edrito da verdade demonstrar\u00e1 isso. O mundo perseguir\u00e1 os disc\u00edpulos por causa do nome de Jesus, e para confrontar essa persegui\u00e7\u00e3o o Par\u00e1clito ser\u00e1 enviado em nome de Jesus. O Par\u00e1clito representa a presen\u00e7a de Jesus entre os homens; e, ao odiar os disc\u00edpulos que s\u00e3o a habita\u00e7\u00e3o do Par\u00e1clito, o mundo est\u00e1 atacando a cont\u00ednua presen\u00e7a de Jesus na terra. A promessa da presen\u00e7a de um \u201cDefensor\u201d na vida dos disc\u00edpulos, certamente, traria a cada um deles a paz, a serenidade nas adversidades que deveriam enfrentar. Por isso, n\u00f3s podemos dizer que o testemunho dos disc\u00edpulos na Igreja \u00e9 fruto do Esp\u00edrito. O Par\u00e1clito \u00e9 invis\u00edvel aos olhos do mundo, mas o seu testemunho pode ser ouvido atrav\u00e9s do testemunho dos disc\u00edpulos. Jesus foi sincero com seus disc\u00edpulos, pois desejava que quando tudo acontecesse, a f\u00e9 dos mesmos n\u00e3o ficasse \u201cabalada\u201d. Jesus queria evitar a desilus\u00e3o por parte dos disc\u00edpulos diante da Sua morte e da persegui\u00e7\u00e3o que haveriam de sofrer. O alerta de Jesus para com os disc\u00edpulos continua vigorando at\u00e9 hoje, pois o conflito da vida crist\u00e3 com o mundo \u00e9 inevit\u00e1vel. Mas, podemos ainda agradecer e se espelhar no testemunho de muitos crist\u00e3os que continua firmes na luta pelo evangelho.<\/p>\n<p>&nbsp;<\/p>\n<p>Pe. Paulo Eduardo J\u00e1como, sdb.<\/p>\n","protected":false},"excerpt":{"rendered":"<p>Segunda-feira, 10 de maio de 2021. Evangelho (Jo 15,26-16,4)) \u00a0 &#8220;Quando vier o Defensor que eu vos mandarei&#8230;&#8221; Naquele tempo, disse Jesus aos seus disc\u00edpulos:&#8230;<\/p>\n","protected":false},"author":1,"featured_media":1137,"comment_status":"closed","ping_status":"closed","sticky":false,"template":"","format":"standard","meta":{"_acf_changed":false,"footnotes":""},"categories":[13],"tags":[],"class_list":["post-1144","post","type-post","status-publish","format-standard","has-post-thumbnail","hentry","category-reflexaodoevagelho"],"acf":[],"yoast_head":"<!-- This site is optimized with the Yoast SEO plugin v27.3 - https:\/\/yoast.com\/product\/yoast-seo-wordpress\/ -->\n<title>10\/05 - Quando vier o Defensor que eu vos mandarei... - Pastoral Universit\u00e1ria UniSALESIANO<\/title>\n<meta name=\"robots\" content=\"index, follow, max-snippet:-1, max-image-preview:large, max-video-preview:-1\" \/>\n<link rel=\"canonical\" href=\"https:\/\/unisale.com.br\/novo\/quando-vier\/\" \/>\n<meta property=\"og:locale\" content=\"pt_BR\" \/>\n<meta property=\"og:type\" content=\"article\" \/>\n<meta property=\"og:title\" content=\"10\/05 - Quando vier o Defensor que eu vos mandarei... - Pastoral Universit\u00e1ria UniSALESIANO\" \/>\n<meta property=\"og:description\" content=\"Segunda-feira, 10 de maio de 2021. Evangelho (Jo 15,26-16,4)) \u00a0 &#8220;Quando vier o Defensor que eu vos mandarei&#8230;&#8221; Naquele tempo, disse Jesus aos seus disc\u00edpulos:...\" \/>\n<meta property=\"og:url\" content=\"https:\/\/unisale.com.br\/novo\/quando-vier\/\" \/>\n<meta property=\"og:site_name\" content=\"Pastoral Universit\u00e1ria UniSALESIANO\" \/>\n<meta property=\"article:published_time\" content=\"2021-05-10T13:12:52+00:00\" \/>\n<meta property=\"article:modified_time\" content=\"2021-05-21T11:50:38+00:00\" \/>\n<meta property=\"og:image\" content=\"https:\/\/unisale.com.br\/novo\/wp-content\/uploads\/2021\/05\/10-05.jpg\" \/>\n\t<meta property=\"og:image:width\" content=\"1920\" \/>\n\t<meta property=\"og:image:height\" content=\"1080\" \/>\n\t<meta property=\"og:image:type\" content=\"image\/jpeg\" \/>\n<meta name=\"author\" content=\"pastoral\" \/>\n<meta name=\"twitter:card\" content=\"summary_large_image\" \/>\n<meta name=\"twitter:label1\" content=\"Escrito por\" \/>\n\t<meta name=\"twitter:data1\" content=\"pastoral\" \/>\n\t<meta name=\"twitter:label2\" content=\"Est. tempo de leitura\" \/>\n\t<meta name=\"twitter:data2\" content=\"2 minutos\" \/>\n<script type=\"application\/ld+json\" class=\"yoast-schema-graph\">{\"@context\":\"https:\\\/\\\/schema.org\",\"@graph\":[{\"@type\":\"Article\",\"@id\":\"https:\\\/\\\/unisale.com.br\\\/novo\\\/quando-vier\\\/#article\",\"isPartOf\":{\"@id\":\"https:\\\/\\\/unisale.com.br\\\/novo\\\/quando-vier\\\/\"},\"author\":{\"name\":\"pastoral\",\"@id\":\"https:\\\/\\\/unisale.com.br\\\/pastoral\\\/#\\\/schema\\\/person\\\/a16ba711a0f7dec9cb6b44563144d5a3\"},\"headline\":\"10\\\/05 &#8211; Quando vier o Defensor que eu vos mandarei&#8230;\",\"datePublished\":\"2021-05-10T13:12:52+00:00\",\"dateModified\":\"2021-05-21T11:50:38+00:00\",\"mainEntityOfPage\":{\"@id\":\"https:\\\/\\\/unisale.com.br\\\/novo\\\/quando-vier\\\/\"},\"wordCount\":428,\"image\":{\"@id\":\"https:\\\/\\\/unisale.com.br\\\/novo\\\/quando-vier\\\/#primaryimage\"},\"thumbnailUrl\":\"https:\\\/\\\/unisale.com.br\\\/pastoral\\\/wp-content\\\/uploads\\\/2021\\\/05\\\/10-05.jpg\",\"articleSection\":[\"Reflex\u00e3o do Evangelho\"],\"inLanguage\":\"pt-BR\"},{\"@type\":\"WebPage\",\"@id\":\"https:\\\/\\\/unisale.com.br\\\/novo\\\/quando-vier\\\/\",\"url\":\"https:\\\/\\\/unisale.com.br\\\/novo\\\/quando-vier\\\/\",\"name\":\"10\\\/05 - Quando vier o Defensor que eu vos mandarei... - Pastoral Universit\u00e1ria UniSALESIANO\",\"isPartOf\":{\"@id\":\"https:\\\/\\\/unisale.com.br\\\/pastoral\\\/#website\"},\"primaryImageOfPage\":{\"@id\":\"https:\\\/\\\/unisale.com.br\\\/novo\\\/quando-vier\\\/#primaryimage\"},\"image\":{\"@id\":\"https:\\\/\\\/unisale.com.br\\\/novo\\\/quando-vier\\\/#primaryimage\"},\"thumbnailUrl\":\"https:\\\/\\\/unisale.com.br\\\/pastoral\\\/wp-content\\\/uploads\\\/2021\\\/05\\\/10-05.jpg\",\"datePublished\":\"2021-05-10T13:12:52+00:00\",\"dateModified\":\"2021-05-21T11:50:38+00:00\",\"author\":{\"@id\":\"https:\\\/\\\/unisale.com.br\\\/pastoral\\\/#\\\/schema\\\/person\\\/a16ba711a0f7dec9cb6b44563144d5a3\"},\"inLanguage\":\"pt-BR\",\"potentialAction\":[{\"@type\":\"ReadAction\",\"target\":[\"https:\\\/\\\/unisale.com.br\\\/novo\\\/quando-vier\\\/\"]}]},{\"@type\":\"ImageObject\",\"inLanguage\":\"pt-BR\",\"@id\":\"https:\\\/\\\/unisale.com.br\\\/novo\\\/quando-vier\\\/#primaryimage\",\"url\":\"https:\\\/\\\/unisale.com.br\\\/pastoral\\\/wp-content\\\/uploads\\\/2021\\\/05\\\/10-05.jpg\",\"contentUrl\":\"https:\\\/\\\/unisale.com.br\\\/pastoral\\\/wp-content\\\/uploads\\\/2021\\\/05\\\/10-05.jpg\",\"width\":889,\"height\":500},{\"@type\":\"WebSite\",\"@id\":\"https:\\\/\\\/unisale.com.br\\\/pastoral\\\/#website\",\"url\":\"https:\\\/\\\/unisale.com.br\\\/pastoral\\\/\",\"name\":\"Pastoral Universit\u00e1ria UniSALESIANO\",\"description\":\"Site da Pastoral Universit\u00e1ria do UniSALESIANO\",\"potentialAction\":[{\"@type\":\"SearchAction\",\"target\":{\"@type\":\"EntryPoint\",\"urlTemplate\":\"https:\\\/\\\/unisale.com.br\\\/pastoral\\\/?s={search_term_string}\"},\"query-input\":{\"@type\":\"PropertyValueSpecification\",\"valueRequired\":true,\"valueName\":\"search_term_string\"}}],\"inLanguage\":\"pt-BR\"},{\"@type\":\"Person\",\"@id\":\"https:\\\/\\\/unisale.com.br\\\/pastoral\\\/#\\\/schema\\\/person\\\/a16ba711a0f7dec9cb6b44563144d5a3\",\"name\":\"pastoral\",\"url\":\"https:\\\/\\\/unisale.com.br\\\/pastoral\\\/author\\\/pastoral\\\/\"}]}<\/script>\n<!-- \/ Yoast SEO plugin. -->","yoast_head_json":{"title":"10\/05 - Quando vier o Defensor que eu vos mandarei... - Pastoral Universit\u00e1ria UniSALESIANO","robots":{"index":"index","follow":"follow","max-snippet":"max-snippet:-1","max-image-preview":"max-image-preview:large","max-video-preview":"max-video-preview:-1"},"canonical":"https:\/\/unisale.com.br\/novo\/quando-vier\/","og_locale":"pt_BR","og_type":"article","og_title":"10\/05 - Quando vier o Defensor que eu vos mandarei... - Pastoral Universit\u00e1ria UniSALESIANO","og_description":"Segunda-feira, 10 de maio de 2021. Evangelho (Jo 15,26-16,4)) \u00a0 &#8220;Quando vier o Defensor que eu vos mandarei&#8230;&#8221; Naquele tempo, disse Jesus aos seus disc\u00edpulos:...","og_url":"https:\/\/unisale.com.br\/novo\/quando-vier\/","og_site_name":"Pastoral Universit\u00e1ria UniSALESIANO","article_published_time":"2021-05-10T13:12:52+00:00","article_modified_time":"2021-05-21T11:50:38+00:00","og_image":[{"width":1920,"height":1080,"url":"https:\/\/unisale.com.br\/novo\/wp-content\/uploads\/2021\/05\/10-05.jpg","type":"image\/jpeg"}],"author":"pastoral","twitter_card":"summary_large_image","twitter_misc":{"Escrito por":"pastoral","Est. tempo de leitura":"2 minutos"},"schema":{"@context":"https:\/\/schema.org","@graph":[{"@type":"Article","@id":"https:\/\/unisale.com.br\/novo\/quando-vier\/#article","isPartOf":{"@id":"https:\/\/unisale.com.br\/novo\/quando-vier\/"},"author":{"name":"pastoral","@id":"https:\/\/unisale.com.br\/pastoral\/#\/schema\/person\/a16ba711a0f7dec9cb6b44563144d5a3"},"headline":"10\/05 &#8211; Quando vier o Defensor que eu vos mandarei&#8230;","datePublished":"2021-05-10T13:12:52+00:00","dateModified":"2021-05-21T11:50:38+00:00","mainEntityOfPage":{"@id":"https:\/\/unisale.com.br\/novo\/quando-vier\/"},"wordCount":428,"image":{"@id":"https:\/\/unisale.com.br\/novo\/quando-vier\/#primaryimage"},"thumbnailUrl":"https:\/\/unisale.com.br\/pastoral\/wp-content\/uploads\/2021\/05\/10-05.jpg","articleSection":["Reflex\u00e3o do Evangelho"],"inLanguage":"pt-BR"},{"@type":"WebPage","@id":"https:\/\/unisale.com.br\/novo\/quando-vier\/","url":"https:\/\/unisale.com.br\/novo\/quando-vier\/","name":"10\/05 - Quando vier o Defensor que eu vos mandarei... - Pastoral Universit\u00e1ria UniSALESIANO","isPartOf":{"@id":"https:\/\/unisale.com.br\/pastoral\/#website"},"primaryImageOfPage":{"@id":"https:\/\/unisale.com.br\/novo\/quando-vier\/#primaryimage"},"image":{"@id":"https:\/\/unisale.com.br\/novo\/quando-vier\/#primaryimage"},"thumbnailUrl":"https:\/\/unisale.com.br\/pastoral\/wp-content\/uploads\/2021\/05\/10-05.jpg","datePublished":"2021-05-10T13:12:52+00:00","dateModified":"2021-05-21T11:50:38+00:00","author":{"@id":"https:\/\/unisale.com.br\/pastoral\/#\/schema\/person\/a16ba711a0f7dec9cb6b44563144d5a3"},"inLanguage":"pt-BR","potentialAction":[{"@type":"ReadAction","target":["https:\/\/unisale.com.br\/novo\/quando-vier\/"]}]},{"@type":"ImageObject","inLanguage":"pt-BR","@id":"https:\/\/unisale.com.br\/novo\/quando-vier\/#primaryimage","url":"https:\/\/unisale.com.br\/pastoral\/wp-content\/uploads\/2021\/05\/10-05.jpg","contentUrl":"https:\/\/unisale.com.br\/pastoral\/wp-content\/uploads\/2021\/05\/10-05.jpg","width":889,"height":500},{"@type":"WebSite","@id":"https:\/\/unisale.com.br\/pastoral\/#website","url":"https:\/\/unisale.com.br\/pastoral\/","name":"Pastoral Universit\u00e1ria UniSALESIANO","description":"Site da Pastoral Universit\u00e1ria do UniSALESIANO","potentialAction":[{"@type":"SearchAction","target":{"@type":"EntryPoint","urlTemplate":"https:\/\/unisale.com.br\/pastoral\/?s={search_term_string}"},"query-input":{"@type":"PropertyValueSpecification","valueRequired":true,"valueName":"search_term_string"}}],"inLanguage":"pt-BR"},{"@type":"Person","@id":"https:\/\/unisale.com.br\/pastoral\/#\/schema\/person\/a16ba711a0f7dec9cb6b44563144d5a3","name":"pastoral","url":"https:\/\/unisale.com.br\/pastoral\/author\/pastoral\/"}]}},"_links":{"self":[{"href":"https:\/\/unisale.com.br\/pastoral\/wp-json\/wp\/v2\/posts\/1144","targetHints":{"allow":["GET"]}}],"collection":[{"href":"https:\/\/unisale.com.br\/pastoral\/wp-json\/wp\/v2\/posts"}],"about":[{"href":"https:\/\/unisale.com.br\/pastoral\/wp-json\/wp\/v2\/types\/post"}],"author":[{"embeddable":true,"href":"https:\/\/unisale.com.br\/pastoral\/wp-json\/wp\/v2\/users\/1"}],"replies":[{"embeddable":true,"href":"https:\/\/unisale.com.br\/pastoral\/wp-json\/wp\/v2\/comments?post=1144"}],"version-history":[{"count":0,"href":"https:\/\/unisale.com.br\/pastoral\/wp-json\/wp\/v2\/posts\/1144\/revisions"}],"wp:featuredmedia":[{"embeddable":true,"href":"https:\/\/unisale.com.br\/pastoral\/wp-json\/wp\/v2\/media\/1137"}],"wp:attachment":[{"href":"https:\/\/unisale.com.br\/pastoral\/wp-json\/wp\/v2\/media?parent=1144"}],"wp:term":[{"taxonomy":"category","embeddable":true,"href":"https:\/\/unisale.com.br\/pastoral\/wp-json\/wp\/v2\/categories?post=1144"},{"taxonomy":"post_tag","embeddable":true,"href":"https:\/\/unisale.com.br\/pastoral\/wp-json\/wp\/v2\/tags?post=1144"}],"curies":[{"name":"wp","href":"https:\/\/api.w.org\/{rel}","templated":true}]}}