{"id":11504,"date":"2024-11-18T11:15:40","date_gmt":"2024-11-18T11:15:40","guid":{"rendered":"https:\/\/unisale.com.br\/pastoral\/?p=11504"},"modified":"2024-11-18T11:15:40","modified_gmt":"2024-11-18T11:15:40","slug":"21-11-quem-e-minha-mae-e-quem-sao-meus-irmaos-3","status":"publish","type":"post","link":"https:\/\/unisale.com.br\/pastoral\/21-11-quem-e-minha-mae-e-quem-sao-meus-irmaos-3\/","title":{"rendered":"21\/11 &#8211; Quem \u00e9 minha m\u00e3e e quem s\u00e3o meus irm\u00e3os?"},"content":{"rendered":"<p>Quinta-feira, 21 de novembro de 2024.<\/p>\n<p>&nbsp;<\/p>\n<p>Evangelho (Mt 12,46-50)<\/p>\n<p>&nbsp;<\/p>\n<p><strong>\u201cQuem \u00e9 minha m\u00e3e e quem s\u00e3o meus irm\u00e3os?&#8221;<\/strong><\/p>\n<p>&nbsp;<\/p>\n<p>Naquele tempo, <sup>46<\/sup>enquanto Jesus estava falando \u00e0s multid\u00f5es, sua m\u00e3e e seus irm\u00e3os ficaram do lado de fora, procurando falar com ele. <sup>47<\/sup>Algu\u00e9m disse a Jesus: \u201cOlha! Tua m\u00e3e e teus irm\u00e3os est\u00e3o a\u00ed fora, e querem falar contigo\u201d. <sup>48<\/sup>Jesus perguntou \u00e0quele que tinha falado: \u201cQuem \u00e9 minha m\u00e3e, e quem s\u00e3o meus irm\u00e3os?\u201d <sup>49<\/sup>E, estendendo a m\u00e3o para os disc\u00edpulos, Jesus disse: \u201cEis minha m\u00e3e e meus irm\u00e3os. <sup>50<\/sup>Pois todo aquele que faz a vontade do meu Pai, que est\u00e1 nos c\u00e9us, esse \u00e9 meu irm\u00e3o, minha irm\u00e3 e minha m\u00e3e\u201d.<\/p>\n<p><strong>\u00a0<\/strong><\/p>\n<p><strong>Reflex\u00e3o<\/strong><\/p>\n<p>&nbsp;<\/p>\n<p>Nem todos reagem com indiferen\u00e7a ou hostilidade a Jesus. Muitos o escutam e at\u00e9 se tornam disc\u00edpulos. Neste evangelho Jesus nos d\u00e1 uma defini\u00e7\u00e3o de disc\u00edpulo, pondo em causa as rela\u00e7\u00f5es humanas mais intensas e profundas. A rela\u00e7\u00e3o com Jesus que se fundamenta na escuta da sua Palavra e no cumprimento da vontade do Pai, cumpre e d\u00e1 significado a todo relacionamento familiar. O disc\u00edpulo pode ser definido n\u00e3o somente como algu\u00e9m que se coloca na sequela de um mestre, aprendendo alguma coisa dele, mas \u00e9 sobretudo aquele que se torna irm\u00e3o do Senhor, vivendo a sua voca\u00e7\u00e3o de ser filho do mesmo Pai.<\/p>\n<p>As palavras de Jesus que poderiam parecer um sinal de ingratid\u00e3o em rela\u00e7\u00e3o a Maria, s\u00e3o pelo contr\u00e1rio um louvor \u00e0 M\u00e3e. Jesus quebra a limita\u00e7\u00e3o do n\u00famero dos membros de Sua fam\u00edlia, agora todos aqueles que escutam a sua Palavra e fazem a vontade do Pai, fazem parte da sua fam\u00edlia. Escutar a Palavra de Jesus nos faz entrar cada vez mais na fam\u00edlia de Deus da qual j\u00e1 somos parte por for\u00e7a do Batismo. As palavras do Evangelho soam como um apelo a viver como filhos que procuram a vontade do Pai, a conhecem, desejam cumpri-la e a realizam inteiramente. Assim, Maria \u00e9 modelo e guia para cada um de n\u00f3s. Santo Ambr\u00f3sio e Santo Agostinho falam de Maria como Aquela que gerou duas vezes o Filho, e que, portanto, foi m\u00e3e duas vezes, fisicamente e, ainda antes, quando acolheu a Palavra.<\/p>\n<p><strong>Pe. Paulo Eduardo J\u00e1como, SDB.<\/strong><\/p>\n","protected":false},"excerpt":{"rendered":"<p>Quinta-feira, 21 de novembro de 2024. &nbsp; Evangelho (Mt 12,46-50) &nbsp; \u201cQuem \u00e9 minha m\u00e3e e quem s\u00e3o meus irm\u00e3os?&#8221; &nbsp; Naquele tempo, 46enquanto Jesus&#8230;<\/p>\n","protected":false},"author":7,"featured_media":11505,"comment_status":"closed","ping_status":"closed","sticky":false,"template":"","format":"standard","meta":{"_acf_changed":false,"footnotes":""},"categories":[13],"tags":[],"class_list":["post-11504","post","type-post","status-publish","format-standard","has-post-thumbnail","hentry","category-reflexaodoevagelho"],"acf":[],"yoast_head":"<!-- This site is optimized with the Yoast SEO plugin v27.3 - https:\/\/yoast.com\/product\/yoast-seo-wordpress\/ -->\n<title>21\/11 - Quem \u00e9 minha m\u00e3e e quem s\u00e3o meus irm\u00e3os? - Pastoral Universit\u00e1ria UniSALESIANO<\/title>\n<meta name=\"robots\" content=\"index, follow, max-snippet:-1, max-image-preview:large, max-video-preview:-1\" \/>\n<link rel=\"canonical\" href=\"https:\/\/unisale.com.br\/pastoral\/21-11-quem-e-minha-mae-e-quem-sao-meus-irmaos-3\/\" \/>\n<meta property=\"og:locale\" content=\"pt_BR\" \/>\n<meta property=\"og:type\" content=\"article\" \/>\n<meta property=\"og:title\" content=\"21\/11 - Quem \u00e9 minha m\u00e3e e quem s\u00e3o meus irm\u00e3os? - Pastoral Universit\u00e1ria UniSALESIANO\" \/>\n<meta property=\"og:description\" content=\"Quinta-feira, 21 de novembro de 2024. &nbsp; Evangelho (Mt 12,46-50) &nbsp; \u201cQuem \u00e9 minha m\u00e3e e quem s\u00e3o meus irm\u00e3os?&#8221; &nbsp; Naquele tempo, 46enquanto Jesus...\" \/>\n<meta property=\"og:url\" content=\"https:\/\/unisale.com.br\/pastoral\/21-11-quem-e-minha-mae-e-quem-sao-meus-irmaos-3\/\" \/>\n<meta property=\"og:site_name\" content=\"Pastoral Universit\u00e1ria UniSALESIANO\" \/>\n<meta property=\"article:published_time\" content=\"2024-11-18T11:15:40+00:00\" \/>\n<meta property=\"og:image\" content=\"https:\/\/unisale.com.br\/pastoral\/wp-content\/uploads\/2024\/11\/0fe40c972460162722405d205db7883e8500439c25857591d9e13f30d96039c0.png\" \/>\n\t<meta property=\"og:image:width\" content=\"768\" \/>\n\t<meta property=\"og:image:height\" content=\"1024\" \/>\n\t<meta property=\"og:image:type\" content=\"image\/png\" \/>\n<meta name=\"author\" content=\"Luan Carlos Souza Pires\" \/>\n<meta name=\"twitter:card\" content=\"summary_large_image\" \/>\n<meta name=\"twitter:label1\" content=\"Escrito por\" \/>\n\t<meta name=\"twitter:data1\" content=\"Luan Carlos Souza Pires\" \/>\n\t<meta name=\"twitter:label2\" content=\"Est. tempo de leitura\" \/>\n\t<meta name=\"twitter:data2\" content=\"3 minutos\" \/>\n<script type=\"application\/ld+json\" class=\"yoast-schema-graph\">{\"@context\":\"https:\\\/\\\/schema.org\",\"@graph\":[{\"@type\":\"Article\",\"@id\":\"https:\\\/\\\/unisale.com.br\\\/pastoral\\\/21-11-quem-e-minha-mae-e-quem-sao-meus-irmaos-3\\\/#article\",\"isPartOf\":{\"@id\":\"https:\\\/\\\/unisale.com.br\\\/pastoral\\\/21-11-quem-e-minha-mae-e-quem-sao-meus-irmaos-3\\\/\"},\"author\":{\"name\":\"Luan Carlos Souza Pires\",\"@id\":\"https:\\\/\\\/unisale.com.br\\\/pastoral\\\/#\\\/schema\\\/person\\\/f5a2bcc971c39b32f07f294786390f70\"},\"headline\":\"21\\\/11 &#8211; Quem \u00e9 minha m\u00e3e e quem s\u00e3o meus irm\u00e3os?\",\"datePublished\":\"2024-11-18T11:15:40+00:00\",\"mainEntityOfPage\":{\"@id\":\"https:\\\/\\\/unisale.com.br\\\/pastoral\\\/21-11-quem-e-minha-mae-e-quem-sao-meus-irmaos-3\\\/\"},\"wordCount\":419,\"image\":{\"@id\":\"https:\\\/\\\/unisale.com.br\\\/pastoral\\\/21-11-quem-e-minha-mae-e-quem-sao-meus-irmaos-3\\\/#primaryimage\"},\"thumbnailUrl\":\"https:\\\/\\\/unisale.com.br\\\/pastoral\\\/wp-content\\\/uploads\\\/2024\\\/11\\\/0fe40c972460162722405d205db7883e8500439c25857591d9e13f30d96039c0.jpg\",\"articleSection\":[\"Reflex\u00e3o do Evangelho\"],\"inLanguage\":\"pt-BR\"},{\"@type\":\"WebPage\",\"@id\":\"https:\\\/\\\/unisale.com.br\\\/pastoral\\\/21-11-quem-e-minha-mae-e-quem-sao-meus-irmaos-3\\\/\",\"url\":\"https:\\\/\\\/unisale.com.br\\\/pastoral\\\/21-11-quem-e-minha-mae-e-quem-sao-meus-irmaos-3\\\/\",\"name\":\"21\\\/11 - Quem \u00e9 minha m\u00e3e e quem s\u00e3o meus irm\u00e3os? - Pastoral Universit\u00e1ria UniSALESIANO\",\"isPartOf\":{\"@id\":\"https:\\\/\\\/unisale.com.br\\\/pastoral\\\/#website\"},\"primaryImageOfPage\":{\"@id\":\"https:\\\/\\\/unisale.com.br\\\/pastoral\\\/21-11-quem-e-minha-mae-e-quem-sao-meus-irmaos-3\\\/#primaryimage\"},\"image\":{\"@id\":\"https:\\\/\\\/unisale.com.br\\\/pastoral\\\/21-11-quem-e-minha-mae-e-quem-sao-meus-irmaos-3\\\/#primaryimage\"},\"thumbnailUrl\":\"https:\\\/\\\/unisale.com.br\\\/pastoral\\\/wp-content\\\/uploads\\\/2024\\\/11\\\/0fe40c972460162722405d205db7883e8500439c25857591d9e13f30d96039c0.jpg\",\"datePublished\":\"2024-11-18T11:15:40+00:00\",\"author\":{\"@id\":\"https:\\\/\\\/unisale.com.br\\\/pastoral\\\/#\\\/schema\\\/person\\\/f5a2bcc971c39b32f07f294786390f70\"},\"inLanguage\":\"pt-BR\",\"potentialAction\":[{\"@type\":\"ReadAction\",\"target\":[\"https:\\\/\\\/unisale.com.br\\\/pastoral\\\/21-11-quem-e-minha-mae-e-quem-sao-meus-irmaos-3\\\/\"]}]},{\"@type\":\"ImageObject\",\"inLanguage\":\"pt-BR\",\"@id\":\"https:\\\/\\\/unisale.com.br\\\/pastoral\\\/21-11-quem-e-minha-mae-e-quem-sao-meus-irmaos-3\\\/#primaryimage\",\"url\":\"https:\\\/\\\/unisale.com.br\\\/pastoral\\\/wp-content\\\/uploads\\\/2024\\\/11\\\/0fe40c972460162722405d205db7883e8500439c25857591d9e13f30d96039c0.jpg\",\"contentUrl\":\"https:\\\/\\\/unisale.com.br\\\/pastoral\\\/wp-content\\\/uploads\\\/2024\\\/11\\\/0fe40c972460162722405d205db7883e8500439c25857591d9e13f30d96039c0.jpg\",\"width\":375,\"height\":500},{\"@type\":\"WebSite\",\"@id\":\"https:\\\/\\\/unisale.com.br\\\/pastoral\\\/#website\",\"url\":\"https:\\\/\\\/unisale.com.br\\\/pastoral\\\/\",\"name\":\"Pastoral Universit\u00e1ria UniSALESIANO\",\"description\":\"Site da Pastoral Universit\u00e1ria do UniSALESIANO\",\"potentialAction\":[{\"@type\":\"SearchAction\",\"target\":{\"@type\":\"EntryPoint\",\"urlTemplate\":\"https:\\\/\\\/unisale.com.br\\\/pastoral\\\/?s={search_term_string}\"},\"query-input\":{\"@type\":\"PropertyValueSpecification\",\"valueRequired\":true,\"valueName\":\"search_term_string\"}}],\"inLanguage\":\"pt-BR\"},{\"@type\":\"Person\",\"@id\":\"https:\\\/\\\/unisale.com.br\\\/pastoral\\\/#\\\/schema\\\/person\\\/f5a2bcc971c39b32f07f294786390f70\",\"name\":\"Luan Carlos Souza Pires\",\"url\":\"https:\\\/\\\/unisale.com.br\\\/pastoral\\\/author\\\/luan\\\/\"}]}<\/script>\n<!-- \/ Yoast SEO plugin. -->","yoast_head_json":{"title":"21\/11 - Quem \u00e9 minha m\u00e3e e quem s\u00e3o meus irm\u00e3os? - Pastoral Universit\u00e1ria UniSALESIANO","robots":{"index":"index","follow":"follow","max-snippet":"max-snippet:-1","max-image-preview":"max-image-preview:large","max-video-preview":"max-video-preview:-1"},"canonical":"https:\/\/unisale.com.br\/pastoral\/21-11-quem-e-minha-mae-e-quem-sao-meus-irmaos-3\/","og_locale":"pt_BR","og_type":"article","og_title":"21\/11 - Quem \u00e9 minha m\u00e3e e quem s\u00e3o meus irm\u00e3os? - Pastoral Universit\u00e1ria UniSALESIANO","og_description":"Quinta-feira, 21 de novembro de 2024. &nbsp; Evangelho (Mt 12,46-50) &nbsp; \u201cQuem \u00e9 minha m\u00e3e e quem s\u00e3o meus irm\u00e3os?&#8221; &nbsp; Naquele tempo, 46enquanto Jesus...","og_url":"https:\/\/unisale.com.br\/pastoral\/21-11-quem-e-minha-mae-e-quem-sao-meus-irmaos-3\/","og_site_name":"Pastoral Universit\u00e1ria UniSALESIANO","article_published_time":"2024-11-18T11:15:40+00:00","og_image":[{"width":768,"height":1024,"url":"https:\/\/unisale.com.br\/pastoral\/wp-content\/uploads\/2024\/11\/0fe40c972460162722405d205db7883e8500439c25857591d9e13f30d96039c0.png","type":"image\/png"}],"author":"Luan Carlos Souza Pires","twitter_card":"summary_large_image","twitter_misc":{"Escrito por":"Luan Carlos Souza Pires","Est. tempo de leitura":"3 minutos"},"schema":{"@context":"https:\/\/schema.org","@graph":[{"@type":"Article","@id":"https:\/\/unisale.com.br\/pastoral\/21-11-quem-e-minha-mae-e-quem-sao-meus-irmaos-3\/#article","isPartOf":{"@id":"https:\/\/unisale.com.br\/pastoral\/21-11-quem-e-minha-mae-e-quem-sao-meus-irmaos-3\/"},"author":{"name":"Luan Carlos Souza Pires","@id":"https:\/\/unisale.com.br\/pastoral\/#\/schema\/person\/f5a2bcc971c39b32f07f294786390f70"},"headline":"21\/11 &#8211; Quem \u00e9 minha m\u00e3e e quem s\u00e3o meus irm\u00e3os?","datePublished":"2024-11-18T11:15:40+00:00","mainEntityOfPage":{"@id":"https:\/\/unisale.com.br\/pastoral\/21-11-quem-e-minha-mae-e-quem-sao-meus-irmaos-3\/"},"wordCount":419,"image":{"@id":"https:\/\/unisale.com.br\/pastoral\/21-11-quem-e-minha-mae-e-quem-sao-meus-irmaos-3\/#primaryimage"},"thumbnailUrl":"https:\/\/unisale.com.br\/pastoral\/wp-content\/uploads\/2024\/11\/0fe40c972460162722405d205db7883e8500439c25857591d9e13f30d96039c0.jpg","articleSection":["Reflex\u00e3o do Evangelho"],"inLanguage":"pt-BR"},{"@type":"WebPage","@id":"https:\/\/unisale.com.br\/pastoral\/21-11-quem-e-minha-mae-e-quem-sao-meus-irmaos-3\/","url":"https:\/\/unisale.com.br\/pastoral\/21-11-quem-e-minha-mae-e-quem-sao-meus-irmaos-3\/","name":"21\/11 - Quem \u00e9 minha m\u00e3e e quem s\u00e3o meus irm\u00e3os? - Pastoral Universit\u00e1ria UniSALESIANO","isPartOf":{"@id":"https:\/\/unisale.com.br\/pastoral\/#website"},"primaryImageOfPage":{"@id":"https:\/\/unisale.com.br\/pastoral\/21-11-quem-e-minha-mae-e-quem-sao-meus-irmaos-3\/#primaryimage"},"image":{"@id":"https:\/\/unisale.com.br\/pastoral\/21-11-quem-e-minha-mae-e-quem-sao-meus-irmaos-3\/#primaryimage"},"thumbnailUrl":"https:\/\/unisale.com.br\/pastoral\/wp-content\/uploads\/2024\/11\/0fe40c972460162722405d205db7883e8500439c25857591d9e13f30d96039c0.jpg","datePublished":"2024-11-18T11:15:40+00:00","author":{"@id":"https:\/\/unisale.com.br\/pastoral\/#\/schema\/person\/f5a2bcc971c39b32f07f294786390f70"},"inLanguage":"pt-BR","potentialAction":[{"@type":"ReadAction","target":["https:\/\/unisale.com.br\/pastoral\/21-11-quem-e-minha-mae-e-quem-sao-meus-irmaos-3\/"]}]},{"@type":"ImageObject","inLanguage":"pt-BR","@id":"https:\/\/unisale.com.br\/pastoral\/21-11-quem-e-minha-mae-e-quem-sao-meus-irmaos-3\/#primaryimage","url":"https:\/\/unisale.com.br\/pastoral\/wp-content\/uploads\/2024\/11\/0fe40c972460162722405d205db7883e8500439c25857591d9e13f30d96039c0.jpg","contentUrl":"https:\/\/unisale.com.br\/pastoral\/wp-content\/uploads\/2024\/11\/0fe40c972460162722405d205db7883e8500439c25857591d9e13f30d96039c0.jpg","width":375,"height":500},{"@type":"WebSite","@id":"https:\/\/unisale.com.br\/pastoral\/#website","url":"https:\/\/unisale.com.br\/pastoral\/","name":"Pastoral Universit\u00e1ria UniSALESIANO","description":"Site da Pastoral Universit\u00e1ria do UniSALESIANO","potentialAction":[{"@type":"SearchAction","target":{"@type":"EntryPoint","urlTemplate":"https:\/\/unisale.com.br\/pastoral\/?s={search_term_string}"},"query-input":{"@type":"PropertyValueSpecification","valueRequired":true,"valueName":"search_term_string"}}],"inLanguage":"pt-BR"},{"@type":"Person","@id":"https:\/\/unisale.com.br\/pastoral\/#\/schema\/person\/f5a2bcc971c39b32f07f294786390f70","name":"Luan Carlos Souza Pires","url":"https:\/\/unisale.com.br\/pastoral\/author\/luan\/"}]}},"_links":{"self":[{"href":"https:\/\/unisale.com.br\/pastoral\/wp-json\/wp\/v2\/posts\/11504","targetHints":{"allow":["GET"]}}],"collection":[{"href":"https:\/\/unisale.com.br\/pastoral\/wp-json\/wp\/v2\/posts"}],"about":[{"href":"https:\/\/unisale.com.br\/pastoral\/wp-json\/wp\/v2\/types\/post"}],"author":[{"embeddable":true,"href":"https:\/\/unisale.com.br\/pastoral\/wp-json\/wp\/v2\/users\/7"}],"replies":[{"embeddable":true,"href":"https:\/\/unisale.com.br\/pastoral\/wp-json\/wp\/v2\/comments?post=11504"}],"version-history":[{"count":1,"href":"https:\/\/unisale.com.br\/pastoral\/wp-json\/wp\/v2\/posts\/11504\/revisions"}],"predecessor-version":[{"id":11506,"href":"https:\/\/unisale.com.br\/pastoral\/wp-json\/wp\/v2\/posts\/11504\/revisions\/11506"}],"wp:featuredmedia":[{"embeddable":true,"href":"https:\/\/unisale.com.br\/pastoral\/wp-json\/wp\/v2\/media\/11505"}],"wp:attachment":[{"href":"https:\/\/unisale.com.br\/pastoral\/wp-json\/wp\/v2\/media?parent=11504"}],"wp:term":[{"taxonomy":"category","embeddable":true,"href":"https:\/\/unisale.com.br\/pastoral\/wp-json\/wp\/v2\/categories?post=11504"},{"taxonomy":"post_tag","embeddable":true,"href":"https:\/\/unisale.com.br\/pastoral\/wp-json\/wp\/v2\/tags?post=11504"}],"curies":[{"name":"wp","href":"https:\/\/api.w.org\/{rel}","templated":true}]}}