{"id":11517,"date":"2024-11-18T11:44:55","date_gmt":"2024-11-18T11:44:55","guid":{"rendered":"https:\/\/unisale.com.br\/pastoral\/?p=11517"},"modified":"2024-11-21T18:06:58","modified_gmt":"2024-11-21T18:06:58","slug":"25-11-mas-a-viuva-na-sua-pobreza-ofertou-tudo-quanto-tinha-para-viver","status":"publish","type":"post","link":"https:\/\/unisale.com.br\/pastoral\/25-11-mas-a-viuva-na-sua-pobreza-ofertou-tudo-quanto-tinha-para-viver\/","title":{"rendered":"25\/11 &#8211; Mas a vi\u00fava, na sua pobreza, ofertou tudo quanto tinha para viver."},"content":{"rendered":"<p>Segunda-feira, 25 de novembro de 2024.<\/p>\n<p>&nbsp;<\/p>\n<p>Evangelho (Lc 21,1-4)<\/p>\n<p>&nbsp;<\/p>\n<p><strong>\u201cMas a vi\u00fava, na sua pobreza, ofertou tudo quanto tinha para viver\u201d<\/strong><\/p>\n<p>&nbsp;<\/p>\n<p>Naquele tempo, <sup>1<\/sup>Jesus ergueu os olhos e viu pessoas ricas depositando ofertas no tesouro do Templo. <sup>2<\/sup>Viu tamb\u00e9m uma pobre vi\u00fava que depositou duas pequenas moedas. <sup>3<\/sup>Diante disso, ele disse: \u201cEm verdade vos digo que essa pobre vi\u00fava ofertou mais do que todos. <sup>4<\/sup>Pois todos eles depositaram, como oferta feita a Deus, aquilo que lhes sobrava. Mas a vi\u00fava, na sua pobreza, ofertou tudo quanto tinha para viver\u201d.<\/p>\n<p>&nbsp;<\/p>\n<p><strong>Reflex\u00e3o<\/strong><\/p>\n<p>&nbsp;<\/p>\n<p>Depositar a oferta no cesto da coleta, um gesto que \u00e9 realizado de forma id\u00eantica por muitas pessoas. Mas pode ser que as inten\u00e7\u00f5es, o cora\u00e7\u00e3o, sejam diversos. Jesus tem justamente a capacidade de ver exatamente as inten\u00e7\u00f5es do cora\u00e7\u00e3o, e isto nos exp\u00f5e de tal modo a nos constranger a prestar contar com autenticidade. Este \u00e9 um tipo de reconcilia\u00e7\u00e3o entre o interno e o externo da nossa vida. Entre aquilo que fazemos e o porqu\u00ea realmente fazemos. Porque Jesus tem raz\u00e3o quando diz que os ricos ofertaram o sup\u00e9rfluo, enquanto a pobre vi\u00fava: \u2018na sua pobreza, ofertou tudo quanto tinha para viver\u201d. De fato, j\u00e1 \u00e9 louv\u00e1vel ver que o ego\u00edsmo de uma pessoa recua ao menos na tentativa de n\u00e3o reter para si o que tem a mais, o sup\u00e9rfluo, e de oferece-lo. Mas n\u00e3o basta uma medida politicamente correta para fazer-nos diferentes, novos. A novidade apresentada por Jesus contempla mais o gesto desta mulher do que o gesto dos ricos, porque colocou em jogo n\u00e3o o que sobrou, mas aquilo que serve para viver e n\u00e3o qualquer sobra. \u00c9 somente quando se coloca em jogo aquilo que \u00e9 precioso, aquilo que est\u00e1 mais perto do cora\u00e7\u00e3o, que se \u00e9 capaz de compreender o quanto \u00e9 valioso aquela coisa ou aquela pessoa. Uma m\u00e3e n\u00e3o comeria o melhor peda\u00e7o de p\u00e3o deixando ao filho p\u00e3o murcho. Ela faz justamente o contr\u00e1rio. E n\u00e3o importa se aquele p\u00e3o \u00e9 pouco, porque aquela pequena por\u00e7\u00e3o de p\u00e3o dada assim, vale mais do que tudo. Penso que ao final da nossa vida, quando estaremos diante do Senhor, n\u00e3o encontraremos a quantidade de coisas feitas, mas a qualidade das coisas feitas. Na eternidade encontraremos somente o essencial compartilhado, e ent\u00e3o entendermos porque era melhor a pobreza, porque para um pobre, cada coisa \u00e9 essencial.<\/p>\n<p><strong>Pe. Paulo Eduardo J\u00e1como, SDB.<\/strong><\/p>\n","protected":false},"excerpt":{"rendered":"<p>Segunda-feira, 25 de novembro de 2024. &nbsp; Evangelho (Lc 21,1-4) &nbsp; \u201cMas a vi\u00fava, na sua pobreza, ofertou tudo quanto tinha para viver\u201d &nbsp; Naquele&#8230;<\/p>\n","protected":false},"author":7,"featured_media":11528,"comment_status":"closed","ping_status":"closed","sticky":false,"template":"","format":"standard","meta":{"_acf_changed":false,"footnotes":""},"categories":[13],"tags":[],"class_list":["post-11517","post","type-post","status-publish","format-standard","has-post-thumbnail","hentry","category-reflexaodoevagelho"],"acf":[],"yoast_head":"<!-- This site is optimized with the Yoast SEO plugin v27.3 - https:\/\/yoast.com\/product\/yoast-seo-wordpress\/ -->\n<title>25\/11 - Mas a vi\u00fava, na sua pobreza, ofertou tudo quanto tinha para viver. - Pastoral Universit\u00e1ria UniSALESIANO<\/title>\n<meta name=\"robots\" content=\"index, follow, max-snippet:-1, max-image-preview:large, max-video-preview:-1\" \/>\n<link rel=\"canonical\" href=\"https:\/\/unisale.com.br\/pastoral\/25-11-mas-a-viuva-na-sua-pobreza-ofertou-tudo-quanto-tinha-para-viver\/\" \/>\n<meta property=\"og:locale\" content=\"pt_BR\" \/>\n<meta property=\"og:type\" content=\"article\" \/>\n<meta property=\"og:title\" content=\"25\/11 - Mas a vi\u00fava, na sua pobreza, ofertou tudo quanto tinha para viver. - Pastoral Universit\u00e1ria UniSALESIANO\" \/>\n<meta property=\"og:description\" content=\"Segunda-feira, 25 de novembro de 2024. &nbsp; Evangelho (Lc 21,1-4) &nbsp; \u201cMas a vi\u00fava, na sua pobreza, ofertou tudo quanto tinha para viver\u201d &nbsp; Naquele...\" \/>\n<meta property=\"og:url\" content=\"https:\/\/unisale.com.br\/pastoral\/25-11-mas-a-viuva-na-sua-pobreza-ofertou-tudo-quanto-tinha-para-viver\/\" \/>\n<meta property=\"og:site_name\" content=\"Pastoral Universit\u00e1ria UniSALESIANO\" \/>\n<meta property=\"article:published_time\" content=\"2024-11-18T11:44:55+00:00\" \/>\n<meta property=\"article:modified_time\" content=\"2024-11-21T18:06:58+00:00\" \/>\n<meta property=\"og:image\" content=\"https:\/\/unisale.com.br\/pastoral\/wp-content\/uploads\/2024\/11\/viuvapobre-1.jpeg\" \/>\n\t<meta property=\"og:image:width\" content=\"640\" \/>\n\t<meta property=\"og:image:height\" content=\"426\" \/>\n\t<meta property=\"og:image:type\" content=\"image\/jpeg\" \/>\n<meta name=\"author\" content=\"Luan Carlos Souza Pires\" \/>\n<meta name=\"twitter:card\" content=\"summary_large_image\" \/>\n<meta name=\"twitter:label1\" content=\"Escrito por\" \/>\n\t<meta name=\"twitter:data1\" content=\"Luan Carlos Souza Pires\" \/>\n\t<meta name=\"twitter:label2\" content=\"Est. tempo de leitura\" \/>\n\t<meta name=\"twitter:data2\" content=\"3 minutos\" \/>\n<script type=\"application\/ld+json\" class=\"yoast-schema-graph\">{\"@context\":\"https:\\\/\\\/schema.org\",\"@graph\":[{\"@type\":\"Article\",\"@id\":\"https:\\\/\\\/unisale.com.br\\\/pastoral\\\/25-11-mas-a-viuva-na-sua-pobreza-ofertou-tudo-quanto-tinha-para-viver\\\/#article\",\"isPartOf\":{\"@id\":\"https:\\\/\\\/unisale.com.br\\\/pastoral\\\/25-11-mas-a-viuva-na-sua-pobreza-ofertou-tudo-quanto-tinha-para-viver\\\/\"},\"author\":{\"name\":\"Luan Carlos Souza Pires\",\"@id\":\"https:\\\/\\\/unisale.com.br\\\/pastoral\\\/#\\\/schema\\\/person\\\/f5a2bcc971c39b32f07f294786390f70\"},\"headline\":\"25\\\/11 &#8211; Mas a vi\u00fava, na sua pobreza, ofertou tudo quanto tinha para viver.\",\"datePublished\":\"2024-11-18T11:44:55+00:00\",\"dateModified\":\"2024-11-21T18:06:58+00:00\",\"mainEntityOfPage\":{\"@id\":\"https:\\\/\\\/unisale.com.br\\\/pastoral\\\/25-11-mas-a-viuva-na-sua-pobreza-ofertou-tudo-quanto-tinha-para-viver\\\/\"},\"wordCount\":443,\"image\":{\"@id\":\"https:\\\/\\\/unisale.com.br\\\/pastoral\\\/25-11-mas-a-viuva-na-sua-pobreza-ofertou-tudo-quanto-tinha-para-viver\\\/#primaryimage\"},\"thumbnailUrl\":\"https:\\\/\\\/unisale.com.br\\\/pastoral\\\/wp-content\\\/uploads\\\/2024\\\/11\\\/viuvapobre-1.jpeg\",\"articleSection\":[\"Reflex\u00e3o do Evangelho\"],\"inLanguage\":\"pt-BR\"},{\"@type\":\"WebPage\",\"@id\":\"https:\\\/\\\/unisale.com.br\\\/pastoral\\\/25-11-mas-a-viuva-na-sua-pobreza-ofertou-tudo-quanto-tinha-para-viver\\\/\",\"url\":\"https:\\\/\\\/unisale.com.br\\\/pastoral\\\/25-11-mas-a-viuva-na-sua-pobreza-ofertou-tudo-quanto-tinha-para-viver\\\/\",\"name\":\"25\\\/11 - Mas a vi\u00fava, na sua pobreza, ofertou tudo quanto tinha para viver. - Pastoral Universit\u00e1ria UniSALESIANO\",\"isPartOf\":{\"@id\":\"https:\\\/\\\/unisale.com.br\\\/pastoral\\\/#website\"},\"primaryImageOfPage\":{\"@id\":\"https:\\\/\\\/unisale.com.br\\\/pastoral\\\/25-11-mas-a-viuva-na-sua-pobreza-ofertou-tudo-quanto-tinha-para-viver\\\/#primaryimage\"},\"image\":{\"@id\":\"https:\\\/\\\/unisale.com.br\\\/pastoral\\\/25-11-mas-a-viuva-na-sua-pobreza-ofertou-tudo-quanto-tinha-para-viver\\\/#primaryimage\"},\"thumbnailUrl\":\"https:\\\/\\\/unisale.com.br\\\/pastoral\\\/wp-content\\\/uploads\\\/2024\\\/11\\\/viuvapobre-1.jpeg\",\"datePublished\":\"2024-11-18T11:44:55+00:00\",\"dateModified\":\"2024-11-21T18:06:58+00:00\",\"author\":{\"@id\":\"https:\\\/\\\/unisale.com.br\\\/pastoral\\\/#\\\/schema\\\/person\\\/f5a2bcc971c39b32f07f294786390f70\"},\"inLanguage\":\"pt-BR\",\"potentialAction\":[{\"@type\":\"ReadAction\",\"target\":[\"https:\\\/\\\/unisale.com.br\\\/pastoral\\\/25-11-mas-a-viuva-na-sua-pobreza-ofertou-tudo-quanto-tinha-para-viver\\\/\"]}]},{\"@type\":\"ImageObject\",\"inLanguage\":\"pt-BR\",\"@id\":\"https:\\\/\\\/unisale.com.br\\\/pastoral\\\/25-11-mas-a-viuva-na-sua-pobreza-ofertou-tudo-quanto-tinha-para-viver\\\/#primaryimage\",\"url\":\"https:\\\/\\\/unisale.com.br\\\/pastoral\\\/wp-content\\\/uploads\\\/2024\\\/11\\\/viuvapobre-1.jpeg\",\"contentUrl\":\"https:\\\/\\\/unisale.com.br\\\/pastoral\\\/wp-content\\\/uploads\\\/2024\\\/11\\\/viuvapobre-1.jpeg\",\"width\":640,\"height\":426},{\"@type\":\"WebSite\",\"@id\":\"https:\\\/\\\/unisale.com.br\\\/pastoral\\\/#website\",\"url\":\"https:\\\/\\\/unisale.com.br\\\/pastoral\\\/\",\"name\":\"Pastoral Universit\u00e1ria UniSALESIANO\",\"description\":\"Site da Pastoral Universit\u00e1ria do UniSALESIANO\",\"potentialAction\":[{\"@type\":\"SearchAction\",\"target\":{\"@type\":\"EntryPoint\",\"urlTemplate\":\"https:\\\/\\\/unisale.com.br\\\/pastoral\\\/?s={search_term_string}\"},\"query-input\":{\"@type\":\"PropertyValueSpecification\",\"valueRequired\":true,\"valueName\":\"search_term_string\"}}],\"inLanguage\":\"pt-BR\"},{\"@type\":\"Person\",\"@id\":\"https:\\\/\\\/unisale.com.br\\\/pastoral\\\/#\\\/schema\\\/person\\\/f5a2bcc971c39b32f07f294786390f70\",\"name\":\"Luan Carlos Souza Pires\",\"url\":\"https:\\\/\\\/unisale.com.br\\\/pastoral\\\/author\\\/luan\\\/\"}]}<\/script>\n<!-- \/ Yoast SEO plugin. -->","yoast_head_json":{"title":"25\/11 - Mas a vi\u00fava, na sua pobreza, ofertou tudo quanto tinha para viver. - Pastoral Universit\u00e1ria UniSALESIANO","robots":{"index":"index","follow":"follow","max-snippet":"max-snippet:-1","max-image-preview":"max-image-preview:large","max-video-preview":"max-video-preview:-1"},"canonical":"https:\/\/unisale.com.br\/pastoral\/25-11-mas-a-viuva-na-sua-pobreza-ofertou-tudo-quanto-tinha-para-viver\/","og_locale":"pt_BR","og_type":"article","og_title":"25\/11 - Mas a vi\u00fava, na sua pobreza, ofertou tudo quanto tinha para viver. - Pastoral Universit\u00e1ria UniSALESIANO","og_description":"Segunda-feira, 25 de novembro de 2024. &nbsp; Evangelho (Lc 21,1-4) &nbsp; \u201cMas a vi\u00fava, na sua pobreza, ofertou tudo quanto tinha para viver\u201d &nbsp; Naquele...","og_url":"https:\/\/unisale.com.br\/pastoral\/25-11-mas-a-viuva-na-sua-pobreza-ofertou-tudo-quanto-tinha-para-viver\/","og_site_name":"Pastoral Universit\u00e1ria UniSALESIANO","article_published_time":"2024-11-18T11:44:55+00:00","article_modified_time":"2024-11-21T18:06:58+00:00","og_image":[{"width":640,"height":426,"url":"https:\/\/unisale.com.br\/pastoral\/wp-content\/uploads\/2024\/11\/viuvapobre-1.jpeg","type":"image\/jpeg"}],"author":"Luan Carlos Souza Pires","twitter_card":"summary_large_image","twitter_misc":{"Escrito por":"Luan Carlos Souza Pires","Est. tempo de leitura":"3 minutos"},"schema":{"@context":"https:\/\/schema.org","@graph":[{"@type":"Article","@id":"https:\/\/unisale.com.br\/pastoral\/25-11-mas-a-viuva-na-sua-pobreza-ofertou-tudo-quanto-tinha-para-viver\/#article","isPartOf":{"@id":"https:\/\/unisale.com.br\/pastoral\/25-11-mas-a-viuva-na-sua-pobreza-ofertou-tudo-quanto-tinha-para-viver\/"},"author":{"name":"Luan Carlos Souza Pires","@id":"https:\/\/unisale.com.br\/pastoral\/#\/schema\/person\/f5a2bcc971c39b32f07f294786390f70"},"headline":"25\/11 &#8211; Mas a vi\u00fava, na sua pobreza, ofertou tudo quanto tinha para viver.","datePublished":"2024-11-18T11:44:55+00:00","dateModified":"2024-11-21T18:06:58+00:00","mainEntityOfPage":{"@id":"https:\/\/unisale.com.br\/pastoral\/25-11-mas-a-viuva-na-sua-pobreza-ofertou-tudo-quanto-tinha-para-viver\/"},"wordCount":443,"image":{"@id":"https:\/\/unisale.com.br\/pastoral\/25-11-mas-a-viuva-na-sua-pobreza-ofertou-tudo-quanto-tinha-para-viver\/#primaryimage"},"thumbnailUrl":"https:\/\/unisale.com.br\/pastoral\/wp-content\/uploads\/2024\/11\/viuvapobre-1.jpeg","articleSection":["Reflex\u00e3o do Evangelho"],"inLanguage":"pt-BR"},{"@type":"WebPage","@id":"https:\/\/unisale.com.br\/pastoral\/25-11-mas-a-viuva-na-sua-pobreza-ofertou-tudo-quanto-tinha-para-viver\/","url":"https:\/\/unisale.com.br\/pastoral\/25-11-mas-a-viuva-na-sua-pobreza-ofertou-tudo-quanto-tinha-para-viver\/","name":"25\/11 - Mas a vi\u00fava, na sua pobreza, ofertou tudo quanto tinha para viver. - Pastoral Universit\u00e1ria UniSALESIANO","isPartOf":{"@id":"https:\/\/unisale.com.br\/pastoral\/#website"},"primaryImageOfPage":{"@id":"https:\/\/unisale.com.br\/pastoral\/25-11-mas-a-viuva-na-sua-pobreza-ofertou-tudo-quanto-tinha-para-viver\/#primaryimage"},"image":{"@id":"https:\/\/unisale.com.br\/pastoral\/25-11-mas-a-viuva-na-sua-pobreza-ofertou-tudo-quanto-tinha-para-viver\/#primaryimage"},"thumbnailUrl":"https:\/\/unisale.com.br\/pastoral\/wp-content\/uploads\/2024\/11\/viuvapobre-1.jpeg","datePublished":"2024-11-18T11:44:55+00:00","dateModified":"2024-11-21T18:06:58+00:00","author":{"@id":"https:\/\/unisale.com.br\/pastoral\/#\/schema\/person\/f5a2bcc971c39b32f07f294786390f70"},"inLanguage":"pt-BR","potentialAction":[{"@type":"ReadAction","target":["https:\/\/unisale.com.br\/pastoral\/25-11-mas-a-viuva-na-sua-pobreza-ofertou-tudo-quanto-tinha-para-viver\/"]}]},{"@type":"ImageObject","inLanguage":"pt-BR","@id":"https:\/\/unisale.com.br\/pastoral\/25-11-mas-a-viuva-na-sua-pobreza-ofertou-tudo-quanto-tinha-para-viver\/#primaryimage","url":"https:\/\/unisale.com.br\/pastoral\/wp-content\/uploads\/2024\/11\/viuvapobre-1.jpeg","contentUrl":"https:\/\/unisale.com.br\/pastoral\/wp-content\/uploads\/2024\/11\/viuvapobre-1.jpeg","width":640,"height":426},{"@type":"WebSite","@id":"https:\/\/unisale.com.br\/pastoral\/#website","url":"https:\/\/unisale.com.br\/pastoral\/","name":"Pastoral Universit\u00e1ria UniSALESIANO","description":"Site da Pastoral Universit\u00e1ria do UniSALESIANO","potentialAction":[{"@type":"SearchAction","target":{"@type":"EntryPoint","urlTemplate":"https:\/\/unisale.com.br\/pastoral\/?s={search_term_string}"},"query-input":{"@type":"PropertyValueSpecification","valueRequired":true,"valueName":"search_term_string"}}],"inLanguage":"pt-BR"},{"@type":"Person","@id":"https:\/\/unisale.com.br\/pastoral\/#\/schema\/person\/f5a2bcc971c39b32f07f294786390f70","name":"Luan Carlos Souza Pires","url":"https:\/\/unisale.com.br\/pastoral\/author\/luan\/"}]}},"_links":{"self":[{"href":"https:\/\/unisale.com.br\/pastoral\/wp-json\/wp\/v2\/posts\/11517","targetHints":{"allow":["GET"]}}],"collection":[{"href":"https:\/\/unisale.com.br\/pastoral\/wp-json\/wp\/v2\/posts"}],"about":[{"href":"https:\/\/unisale.com.br\/pastoral\/wp-json\/wp\/v2\/types\/post"}],"author":[{"embeddable":true,"href":"https:\/\/unisale.com.br\/pastoral\/wp-json\/wp\/v2\/users\/7"}],"replies":[{"embeddable":true,"href":"https:\/\/unisale.com.br\/pastoral\/wp-json\/wp\/v2\/comments?post=11517"}],"version-history":[{"count":1,"href":"https:\/\/unisale.com.br\/pastoral\/wp-json\/wp\/v2\/posts\/11517\/revisions"}],"predecessor-version":[{"id":11519,"href":"https:\/\/unisale.com.br\/pastoral\/wp-json\/wp\/v2\/posts\/11517\/revisions\/11519"}],"wp:featuredmedia":[{"embeddable":true,"href":"https:\/\/unisale.com.br\/pastoral\/wp-json\/wp\/v2\/media\/11528"}],"wp:attachment":[{"href":"https:\/\/unisale.com.br\/pastoral\/wp-json\/wp\/v2\/media?parent=11517"}],"wp:term":[{"taxonomy":"category","embeddable":true,"href":"https:\/\/unisale.com.br\/pastoral\/wp-json\/wp\/v2\/categories?post=11517"},{"taxonomy":"post_tag","embeddable":true,"href":"https:\/\/unisale.com.br\/pastoral\/wp-json\/wp\/v2\/tags?post=11517"}],"curies":[{"name":"wp","href":"https:\/\/api.w.org\/{rel}","templated":true}]}}