{"id":1152,"date":"2021-05-10T13:17:30","date_gmt":"2021-05-10T13:17:30","guid":{"rendered":"https:\/\/unisale.com.br\/pastoral\/?p=1152"},"modified":"2021-05-21T11:50:59","modified_gmt":"2021-05-21T11:50:59","slug":"e-bom-para-vos","status":"publish","type":"post","link":"https:\/\/unisale.com.br\/pastoral\/e-bom-para-vos\/","title":{"rendered":"11\/05 &#8211; \u00c9 bom para v\u00f3s que eu parta; se eu n\u00e3o for, n\u00e3o vir\u00e1 at\u00e9 v\u00f3s o Defensor."},"content":{"rendered":"<p><strong>Ter\u00e7a-feira, 11 de maio de 2021.<\/strong><\/p>\n<p>Evangelho (Jo 16,5-11)<\/p>\n<p><strong>\u00a0<\/strong><\/p>\n<p><strong><em>&#8220;&#8230;\u00e9 bom para v\u00f3s que eu parta; se eu n\u00e3o for, n\u00e3o vir\u00e1 at\u00e9 v\u00f3s o Defensor&#8221;.<\/em><\/strong><\/p>\n<p>Naquele tempo, Jesus disse a seus disc\u00edpulos: <sup>5<\/sup>\u201cAgora, parto para aquele que me enviou e nenhum de v\u00f3s me pergunta \u2018para onde vais?\u2019 <sup>6<\/sup>Mas, porque vos disse isso, a tristeza encheu os vossos cora\u00e7\u00f5es. <sup>7<\/sup>No entanto, eu vos digo a verdade: \u00c9 bom para v\u00f3s que eu parta; se eu n\u00e3o for, n\u00e3o vir\u00e1 at\u00e9 v\u00f3s o Defensor; mas, se eu me for, eu vo-lo mandarei. <sup>8<\/sup>E quando vier, ele demonstrar\u00e1 ao mundo em que consistem o pecado, a justi\u00e7a e o julgamento: <sup>9<\/sup>o pecado, porque n\u00e3o acreditaram em mim; <sup>10<\/sup>a justi\u00e7a, porque vou para o Pai, de modo que n\u00e3o mais me vereis, <sup>11<\/sup>e o julgamento, porque o chefe deste mundo j\u00e1 est\u00e1 condenado\u201d.<\/p>\n<p>&nbsp;<\/p>\n<p><strong>Reflex\u00e3o<\/strong><\/p>\n<p>Diante da sua morte eminente domina em Jesus o tema de \u201cvoltar ao Pai\u201d e, mesmo pedindo aos seus disc\u00edpulos que n\u00e3o ficassem perturbados (Jo14,1) com tal not\u00edcia, eles se encheram de tristeza, como nos diz o evangelho de hoje. Essa tristeza dos disc\u00edpulos era t\u00e3o profunda, que nenhum deles teve coragem de perguntar: \u201cpara onde est\u00e1s indo?\u201d. Certamente ficaram ainda mais confusos com a not\u00edcias quando Jesus lhes disse que para eles \u201cseria bom que ele partisse\u201d. Jesus precisa partir para que venha para eles o \u201cDefensor\u201d. O Esp\u00edrito \u00e9 presen\u00e7a do Jesus ausente. Somente a presen\u00e7a do Esp\u00edrito \u00e9 que poderia garantir aos disc\u00edpulos (como tamb\u00e9m a n\u00f3s hoje) a compreens\u00e3o plena de Jesus. Somente a comunica\u00e7\u00e3o do Esp\u00edrito \u00e9 que pode gerar homens como filhos de Deus. \u00c9 a vida que procede do alto, \u00e9 o \u201cnascer do alto\u201d. \u00c9 o Esp\u00edrito que mostrar\u00e1 ao mundo a verdade. O Esp\u00edrito \u00e9 a for\u00e7a motora. O Par\u00e1clito \u00e9 o continuador da obra de Jesus contra as obras do mundo (for\u00e7as do mal).<\/p>\n<p>Jesus deve partir e \u201cvoltar ao Pai\u201d. Esse retorno de Jesus ao Pai \u00e9 manifesta\u00e7\u00e3o da justi\u00e7a de Deus em contrapartida \u00e0 injusti\u00e7a cometida contra Jesus (1Tm 3,16). \u00c9 a sua glorifica\u00e7\u00e3o. \u00c9 atrav\u00e9s do Esp\u00edrito que n\u00f3s (os que creem) poderemos ver Aquele que est\u00e1 ausente, fisicamente. No Esp\u00edrito Jesus continua presente. Com a sua ressurrei\u00e7\u00e3o ele vence toda prova\u00e7\u00e3o. Ao sair vitorioso sobre a morte, Jesus vence \u201co chefe deste mundo\u201d e todos os que creem nessa vit\u00f3ria de Jesus sobre o maligno, participam desta mesma vit\u00f3ria, ou seja, a vit\u00f3ria de Jesus \u00e9 a nossa vit\u00f3ria. Jesus foi justificado pelo Pai, portanto, o Mal foi tamb\u00e9m condenado e j\u00e1 perdeu o seu poder sobre o mundo.<\/p>\n<p>&nbsp;<\/p>\n<p>Pe. Paulo Eduardo J\u00e1como, sdb.<\/p>\n","protected":false},"excerpt":{"rendered":"<p>Ter\u00e7a-feira, 11 de maio de 2021. Evangelho (Jo 16,5-11) \u00a0 &#8220;&#8230;\u00e9 bom para v\u00f3s que eu parta; se eu n\u00e3o for, n\u00e3o vir\u00e1 at\u00e9 v\u00f3s&#8230;<\/p>\n","protected":false},"author":1,"featured_media":1138,"comment_status":"closed","ping_status":"closed","sticky":false,"template":"","format":"standard","meta":{"_acf_changed":false,"footnotes":""},"categories":[13],"tags":[],"class_list":["post-1152","post","type-post","status-publish","format-standard","has-post-thumbnail","hentry","category-reflexaodoevagelho"],"acf":[],"yoast_head":"<!-- This site is optimized with the Yoast SEO plugin v27.3 - https:\/\/yoast.com\/product\/yoast-seo-wordpress\/ -->\n<title>11\/05 - \u00c9 bom para v\u00f3s que eu parta; se eu n\u00e3o for, n\u00e3o vir\u00e1 at\u00e9 v\u00f3s o Defensor. - Pastoral Universit\u00e1ria UniSALESIANO<\/title>\n<meta name=\"robots\" content=\"index, follow, max-snippet:-1, max-image-preview:large, max-video-preview:-1\" \/>\n<link rel=\"canonical\" href=\"https:\/\/unisale.com.br\/novo\/e-bom-para-vos\/\" \/>\n<meta property=\"og:locale\" content=\"pt_BR\" \/>\n<meta property=\"og:type\" content=\"article\" \/>\n<meta property=\"og:title\" content=\"11\/05 - \u00c9 bom para v\u00f3s que eu parta; se eu n\u00e3o for, n\u00e3o vir\u00e1 at\u00e9 v\u00f3s o Defensor. - Pastoral Universit\u00e1ria UniSALESIANO\" \/>\n<meta property=\"og:description\" content=\"Ter\u00e7a-feira, 11 de maio de 2021. Evangelho (Jo 16,5-11) \u00a0 &#8220;&#8230;\u00e9 bom para v\u00f3s que eu parta; se eu n\u00e3o for, n\u00e3o vir\u00e1 at\u00e9 v\u00f3s...\" \/>\n<meta property=\"og:url\" content=\"https:\/\/unisale.com.br\/novo\/e-bom-para-vos\/\" \/>\n<meta property=\"og:site_name\" content=\"Pastoral Universit\u00e1ria UniSALESIANO\" \/>\n<meta property=\"article:published_time\" content=\"2021-05-10T13:17:30+00:00\" \/>\n<meta property=\"article:modified_time\" content=\"2021-05-21T11:50:59+00:00\" \/>\n<meta property=\"og:image\" content=\"https:\/\/unisale.com.br\/novo\/wp-content\/uploads\/2021\/05\/11-05.jpg\" \/>\n\t<meta property=\"og:image:width\" content=\"1920\" \/>\n\t<meta property=\"og:image:height\" content=\"1080\" \/>\n\t<meta property=\"og:image:type\" content=\"image\/jpeg\" \/>\n<meta name=\"author\" content=\"pastoral\" \/>\n<meta name=\"twitter:card\" content=\"summary_large_image\" \/>\n<meta name=\"twitter:label1\" content=\"Escrito por\" \/>\n\t<meta name=\"twitter:data1\" content=\"pastoral\" \/>\n\t<meta name=\"twitter:label2\" content=\"Est. tempo de leitura\" \/>\n\t<meta name=\"twitter:data2\" content=\"2 minutos\" \/>\n<script type=\"application\/ld+json\" class=\"yoast-schema-graph\">{\"@context\":\"https:\\\/\\\/schema.org\",\"@graph\":[{\"@type\":\"Article\",\"@id\":\"https:\\\/\\\/unisale.com.br\\\/novo\\\/e-bom-para-vos\\\/#article\",\"isPartOf\":{\"@id\":\"https:\\\/\\\/unisale.com.br\\\/novo\\\/e-bom-para-vos\\\/\"},\"author\":{\"name\":\"pastoral\",\"@id\":\"https:\\\/\\\/unisale.com.br\\\/pastoral\\\/#\\\/schema\\\/person\\\/a16ba711a0f7dec9cb6b44563144d5a3\"},\"headline\":\"11\\\/05 &#8211; \u00c9 bom para v\u00f3s que eu parta; se eu n\u00e3o for, n\u00e3o vir\u00e1 at\u00e9 v\u00f3s o Defensor.\",\"datePublished\":\"2021-05-10T13:17:30+00:00\",\"dateModified\":\"2021-05-21T11:50:59+00:00\",\"mainEntityOfPage\":{\"@id\":\"https:\\\/\\\/unisale.com.br\\\/novo\\\/e-bom-para-vos\\\/\"},\"wordCount\":500,\"image\":{\"@id\":\"https:\\\/\\\/unisale.com.br\\\/novo\\\/e-bom-para-vos\\\/#primaryimage\"},\"thumbnailUrl\":\"https:\\\/\\\/unisale.com.br\\\/pastoral\\\/wp-content\\\/uploads\\\/2021\\\/05\\\/11-05.jpg\",\"articleSection\":[\"Reflex\u00e3o do Evangelho\"],\"inLanguage\":\"pt-BR\"},{\"@type\":\"WebPage\",\"@id\":\"https:\\\/\\\/unisale.com.br\\\/novo\\\/e-bom-para-vos\\\/\",\"url\":\"https:\\\/\\\/unisale.com.br\\\/novo\\\/e-bom-para-vos\\\/\",\"name\":\"11\\\/05 - \u00c9 bom para v\u00f3s que eu parta; se eu n\u00e3o for, n\u00e3o vir\u00e1 at\u00e9 v\u00f3s o Defensor. - Pastoral Universit\u00e1ria UniSALESIANO\",\"isPartOf\":{\"@id\":\"https:\\\/\\\/unisale.com.br\\\/pastoral\\\/#website\"},\"primaryImageOfPage\":{\"@id\":\"https:\\\/\\\/unisale.com.br\\\/novo\\\/e-bom-para-vos\\\/#primaryimage\"},\"image\":{\"@id\":\"https:\\\/\\\/unisale.com.br\\\/novo\\\/e-bom-para-vos\\\/#primaryimage\"},\"thumbnailUrl\":\"https:\\\/\\\/unisale.com.br\\\/pastoral\\\/wp-content\\\/uploads\\\/2021\\\/05\\\/11-05.jpg\",\"datePublished\":\"2021-05-10T13:17:30+00:00\",\"dateModified\":\"2021-05-21T11:50:59+00:00\",\"author\":{\"@id\":\"https:\\\/\\\/unisale.com.br\\\/pastoral\\\/#\\\/schema\\\/person\\\/a16ba711a0f7dec9cb6b44563144d5a3\"},\"inLanguage\":\"pt-BR\",\"potentialAction\":[{\"@type\":\"ReadAction\",\"target\":[\"https:\\\/\\\/unisale.com.br\\\/novo\\\/e-bom-para-vos\\\/\"]}]},{\"@type\":\"ImageObject\",\"inLanguage\":\"pt-BR\",\"@id\":\"https:\\\/\\\/unisale.com.br\\\/novo\\\/e-bom-para-vos\\\/#primaryimage\",\"url\":\"https:\\\/\\\/unisale.com.br\\\/pastoral\\\/wp-content\\\/uploads\\\/2021\\\/05\\\/11-05.jpg\",\"contentUrl\":\"https:\\\/\\\/unisale.com.br\\\/pastoral\\\/wp-content\\\/uploads\\\/2021\\\/05\\\/11-05.jpg\",\"width\":889,\"height\":500},{\"@type\":\"WebSite\",\"@id\":\"https:\\\/\\\/unisale.com.br\\\/pastoral\\\/#website\",\"url\":\"https:\\\/\\\/unisale.com.br\\\/pastoral\\\/\",\"name\":\"Pastoral Universit\u00e1ria UniSALESIANO\",\"description\":\"Site da Pastoral Universit\u00e1ria do UniSALESIANO\",\"potentialAction\":[{\"@type\":\"SearchAction\",\"target\":{\"@type\":\"EntryPoint\",\"urlTemplate\":\"https:\\\/\\\/unisale.com.br\\\/pastoral\\\/?s={search_term_string}\"},\"query-input\":{\"@type\":\"PropertyValueSpecification\",\"valueRequired\":true,\"valueName\":\"search_term_string\"}}],\"inLanguage\":\"pt-BR\"},{\"@type\":\"Person\",\"@id\":\"https:\\\/\\\/unisale.com.br\\\/pastoral\\\/#\\\/schema\\\/person\\\/a16ba711a0f7dec9cb6b44563144d5a3\",\"name\":\"pastoral\",\"url\":\"https:\\\/\\\/unisale.com.br\\\/pastoral\\\/author\\\/pastoral\\\/\"}]}<\/script>\n<!-- \/ Yoast SEO plugin. -->","yoast_head_json":{"title":"11\/05 - \u00c9 bom para v\u00f3s que eu parta; se eu n\u00e3o for, n\u00e3o vir\u00e1 at\u00e9 v\u00f3s o Defensor. - Pastoral Universit\u00e1ria UniSALESIANO","robots":{"index":"index","follow":"follow","max-snippet":"max-snippet:-1","max-image-preview":"max-image-preview:large","max-video-preview":"max-video-preview:-1"},"canonical":"https:\/\/unisale.com.br\/novo\/e-bom-para-vos\/","og_locale":"pt_BR","og_type":"article","og_title":"11\/05 - \u00c9 bom para v\u00f3s que eu parta; se eu n\u00e3o for, n\u00e3o vir\u00e1 at\u00e9 v\u00f3s o Defensor. - Pastoral Universit\u00e1ria UniSALESIANO","og_description":"Ter\u00e7a-feira, 11 de maio de 2021. Evangelho (Jo 16,5-11) \u00a0 &#8220;&#8230;\u00e9 bom para v\u00f3s que eu parta; se eu n\u00e3o for, n\u00e3o vir\u00e1 at\u00e9 v\u00f3s...","og_url":"https:\/\/unisale.com.br\/novo\/e-bom-para-vos\/","og_site_name":"Pastoral Universit\u00e1ria UniSALESIANO","article_published_time":"2021-05-10T13:17:30+00:00","article_modified_time":"2021-05-21T11:50:59+00:00","og_image":[{"width":1920,"height":1080,"url":"https:\/\/unisale.com.br\/novo\/wp-content\/uploads\/2021\/05\/11-05.jpg","type":"image\/jpeg"}],"author":"pastoral","twitter_card":"summary_large_image","twitter_misc":{"Escrito por":"pastoral","Est. tempo de leitura":"2 minutos"},"schema":{"@context":"https:\/\/schema.org","@graph":[{"@type":"Article","@id":"https:\/\/unisale.com.br\/novo\/e-bom-para-vos\/#article","isPartOf":{"@id":"https:\/\/unisale.com.br\/novo\/e-bom-para-vos\/"},"author":{"name":"pastoral","@id":"https:\/\/unisale.com.br\/pastoral\/#\/schema\/person\/a16ba711a0f7dec9cb6b44563144d5a3"},"headline":"11\/05 &#8211; \u00c9 bom para v\u00f3s que eu parta; se eu n\u00e3o for, n\u00e3o vir\u00e1 at\u00e9 v\u00f3s o Defensor.","datePublished":"2021-05-10T13:17:30+00:00","dateModified":"2021-05-21T11:50:59+00:00","mainEntityOfPage":{"@id":"https:\/\/unisale.com.br\/novo\/e-bom-para-vos\/"},"wordCount":500,"image":{"@id":"https:\/\/unisale.com.br\/novo\/e-bom-para-vos\/#primaryimage"},"thumbnailUrl":"https:\/\/unisale.com.br\/pastoral\/wp-content\/uploads\/2021\/05\/11-05.jpg","articleSection":["Reflex\u00e3o do Evangelho"],"inLanguage":"pt-BR"},{"@type":"WebPage","@id":"https:\/\/unisale.com.br\/novo\/e-bom-para-vos\/","url":"https:\/\/unisale.com.br\/novo\/e-bom-para-vos\/","name":"11\/05 - \u00c9 bom para v\u00f3s que eu parta; se eu n\u00e3o for, n\u00e3o vir\u00e1 at\u00e9 v\u00f3s o Defensor. - Pastoral Universit\u00e1ria UniSALESIANO","isPartOf":{"@id":"https:\/\/unisale.com.br\/pastoral\/#website"},"primaryImageOfPage":{"@id":"https:\/\/unisale.com.br\/novo\/e-bom-para-vos\/#primaryimage"},"image":{"@id":"https:\/\/unisale.com.br\/novo\/e-bom-para-vos\/#primaryimage"},"thumbnailUrl":"https:\/\/unisale.com.br\/pastoral\/wp-content\/uploads\/2021\/05\/11-05.jpg","datePublished":"2021-05-10T13:17:30+00:00","dateModified":"2021-05-21T11:50:59+00:00","author":{"@id":"https:\/\/unisale.com.br\/pastoral\/#\/schema\/person\/a16ba711a0f7dec9cb6b44563144d5a3"},"inLanguage":"pt-BR","potentialAction":[{"@type":"ReadAction","target":["https:\/\/unisale.com.br\/novo\/e-bom-para-vos\/"]}]},{"@type":"ImageObject","inLanguage":"pt-BR","@id":"https:\/\/unisale.com.br\/novo\/e-bom-para-vos\/#primaryimage","url":"https:\/\/unisale.com.br\/pastoral\/wp-content\/uploads\/2021\/05\/11-05.jpg","contentUrl":"https:\/\/unisale.com.br\/pastoral\/wp-content\/uploads\/2021\/05\/11-05.jpg","width":889,"height":500},{"@type":"WebSite","@id":"https:\/\/unisale.com.br\/pastoral\/#website","url":"https:\/\/unisale.com.br\/pastoral\/","name":"Pastoral Universit\u00e1ria UniSALESIANO","description":"Site da Pastoral Universit\u00e1ria do UniSALESIANO","potentialAction":[{"@type":"SearchAction","target":{"@type":"EntryPoint","urlTemplate":"https:\/\/unisale.com.br\/pastoral\/?s={search_term_string}"},"query-input":{"@type":"PropertyValueSpecification","valueRequired":true,"valueName":"search_term_string"}}],"inLanguage":"pt-BR"},{"@type":"Person","@id":"https:\/\/unisale.com.br\/pastoral\/#\/schema\/person\/a16ba711a0f7dec9cb6b44563144d5a3","name":"pastoral","url":"https:\/\/unisale.com.br\/pastoral\/author\/pastoral\/"}]}},"_links":{"self":[{"href":"https:\/\/unisale.com.br\/pastoral\/wp-json\/wp\/v2\/posts\/1152","targetHints":{"allow":["GET"]}}],"collection":[{"href":"https:\/\/unisale.com.br\/pastoral\/wp-json\/wp\/v2\/posts"}],"about":[{"href":"https:\/\/unisale.com.br\/pastoral\/wp-json\/wp\/v2\/types\/post"}],"author":[{"embeddable":true,"href":"https:\/\/unisale.com.br\/pastoral\/wp-json\/wp\/v2\/users\/1"}],"replies":[{"embeddable":true,"href":"https:\/\/unisale.com.br\/pastoral\/wp-json\/wp\/v2\/comments?post=1152"}],"version-history":[{"count":0,"href":"https:\/\/unisale.com.br\/pastoral\/wp-json\/wp\/v2\/posts\/1152\/revisions"}],"wp:featuredmedia":[{"embeddable":true,"href":"https:\/\/unisale.com.br\/pastoral\/wp-json\/wp\/v2\/media\/1138"}],"wp:attachment":[{"href":"https:\/\/unisale.com.br\/pastoral\/wp-json\/wp\/v2\/media?parent=1152"}],"wp:term":[{"taxonomy":"category","embeddable":true,"href":"https:\/\/unisale.com.br\/pastoral\/wp-json\/wp\/v2\/categories?post=1152"},{"taxonomy":"post_tag","embeddable":true,"href":"https:\/\/unisale.com.br\/pastoral\/wp-json\/wp\/v2\/tags?post=1152"}],"curies":[{"name":"wp","href":"https:\/\/api.w.org\/{rel}","templated":true}]}}