{"id":11564,"date":"2024-11-25T16:47:29","date_gmt":"2024-11-25T16:47:29","guid":{"rendered":"https:\/\/unisale.com.br\/pastoral\/?p=11564"},"modified":"2024-11-25T16:47:29","modified_gmt":"2024-11-25T16:47:29","slug":"unisalesiano-inaugura-novo-acesso-ao-campus-denominado-sao-francisco-de-sales","status":"publish","type":"post","link":"https:\/\/unisale.com.br\/pastoral\/unisalesiano-inaugura-novo-acesso-ao-campus-denominado-sao-francisco-de-sales\/","title":{"rendered":"UniSALESIANO inaugura novo acesso ao c\u00e2mpus, denominado \u201cS\u00e3o Francisco de Sales\u201d"},"content":{"rendered":"<p>O UniSALESIANO inaugurou o novo acesso ao c\u00e2mpus, denominado\u00a0<strong>\u201cS\u00e3o Francisco de Sales\u201d<\/strong>, na manh\u00e3 desta sexta-feira (22\/11), em um evento que reuniu acad\u00eamicos, professores, colaboradores e membros da Reitoria: Reitor,\u00a0<strong>Pe. Paulo Fernando Vendrame, SDB<\/strong>; Pr\u00f3-Reitor de Pastoral,\u00a0<strong>Pe. Paulo Eduardo J\u00e1como, SDB<\/strong>; Pr\u00f3-Reitor de Ensino, Pesquisa e P\u00f3s-Gradua\u00e7\u00e3o,\u00a0<strong>Andr\u00e9 Ornellas<\/strong>; e a Pr\u00f3-Reitora Administrativa,\u00a0<strong>Vanda Aparecida Guilherme de Moura<\/strong>.<\/p>\n<p>A obra, que busca aprimorar a mobilidade e a seguran\u00e7a dos acad\u00eamicos, estar\u00e1 oficialmente em uso a partir desta segunda-feira (25\/11), no per\u00edodo noturno.<\/p>\n<p>Pe. Paulo J\u00e1como enfatizou o simbolismo da obra no contexto do crescimento do UniSALESIANO. \u201cEstamos nos aproximando dos 20 anos do credenciamento da Institui\u00e7\u00e3o (2025) e, assim como ela amadurece e conquista novos espa\u00e7os, este acesso \u00e9 mais um passo em nossa miss\u00e3o de facilitar a vida dos nossos jovens, oferecendo-lhes condi\u00e7\u00f5es melhores para seu desenvolvimento acad\u00eamico e humano\u201d, afirmou.<\/p>\n<p>Por sua vez, o Reitor do UniSALESIANO explicou que o caminho \u00e9 dedicado a S\u00e3o Francisco de Sales, patrono dos salesianos, que agora proteger\u00e1 todos os que utilizarem o espa\u00e7o. \u201cEle simboliza a mobilidade e a seguran\u00e7a necess\u00e1rias para que nossos acad\u00eamicos se desloquem com tranquilidade\u201d, completou.<\/p>\n<p><strong>BELEZA<\/strong><\/p>\n<p>Pe. Paulo Vendrame tamb\u00e9m reconheceu os esfor\u00e7os de todos os envolvidos no projeto, desde os respons\u00e1veis pelo planejamento, como o arquiteto\u00a0<strong>Em\u00edlio Ruas,<\/strong>\u00a0at\u00e9 os funcion\u00e1rios que prepararam o espa\u00e7o para o evento. \u201cA jardinagem ainda est\u00e1 no in\u00edcio, mas este ser\u00e1 um espa\u00e7o de beleza e funcionalidade para todos que o utilizarem\u201d, destacou.<\/p>\n<p>O evento foi encerrado com Ben\u00e7\u00e3o do acesso, e a distribui\u00e7\u00e3o de bombons e frases de S\u00e3o Francisco de Sales, uma lembran\u00e7a simb\u00f3lica da ternura e docilidade, que marcam o homenageado e a tradi\u00e7\u00e3o salesiana. \u201cQue este novo caminho represente um trajeto f\u00edsico e um convite \u00e0 reflex\u00e3o e ao fortalecimento da nossa miss\u00e3o de educar com amor e leveza\u201d, finalizou o Reitor.<\/p>\n<p>&nbsp;<\/p>\n<p>&nbsp;<\/p>\n<p><img fetchpriority=\"high\" decoding=\"async\" class=\"alignnone size-full wp-image-11574\" src=\"https:\/\/unisale.com.br\/pastoral\/wp-content\/uploads\/2024\/11\/IMG_0183-768x512-1.jpg\" alt=\"\" width=\"768\" height=\"512\" srcset=\"https:\/\/unisale.com.br\/pastoral\/wp-content\/uploads\/2024\/11\/IMG_0183-768x512-1.jpg 750w, https:\/\/unisale.com.br\/pastoral\/wp-content\/uploads\/2024\/11\/IMG_0183-768x512-1-300x200.jpg 300w\" sizes=\"(max-width: 768px) 100vw, 768px\" \/><\/p>\n<p>&nbsp;<\/p>\n\n\t\t<style type=\"text\/css\">\n\t\t\t#gallery-1 {\n\t\t\t\tmargin: auto;\n\t\t\t}\n\t\t\t#gallery-1 .gallery-item {\n\t\t\t\tfloat: left;\n\t\t\t\tmargin-top: 10px;\n\t\t\t\ttext-align: center;\n\t\t\t\twidth: 50%;\n\t\t\t}\n\t\t\t#gallery-1 img {\n\t\t\t\tborder: 2px solid #cfcfcf;\n\t\t\t}\n\t\t\t#gallery-1 .gallery-caption {\n\t\t\t\tmargin-left: 0;\n\t\t\t}\n\t\t\t\/* see gallery_shortcode() in wp-includes\/media.php *\/\n\t\t<\/style>\n\t\t<div id='gallery-1' class='gallery galleryid-11564 gallery-columns-2 gallery-size-medium'><dl class='gallery-item'>\n\t\t\t<dt class='gallery-icon landscape'>\n\t\t\t\t<a href='https:\/\/unisale.com.br\/pastoral\/unisalesiano-inaugura-novo-acesso-ao-campus-denominado-sao-francisco-de-sales\/img_0175-1024x683\/'><img decoding=\"async\" width=\"300\" height=\"200\" src=\"https:\/\/unisale.com.br\/pastoral\/wp-content\/uploads\/2024\/11\/IMG_0175-1024x683-1-300x200.jpg\" class=\"attachment-medium size-medium\" alt=\"\" srcset=\"https:\/\/unisale.com.br\/pastoral\/wp-content\/uploads\/2024\/11\/IMG_0175-1024x683-1-300x200.jpg 300w, https:\/\/unisale.com.br\/pastoral\/wp-content\/uploads\/2024\/11\/IMG_0175-1024x683-1-768x512.jpg 768w, https:\/\/unisale.com.br\/pastoral\/wp-content\/uploads\/2024\/11\/IMG_0175-1024x683-1.jpg 750w\" sizes=\"(max-width: 300px) 100vw, 300px\" \/><\/a>\n\t\t\t<\/dt><\/dl><dl class='gallery-item'>\n\t\t\t<dt class='gallery-icon landscape'>\n\t\t\t\t<a href='https:\/\/unisale.com.br\/pastoral\/unisalesiano-inaugura-novo-acesso-ao-campus-denominado-sao-francisco-de-sales\/img_0163-1024x683\/'><img decoding=\"async\" width=\"300\" height=\"200\" src=\"https:\/\/unisale.com.br\/pastoral\/wp-content\/uploads\/2024\/11\/IMG_0163-1024x683-1-300x200.jpg\" class=\"attachment-medium size-medium\" alt=\"\" srcset=\"https:\/\/unisale.com.br\/pastoral\/wp-content\/uploads\/2024\/11\/IMG_0163-1024x683-1-300x200.jpg 300w, https:\/\/unisale.com.br\/pastoral\/wp-content\/uploads\/2024\/11\/IMG_0163-1024x683-1-768x512.jpg 768w, https:\/\/unisale.com.br\/pastoral\/wp-content\/uploads\/2024\/11\/IMG_0163-1024x683-1.jpg 750w\" sizes=\"(max-width: 300px) 100vw, 300px\" \/><\/a>\n\t\t\t<\/dt><\/dl><br style=\"clear: both\" \/><dl class='gallery-item'>\n\t\t\t<dt class='gallery-icon landscape'>\n\t\t\t\t<a href='https:\/\/unisale.com.br\/pastoral\/unisalesiano-inaugura-novo-acesso-ao-campus-denominado-sao-francisco-de-sales\/img_0158-1024x683\/'><img loading=\"lazy\" decoding=\"async\" width=\"300\" height=\"200\" src=\"https:\/\/unisale.com.br\/pastoral\/wp-content\/uploads\/2024\/11\/IMG_0158-1024x683-1-300x200.jpg\" class=\"attachment-medium size-medium\" alt=\"\" srcset=\"https:\/\/unisale.com.br\/pastoral\/wp-content\/uploads\/2024\/11\/IMG_0158-1024x683-1-300x200.jpg 300w, https:\/\/unisale.com.br\/pastoral\/wp-content\/uploads\/2024\/11\/IMG_0158-1024x683-1-768x512.jpg 768w, https:\/\/unisale.com.br\/pastoral\/wp-content\/uploads\/2024\/11\/IMG_0158-1024x683-1.jpg 750w\" sizes=\"(max-width: 300px) 100vw, 300px\" \/><\/a>\n\t\t\t<\/dt><\/dl><dl class='gallery-item'>\n\t\t\t<dt class='gallery-icon landscape'>\n\t\t\t\t<a href='https:\/\/unisale.com.br\/pastoral\/unisalesiano-inaugura-novo-acesso-ao-campus-denominado-sao-francisco-de-sales\/img_0151-1024x683\/'><img loading=\"lazy\" decoding=\"async\" width=\"300\" height=\"200\" src=\"https:\/\/unisale.com.br\/pastoral\/wp-content\/uploads\/2024\/11\/IMG_0151-1024x683-1-300x200.jpg\" class=\"attachment-medium size-medium\" alt=\"\" srcset=\"https:\/\/unisale.com.br\/pastoral\/wp-content\/uploads\/2024\/11\/IMG_0151-1024x683-1-300x200.jpg 300w, https:\/\/unisale.com.br\/pastoral\/wp-content\/uploads\/2024\/11\/IMG_0151-1024x683-1-768x512.jpg 768w, https:\/\/unisale.com.br\/pastoral\/wp-content\/uploads\/2024\/11\/IMG_0151-1024x683-1.jpg 750w\" sizes=\"(max-width: 300px) 100vw, 300px\" \/><\/a>\n\t\t\t<\/dt><\/dl><br style=\"clear: both\" \/><dl class='gallery-item'>\n\t\t\t<dt class='gallery-icon landscape'>\n\t\t\t\t<a href='https:\/\/unisale.com.br\/pastoral\/unisalesiano-inaugura-novo-acesso-ao-campus-denominado-sao-francisco-de-sales\/img_0147-1024x683\/'><img loading=\"lazy\" decoding=\"async\" width=\"300\" height=\"200\" src=\"https:\/\/unisale.com.br\/pastoral\/wp-content\/uploads\/2024\/11\/IMG_0147-1024x683-1-300x200.jpg\" class=\"attachment-medium size-medium\" alt=\"\" srcset=\"https:\/\/unisale.com.br\/pastoral\/wp-content\/uploads\/2024\/11\/IMG_0147-1024x683-1-300x200.jpg 300w, https:\/\/unisale.com.br\/pastoral\/wp-content\/uploads\/2024\/11\/IMG_0147-1024x683-1-768x512.jpg 768w, https:\/\/unisale.com.br\/pastoral\/wp-content\/uploads\/2024\/11\/IMG_0147-1024x683-1.jpg 750w\" sizes=\"(max-width: 300px) 100vw, 300px\" \/><\/a>\n\t\t\t<\/dt><\/dl><dl class='gallery-item'>\n\t\t\t<dt class='gallery-icon landscape'>\n\t\t\t\t<a href='https:\/\/unisale.com.br\/pastoral\/unisalesiano-inaugura-novo-acesso-ao-campus-denominado-sao-francisco-de-sales\/img_0137-1024x683\/'><img loading=\"lazy\" decoding=\"async\" width=\"300\" height=\"200\" src=\"https:\/\/unisale.com.br\/pastoral\/wp-content\/uploads\/2024\/11\/IMG_0137-1024x683-1-300x200.jpg\" class=\"attachment-medium size-medium\" alt=\"\" srcset=\"https:\/\/unisale.com.br\/pastoral\/wp-content\/uploads\/2024\/11\/IMG_0137-1024x683-1-300x200.jpg 300w, https:\/\/unisale.com.br\/pastoral\/wp-content\/uploads\/2024\/11\/IMG_0137-1024x683-1-768x512.jpg 768w, https:\/\/unisale.com.br\/pastoral\/wp-content\/uploads\/2024\/11\/IMG_0137-1024x683-1.jpg 750w\" sizes=\"(max-width: 300px) 100vw, 300px\" \/><\/a>\n\t\t\t<\/dt><\/dl><br style=\"clear: both\" \/><dl class='gallery-item'>\n\t\t\t<dt class='gallery-icon landscape'>\n\t\t\t\t<a href='https:\/\/unisale.com.br\/pastoral\/unisalesiano-inaugura-novo-acesso-ao-campus-denominado-sao-francisco-de-sales\/img_0118-1024x683\/'><img loading=\"lazy\" decoding=\"async\" width=\"300\" height=\"200\" src=\"https:\/\/unisale.com.br\/pastoral\/wp-content\/uploads\/2024\/11\/IMG_0118-1024x683-1-300x200.jpg\" class=\"attachment-medium size-medium\" alt=\"\" srcset=\"https:\/\/unisale.com.br\/pastoral\/wp-content\/uploads\/2024\/11\/IMG_0118-1024x683-1-300x200.jpg 300w, https:\/\/unisale.com.br\/pastoral\/wp-content\/uploads\/2024\/11\/IMG_0118-1024x683-1-768x512.jpg 768w, https:\/\/unisale.com.br\/pastoral\/wp-content\/uploads\/2024\/11\/IMG_0118-1024x683-1.jpg 750w\" sizes=\"(max-width: 300px) 100vw, 300px\" \/><\/a>\n\t\t\t<\/dt><\/dl><dl class='gallery-item'>\n\t\t\t<dt class='gallery-icon landscape'>\n\t\t\t\t<a href='https:\/\/unisale.com.br\/pastoral\/unisalesiano-inaugura-novo-acesso-ao-campus-denominado-sao-francisco-de-sales\/img_0112-1024x683\/'><img loading=\"lazy\" decoding=\"async\" width=\"300\" height=\"200\" src=\"https:\/\/unisale.com.br\/pastoral\/wp-content\/uploads\/2024\/11\/IMG_0112-1024x683-1-300x200.jpg\" class=\"attachment-medium size-medium\" alt=\"\" srcset=\"https:\/\/unisale.com.br\/pastoral\/wp-content\/uploads\/2024\/11\/IMG_0112-1024x683-1-300x200.jpg 300w, https:\/\/unisale.com.br\/pastoral\/wp-content\/uploads\/2024\/11\/IMG_0112-1024x683-1-768x512.jpg 768w, https:\/\/unisale.com.br\/pastoral\/wp-content\/uploads\/2024\/11\/IMG_0112-1024x683-1.jpg 750w\" sizes=\"(max-width: 300px) 100vw, 300px\" \/><\/a>\n\t\t\t<\/dt><\/dl><br style=\"clear: both\" \/>\n\t\t<\/div>\n\n","protected":false},"excerpt":{"rendered":"<p>O UniSALESIANO inaugurou o novo acesso ao c\u00e2mpus, denominado\u00a0\u201cS\u00e3o Francisco de Sales\u201d, na manh\u00e3 desta sexta-feira (22\/11), em um evento que reuniu acad\u00eamicos, professores, colaboradores&#8230;<\/p>\n","protected":false},"author":1,"featured_media":11572,"comment_status":"closed","ping_status":"closed","sticky":false,"template":"","format":"standard","meta":{"_acf_changed":false,"footnotes":""},"categories":[3],"tags":[],"class_list":["post-11564","post","type-post","status-publish","format-standard","has-post-thumbnail","hentry","category-not"],"acf":[],"yoast_head":"<!-- This site is optimized with the Yoast SEO plugin v27.3 - https:\/\/yoast.com\/product\/yoast-seo-wordpress\/ -->\n<title>UniSALESIANO inaugura novo acesso ao c\u00e2mpus, denominado \u201cS\u00e3o Francisco de Sales\u201d - Pastoral Universit\u00e1ria UniSALESIANO<\/title>\n<meta name=\"robots\" content=\"index, follow, max-snippet:-1, max-image-preview:large, max-video-preview:-1\" \/>\n<link rel=\"canonical\" href=\"https:\/\/unisale.com.br\/pastoral\/unisalesiano-inaugura-novo-acesso-ao-campus-denominado-sao-francisco-de-sales\/\" \/>\n<meta property=\"og:locale\" content=\"pt_BR\" \/>\n<meta property=\"og:type\" content=\"article\" \/>\n<meta property=\"og:title\" content=\"UniSALESIANO inaugura novo acesso ao c\u00e2mpus, denominado \u201cS\u00e3o Francisco de Sales\u201d - Pastoral Universit\u00e1ria UniSALESIANO\" \/>\n<meta property=\"og:description\" content=\"O UniSALESIANO inaugurou o novo acesso ao c\u00e2mpus, denominado\u00a0\u201cS\u00e3o Francisco de Sales\u201d, na manh\u00e3 desta sexta-feira (22\/11), em um evento que reuniu acad\u00eamicos, professores, colaboradores...\" \/>\n<meta property=\"og:url\" content=\"https:\/\/unisale.com.br\/pastoral\/unisalesiano-inaugura-novo-acesso-ao-campus-denominado-sao-francisco-de-sales\/\" \/>\n<meta property=\"og:site_name\" content=\"Pastoral Universit\u00e1ria UniSALESIANO\" \/>\n<meta property=\"article:published_time\" content=\"2024-11-25T16:47:29+00:00\" \/>\n<meta property=\"og:image\" content=\"https:\/\/unisale.com.br\/pastoral\/wp-content\/uploads\/2024\/11\/IMG_0172-768x512-1.jpg\" \/>\n\t<meta property=\"og:image:width\" content=\"768\" \/>\n\t<meta property=\"og:image:height\" content=\"512\" \/>\n\t<meta property=\"og:image:type\" content=\"image\/jpeg\" \/>\n<meta name=\"author\" content=\"pastoral\" \/>\n<meta name=\"twitter:card\" content=\"summary_large_image\" \/>\n<meta name=\"twitter:label1\" content=\"Escrito por\" \/>\n\t<meta name=\"twitter:data1\" content=\"pastoral\" \/>\n\t<meta name=\"twitter:label2\" content=\"Est. tempo de leitura\" \/>\n\t<meta name=\"twitter:data2\" content=\"3 minutos\" \/>\n<script type=\"application\/ld+json\" class=\"yoast-schema-graph\">{\"@context\":\"https:\\\/\\\/schema.org\",\"@graph\":[{\"@type\":\"Article\",\"@id\":\"https:\\\/\\\/unisale.com.br\\\/pastoral\\\/unisalesiano-inaugura-novo-acesso-ao-campus-denominado-sao-francisco-de-sales\\\/#article\",\"isPartOf\":{\"@id\":\"https:\\\/\\\/unisale.com.br\\\/pastoral\\\/unisalesiano-inaugura-novo-acesso-ao-campus-denominado-sao-francisco-de-sales\\\/\"},\"author\":{\"name\":\"pastoral\",\"@id\":\"https:\\\/\\\/unisale.com.br\\\/pastoral\\\/#\\\/schema\\\/person\\\/a16ba711a0f7dec9cb6b44563144d5a3\"},\"headline\":\"UniSALESIANO inaugura novo acesso ao c\u00e2mpus, denominado \u201cS\u00e3o Francisco de Sales\u201d\",\"datePublished\":\"2024-11-25T16:47:29+00:00\",\"mainEntityOfPage\":{\"@id\":\"https:\\\/\\\/unisale.com.br\\\/pastoral\\\/unisalesiano-inaugura-novo-acesso-ao-campus-denominado-sao-francisco-de-sales\\\/\"},\"wordCount\":364,\"image\":{\"@id\":\"https:\\\/\\\/unisale.com.br\\\/pastoral\\\/unisalesiano-inaugura-novo-acesso-ao-campus-denominado-sao-francisco-de-sales\\\/#primaryimage\"},\"thumbnailUrl\":\"https:\\\/\\\/unisale.com.br\\\/pastoral\\\/wp-content\\\/uploads\\\/2024\\\/11\\\/IMG_0172-768x512-1.jpg\",\"articleSection\":[\"Not\u00edcias\"],\"inLanguage\":\"pt-BR\"},{\"@type\":\"WebPage\",\"@id\":\"https:\\\/\\\/unisale.com.br\\\/pastoral\\\/unisalesiano-inaugura-novo-acesso-ao-campus-denominado-sao-francisco-de-sales\\\/\",\"url\":\"https:\\\/\\\/unisale.com.br\\\/pastoral\\\/unisalesiano-inaugura-novo-acesso-ao-campus-denominado-sao-francisco-de-sales\\\/\",\"name\":\"UniSALESIANO inaugura novo acesso ao c\u00e2mpus, denominado \u201cS\u00e3o Francisco de Sales\u201d - Pastoral Universit\u00e1ria UniSALESIANO\",\"isPartOf\":{\"@id\":\"https:\\\/\\\/unisale.com.br\\\/pastoral\\\/#website\"},\"primaryImageOfPage\":{\"@id\":\"https:\\\/\\\/unisale.com.br\\\/pastoral\\\/unisalesiano-inaugura-novo-acesso-ao-campus-denominado-sao-francisco-de-sales\\\/#primaryimage\"},\"image\":{\"@id\":\"https:\\\/\\\/unisale.com.br\\\/pastoral\\\/unisalesiano-inaugura-novo-acesso-ao-campus-denominado-sao-francisco-de-sales\\\/#primaryimage\"},\"thumbnailUrl\":\"https:\\\/\\\/unisale.com.br\\\/pastoral\\\/wp-content\\\/uploads\\\/2024\\\/11\\\/IMG_0172-768x512-1.jpg\",\"datePublished\":\"2024-11-25T16:47:29+00:00\",\"author\":{\"@id\":\"https:\\\/\\\/unisale.com.br\\\/pastoral\\\/#\\\/schema\\\/person\\\/a16ba711a0f7dec9cb6b44563144d5a3\"},\"inLanguage\":\"pt-BR\",\"potentialAction\":[{\"@type\":\"ReadAction\",\"target\":[\"https:\\\/\\\/unisale.com.br\\\/pastoral\\\/unisalesiano-inaugura-novo-acesso-ao-campus-denominado-sao-francisco-de-sales\\\/\"]}]},{\"@type\":\"ImageObject\",\"inLanguage\":\"pt-BR\",\"@id\":\"https:\\\/\\\/unisale.com.br\\\/pastoral\\\/unisalesiano-inaugura-novo-acesso-ao-campus-denominado-sao-francisco-de-sales\\\/#primaryimage\",\"url\":\"https:\\\/\\\/unisale.com.br\\\/pastoral\\\/wp-content\\\/uploads\\\/2024\\\/11\\\/IMG_0172-768x512-1.jpg\",\"contentUrl\":\"https:\\\/\\\/unisale.com.br\\\/pastoral\\\/wp-content\\\/uploads\\\/2024\\\/11\\\/IMG_0172-768x512-1.jpg\",\"width\":750,\"height\":500},{\"@type\":\"WebSite\",\"@id\":\"https:\\\/\\\/unisale.com.br\\\/pastoral\\\/#website\",\"url\":\"https:\\\/\\\/unisale.com.br\\\/pastoral\\\/\",\"name\":\"Pastoral Universit\u00e1ria UniSALESIANO\",\"description\":\"Site da Pastoral Universit\u00e1ria do UniSALESIANO\",\"potentialAction\":[{\"@type\":\"SearchAction\",\"target\":{\"@type\":\"EntryPoint\",\"urlTemplate\":\"https:\\\/\\\/unisale.com.br\\\/pastoral\\\/?s={search_term_string}\"},\"query-input\":{\"@type\":\"PropertyValueSpecification\",\"valueRequired\":true,\"valueName\":\"search_term_string\"}}],\"inLanguage\":\"pt-BR\"},{\"@type\":\"Person\",\"@id\":\"https:\\\/\\\/unisale.com.br\\\/pastoral\\\/#\\\/schema\\\/person\\\/a16ba711a0f7dec9cb6b44563144d5a3\",\"name\":\"pastoral\",\"url\":\"https:\\\/\\\/unisale.com.br\\\/pastoral\\\/author\\\/pastoral\\\/\"}]}<\/script>\n<!-- \/ Yoast SEO plugin. -->","yoast_head_json":{"title":"UniSALESIANO inaugura novo acesso ao c\u00e2mpus, denominado \u201cS\u00e3o Francisco de Sales\u201d - Pastoral Universit\u00e1ria UniSALESIANO","robots":{"index":"index","follow":"follow","max-snippet":"max-snippet:-1","max-image-preview":"max-image-preview:large","max-video-preview":"max-video-preview:-1"},"canonical":"https:\/\/unisale.com.br\/pastoral\/unisalesiano-inaugura-novo-acesso-ao-campus-denominado-sao-francisco-de-sales\/","og_locale":"pt_BR","og_type":"article","og_title":"UniSALESIANO inaugura novo acesso ao c\u00e2mpus, denominado \u201cS\u00e3o Francisco de Sales\u201d - Pastoral Universit\u00e1ria UniSALESIANO","og_description":"O UniSALESIANO inaugurou o novo acesso ao c\u00e2mpus, denominado\u00a0\u201cS\u00e3o Francisco de Sales\u201d, na manh\u00e3 desta sexta-feira (22\/11), em um evento que reuniu acad\u00eamicos, professores, colaboradores...","og_url":"https:\/\/unisale.com.br\/pastoral\/unisalesiano-inaugura-novo-acesso-ao-campus-denominado-sao-francisco-de-sales\/","og_site_name":"Pastoral Universit\u00e1ria UniSALESIANO","article_published_time":"2024-11-25T16:47:29+00:00","og_image":[{"width":768,"height":512,"url":"https:\/\/unisale.com.br\/pastoral\/wp-content\/uploads\/2024\/11\/IMG_0172-768x512-1.jpg","type":"image\/jpeg"}],"author":"pastoral","twitter_card":"summary_large_image","twitter_misc":{"Escrito por":"pastoral","Est. tempo de leitura":"3 minutos"},"schema":{"@context":"https:\/\/schema.org","@graph":[{"@type":"Article","@id":"https:\/\/unisale.com.br\/pastoral\/unisalesiano-inaugura-novo-acesso-ao-campus-denominado-sao-francisco-de-sales\/#article","isPartOf":{"@id":"https:\/\/unisale.com.br\/pastoral\/unisalesiano-inaugura-novo-acesso-ao-campus-denominado-sao-francisco-de-sales\/"},"author":{"name":"pastoral","@id":"https:\/\/unisale.com.br\/pastoral\/#\/schema\/person\/a16ba711a0f7dec9cb6b44563144d5a3"},"headline":"UniSALESIANO inaugura novo acesso ao c\u00e2mpus, denominado \u201cS\u00e3o Francisco de Sales\u201d","datePublished":"2024-11-25T16:47:29+00:00","mainEntityOfPage":{"@id":"https:\/\/unisale.com.br\/pastoral\/unisalesiano-inaugura-novo-acesso-ao-campus-denominado-sao-francisco-de-sales\/"},"wordCount":364,"image":{"@id":"https:\/\/unisale.com.br\/pastoral\/unisalesiano-inaugura-novo-acesso-ao-campus-denominado-sao-francisco-de-sales\/#primaryimage"},"thumbnailUrl":"https:\/\/unisale.com.br\/pastoral\/wp-content\/uploads\/2024\/11\/IMG_0172-768x512-1.jpg","articleSection":["Not\u00edcias"],"inLanguage":"pt-BR"},{"@type":"WebPage","@id":"https:\/\/unisale.com.br\/pastoral\/unisalesiano-inaugura-novo-acesso-ao-campus-denominado-sao-francisco-de-sales\/","url":"https:\/\/unisale.com.br\/pastoral\/unisalesiano-inaugura-novo-acesso-ao-campus-denominado-sao-francisco-de-sales\/","name":"UniSALESIANO inaugura novo acesso ao c\u00e2mpus, denominado \u201cS\u00e3o Francisco de Sales\u201d - Pastoral Universit\u00e1ria UniSALESIANO","isPartOf":{"@id":"https:\/\/unisale.com.br\/pastoral\/#website"},"primaryImageOfPage":{"@id":"https:\/\/unisale.com.br\/pastoral\/unisalesiano-inaugura-novo-acesso-ao-campus-denominado-sao-francisco-de-sales\/#primaryimage"},"image":{"@id":"https:\/\/unisale.com.br\/pastoral\/unisalesiano-inaugura-novo-acesso-ao-campus-denominado-sao-francisco-de-sales\/#primaryimage"},"thumbnailUrl":"https:\/\/unisale.com.br\/pastoral\/wp-content\/uploads\/2024\/11\/IMG_0172-768x512-1.jpg","datePublished":"2024-11-25T16:47:29+00:00","author":{"@id":"https:\/\/unisale.com.br\/pastoral\/#\/schema\/person\/a16ba711a0f7dec9cb6b44563144d5a3"},"inLanguage":"pt-BR","potentialAction":[{"@type":"ReadAction","target":["https:\/\/unisale.com.br\/pastoral\/unisalesiano-inaugura-novo-acesso-ao-campus-denominado-sao-francisco-de-sales\/"]}]},{"@type":"ImageObject","inLanguage":"pt-BR","@id":"https:\/\/unisale.com.br\/pastoral\/unisalesiano-inaugura-novo-acesso-ao-campus-denominado-sao-francisco-de-sales\/#primaryimage","url":"https:\/\/unisale.com.br\/pastoral\/wp-content\/uploads\/2024\/11\/IMG_0172-768x512-1.jpg","contentUrl":"https:\/\/unisale.com.br\/pastoral\/wp-content\/uploads\/2024\/11\/IMG_0172-768x512-1.jpg","width":750,"height":500},{"@type":"WebSite","@id":"https:\/\/unisale.com.br\/pastoral\/#website","url":"https:\/\/unisale.com.br\/pastoral\/","name":"Pastoral Universit\u00e1ria UniSALESIANO","description":"Site da Pastoral Universit\u00e1ria do UniSALESIANO","potentialAction":[{"@type":"SearchAction","target":{"@type":"EntryPoint","urlTemplate":"https:\/\/unisale.com.br\/pastoral\/?s={search_term_string}"},"query-input":{"@type":"PropertyValueSpecification","valueRequired":true,"valueName":"search_term_string"}}],"inLanguage":"pt-BR"},{"@type":"Person","@id":"https:\/\/unisale.com.br\/pastoral\/#\/schema\/person\/a16ba711a0f7dec9cb6b44563144d5a3","name":"pastoral","url":"https:\/\/unisale.com.br\/pastoral\/author\/pastoral\/"}]}},"_links":{"self":[{"href":"https:\/\/unisale.com.br\/pastoral\/wp-json\/wp\/v2\/posts\/11564","targetHints":{"allow":["GET"]}}],"collection":[{"href":"https:\/\/unisale.com.br\/pastoral\/wp-json\/wp\/v2\/posts"}],"about":[{"href":"https:\/\/unisale.com.br\/pastoral\/wp-json\/wp\/v2\/types\/post"}],"author":[{"embeddable":true,"href":"https:\/\/unisale.com.br\/pastoral\/wp-json\/wp\/v2\/users\/1"}],"replies":[{"embeddable":true,"href":"https:\/\/unisale.com.br\/pastoral\/wp-json\/wp\/v2\/comments?post=11564"}],"version-history":[{"count":1,"href":"https:\/\/unisale.com.br\/pastoral\/wp-json\/wp\/v2\/posts\/11564\/revisions"}],"predecessor-version":[{"id":11575,"href":"https:\/\/unisale.com.br\/pastoral\/wp-json\/wp\/v2\/posts\/11564\/revisions\/11575"}],"wp:featuredmedia":[{"embeddable":true,"href":"https:\/\/unisale.com.br\/pastoral\/wp-json\/wp\/v2\/media\/11572"}],"wp:attachment":[{"href":"https:\/\/unisale.com.br\/pastoral\/wp-json\/wp\/v2\/media?parent=11564"}],"wp:term":[{"taxonomy":"category","embeddable":true,"href":"https:\/\/unisale.com.br\/pastoral\/wp-json\/wp\/v2\/categories?post=11564"},{"taxonomy":"post_tag","embeddable":true,"href":"https:\/\/unisale.com.br\/pastoral\/wp-json\/wp\/v2\/tags?post=11564"}],"curies":[{"name":"wp","href":"https:\/\/api.w.org\/{rel}","templated":true}]}}