{"id":1157,"date":"2021-05-10T13:21:06","date_gmt":"2021-05-10T13:21:06","guid":{"rendered":"https:\/\/unisale.com.br\/pastoral\/?p=1157"},"modified":"2021-05-21T11:51:25","modified_gmt":"2021-05-21T11:51:25","slug":"quando-porem-vier","status":"publish","type":"post","link":"https:\/\/unisale.com.br\/pastoral\/quando-porem-vier\/","title":{"rendered":"12\/05 &#8211; Quando, por\u00e9m, vier o Esp\u00edrito da verdade, ele vos conduzir\u00e1 \u00e0 plena verdade."},"content":{"rendered":"<p><strong>Quarta-feira, 12 de maio de 2021.<\/strong><\/p>\n<p>Evangelho (Jo 16,12-15)<\/p>\n<p><strong>\u00a0<\/strong><\/p>\n<p><strong><em>\u201cQuando, por\u00e9m, vier o Esp\u00edrito da verdade, ele vos conduzir\u00e1 \u00e0 plena verdade&#8221;.<\/em><\/strong><\/p>\n<p>Naquele tempo, Jesus disse a seus disc\u00edpulos: <sup>12<\/sup>\u201cTenho ainda muitas coisas a dizer-vos, mas n\u00e3o sois capazes de as compreender agora. <sup>13<\/sup>Quando, por\u00e9m, vier o Esp\u00edrito da verdade, ele vos conduzir\u00e1 \u00e0 plena verdade. Pois ele n\u00e3o falar\u00e1 por si mesmo, mas dir\u00e1 tudo o que tiver ouvido; e at\u00e9 as coisas futuras vos anunciar\u00e1. <sup>14<\/sup>Ele me glorificar\u00e1, porque receber\u00e1 do que \u00e9 meu e vo-lo anunciar\u00e1. <sup>15<\/sup>Tudo o que o Pai possui \u00e9 meu. Por isso disse que o que ele receber\u00e1 e vos anunciar\u00e1 \u00e9 meu\u201d.<\/p>\n<p>&nbsp;<\/p>\n<p><strong>Reflex\u00e3o<\/strong><\/p>\n<p>No evangelho de hoje, Jesus apresenta o Par\u00e1clito como o mestre que guiar\u00e1 os disc\u00edpulos na compreens\u00e3o de Jesus. A presen\u00e7a do Esp\u00edrito como mestre se faz necess\u00e1ria, pois somente ap\u00f3s a forte experi\u00eancia da ressurrei\u00e7\u00e3o de Jesus \u00e9 que os disc\u00edpulos teriam um pleno entendimento do que aconteceu e de tudo o que foi dito: \u201cTenho ainda muitas coisas a dizer-vos\u201d, isto \u00e9, somente agindo em e atrav\u00e9s do Par\u00e1clito \u00e9 que Jesus comunicar\u00e1 todo esse conhecimento aos seus disc\u00edpulos.<\/p>\n<p>O Par\u00e1clito \u00e9 o guia que vai levar os disc\u00edpulos \u00e0 plena verdade do que Jesus disse. Essa orienta\u00e7\u00e3o do Esp\u00edrito n\u00e3o leva os disc\u00edpulos somente a um conhecimento te\u00f3rico das verdades reveladas por Jesus, vai muito al\u00e9m, envolve um caminho de vida em conformidade com o ensino de Jesus. Para as pessoas do tempo de Jesus e para n\u00f3s hoje, a condi\u00e7\u00e3o para uma vida no Esp\u00edrito \u00e9 tornar-se disc\u00edpulo: \u201cSe permanecerdes em minhas palavras, verdadeiramente, sereis meus disc\u00edpulos; e conhecereis a verdade\u201d (Jo 8,31-32). \u00c9 o Par\u00e1clito o encarregado de manifestar aos disc\u00edpulos o alcance da mensagem de Jesus. E ao declarar ou interpretar o que pertence a Jesus, o Par\u00e1clito interpreta o Pai para os homens; pois, o Pai e Jesus possuem todas as coisas em comum.<\/p>\n<p>&nbsp;<\/p>\n<p>&nbsp;<\/p>\n<p>Pe. Paulo Eduardo J\u00e1como, sdb.<\/p>\n","protected":false},"excerpt":{"rendered":"<p>Quarta-feira, 12 de maio de 2021. Evangelho (Jo 16,12-15) \u00a0 \u201cQuando, por\u00e9m, vier o Esp\u00edrito da verdade, ele vos conduzir\u00e1 \u00e0 plena verdade&#8221;. Naquele tempo,&#8230;<\/p>\n","protected":false},"author":1,"featured_media":1139,"comment_status":"closed","ping_status":"closed","sticky":false,"template":"","format":"standard","meta":{"_acf_changed":false,"footnotes":""},"categories":[13],"tags":[],"class_list":["post-1157","post","type-post","status-publish","format-standard","has-post-thumbnail","hentry","category-reflexaodoevagelho"],"acf":[],"yoast_head":"<!-- This site is optimized with the Yoast SEO plugin v27.3 - https:\/\/yoast.com\/product\/yoast-seo-wordpress\/ -->\n<title>12\/05 - Quando, por\u00e9m, vier o Esp\u00edrito da verdade, ele vos conduzir\u00e1 \u00e0 plena verdade. - Pastoral Universit\u00e1ria UniSALESIANO<\/title>\n<meta name=\"robots\" content=\"index, follow, max-snippet:-1, max-image-preview:large, max-video-preview:-1\" \/>\n<link rel=\"canonical\" href=\"https:\/\/unisale.com.br\/novo\/quando-porem-vier\/\" \/>\n<meta property=\"og:locale\" content=\"pt_BR\" \/>\n<meta property=\"og:type\" content=\"article\" \/>\n<meta property=\"og:title\" content=\"12\/05 - Quando, por\u00e9m, vier o Esp\u00edrito da verdade, ele vos conduzir\u00e1 \u00e0 plena verdade. - Pastoral Universit\u00e1ria UniSALESIANO\" \/>\n<meta property=\"og:description\" content=\"Quarta-feira, 12 de maio de 2021. Evangelho (Jo 16,12-15) \u00a0 \u201cQuando, por\u00e9m, vier o Esp\u00edrito da verdade, ele vos conduzir\u00e1 \u00e0 plena verdade&#8221;. Naquele tempo,...\" \/>\n<meta property=\"og:url\" content=\"https:\/\/unisale.com.br\/novo\/quando-porem-vier\/\" \/>\n<meta property=\"og:site_name\" content=\"Pastoral Universit\u00e1ria UniSALESIANO\" \/>\n<meta property=\"article:published_time\" content=\"2021-05-10T13:21:06+00:00\" \/>\n<meta property=\"article:modified_time\" content=\"2021-05-21T11:51:25+00:00\" \/>\n<meta property=\"og:image\" content=\"https:\/\/unisale.com.br\/novo\/wp-content\/uploads\/2021\/05\/12-05.jpg\" \/>\n\t<meta property=\"og:image:width\" content=\"1920\" \/>\n\t<meta property=\"og:image:height\" content=\"1080\" \/>\n\t<meta property=\"og:image:type\" content=\"image\/jpeg\" \/>\n<meta name=\"author\" content=\"pastoral\" \/>\n<meta name=\"twitter:card\" content=\"summary_large_image\" \/>\n<meta name=\"twitter:label1\" content=\"Escrito por\" \/>\n\t<meta name=\"twitter:data1\" content=\"pastoral\" \/>\n\t<meta name=\"twitter:label2\" content=\"Est. tempo de leitura\" \/>\n\t<meta name=\"twitter:data2\" content=\"2 minutos\" \/>\n<script type=\"application\/ld+json\" class=\"yoast-schema-graph\">{\"@context\":\"https:\\\/\\\/schema.org\",\"@graph\":[{\"@type\":\"Article\",\"@id\":\"https:\\\/\\\/unisale.com.br\\\/novo\\\/quando-porem-vier\\\/#article\",\"isPartOf\":{\"@id\":\"https:\\\/\\\/unisale.com.br\\\/novo\\\/quando-porem-vier\\\/\"},\"author\":{\"name\":\"pastoral\",\"@id\":\"https:\\\/\\\/unisale.com.br\\\/pastoral\\\/#\\\/schema\\\/person\\\/a16ba711a0f7dec9cb6b44563144d5a3\"},\"headline\":\"12\\\/05 &#8211; Quando, por\u00e9m, vier o Esp\u00edrito da verdade, ele vos conduzir\u00e1 \u00e0 plena verdade.\",\"datePublished\":\"2021-05-10T13:21:06+00:00\",\"dateModified\":\"2021-05-21T11:51:25+00:00\",\"mainEntityOfPage\":{\"@id\":\"https:\\\/\\\/unisale.com.br\\\/novo\\\/quando-porem-vier\\\/\"},\"wordCount\":369,\"image\":{\"@id\":\"https:\\\/\\\/unisale.com.br\\\/novo\\\/quando-porem-vier\\\/#primaryimage\"},\"thumbnailUrl\":\"https:\\\/\\\/unisale.com.br\\\/pastoral\\\/wp-content\\\/uploads\\\/2021\\\/05\\\/12-05.jpg\",\"articleSection\":[\"Reflex\u00e3o do Evangelho\"],\"inLanguage\":\"pt-BR\"},{\"@type\":\"WebPage\",\"@id\":\"https:\\\/\\\/unisale.com.br\\\/novo\\\/quando-porem-vier\\\/\",\"url\":\"https:\\\/\\\/unisale.com.br\\\/novo\\\/quando-porem-vier\\\/\",\"name\":\"12\\\/05 - Quando, por\u00e9m, vier o Esp\u00edrito da verdade, ele vos conduzir\u00e1 \u00e0 plena verdade. - Pastoral Universit\u00e1ria UniSALESIANO\",\"isPartOf\":{\"@id\":\"https:\\\/\\\/unisale.com.br\\\/pastoral\\\/#website\"},\"primaryImageOfPage\":{\"@id\":\"https:\\\/\\\/unisale.com.br\\\/novo\\\/quando-porem-vier\\\/#primaryimage\"},\"image\":{\"@id\":\"https:\\\/\\\/unisale.com.br\\\/novo\\\/quando-porem-vier\\\/#primaryimage\"},\"thumbnailUrl\":\"https:\\\/\\\/unisale.com.br\\\/pastoral\\\/wp-content\\\/uploads\\\/2021\\\/05\\\/12-05.jpg\",\"datePublished\":\"2021-05-10T13:21:06+00:00\",\"dateModified\":\"2021-05-21T11:51:25+00:00\",\"author\":{\"@id\":\"https:\\\/\\\/unisale.com.br\\\/pastoral\\\/#\\\/schema\\\/person\\\/a16ba711a0f7dec9cb6b44563144d5a3\"},\"inLanguage\":\"pt-BR\",\"potentialAction\":[{\"@type\":\"ReadAction\",\"target\":[\"https:\\\/\\\/unisale.com.br\\\/novo\\\/quando-porem-vier\\\/\"]}]},{\"@type\":\"ImageObject\",\"inLanguage\":\"pt-BR\",\"@id\":\"https:\\\/\\\/unisale.com.br\\\/novo\\\/quando-porem-vier\\\/#primaryimage\",\"url\":\"https:\\\/\\\/unisale.com.br\\\/pastoral\\\/wp-content\\\/uploads\\\/2021\\\/05\\\/12-05.jpg\",\"contentUrl\":\"https:\\\/\\\/unisale.com.br\\\/pastoral\\\/wp-content\\\/uploads\\\/2021\\\/05\\\/12-05.jpg\",\"width\":889,\"height\":500},{\"@type\":\"WebSite\",\"@id\":\"https:\\\/\\\/unisale.com.br\\\/pastoral\\\/#website\",\"url\":\"https:\\\/\\\/unisale.com.br\\\/pastoral\\\/\",\"name\":\"Pastoral Universit\u00e1ria UniSALESIANO\",\"description\":\"Site da Pastoral Universit\u00e1ria do UniSALESIANO\",\"potentialAction\":[{\"@type\":\"SearchAction\",\"target\":{\"@type\":\"EntryPoint\",\"urlTemplate\":\"https:\\\/\\\/unisale.com.br\\\/pastoral\\\/?s={search_term_string}\"},\"query-input\":{\"@type\":\"PropertyValueSpecification\",\"valueRequired\":true,\"valueName\":\"search_term_string\"}}],\"inLanguage\":\"pt-BR\"},{\"@type\":\"Person\",\"@id\":\"https:\\\/\\\/unisale.com.br\\\/pastoral\\\/#\\\/schema\\\/person\\\/a16ba711a0f7dec9cb6b44563144d5a3\",\"name\":\"pastoral\",\"url\":\"https:\\\/\\\/unisale.com.br\\\/pastoral\\\/author\\\/pastoral\\\/\"}]}<\/script>\n<!-- \/ Yoast SEO plugin. -->","yoast_head_json":{"title":"12\/05 - Quando, por\u00e9m, vier o Esp\u00edrito da verdade, ele vos conduzir\u00e1 \u00e0 plena verdade. - Pastoral Universit\u00e1ria UniSALESIANO","robots":{"index":"index","follow":"follow","max-snippet":"max-snippet:-1","max-image-preview":"max-image-preview:large","max-video-preview":"max-video-preview:-1"},"canonical":"https:\/\/unisale.com.br\/novo\/quando-porem-vier\/","og_locale":"pt_BR","og_type":"article","og_title":"12\/05 - Quando, por\u00e9m, vier o Esp\u00edrito da verdade, ele vos conduzir\u00e1 \u00e0 plena verdade. - Pastoral Universit\u00e1ria UniSALESIANO","og_description":"Quarta-feira, 12 de maio de 2021. Evangelho (Jo 16,12-15) \u00a0 \u201cQuando, por\u00e9m, vier o Esp\u00edrito da verdade, ele vos conduzir\u00e1 \u00e0 plena verdade&#8221;. Naquele tempo,...","og_url":"https:\/\/unisale.com.br\/novo\/quando-porem-vier\/","og_site_name":"Pastoral Universit\u00e1ria UniSALESIANO","article_published_time":"2021-05-10T13:21:06+00:00","article_modified_time":"2021-05-21T11:51:25+00:00","og_image":[{"width":1920,"height":1080,"url":"https:\/\/unisale.com.br\/novo\/wp-content\/uploads\/2021\/05\/12-05.jpg","type":"image\/jpeg"}],"author":"pastoral","twitter_card":"summary_large_image","twitter_misc":{"Escrito por":"pastoral","Est. tempo de leitura":"2 minutos"},"schema":{"@context":"https:\/\/schema.org","@graph":[{"@type":"Article","@id":"https:\/\/unisale.com.br\/novo\/quando-porem-vier\/#article","isPartOf":{"@id":"https:\/\/unisale.com.br\/novo\/quando-porem-vier\/"},"author":{"name":"pastoral","@id":"https:\/\/unisale.com.br\/pastoral\/#\/schema\/person\/a16ba711a0f7dec9cb6b44563144d5a3"},"headline":"12\/05 &#8211; Quando, por\u00e9m, vier o Esp\u00edrito da verdade, ele vos conduzir\u00e1 \u00e0 plena verdade.","datePublished":"2021-05-10T13:21:06+00:00","dateModified":"2021-05-21T11:51:25+00:00","mainEntityOfPage":{"@id":"https:\/\/unisale.com.br\/novo\/quando-porem-vier\/"},"wordCount":369,"image":{"@id":"https:\/\/unisale.com.br\/novo\/quando-porem-vier\/#primaryimage"},"thumbnailUrl":"https:\/\/unisale.com.br\/pastoral\/wp-content\/uploads\/2021\/05\/12-05.jpg","articleSection":["Reflex\u00e3o do Evangelho"],"inLanguage":"pt-BR"},{"@type":"WebPage","@id":"https:\/\/unisale.com.br\/novo\/quando-porem-vier\/","url":"https:\/\/unisale.com.br\/novo\/quando-porem-vier\/","name":"12\/05 - Quando, por\u00e9m, vier o Esp\u00edrito da verdade, ele vos conduzir\u00e1 \u00e0 plena verdade. - Pastoral Universit\u00e1ria UniSALESIANO","isPartOf":{"@id":"https:\/\/unisale.com.br\/pastoral\/#website"},"primaryImageOfPage":{"@id":"https:\/\/unisale.com.br\/novo\/quando-porem-vier\/#primaryimage"},"image":{"@id":"https:\/\/unisale.com.br\/novo\/quando-porem-vier\/#primaryimage"},"thumbnailUrl":"https:\/\/unisale.com.br\/pastoral\/wp-content\/uploads\/2021\/05\/12-05.jpg","datePublished":"2021-05-10T13:21:06+00:00","dateModified":"2021-05-21T11:51:25+00:00","author":{"@id":"https:\/\/unisale.com.br\/pastoral\/#\/schema\/person\/a16ba711a0f7dec9cb6b44563144d5a3"},"inLanguage":"pt-BR","potentialAction":[{"@type":"ReadAction","target":["https:\/\/unisale.com.br\/novo\/quando-porem-vier\/"]}]},{"@type":"ImageObject","inLanguage":"pt-BR","@id":"https:\/\/unisale.com.br\/novo\/quando-porem-vier\/#primaryimage","url":"https:\/\/unisale.com.br\/pastoral\/wp-content\/uploads\/2021\/05\/12-05.jpg","contentUrl":"https:\/\/unisale.com.br\/pastoral\/wp-content\/uploads\/2021\/05\/12-05.jpg","width":889,"height":500},{"@type":"WebSite","@id":"https:\/\/unisale.com.br\/pastoral\/#website","url":"https:\/\/unisale.com.br\/pastoral\/","name":"Pastoral Universit\u00e1ria UniSALESIANO","description":"Site da Pastoral Universit\u00e1ria do UniSALESIANO","potentialAction":[{"@type":"SearchAction","target":{"@type":"EntryPoint","urlTemplate":"https:\/\/unisale.com.br\/pastoral\/?s={search_term_string}"},"query-input":{"@type":"PropertyValueSpecification","valueRequired":true,"valueName":"search_term_string"}}],"inLanguage":"pt-BR"},{"@type":"Person","@id":"https:\/\/unisale.com.br\/pastoral\/#\/schema\/person\/a16ba711a0f7dec9cb6b44563144d5a3","name":"pastoral","url":"https:\/\/unisale.com.br\/pastoral\/author\/pastoral\/"}]}},"_links":{"self":[{"href":"https:\/\/unisale.com.br\/pastoral\/wp-json\/wp\/v2\/posts\/1157","targetHints":{"allow":["GET"]}}],"collection":[{"href":"https:\/\/unisale.com.br\/pastoral\/wp-json\/wp\/v2\/posts"}],"about":[{"href":"https:\/\/unisale.com.br\/pastoral\/wp-json\/wp\/v2\/types\/post"}],"author":[{"embeddable":true,"href":"https:\/\/unisale.com.br\/pastoral\/wp-json\/wp\/v2\/users\/1"}],"replies":[{"embeddable":true,"href":"https:\/\/unisale.com.br\/pastoral\/wp-json\/wp\/v2\/comments?post=1157"}],"version-history":[{"count":0,"href":"https:\/\/unisale.com.br\/pastoral\/wp-json\/wp\/v2\/posts\/1157\/revisions"}],"wp:featuredmedia":[{"embeddable":true,"href":"https:\/\/unisale.com.br\/pastoral\/wp-json\/wp\/v2\/media\/1139"}],"wp:attachment":[{"href":"https:\/\/unisale.com.br\/pastoral\/wp-json\/wp\/v2\/media?parent=1157"}],"wp:term":[{"taxonomy":"category","embeddable":true,"href":"https:\/\/unisale.com.br\/pastoral\/wp-json\/wp\/v2\/categories?post=1157"},{"taxonomy":"post_tag","embeddable":true,"href":"https:\/\/unisale.com.br\/pastoral\/wp-json\/wp\/v2\/tags?post=1157"}],"curies":[{"name":"wp","href":"https:\/\/api.w.org\/{rel}","templated":true}]}}