{"id":1162,"date":"2021-05-10T13:24:33","date_gmt":"2021-05-10T13:24:33","guid":{"rendered":"https:\/\/unisale.com.br\/pastoral\/?p=1162"},"modified":"2021-05-21T11:52:15","modified_gmt":"2021-05-21T11:52:15","slug":"pouco-tempo","status":"publish","type":"post","link":"https:\/\/unisale.com.br\/pastoral\/pouco-tempo\/","title":{"rendered":"13\/05 &#8211; Pouco tempo ainda e j\u00e1 n\u00e3o me vereis. E outra vez pouco tempo e me vereis de novo."},"content":{"rendered":"<p><strong>Quinta-feira, 13 de maio de 2021.<\/strong><\/p>\n<p>Evangelho (Jo 16,5-11)<\/p>\n<p><strong>\u00a0<\/strong><\/p>\n<p><strong><em>\u201cPouco tempo ainda e j\u00e1 n\u00e3o me vereis. E outra vez pouco tempo e me vereis de novo\u201d<\/em><\/strong><\/p>\n<p>Naquele tempo, Jesus disse a seus disc\u00edpulos: <sup>16<\/sup>Pouco tempo ainda e j\u00e1 n\u00e3o me vereis. E outra vez pouco tempo e me vereis de novo. 17Alguns dos seus disc\u00edpulos disseram ent\u00e3o entre si: \u201cO que significa o que ele nos est\u00e1 dizendo: \u2018Pouco tempo e n\u00e3o me vereis, e outra vez pouco tempo e me vereis de novo\u2019, e: \u2018Eu vou para junto do Pai\u2019?\u201d 18Diziam pois: \u201cO que significa esse pouco tempo? N\u00e3o entendemos o que ele quer dizer\u201d. 19Jesus compreendeu que eles queriam interroga-lo; ent\u00e3o, disse-lhes: \u201cEstais discutindo entre v\u00f3s porque eu disse: \u2018Pouco tempo e n\u00e3o me vereis, e outra vez pouco tempo e me vereis? 20Em verdade, em verdade vos digo, v\u00f3 chorareis e vos lamentareis, mas o mundo se alegrar\u00e1. V\u00f3s ficareis tristes, mas a vossa tristeza se transformar\u00e1 em alegria\u201d.<\/p>\n<p>&nbsp;<\/p>\n<p><strong>Reflex\u00e3o<\/strong><\/p>\n<p>N\u00f3s, crist\u00e3os de hoje, somos sedentos por ver Jesus. Como gostar\u00edamos de ter a possibilidade de toc\u00e1-lo, de t\u00ea-lo sempre por perto. Isso seria para n\u00f3s um fortalecimento na f\u00e9, um fortalecimento da nossa esperan\u00e7a. <em>\u201cPouco tempo ainda e j\u00e1 n\u00e3o me vereis. E outra vez pouco tempo e me vereis de novo\u201d<\/em>. As promessas de Jesus sempre se cumpriram. Certamente, com a Sua morte, os disc\u00edpulos n\u00e3o mais poderiam v\u00ea-lo na sua forma f\u00edsica, mas poderiam v\u00ea-lo, novamente, na vida dos crist\u00e3os. Ver Jesus \u00e9 uma experi\u00eancia constante quando se entende que a sua presen\u00e7a est\u00e1 na vida de cada crist\u00e3o. O Esp\u00edrito \u00e9 o caminho para tornar permanente sua presen\u00e7a glorificada entre os disc\u00edpulos, pois o lugar de Jesus \u00e9 junto ao Pai.<\/p>\n<p><em>\u201c&#8230;v\u00f3s chorareis e vos lamentareis, mas o mundo se alegrar\u00e1. V\u00f3s ficareis tristes, mas a vossa tristeza se transformar\u00e1 em alegria\u201d<\/em>. O mundo se alegrar\u00e1 com a morte de Jesus, mas essa alegria ser\u00e1 passageira, uma falsa e cruel alegria. J\u00e1 a tristeza dos disc\u00edpulos se converter\u00e1 em uma alegria duradoura, pois ser\u00e1 uma alegria que emerge triunfante do sofrimento. A alegria do disc\u00edpulo crist\u00e3o n\u00e3o \u00e9 s\u00f3 a alegria de reconhecer que Jesus venceu a morte em sua ressurrei\u00e7\u00e3o, mas tamb\u00e9m \u00e9 uma alegria duradoura porque resulta da presen\u00e7a de Jesus no Par\u00e1clito, pois \u00e9 ele que garante que Jesus esteja sempre com e em n\u00f3s. A a\u00e7\u00e3o bondosa e amorosa de um crist\u00e3o \u00e9 sinal da presen\u00e7a bondosa e amorosa de Jesus no meio de n\u00f3s.<\/p>\n<p>&nbsp;<\/p>\n<p>Pe. Paulo Eduardo J\u00e1como, sdb.<\/p>\n","protected":false},"excerpt":{"rendered":"<p>Quinta-feira, 13 de maio de 2021. Evangelho (Jo 16,5-11) \u00a0 \u201cPouco tempo ainda e j\u00e1 n\u00e3o me vereis. E outra vez pouco tempo e me&#8230;<\/p>\n","protected":false},"author":1,"featured_media":1140,"comment_status":"closed","ping_status":"closed","sticky":false,"template":"","format":"standard","meta":{"_acf_changed":false,"footnotes":""},"categories":[13],"tags":[],"class_list":["post-1162","post","type-post","status-publish","format-standard","has-post-thumbnail","hentry","category-reflexaodoevagelho"],"acf":[],"yoast_head":"<!-- This site is optimized with the Yoast SEO plugin v27.3 - https:\/\/yoast.com\/product\/yoast-seo-wordpress\/ -->\n<title>13\/05 - Pouco tempo ainda e j\u00e1 n\u00e3o me vereis. E outra vez pouco tempo e me vereis de novo. - Pastoral Universit\u00e1ria UniSALESIANO<\/title>\n<meta name=\"robots\" content=\"index, follow, max-snippet:-1, max-image-preview:large, max-video-preview:-1\" \/>\n<link rel=\"canonical\" href=\"https:\/\/unisale.com.br\/novo\/pouco-tempo\/\" \/>\n<meta property=\"og:locale\" content=\"pt_BR\" \/>\n<meta property=\"og:type\" content=\"article\" \/>\n<meta property=\"og:title\" content=\"13\/05 - Pouco tempo ainda e j\u00e1 n\u00e3o me vereis. E outra vez pouco tempo e me vereis de novo. - Pastoral Universit\u00e1ria UniSALESIANO\" \/>\n<meta property=\"og:description\" content=\"Quinta-feira, 13 de maio de 2021. Evangelho (Jo 16,5-11) \u00a0 \u201cPouco tempo ainda e j\u00e1 n\u00e3o me vereis. E outra vez pouco tempo e me...\" \/>\n<meta property=\"og:url\" content=\"https:\/\/unisale.com.br\/novo\/pouco-tempo\/\" \/>\n<meta property=\"og:site_name\" content=\"Pastoral Universit\u00e1ria UniSALESIANO\" \/>\n<meta property=\"article:published_time\" content=\"2021-05-10T13:24:33+00:00\" \/>\n<meta property=\"article:modified_time\" content=\"2021-05-21T11:52:15+00:00\" \/>\n<meta property=\"og:image\" content=\"https:\/\/unisale.com.br\/novo\/wp-content\/uploads\/2021\/05\/13-05.jpg\" \/>\n\t<meta property=\"og:image:width\" content=\"1920\" \/>\n\t<meta property=\"og:image:height\" content=\"1080\" \/>\n\t<meta property=\"og:image:type\" content=\"image\/jpeg\" \/>\n<meta name=\"author\" content=\"pastoral\" \/>\n<meta name=\"twitter:card\" content=\"summary_large_image\" \/>\n<meta name=\"twitter:label1\" content=\"Escrito por\" \/>\n\t<meta name=\"twitter:data1\" content=\"pastoral\" \/>\n\t<meta name=\"twitter:label2\" content=\"Est. tempo de leitura\" \/>\n\t<meta name=\"twitter:data2\" content=\"2 minutos\" \/>\n<script type=\"application\/ld+json\" class=\"yoast-schema-graph\">{\"@context\":\"https:\\\/\\\/schema.org\",\"@graph\":[{\"@type\":\"Article\",\"@id\":\"https:\\\/\\\/unisale.com.br\\\/novo\\\/pouco-tempo\\\/#article\",\"isPartOf\":{\"@id\":\"https:\\\/\\\/unisale.com.br\\\/novo\\\/pouco-tempo\\\/\"},\"author\":{\"name\":\"pastoral\",\"@id\":\"https:\\\/\\\/unisale.com.br\\\/pastoral\\\/#\\\/schema\\\/person\\\/a16ba711a0f7dec9cb6b44563144d5a3\"},\"headline\":\"13\\\/05 &#8211; Pouco tempo ainda e j\u00e1 n\u00e3o me vereis. E outra vez pouco tempo e me vereis de novo.\",\"datePublished\":\"2021-05-10T13:24:33+00:00\",\"dateModified\":\"2021-05-21T11:52:15+00:00\",\"mainEntityOfPage\":{\"@id\":\"https:\\\/\\\/unisale.com.br\\\/novo\\\/pouco-tempo\\\/\"},\"wordCount\":483,\"image\":{\"@id\":\"https:\\\/\\\/unisale.com.br\\\/novo\\\/pouco-tempo\\\/#primaryimage\"},\"thumbnailUrl\":\"https:\\\/\\\/unisale.com.br\\\/pastoral\\\/wp-content\\\/uploads\\\/2021\\\/05\\\/13-05.jpg\",\"articleSection\":[\"Reflex\u00e3o do Evangelho\"],\"inLanguage\":\"pt-BR\"},{\"@type\":\"WebPage\",\"@id\":\"https:\\\/\\\/unisale.com.br\\\/novo\\\/pouco-tempo\\\/\",\"url\":\"https:\\\/\\\/unisale.com.br\\\/novo\\\/pouco-tempo\\\/\",\"name\":\"13\\\/05 - Pouco tempo ainda e j\u00e1 n\u00e3o me vereis. E outra vez pouco tempo e me vereis de novo. - Pastoral Universit\u00e1ria UniSALESIANO\",\"isPartOf\":{\"@id\":\"https:\\\/\\\/unisale.com.br\\\/pastoral\\\/#website\"},\"primaryImageOfPage\":{\"@id\":\"https:\\\/\\\/unisale.com.br\\\/novo\\\/pouco-tempo\\\/#primaryimage\"},\"image\":{\"@id\":\"https:\\\/\\\/unisale.com.br\\\/novo\\\/pouco-tempo\\\/#primaryimage\"},\"thumbnailUrl\":\"https:\\\/\\\/unisale.com.br\\\/pastoral\\\/wp-content\\\/uploads\\\/2021\\\/05\\\/13-05.jpg\",\"datePublished\":\"2021-05-10T13:24:33+00:00\",\"dateModified\":\"2021-05-21T11:52:15+00:00\",\"author\":{\"@id\":\"https:\\\/\\\/unisale.com.br\\\/pastoral\\\/#\\\/schema\\\/person\\\/a16ba711a0f7dec9cb6b44563144d5a3\"},\"inLanguage\":\"pt-BR\",\"potentialAction\":[{\"@type\":\"ReadAction\",\"target\":[\"https:\\\/\\\/unisale.com.br\\\/novo\\\/pouco-tempo\\\/\"]}]},{\"@type\":\"ImageObject\",\"inLanguage\":\"pt-BR\",\"@id\":\"https:\\\/\\\/unisale.com.br\\\/novo\\\/pouco-tempo\\\/#primaryimage\",\"url\":\"https:\\\/\\\/unisale.com.br\\\/pastoral\\\/wp-content\\\/uploads\\\/2021\\\/05\\\/13-05.jpg\",\"contentUrl\":\"https:\\\/\\\/unisale.com.br\\\/pastoral\\\/wp-content\\\/uploads\\\/2021\\\/05\\\/13-05.jpg\",\"width\":889,\"height\":500},{\"@type\":\"WebSite\",\"@id\":\"https:\\\/\\\/unisale.com.br\\\/pastoral\\\/#website\",\"url\":\"https:\\\/\\\/unisale.com.br\\\/pastoral\\\/\",\"name\":\"Pastoral Universit\u00e1ria UniSALESIANO\",\"description\":\"Site da Pastoral Universit\u00e1ria do UniSALESIANO\",\"potentialAction\":[{\"@type\":\"SearchAction\",\"target\":{\"@type\":\"EntryPoint\",\"urlTemplate\":\"https:\\\/\\\/unisale.com.br\\\/pastoral\\\/?s={search_term_string}\"},\"query-input\":{\"@type\":\"PropertyValueSpecification\",\"valueRequired\":true,\"valueName\":\"search_term_string\"}}],\"inLanguage\":\"pt-BR\"},{\"@type\":\"Person\",\"@id\":\"https:\\\/\\\/unisale.com.br\\\/pastoral\\\/#\\\/schema\\\/person\\\/a16ba711a0f7dec9cb6b44563144d5a3\",\"name\":\"pastoral\",\"url\":\"https:\\\/\\\/unisale.com.br\\\/pastoral\\\/author\\\/pastoral\\\/\"}]}<\/script>\n<!-- \/ Yoast SEO plugin. -->","yoast_head_json":{"title":"13\/05 - Pouco tempo ainda e j\u00e1 n\u00e3o me vereis. E outra vez pouco tempo e me vereis de novo. - Pastoral Universit\u00e1ria UniSALESIANO","robots":{"index":"index","follow":"follow","max-snippet":"max-snippet:-1","max-image-preview":"max-image-preview:large","max-video-preview":"max-video-preview:-1"},"canonical":"https:\/\/unisale.com.br\/novo\/pouco-tempo\/","og_locale":"pt_BR","og_type":"article","og_title":"13\/05 - Pouco tempo ainda e j\u00e1 n\u00e3o me vereis. E outra vez pouco tempo e me vereis de novo. - Pastoral Universit\u00e1ria UniSALESIANO","og_description":"Quinta-feira, 13 de maio de 2021. Evangelho (Jo 16,5-11) \u00a0 \u201cPouco tempo ainda e j\u00e1 n\u00e3o me vereis. E outra vez pouco tempo e me...","og_url":"https:\/\/unisale.com.br\/novo\/pouco-tempo\/","og_site_name":"Pastoral Universit\u00e1ria UniSALESIANO","article_published_time":"2021-05-10T13:24:33+00:00","article_modified_time":"2021-05-21T11:52:15+00:00","og_image":[{"width":1920,"height":1080,"url":"https:\/\/unisale.com.br\/novo\/wp-content\/uploads\/2021\/05\/13-05.jpg","type":"image\/jpeg"}],"author":"pastoral","twitter_card":"summary_large_image","twitter_misc":{"Escrito por":"pastoral","Est. tempo de leitura":"2 minutos"},"schema":{"@context":"https:\/\/schema.org","@graph":[{"@type":"Article","@id":"https:\/\/unisale.com.br\/novo\/pouco-tempo\/#article","isPartOf":{"@id":"https:\/\/unisale.com.br\/novo\/pouco-tempo\/"},"author":{"name":"pastoral","@id":"https:\/\/unisale.com.br\/pastoral\/#\/schema\/person\/a16ba711a0f7dec9cb6b44563144d5a3"},"headline":"13\/05 &#8211; Pouco tempo ainda e j\u00e1 n\u00e3o me vereis. E outra vez pouco tempo e me vereis de novo.","datePublished":"2021-05-10T13:24:33+00:00","dateModified":"2021-05-21T11:52:15+00:00","mainEntityOfPage":{"@id":"https:\/\/unisale.com.br\/novo\/pouco-tempo\/"},"wordCount":483,"image":{"@id":"https:\/\/unisale.com.br\/novo\/pouco-tempo\/#primaryimage"},"thumbnailUrl":"https:\/\/unisale.com.br\/pastoral\/wp-content\/uploads\/2021\/05\/13-05.jpg","articleSection":["Reflex\u00e3o do Evangelho"],"inLanguage":"pt-BR"},{"@type":"WebPage","@id":"https:\/\/unisale.com.br\/novo\/pouco-tempo\/","url":"https:\/\/unisale.com.br\/novo\/pouco-tempo\/","name":"13\/05 - Pouco tempo ainda e j\u00e1 n\u00e3o me vereis. E outra vez pouco tempo e me vereis de novo. - Pastoral Universit\u00e1ria UniSALESIANO","isPartOf":{"@id":"https:\/\/unisale.com.br\/pastoral\/#website"},"primaryImageOfPage":{"@id":"https:\/\/unisale.com.br\/novo\/pouco-tempo\/#primaryimage"},"image":{"@id":"https:\/\/unisale.com.br\/novo\/pouco-tempo\/#primaryimage"},"thumbnailUrl":"https:\/\/unisale.com.br\/pastoral\/wp-content\/uploads\/2021\/05\/13-05.jpg","datePublished":"2021-05-10T13:24:33+00:00","dateModified":"2021-05-21T11:52:15+00:00","author":{"@id":"https:\/\/unisale.com.br\/pastoral\/#\/schema\/person\/a16ba711a0f7dec9cb6b44563144d5a3"},"inLanguage":"pt-BR","potentialAction":[{"@type":"ReadAction","target":["https:\/\/unisale.com.br\/novo\/pouco-tempo\/"]}]},{"@type":"ImageObject","inLanguage":"pt-BR","@id":"https:\/\/unisale.com.br\/novo\/pouco-tempo\/#primaryimage","url":"https:\/\/unisale.com.br\/pastoral\/wp-content\/uploads\/2021\/05\/13-05.jpg","contentUrl":"https:\/\/unisale.com.br\/pastoral\/wp-content\/uploads\/2021\/05\/13-05.jpg","width":889,"height":500},{"@type":"WebSite","@id":"https:\/\/unisale.com.br\/pastoral\/#website","url":"https:\/\/unisale.com.br\/pastoral\/","name":"Pastoral Universit\u00e1ria UniSALESIANO","description":"Site da Pastoral Universit\u00e1ria do UniSALESIANO","potentialAction":[{"@type":"SearchAction","target":{"@type":"EntryPoint","urlTemplate":"https:\/\/unisale.com.br\/pastoral\/?s={search_term_string}"},"query-input":{"@type":"PropertyValueSpecification","valueRequired":true,"valueName":"search_term_string"}}],"inLanguage":"pt-BR"},{"@type":"Person","@id":"https:\/\/unisale.com.br\/pastoral\/#\/schema\/person\/a16ba711a0f7dec9cb6b44563144d5a3","name":"pastoral","url":"https:\/\/unisale.com.br\/pastoral\/author\/pastoral\/"}]}},"_links":{"self":[{"href":"https:\/\/unisale.com.br\/pastoral\/wp-json\/wp\/v2\/posts\/1162","targetHints":{"allow":["GET"]}}],"collection":[{"href":"https:\/\/unisale.com.br\/pastoral\/wp-json\/wp\/v2\/posts"}],"about":[{"href":"https:\/\/unisale.com.br\/pastoral\/wp-json\/wp\/v2\/types\/post"}],"author":[{"embeddable":true,"href":"https:\/\/unisale.com.br\/pastoral\/wp-json\/wp\/v2\/users\/1"}],"replies":[{"embeddable":true,"href":"https:\/\/unisale.com.br\/pastoral\/wp-json\/wp\/v2\/comments?post=1162"}],"version-history":[{"count":0,"href":"https:\/\/unisale.com.br\/pastoral\/wp-json\/wp\/v2\/posts\/1162\/revisions"}],"wp:featuredmedia":[{"embeddable":true,"href":"https:\/\/unisale.com.br\/pastoral\/wp-json\/wp\/v2\/media\/1140"}],"wp:attachment":[{"href":"https:\/\/unisale.com.br\/pastoral\/wp-json\/wp\/v2\/media?parent=1162"}],"wp:term":[{"taxonomy":"category","embeddable":true,"href":"https:\/\/unisale.com.br\/pastoral\/wp-json\/wp\/v2\/categories?post=1162"},{"taxonomy":"post_tag","embeddable":true,"href":"https:\/\/unisale.com.br\/pastoral\/wp-json\/wp\/v2\/tags?post=1162"}],"curies":[{"name":"wp","href":"https:\/\/api.w.org\/{rel}","templated":true}]}}