{"id":11620,"date":"2024-12-09T13:03:42","date_gmt":"2024-12-09T13:03:42","guid":{"rendered":"https:\/\/unisale.com.br\/pastoral\/?p=11620"},"modified":"2024-12-09T13:05:49","modified_gmt":"2024-12-09T13:05:49","slug":"15-12-eu-vos-batizo-com-agua-mas-vira-aquele-que-e-mais-forte-do-que-eu","status":"publish","type":"post","link":"https:\/\/unisale.com.br\/pastoral\/15-12-eu-vos-batizo-com-agua-mas-vira-aquele-que-e-mais-forte-do-que-eu\/","title":{"rendered":"15\/12 &#8211; Eu vos batizo com \u00e1gua, mas vir\u00e1 aquele que \u00e9 mais forte do que eu."},"content":{"rendered":"<p>Domingo, 15 de dezembro de 2024<\/p>\n<p>&nbsp;<\/p>\n<p>Evangelho (Lc 3,10-18)<\/p>\n<p>&nbsp;<\/p>\n<p><strong>\u201cEu vos batizo com \u00e1gua, mas vir\u00e1 aquele que \u00e9 mais forte do que eu\u2019<\/strong><\/p>\n<p>&nbsp;<\/p>\n<p>Naquele tempo, <sup>10<\/sup>as multid\u00f5es perguntavam a Jo\u00e3o: \u201cQue devemos fazer?\u201d <sup>11<\/sup>Jo\u00e3o respondia: \u201cQuem tiver duas t\u00fanicas, d\u00ea uma a quem n\u00e3o tem; e quem tiver comida, fa\u00e7a o mesmo!\u201d <sup>12<\/sup>Foram tamb\u00e9m para o batismo cobradores de impostos, e perguntaram a Jo\u00e3o: \u201cMestre, que devemos fazer?\u201d <sup>13<\/sup>Jo\u00e3o respondeu: \u201cN\u00e3o cobreis mais do que foi estabelecido\u201d. <sup>14<\/sup>Havia tamb\u00e9m soldados que perguntavam: \u201cE n\u00f3s, que devemos fazer?\u201d Jo\u00e3o respondia: \u201cN\u00e3o tomeis \u00e0 for\u00e7a dinheiro de ningu\u00e9m, nem fa\u00e7ais falsas acusa\u00e7\u00f5es; ficai satisfeitos com o vosso sal\u00e1rio!\u201d <sup>15<\/sup>O povo estava na expectativa e todos perguntavam no seu \u00edntimo se Jo\u00e3o n\u00e3o seria o Messias. <sup>16<\/sup>Por isso, Jo\u00e3o declarou a todos: \u201cEu vos batizo com \u00e1gua, mas vir\u00e1 aquele que \u00e9 mais forte do que eu. Eu n\u00e3o sou digno de desamarrar a correia de suas sand\u00e1lias. Ele vos batizar\u00e1 no Esp\u00edrito Santo e no fogo. <sup>17<\/sup>Ele vir\u00e1 com a p\u00e1 na m\u00e3o: vai limpar sua eira e recolher o trigo no celeiro; mas a palha ele a queimar\u00e1 no fogo que n\u00e3o se apaga\u201d. <sup>18<\/sup>E ainda de muitos outros modos, Jo\u00e3o anunciava ao povo a Boa Nova.<\/p>\n<p>&nbsp;<\/p>\n<p><strong>Reflex\u00e3o<\/strong><\/p>\n<p>&nbsp;<\/p>\n<p>A Liturgia deste III Domingo do Avento nos convida \u00e0 alegria. Esta alegria \u00e9 destinada a toda a humanidade, mas especialmente aos mais pobres, aos mais pobres de alegria. Podemos pensar nos doentes e pessoas sozinhas, que al\u00e9m de serem provadas no f\u00edsico, s\u00e3o tamb\u00e9m provadas no \u00e2nimo. N\u00e3o podemos n\u00e3o confrontar a liturgia de hoje e o convite: \u201cAlegrai-vos!\u201d O convite \u00e0 alegria \u00e9 uma profecia de salva\u00e7\u00e3o, um apelo ao resgate interior. E para transformar o mundo, Deus escolheu uma humilde jovem e a interpelou: \u201cAlegra-te, \u00f3 cheia de gra\u00e7a, o Senhor \u00e9 contigo!\u201d. Nestas palavras do anjo encontra-se o aut\u00eantico Segredo do Natal. Deus repete este convite a cada um de n\u00f3s: Alegra-te, o Senhor est\u00e1 pr\u00f3ximo\u201d. E n\u00f3s podemos ficar felizes porque o Senhor nos visita. Este \u00e9 o Mist\u00e9rio do Amor de Deus que preenche a nossa vida. Para nos alegrarmos precisamos n\u00e3o s\u00f3 de coisas, mas de amor e de verdade: precisamos de um Deus pr\u00f3ximo, que conforta o nosso cora\u00e7\u00e3o, e responde \u00e0s nossas profundas expectativas. O Advento \u00e9 tempo de alegria porque desperta nossos cora\u00e7\u00f5es a expectativa do Salvador, e esperar a vinda de uma pessoa amada \u00e9 sempre motivo de alegria. E o Evangelho de hoje nos diz que para acolher o Senhor que vem, n\u00f3s devemos nos preparar prestando aten\u00e7\u00e3o \u00e0 nossa conduta de vida. Jo\u00e3o Batista diz que Deus n\u00e3o exige nada de extraordin\u00e1rio, mas s\u00f3 que vivamos com crit\u00e9rios de solidariedade e de justi\u00e7a, que levemos uma vida comum em retid\u00e3o e bondade.<\/p>\n<p><strong>Pe. Paulo Eduardo J\u00e1como, SDB.<\/strong><\/p>\n","protected":false},"excerpt":{"rendered":"<p>Domingo, 15 de dezembro de 2024 &nbsp; Evangelho (Lc 3,10-18) &nbsp; \u201cEu vos batizo com \u00e1gua, mas vir\u00e1 aquele que \u00e9 mais forte do que&#8230;<\/p>\n","protected":false},"author":1,"featured_media":11621,"comment_status":"closed","ping_status":"closed","sticky":false,"template":"","format":"standard","meta":{"_acf_changed":false,"footnotes":""},"categories":[13],"tags":[],"class_list":["post-11620","post","type-post","status-publish","format-standard","has-post-thumbnail","hentry","category-reflexaodoevagelho"],"acf":[],"yoast_head":"<!-- This site is optimized with the Yoast SEO plugin v27.3 - https:\/\/yoast.com\/product\/yoast-seo-wordpress\/ -->\n<title>15\/12 - Eu vos batizo com \u00e1gua, mas vir\u00e1 aquele que \u00e9 mais forte do que eu. - Pastoral Universit\u00e1ria UniSALESIANO<\/title>\n<meta name=\"robots\" content=\"index, follow, max-snippet:-1, max-image-preview:large, max-video-preview:-1\" \/>\n<link rel=\"canonical\" href=\"https:\/\/unisale.com.br\/pastoral\/15-12-eu-vos-batizo-com-agua-mas-vira-aquele-que-e-mais-forte-do-que-eu\/\" \/>\n<meta property=\"og:locale\" content=\"pt_BR\" \/>\n<meta property=\"og:type\" content=\"article\" \/>\n<meta property=\"og:title\" content=\"15\/12 - Eu vos batizo com \u00e1gua, mas vir\u00e1 aquele que \u00e9 mais forte do que eu. - Pastoral Universit\u00e1ria UniSALESIANO\" \/>\n<meta property=\"og:description\" content=\"Domingo, 15 de dezembro de 2024 &nbsp; Evangelho (Lc 3,10-18) &nbsp; \u201cEu vos batizo com \u00e1gua, mas vir\u00e1 aquele que \u00e9 mais forte do que...\" \/>\n<meta property=\"og:url\" content=\"https:\/\/unisale.com.br\/pastoral\/15-12-eu-vos-batizo-com-agua-mas-vira-aquele-que-e-mais-forte-do-que-eu\/\" \/>\n<meta property=\"og:site_name\" content=\"Pastoral Universit\u00e1ria UniSALESIANO\" \/>\n<meta property=\"article:published_time\" content=\"2024-12-09T13:03:42+00:00\" \/>\n<meta property=\"article:modified_time\" content=\"2024-12-09T13:05:49+00:00\" \/>\n<meta property=\"og:image\" content=\"https:\/\/unisale.com.br\/pastoral\/wp-content\/uploads\/2024\/12\/Design-sem-nome-21.png\" \/>\n\t<meta property=\"og:image:width\" content=\"1080\" \/>\n\t<meta property=\"og:image:height\" content=\"1080\" \/>\n\t<meta property=\"og:image:type\" content=\"image\/png\" \/>\n<meta name=\"author\" content=\"pastoral\" \/>\n<meta name=\"twitter:card\" content=\"summary_large_image\" \/>\n<meta name=\"twitter:label1\" content=\"Escrito por\" \/>\n\t<meta name=\"twitter:data1\" content=\"pastoral\" \/>\n\t<meta name=\"twitter:label2\" content=\"Est. tempo de leitura\" \/>\n\t<meta name=\"twitter:data2\" content=\"3 minutos\" \/>\n<script type=\"application\/ld+json\" class=\"yoast-schema-graph\">{\"@context\":\"https:\\\/\\\/schema.org\",\"@graph\":[{\"@type\":\"Article\",\"@id\":\"https:\\\/\\\/unisale.com.br\\\/pastoral\\\/15-12-eu-vos-batizo-com-agua-mas-vira-aquele-que-e-mais-forte-do-que-eu\\\/#article\",\"isPartOf\":{\"@id\":\"https:\\\/\\\/unisale.com.br\\\/pastoral\\\/15-12-eu-vos-batizo-com-agua-mas-vira-aquele-que-e-mais-forte-do-que-eu\\\/\"},\"author\":{\"name\":\"pastoral\",\"@id\":\"https:\\\/\\\/unisale.com.br\\\/pastoral\\\/#\\\/schema\\\/person\\\/a16ba711a0f7dec9cb6b44563144d5a3\"},\"headline\":\"15\\\/12 &#8211; Eu vos batizo com \u00e1gua, mas vir\u00e1 aquele que \u00e9 mais forte do que eu.\",\"datePublished\":\"2024-12-09T13:03:42+00:00\",\"dateModified\":\"2024-12-09T13:05:49+00:00\",\"mainEntityOfPage\":{\"@id\":\"https:\\\/\\\/unisale.com.br\\\/pastoral\\\/15-12-eu-vos-batizo-com-agua-mas-vira-aquele-que-e-mais-forte-do-que-eu\\\/\"},\"wordCount\":528,\"image\":{\"@id\":\"https:\\\/\\\/unisale.com.br\\\/pastoral\\\/15-12-eu-vos-batizo-com-agua-mas-vira-aquele-que-e-mais-forte-do-que-eu\\\/#primaryimage\"},\"thumbnailUrl\":\"https:\\\/\\\/unisale.com.br\\\/pastoral\\\/wp-content\\\/uploads\\\/2024\\\/12\\\/Design-sem-nome-21.jpg\",\"articleSection\":[\"Reflex\u00e3o do Evangelho\"],\"inLanguage\":\"pt-BR\"},{\"@type\":\"WebPage\",\"@id\":\"https:\\\/\\\/unisale.com.br\\\/pastoral\\\/15-12-eu-vos-batizo-com-agua-mas-vira-aquele-que-e-mais-forte-do-que-eu\\\/\",\"url\":\"https:\\\/\\\/unisale.com.br\\\/pastoral\\\/15-12-eu-vos-batizo-com-agua-mas-vira-aquele-que-e-mais-forte-do-que-eu\\\/\",\"name\":\"15\\\/12 - Eu vos batizo com \u00e1gua, mas vir\u00e1 aquele que \u00e9 mais forte do que eu. - Pastoral Universit\u00e1ria UniSALESIANO\",\"isPartOf\":{\"@id\":\"https:\\\/\\\/unisale.com.br\\\/pastoral\\\/#website\"},\"primaryImageOfPage\":{\"@id\":\"https:\\\/\\\/unisale.com.br\\\/pastoral\\\/15-12-eu-vos-batizo-com-agua-mas-vira-aquele-que-e-mais-forte-do-que-eu\\\/#primaryimage\"},\"image\":{\"@id\":\"https:\\\/\\\/unisale.com.br\\\/pastoral\\\/15-12-eu-vos-batizo-com-agua-mas-vira-aquele-que-e-mais-forte-do-que-eu\\\/#primaryimage\"},\"thumbnailUrl\":\"https:\\\/\\\/unisale.com.br\\\/pastoral\\\/wp-content\\\/uploads\\\/2024\\\/12\\\/Design-sem-nome-21.jpg\",\"datePublished\":\"2024-12-09T13:03:42+00:00\",\"dateModified\":\"2024-12-09T13:05:49+00:00\",\"author\":{\"@id\":\"https:\\\/\\\/unisale.com.br\\\/pastoral\\\/#\\\/schema\\\/person\\\/a16ba711a0f7dec9cb6b44563144d5a3\"},\"inLanguage\":\"pt-BR\",\"potentialAction\":[{\"@type\":\"ReadAction\",\"target\":[\"https:\\\/\\\/unisale.com.br\\\/pastoral\\\/15-12-eu-vos-batizo-com-agua-mas-vira-aquele-que-e-mais-forte-do-que-eu\\\/\"]}]},{\"@type\":\"ImageObject\",\"inLanguage\":\"pt-BR\",\"@id\":\"https:\\\/\\\/unisale.com.br\\\/pastoral\\\/15-12-eu-vos-batizo-com-agua-mas-vira-aquele-que-e-mais-forte-do-que-eu\\\/#primaryimage\",\"url\":\"https:\\\/\\\/unisale.com.br\\\/pastoral\\\/wp-content\\\/uploads\\\/2024\\\/12\\\/Design-sem-nome-21.jpg\",\"contentUrl\":\"https:\\\/\\\/unisale.com.br\\\/pastoral\\\/wp-content\\\/uploads\\\/2024\\\/12\\\/Design-sem-nome-21.jpg\",\"width\":500,\"height\":500},{\"@type\":\"WebSite\",\"@id\":\"https:\\\/\\\/unisale.com.br\\\/pastoral\\\/#website\",\"url\":\"https:\\\/\\\/unisale.com.br\\\/pastoral\\\/\",\"name\":\"Pastoral Universit\u00e1ria UniSALESIANO\",\"description\":\"Site da Pastoral Universit\u00e1ria do UniSALESIANO\",\"potentialAction\":[{\"@type\":\"SearchAction\",\"target\":{\"@type\":\"EntryPoint\",\"urlTemplate\":\"https:\\\/\\\/unisale.com.br\\\/pastoral\\\/?s={search_term_string}\"},\"query-input\":{\"@type\":\"PropertyValueSpecification\",\"valueRequired\":true,\"valueName\":\"search_term_string\"}}],\"inLanguage\":\"pt-BR\"},{\"@type\":\"Person\",\"@id\":\"https:\\\/\\\/unisale.com.br\\\/pastoral\\\/#\\\/schema\\\/person\\\/a16ba711a0f7dec9cb6b44563144d5a3\",\"name\":\"pastoral\",\"url\":\"https:\\\/\\\/unisale.com.br\\\/pastoral\\\/author\\\/pastoral\\\/\"}]}<\/script>\n<!-- \/ Yoast SEO plugin. -->","yoast_head_json":{"title":"15\/12 - Eu vos batizo com \u00e1gua, mas vir\u00e1 aquele que \u00e9 mais forte do que eu. - Pastoral Universit\u00e1ria UniSALESIANO","robots":{"index":"index","follow":"follow","max-snippet":"max-snippet:-1","max-image-preview":"max-image-preview:large","max-video-preview":"max-video-preview:-1"},"canonical":"https:\/\/unisale.com.br\/pastoral\/15-12-eu-vos-batizo-com-agua-mas-vira-aquele-que-e-mais-forte-do-que-eu\/","og_locale":"pt_BR","og_type":"article","og_title":"15\/12 - Eu vos batizo com \u00e1gua, mas vir\u00e1 aquele que \u00e9 mais forte do que eu. - Pastoral Universit\u00e1ria UniSALESIANO","og_description":"Domingo, 15 de dezembro de 2024 &nbsp; Evangelho (Lc 3,10-18) &nbsp; \u201cEu vos batizo com \u00e1gua, mas vir\u00e1 aquele que \u00e9 mais forte do que...","og_url":"https:\/\/unisale.com.br\/pastoral\/15-12-eu-vos-batizo-com-agua-mas-vira-aquele-que-e-mais-forte-do-que-eu\/","og_site_name":"Pastoral Universit\u00e1ria UniSALESIANO","article_published_time":"2024-12-09T13:03:42+00:00","article_modified_time":"2024-12-09T13:05:49+00:00","og_image":[{"width":1080,"height":1080,"url":"https:\/\/unisale.com.br\/pastoral\/wp-content\/uploads\/2024\/12\/Design-sem-nome-21.png","type":"image\/png"}],"author":"pastoral","twitter_card":"summary_large_image","twitter_misc":{"Escrito por":"pastoral","Est. tempo de leitura":"3 minutos"},"schema":{"@context":"https:\/\/schema.org","@graph":[{"@type":"Article","@id":"https:\/\/unisale.com.br\/pastoral\/15-12-eu-vos-batizo-com-agua-mas-vira-aquele-que-e-mais-forte-do-que-eu\/#article","isPartOf":{"@id":"https:\/\/unisale.com.br\/pastoral\/15-12-eu-vos-batizo-com-agua-mas-vira-aquele-que-e-mais-forte-do-que-eu\/"},"author":{"name":"pastoral","@id":"https:\/\/unisale.com.br\/pastoral\/#\/schema\/person\/a16ba711a0f7dec9cb6b44563144d5a3"},"headline":"15\/12 &#8211; Eu vos batizo com \u00e1gua, mas vir\u00e1 aquele que \u00e9 mais forte do que eu.","datePublished":"2024-12-09T13:03:42+00:00","dateModified":"2024-12-09T13:05:49+00:00","mainEntityOfPage":{"@id":"https:\/\/unisale.com.br\/pastoral\/15-12-eu-vos-batizo-com-agua-mas-vira-aquele-que-e-mais-forte-do-que-eu\/"},"wordCount":528,"image":{"@id":"https:\/\/unisale.com.br\/pastoral\/15-12-eu-vos-batizo-com-agua-mas-vira-aquele-que-e-mais-forte-do-que-eu\/#primaryimage"},"thumbnailUrl":"https:\/\/unisale.com.br\/pastoral\/wp-content\/uploads\/2024\/12\/Design-sem-nome-21.jpg","articleSection":["Reflex\u00e3o do Evangelho"],"inLanguage":"pt-BR"},{"@type":"WebPage","@id":"https:\/\/unisale.com.br\/pastoral\/15-12-eu-vos-batizo-com-agua-mas-vira-aquele-que-e-mais-forte-do-que-eu\/","url":"https:\/\/unisale.com.br\/pastoral\/15-12-eu-vos-batizo-com-agua-mas-vira-aquele-que-e-mais-forte-do-que-eu\/","name":"15\/12 - Eu vos batizo com \u00e1gua, mas vir\u00e1 aquele que \u00e9 mais forte do que eu. - Pastoral Universit\u00e1ria UniSALESIANO","isPartOf":{"@id":"https:\/\/unisale.com.br\/pastoral\/#website"},"primaryImageOfPage":{"@id":"https:\/\/unisale.com.br\/pastoral\/15-12-eu-vos-batizo-com-agua-mas-vira-aquele-que-e-mais-forte-do-que-eu\/#primaryimage"},"image":{"@id":"https:\/\/unisale.com.br\/pastoral\/15-12-eu-vos-batizo-com-agua-mas-vira-aquele-que-e-mais-forte-do-que-eu\/#primaryimage"},"thumbnailUrl":"https:\/\/unisale.com.br\/pastoral\/wp-content\/uploads\/2024\/12\/Design-sem-nome-21.jpg","datePublished":"2024-12-09T13:03:42+00:00","dateModified":"2024-12-09T13:05:49+00:00","author":{"@id":"https:\/\/unisale.com.br\/pastoral\/#\/schema\/person\/a16ba711a0f7dec9cb6b44563144d5a3"},"inLanguage":"pt-BR","potentialAction":[{"@type":"ReadAction","target":["https:\/\/unisale.com.br\/pastoral\/15-12-eu-vos-batizo-com-agua-mas-vira-aquele-que-e-mais-forte-do-que-eu\/"]}]},{"@type":"ImageObject","inLanguage":"pt-BR","@id":"https:\/\/unisale.com.br\/pastoral\/15-12-eu-vos-batizo-com-agua-mas-vira-aquele-que-e-mais-forte-do-que-eu\/#primaryimage","url":"https:\/\/unisale.com.br\/pastoral\/wp-content\/uploads\/2024\/12\/Design-sem-nome-21.jpg","contentUrl":"https:\/\/unisale.com.br\/pastoral\/wp-content\/uploads\/2024\/12\/Design-sem-nome-21.jpg","width":500,"height":500},{"@type":"WebSite","@id":"https:\/\/unisale.com.br\/pastoral\/#website","url":"https:\/\/unisale.com.br\/pastoral\/","name":"Pastoral Universit\u00e1ria UniSALESIANO","description":"Site da Pastoral Universit\u00e1ria do UniSALESIANO","potentialAction":[{"@type":"SearchAction","target":{"@type":"EntryPoint","urlTemplate":"https:\/\/unisale.com.br\/pastoral\/?s={search_term_string}"},"query-input":{"@type":"PropertyValueSpecification","valueRequired":true,"valueName":"search_term_string"}}],"inLanguage":"pt-BR"},{"@type":"Person","@id":"https:\/\/unisale.com.br\/pastoral\/#\/schema\/person\/a16ba711a0f7dec9cb6b44563144d5a3","name":"pastoral","url":"https:\/\/unisale.com.br\/pastoral\/author\/pastoral\/"}]}},"_links":{"self":[{"href":"https:\/\/unisale.com.br\/pastoral\/wp-json\/wp\/v2\/posts\/11620","targetHints":{"allow":["GET"]}}],"collection":[{"href":"https:\/\/unisale.com.br\/pastoral\/wp-json\/wp\/v2\/posts"}],"about":[{"href":"https:\/\/unisale.com.br\/pastoral\/wp-json\/wp\/v2\/types\/post"}],"author":[{"embeddable":true,"href":"https:\/\/unisale.com.br\/pastoral\/wp-json\/wp\/v2\/users\/1"}],"replies":[{"embeddable":true,"href":"https:\/\/unisale.com.br\/pastoral\/wp-json\/wp\/v2\/comments?post=11620"}],"version-history":[{"count":1,"href":"https:\/\/unisale.com.br\/pastoral\/wp-json\/wp\/v2\/posts\/11620\/revisions"}],"predecessor-version":[{"id":11622,"href":"https:\/\/unisale.com.br\/pastoral\/wp-json\/wp\/v2\/posts\/11620\/revisions\/11622"}],"wp:featuredmedia":[{"embeddable":true,"href":"https:\/\/unisale.com.br\/pastoral\/wp-json\/wp\/v2\/media\/11621"}],"wp:attachment":[{"href":"https:\/\/unisale.com.br\/pastoral\/wp-json\/wp\/v2\/media?parent=11620"}],"wp:term":[{"taxonomy":"category","embeddable":true,"href":"https:\/\/unisale.com.br\/pastoral\/wp-json\/wp\/v2\/categories?post=11620"},{"taxonomy":"post_tag","embeddable":true,"href":"https:\/\/unisale.com.br\/pastoral\/wp-json\/wp\/v2\/tags?post=11620"}],"curies":[{"name":"wp","href":"https:\/\/api.w.org\/{rel}","templated":true}]}}