{"id":11627,"date":"2024-12-09T13:20:25","date_gmt":"2024-12-09T13:20:25","guid":{"rendered":"https:\/\/unisale.com.br\/pastoral\/?p=11627"},"modified":"2024-12-09T13:25:58","modified_gmt":"2024-12-09T13:25:58","slug":"17-12-jaco-gerou-jose-o-esposo-de-maria-da-qual-nasceu-jesus-que-e-chamado-o-cristo-3","status":"publish","type":"post","link":"https:\/\/unisale.com.br\/pastoral\/17-12-jaco-gerou-jose-o-esposo-de-maria-da-qual-nasceu-jesus-que-e-chamado-o-cristo-3\/","title":{"rendered":"17\/12 &#8211; Jac\u00f3 gerou Jos\u00e9, o esposo de Maria, da qual nasceu Jesus, que \u00e9 chamado o Cristo."},"content":{"rendered":"<p>Ter\u00e7a-feira, 17 de dezembro de 2024.<\/p>\n<p>&nbsp;<\/p>\n<p>Evangelho (Mt 1,1-17)<\/p>\n<p>&nbsp;<\/p>\n<p><strong>\u201cJac\u00f3 gerou Jos\u00e9, o esposo de Maria, da qual nasceu Jesus, que \u00e9 chamado o Cristo\u201d<\/strong><\/p>\n<p>&nbsp;<\/p>\n<p><sup>1<\/sup>Livro da origem de Jesus Cristo, filho de Davi, filho de Abra\u00e3o. <sup>2<\/sup>Abra\u00e3o gerou Isaac; Isaac gerou Jac\u00f3; Jac\u00f3 gerou Jud\u00e1 e seus irm\u00e3os. <sup>3<\/sup>Jud\u00e1 gerou Far\u00e9s e Zara, cuja m\u00e3e era Tamar. Far\u00e9s gerou Esrom; Esrom gerou Aram; <sup>4<\/sup>Aram gerou Aminadab; Aminadab gerou Naasson; Naasson gerou Salmon; <sup>5<\/sup>Salmon gerou Booz, cuja m\u00e3e era Raab. Booz gerou Obed, cuja m\u00e3e era Rute. Obed gerou Jess\u00e9. <sup>6<\/sup>Jess\u00e9 gerou o rei Davi. Davi gerou Salom\u00e3o, daquela que tinha sido mulher de Urias. <sup>7<\/sup>Salom\u00e3o gerou Robo\u00e3o; Robo\u00e3o gerou Abias; Abias gerou Asa; <sup>8<\/sup>Asa gerou Josaf\u00e1; Josaf\u00e1 gerou Jor\u00e3o. Jor\u00e3o gerou Ozias; <sup>9<\/sup>Ozias gerou Jot\u00e3o; Jot\u00e3o gerou Acaz; Acaz gerou Ezequias; <sup>10<\/sup>Ezequias gerou Manass\u00e9s; Manass\u00e9s gerou Amon; Amon gerou Josias. <sup>11<\/sup>Josias gerou Jeconias e seus irm\u00e3os, no tempo do ex\u00edlio na Babil\u00f4nia. <sup>12<\/sup>Depois do ex\u00edlio na Babil\u00f4nia, Jeconias gerou Salatiel; Salatiel gerou Zorobabel; <sup>13<\/sup>Zorobabel gerou Abiud; Abiud gerou Eliaquim; Eliaquim gerou Azor; <sup>14<\/sup>Azor gerou Sadoc; Sadoc gerou Aquim; Aquim gerou Eliud; <sup>15<\/sup>Eliud gerou Eleazar; Eleazar gerou Mat\u00e3; Mat\u00e3 gerou Jac\u00f3. <sup>16<\/sup>Jac\u00f3 gerou Jos\u00e9, o esposo de Maria, da qual nasceu Jesus, que \u00e9 chamado o Cristo. <sup>17<\/sup>Assim, as gera\u00e7\u00f5es desde Abra\u00e3o at\u00e9 Davi s\u00e3o catorze; de Davi at\u00e9 o ex\u00edlio na Babil\u00f4nia catorze; e do ex\u00edlio na Babil\u00f4nia at\u00e9 Cristo, catorze.<\/p>\n<p>&nbsp;<\/p>\n<p><strong>Reflex\u00e3o<\/strong><\/p>\n<p>&nbsp;<\/p>\n<p>Nomes dif\u00edceis, e n\u00fameros aparentemente incompreens\u00edveis. Assim poder\u00edamos sintetizar o Evangelho de hoje. No entanto, n\u00e3o \u00e9 assim, porque por detr\u00e1s de cada nome dif\u00edcil para n\u00f3s, na realidade se esconde um rosto de um homem concreto, com uma hist\u00f3ria concreta, uma aventura concreta. E cada rosto est\u00e1 ligado a um outro rosto, a uma outra hist\u00f3ria, a uma outra aventura. Deus, para entrar na hist\u00f3ria, entrou na hist\u00f3ria singular de cada homem, na hist\u00f3ria de cada nome e de cada rosto. Melhor ainda, devemos dizer que Deus come\u00e7ou a tornar-se presente nas rela\u00e7\u00f5es concretas dos homens. E Jesus, que n\u00e3o \u00e9 um homem qualquer, mas um homem em particular, assumiu sobre os seus ombros as hist\u00f3rias particulares de quem o precedeu. De Abra\u00e3o at\u00e9 Jos\u00e9. A hist\u00f3ria que celebramos no Natal, n\u00e3o \u00e9 uma f\u00e1bula, nem um conto edificante. \u00c9 ao inv\u00e9s a hist\u00f3ria dram\u00e1tica dos homens, dos homens concretos, com rostos concretos. N\u00e3o devemos jamais roubar a humanidade de Jesus. N\u00e3o devemos ter pressa de trancafi\u00e1-lo no c\u00e9u, ou de colocar n\u2019Ele uma aur\u00e9ola na cabe\u00e7a. A primeira grande verdade que o Natal ensina \u00e9 que devemos aprender a considerar jesus na sua concreta humanidade. \u201c<sup>17<\/sup>Assim, as gera\u00e7\u00f5es desde Abra\u00e3o at\u00e9 Davi s\u00e3o catorze; de Davi at\u00e9 o ex\u00edlio na Babil\u00f4nia catorze; e do ex\u00edlio na Babil\u00f4nia at\u00e9 Cristo, catorze\u201d. O Evangelho de hoje \u00e9 uma extrema tentativa de enumerar ao menos quarenta duas gera\u00e7\u00f5es de motivos. E em cada uma destas n\u00e3o encontramos somente hist\u00f3rias luminosas, mas muitas vezes hist\u00f3ria complicadas, dif\u00edceis, como se a Deus agradasse particularmente entrar em situa\u00e7\u00f5es complicadas de fam\u00edlias e pessoas. Mas cada uma das hist\u00f3rias de nossas vidas \u00e9 complicada. A boa not\u00edcia do Evangelho de hoje \u00e9 saber que tamb\u00e9m as hist\u00f3rias complicadas t\u00eam como final Jesus. Cada hist\u00f3ria tem no seu pano de fundo um Natal, um Messias, um Senso, numa \u00fanica palavra: JESUS.<\/p>\n<p><strong>Pe. Paulo Eduardo J\u00e1como, SDB.<\/strong><\/p>\n","protected":false},"excerpt":{"rendered":"<p>Ter\u00e7a-feira, 17 de dezembro de 2024. &nbsp; Evangelho (Mt 1,1-17) &nbsp; \u201cJac\u00f3 gerou Jos\u00e9, o esposo de Maria, da qual nasceu Jesus, que \u00e9 chamado&#8230;<\/p>\n","protected":false},"author":1,"featured_media":11628,"comment_status":"closed","ping_status":"closed","sticky":false,"template":"","format":"standard","meta":{"_acf_changed":false,"footnotes":""},"categories":[13],"tags":[],"class_list":["post-11627","post","type-post","status-publish","format-standard","has-post-thumbnail","hentry","category-reflexaodoevagelho"],"acf":[],"yoast_head":"<!-- This site is optimized with the Yoast SEO plugin v27.3 - https:\/\/yoast.com\/product\/yoast-seo-wordpress\/ -->\n<title>17\/12 - Jac\u00f3 gerou Jos\u00e9, o esposo de Maria, da qual nasceu Jesus, que \u00e9 chamado o Cristo. - Pastoral Universit\u00e1ria UniSALESIANO<\/title>\n<meta name=\"robots\" content=\"index, follow, max-snippet:-1, max-image-preview:large, max-video-preview:-1\" \/>\n<link rel=\"canonical\" href=\"https:\/\/unisale.com.br\/pastoral\/17-12-jaco-gerou-jose-o-esposo-de-maria-da-qual-nasceu-jesus-que-e-chamado-o-cristo-3\/\" \/>\n<meta property=\"og:locale\" content=\"pt_BR\" \/>\n<meta property=\"og:type\" content=\"article\" \/>\n<meta property=\"og:title\" content=\"17\/12 - Jac\u00f3 gerou Jos\u00e9, o esposo de Maria, da qual nasceu Jesus, que \u00e9 chamado o Cristo. - Pastoral Universit\u00e1ria UniSALESIANO\" \/>\n<meta property=\"og:description\" content=\"Ter\u00e7a-feira, 17 de dezembro de 2024. &nbsp; Evangelho (Mt 1,1-17) &nbsp; \u201cJac\u00f3 gerou Jos\u00e9, o esposo de Maria, da qual nasceu Jesus, que \u00e9 chamado...\" \/>\n<meta property=\"og:url\" content=\"https:\/\/unisale.com.br\/pastoral\/17-12-jaco-gerou-jose-o-esposo-de-maria-da-qual-nasceu-jesus-que-e-chamado-o-cristo-3\/\" \/>\n<meta property=\"og:site_name\" content=\"Pastoral Universit\u00e1ria UniSALESIANO\" \/>\n<meta property=\"article:published_time\" content=\"2024-12-09T13:20:25+00:00\" \/>\n<meta property=\"article:modified_time\" content=\"2024-12-09T13:25:58+00:00\" \/>\n<meta property=\"og:image\" content=\"https:\/\/unisale.com.br\/pastoral\/wp-content\/uploads\/2024\/12\/Design-sem-nome-23-768x768.png\" \/>\n\t<meta property=\"og:image:width\" content=\"768\" \/>\n\t<meta property=\"og:image:height\" content=\"768\" \/>\n\t<meta property=\"og:image:type\" content=\"image\/png\" \/>\n<meta name=\"author\" content=\"pastoral\" \/>\n<meta name=\"twitter:card\" content=\"summary_large_image\" \/>\n<meta name=\"twitter:label1\" content=\"Escrito por\" \/>\n\t<meta name=\"twitter:data1\" content=\"pastoral\" \/>\n\t<meta name=\"twitter:label2\" content=\"Est. tempo de leitura\" \/>\n\t<meta name=\"twitter:data2\" content=\"4 minutos\" \/>\n<script type=\"application\/ld+json\" class=\"yoast-schema-graph\">{\"@context\":\"https:\\\/\\\/schema.org\",\"@graph\":[{\"@type\":\"Article\",\"@id\":\"https:\\\/\\\/unisale.com.br\\\/pastoral\\\/17-12-jaco-gerou-jose-o-esposo-de-maria-da-qual-nasceu-jesus-que-e-chamado-o-cristo-3\\\/#article\",\"isPartOf\":{\"@id\":\"https:\\\/\\\/unisale.com.br\\\/pastoral\\\/17-12-jaco-gerou-jose-o-esposo-de-maria-da-qual-nasceu-jesus-que-e-chamado-o-cristo-3\\\/\"},\"author\":{\"name\":\"pastoral\",\"@id\":\"https:\\\/\\\/unisale.com.br\\\/pastoral\\\/#\\\/schema\\\/person\\\/a16ba711a0f7dec9cb6b44563144d5a3\"},\"headline\":\"17\\\/12 &#8211; Jac\u00f3 gerou Jos\u00e9, o esposo de Maria, da qual nasceu Jesus, que \u00e9 chamado o Cristo.\",\"datePublished\":\"2024-12-09T13:20:25+00:00\",\"dateModified\":\"2024-12-09T13:25:58+00:00\",\"mainEntityOfPage\":{\"@id\":\"https:\\\/\\\/unisale.com.br\\\/pastoral\\\/17-12-jaco-gerou-jose-o-esposo-de-maria-da-qual-nasceu-jesus-que-e-chamado-o-cristo-3\\\/\"},\"wordCount\":646,\"image\":{\"@id\":\"https:\\\/\\\/unisale.com.br\\\/pastoral\\\/17-12-jaco-gerou-jose-o-esposo-de-maria-da-qual-nasceu-jesus-que-e-chamado-o-cristo-3\\\/#primaryimage\"},\"thumbnailUrl\":\"https:\\\/\\\/unisale.com.br\\\/pastoral\\\/wp-content\\\/uploads\\\/2024\\\/12\\\/Design-sem-nome-23.jpg\",\"articleSection\":[\"Reflex\u00e3o do Evangelho\"],\"inLanguage\":\"pt-BR\"},{\"@type\":\"WebPage\",\"@id\":\"https:\\\/\\\/unisale.com.br\\\/pastoral\\\/17-12-jaco-gerou-jose-o-esposo-de-maria-da-qual-nasceu-jesus-que-e-chamado-o-cristo-3\\\/\",\"url\":\"https:\\\/\\\/unisale.com.br\\\/pastoral\\\/17-12-jaco-gerou-jose-o-esposo-de-maria-da-qual-nasceu-jesus-que-e-chamado-o-cristo-3\\\/\",\"name\":\"17\\\/12 - Jac\u00f3 gerou Jos\u00e9, o esposo de Maria, da qual nasceu Jesus, que \u00e9 chamado o Cristo. - Pastoral Universit\u00e1ria UniSALESIANO\",\"isPartOf\":{\"@id\":\"https:\\\/\\\/unisale.com.br\\\/pastoral\\\/#website\"},\"primaryImageOfPage\":{\"@id\":\"https:\\\/\\\/unisale.com.br\\\/pastoral\\\/17-12-jaco-gerou-jose-o-esposo-de-maria-da-qual-nasceu-jesus-que-e-chamado-o-cristo-3\\\/#primaryimage\"},\"image\":{\"@id\":\"https:\\\/\\\/unisale.com.br\\\/pastoral\\\/17-12-jaco-gerou-jose-o-esposo-de-maria-da-qual-nasceu-jesus-que-e-chamado-o-cristo-3\\\/#primaryimage\"},\"thumbnailUrl\":\"https:\\\/\\\/unisale.com.br\\\/pastoral\\\/wp-content\\\/uploads\\\/2024\\\/12\\\/Design-sem-nome-23.jpg\",\"datePublished\":\"2024-12-09T13:20:25+00:00\",\"dateModified\":\"2024-12-09T13:25:58+00:00\",\"author\":{\"@id\":\"https:\\\/\\\/unisale.com.br\\\/pastoral\\\/#\\\/schema\\\/person\\\/a16ba711a0f7dec9cb6b44563144d5a3\"},\"inLanguage\":\"pt-BR\",\"potentialAction\":[{\"@type\":\"ReadAction\",\"target\":[\"https:\\\/\\\/unisale.com.br\\\/pastoral\\\/17-12-jaco-gerou-jose-o-esposo-de-maria-da-qual-nasceu-jesus-que-e-chamado-o-cristo-3\\\/\"]}]},{\"@type\":\"ImageObject\",\"inLanguage\":\"pt-BR\",\"@id\":\"https:\\\/\\\/unisale.com.br\\\/pastoral\\\/17-12-jaco-gerou-jose-o-esposo-de-maria-da-qual-nasceu-jesus-que-e-chamado-o-cristo-3\\\/#primaryimage\",\"url\":\"https:\\\/\\\/unisale.com.br\\\/pastoral\\\/wp-content\\\/uploads\\\/2024\\\/12\\\/Design-sem-nome-23.jpg\",\"contentUrl\":\"https:\\\/\\\/unisale.com.br\\\/pastoral\\\/wp-content\\\/uploads\\\/2024\\\/12\\\/Design-sem-nome-23.jpg\",\"width\":500,\"height\":500},{\"@type\":\"WebSite\",\"@id\":\"https:\\\/\\\/unisale.com.br\\\/pastoral\\\/#website\",\"url\":\"https:\\\/\\\/unisale.com.br\\\/pastoral\\\/\",\"name\":\"Pastoral Universit\u00e1ria UniSALESIANO\",\"description\":\"Site da Pastoral Universit\u00e1ria do UniSALESIANO\",\"potentialAction\":[{\"@type\":\"SearchAction\",\"target\":{\"@type\":\"EntryPoint\",\"urlTemplate\":\"https:\\\/\\\/unisale.com.br\\\/pastoral\\\/?s={search_term_string}\"},\"query-input\":{\"@type\":\"PropertyValueSpecification\",\"valueRequired\":true,\"valueName\":\"search_term_string\"}}],\"inLanguage\":\"pt-BR\"},{\"@type\":\"Person\",\"@id\":\"https:\\\/\\\/unisale.com.br\\\/pastoral\\\/#\\\/schema\\\/person\\\/a16ba711a0f7dec9cb6b44563144d5a3\",\"name\":\"pastoral\",\"url\":\"https:\\\/\\\/unisale.com.br\\\/pastoral\\\/author\\\/pastoral\\\/\"}]}<\/script>\n<!-- \/ Yoast SEO plugin. -->","yoast_head_json":{"title":"17\/12 - Jac\u00f3 gerou Jos\u00e9, o esposo de Maria, da qual nasceu Jesus, que \u00e9 chamado o Cristo. - Pastoral Universit\u00e1ria UniSALESIANO","robots":{"index":"index","follow":"follow","max-snippet":"max-snippet:-1","max-image-preview":"max-image-preview:large","max-video-preview":"max-video-preview:-1"},"canonical":"https:\/\/unisale.com.br\/pastoral\/17-12-jaco-gerou-jose-o-esposo-de-maria-da-qual-nasceu-jesus-que-e-chamado-o-cristo-3\/","og_locale":"pt_BR","og_type":"article","og_title":"17\/12 - Jac\u00f3 gerou Jos\u00e9, o esposo de Maria, da qual nasceu Jesus, que \u00e9 chamado o Cristo. - Pastoral Universit\u00e1ria UniSALESIANO","og_description":"Ter\u00e7a-feira, 17 de dezembro de 2024. &nbsp; Evangelho (Mt 1,1-17) &nbsp; \u201cJac\u00f3 gerou Jos\u00e9, o esposo de Maria, da qual nasceu Jesus, que \u00e9 chamado...","og_url":"https:\/\/unisale.com.br\/pastoral\/17-12-jaco-gerou-jose-o-esposo-de-maria-da-qual-nasceu-jesus-que-e-chamado-o-cristo-3\/","og_site_name":"Pastoral Universit\u00e1ria UniSALESIANO","article_published_time":"2024-12-09T13:20:25+00:00","article_modified_time":"2024-12-09T13:25:58+00:00","og_image":[{"width":768,"height":768,"url":"https:\/\/unisale.com.br\/pastoral\/wp-content\/uploads\/2024\/12\/Design-sem-nome-23-768x768.png","type":"image\/png"}],"author":"pastoral","twitter_card":"summary_large_image","twitter_misc":{"Escrito por":"pastoral","Est. tempo de leitura":"4 minutos"},"schema":{"@context":"https:\/\/schema.org","@graph":[{"@type":"Article","@id":"https:\/\/unisale.com.br\/pastoral\/17-12-jaco-gerou-jose-o-esposo-de-maria-da-qual-nasceu-jesus-que-e-chamado-o-cristo-3\/#article","isPartOf":{"@id":"https:\/\/unisale.com.br\/pastoral\/17-12-jaco-gerou-jose-o-esposo-de-maria-da-qual-nasceu-jesus-que-e-chamado-o-cristo-3\/"},"author":{"name":"pastoral","@id":"https:\/\/unisale.com.br\/pastoral\/#\/schema\/person\/a16ba711a0f7dec9cb6b44563144d5a3"},"headline":"17\/12 &#8211; Jac\u00f3 gerou Jos\u00e9, o esposo de Maria, da qual nasceu Jesus, que \u00e9 chamado o Cristo.","datePublished":"2024-12-09T13:20:25+00:00","dateModified":"2024-12-09T13:25:58+00:00","mainEntityOfPage":{"@id":"https:\/\/unisale.com.br\/pastoral\/17-12-jaco-gerou-jose-o-esposo-de-maria-da-qual-nasceu-jesus-que-e-chamado-o-cristo-3\/"},"wordCount":646,"image":{"@id":"https:\/\/unisale.com.br\/pastoral\/17-12-jaco-gerou-jose-o-esposo-de-maria-da-qual-nasceu-jesus-que-e-chamado-o-cristo-3\/#primaryimage"},"thumbnailUrl":"https:\/\/unisale.com.br\/pastoral\/wp-content\/uploads\/2024\/12\/Design-sem-nome-23.jpg","articleSection":["Reflex\u00e3o do Evangelho"],"inLanguage":"pt-BR"},{"@type":"WebPage","@id":"https:\/\/unisale.com.br\/pastoral\/17-12-jaco-gerou-jose-o-esposo-de-maria-da-qual-nasceu-jesus-que-e-chamado-o-cristo-3\/","url":"https:\/\/unisale.com.br\/pastoral\/17-12-jaco-gerou-jose-o-esposo-de-maria-da-qual-nasceu-jesus-que-e-chamado-o-cristo-3\/","name":"17\/12 - Jac\u00f3 gerou Jos\u00e9, o esposo de Maria, da qual nasceu Jesus, que \u00e9 chamado o Cristo. - Pastoral Universit\u00e1ria UniSALESIANO","isPartOf":{"@id":"https:\/\/unisale.com.br\/pastoral\/#website"},"primaryImageOfPage":{"@id":"https:\/\/unisale.com.br\/pastoral\/17-12-jaco-gerou-jose-o-esposo-de-maria-da-qual-nasceu-jesus-que-e-chamado-o-cristo-3\/#primaryimage"},"image":{"@id":"https:\/\/unisale.com.br\/pastoral\/17-12-jaco-gerou-jose-o-esposo-de-maria-da-qual-nasceu-jesus-que-e-chamado-o-cristo-3\/#primaryimage"},"thumbnailUrl":"https:\/\/unisale.com.br\/pastoral\/wp-content\/uploads\/2024\/12\/Design-sem-nome-23.jpg","datePublished":"2024-12-09T13:20:25+00:00","dateModified":"2024-12-09T13:25:58+00:00","author":{"@id":"https:\/\/unisale.com.br\/pastoral\/#\/schema\/person\/a16ba711a0f7dec9cb6b44563144d5a3"},"inLanguage":"pt-BR","potentialAction":[{"@type":"ReadAction","target":["https:\/\/unisale.com.br\/pastoral\/17-12-jaco-gerou-jose-o-esposo-de-maria-da-qual-nasceu-jesus-que-e-chamado-o-cristo-3\/"]}]},{"@type":"ImageObject","inLanguage":"pt-BR","@id":"https:\/\/unisale.com.br\/pastoral\/17-12-jaco-gerou-jose-o-esposo-de-maria-da-qual-nasceu-jesus-que-e-chamado-o-cristo-3\/#primaryimage","url":"https:\/\/unisale.com.br\/pastoral\/wp-content\/uploads\/2024\/12\/Design-sem-nome-23.jpg","contentUrl":"https:\/\/unisale.com.br\/pastoral\/wp-content\/uploads\/2024\/12\/Design-sem-nome-23.jpg","width":500,"height":500},{"@type":"WebSite","@id":"https:\/\/unisale.com.br\/pastoral\/#website","url":"https:\/\/unisale.com.br\/pastoral\/","name":"Pastoral Universit\u00e1ria UniSALESIANO","description":"Site da Pastoral Universit\u00e1ria do UniSALESIANO","potentialAction":[{"@type":"SearchAction","target":{"@type":"EntryPoint","urlTemplate":"https:\/\/unisale.com.br\/pastoral\/?s={search_term_string}"},"query-input":{"@type":"PropertyValueSpecification","valueRequired":true,"valueName":"search_term_string"}}],"inLanguage":"pt-BR"},{"@type":"Person","@id":"https:\/\/unisale.com.br\/pastoral\/#\/schema\/person\/a16ba711a0f7dec9cb6b44563144d5a3","name":"pastoral","url":"https:\/\/unisale.com.br\/pastoral\/author\/pastoral\/"}]}},"_links":{"self":[{"href":"https:\/\/unisale.com.br\/pastoral\/wp-json\/wp\/v2\/posts\/11627","targetHints":{"allow":["GET"]}}],"collection":[{"href":"https:\/\/unisale.com.br\/pastoral\/wp-json\/wp\/v2\/posts"}],"about":[{"href":"https:\/\/unisale.com.br\/pastoral\/wp-json\/wp\/v2\/types\/post"}],"author":[{"embeddable":true,"href":"https:\/\/unisale.com.br\/pastoral\/wp-json\/wp\/v2\/users\/1"}],"replies":[{"embeddable":true,"href":"https:\/\/unisale.com.br\/pastoral\/wp-json\/wp\/v2\/comments?post=11627"}],"version-history":[{"count":1,"href":"https:\/\/unisale.com.br\/pastoral\/wp-json\/wp\/v2\/posts\/11627\/revisions"}],"predecessor-version":[{"id":11629,"href":"https:\/\/unisale.com.br\/pastoral\/wp-json\/wp\/v2\/posts\/11627\/revisions\/11629"}],"wp:featuredmedia":[{"embeddable":true,"href":"https:\/\/unisale.com.br\/pastoral\/wp-json\/wp\/v2\/media\/11628"}],"wp:attachment":[{"href":"https:\/\/unisale.com.br\/pastoral\/wp-json\/wp\/v2\/media?parent=11627"}],"wp:term":[{"taxonomy":"category","embeddable":true,"href":"https:\/\/unisale.com.br\/pastoral\/wp-json\/wp\/v2\/categories?post=11627"},{"taxonomy":"post_tag","embeddable":true,"href":"https:\/\/unisale.com.br\/pastoral\/wp-json\/wp\/v2\/tags?post=11627"}],"curies":[{"name":"wp","href":"https:\/\/api.w.org\/{rel}","templated":true}]}}