{"id":11639,"date":"2024-12-09T13:53:21","date_gmt":"2024-12-09T13:53:21","guid":{"rendered":"https:\/\/unisale.com.br\/pastoral\/?p=11639"},"modified":"2024-12-09T13:53:21","modified_gmt":"2024-12-09T13:53:21","slug":"21-12-o-espirito-vira-sobre-ti-e-o-poder-do-altissimo-te-cobrira-com-a-sua-sombra-4","status":"publish","type":"post","link":"https:\/\/unisale.com.br\/pastoral\/21-12-o-espirito-vira-sobre-ti-e-o-poder-do-altissimo-te-cobrira-com-a-sua-sombra-4\/","title":{"rendered":"21\/12 &#8211; O Esp\u00edrito vir\u00e1 sobre ti, e o poder do Alt\u00edssimo te cobrir\u00e1 com a sua sombra."},"content":{"rendered":"<p>S\u00e1bado, 21 de dezembro de 2024.<\/p>\n<p>&nbsp;<\/p>\n<p>Evangelho (Lc 1,39-45)<\/p>\n<p>&nbsp;<\/p>\n<p><strong>\u201cO Esp\u00edrito vir\u00e1 sobre ti, e o poder do Alt\u00edssimo te cobrir\u00e1 com a sua sombra\u201d<\/strong><\/p>\n<p>&nbsp;<\/p>\n<p><sup>39<\/sup>Naqueles dias, Maria partiu para a regi\u00e3o montanhosa, dirigindo-se, apressadamente, a uma cidade da Judeia. <sup>40<\/sup>Entrou na casa de Zacarias e cumprimentou Isabel. <sup>41<\/sup>Quando Isabel ouviu a sauda\u00e7\u00e3o de Maria, a crian\u00e7a pulou no seu ventre e Isabel ficou cheia do Esp\u00edrito Santo. <sup>42<\/sup>Com um grande grito, exclamou: \u201cBendita \u00e9s tu entre as mulheres e bendito \u00e9 o fruto do teu ventre!\u201d <sup>43<\/sup>Como posso merecer que a m\u00e3e do meu Senhor me venha visitar? <sup>44<\/sup>Logo que a tua sauda\u00e7\u00e3o chegou aos meus ouvidos, a crian\u00e7a pulou de alegria no meu ventre. <sup>45<\/sup>\u201cBem-aventurada aquela que acreditou, porque ser\u00e1 cumprido o que o Senhor lhe prometeu\u201d.<\/p>\n<p>&nbsp;<\/p>\n<p><strong>Reflex\u00e3o<\/strong><\/p>\n<p>&nbsp;<\/p>\n<p>A viagem que Maria faz, descrita no Evangelho de hoje, n\u00e3o nasce de uma \u00e2nsia, mas da vontade de compartilhar o que lhe havia acontecido. Colocar-se a servi\u00e7o de sua prima Isabel \u00e9 o modo que ela encontrou para exprimir o cora\u00e7\u00e3o da sua experi\u00eancia de f\u00e9. Uma f\u00e9 que n\u00e3o se torna caridade concreta arrisca de se tornar uma vida espiritual abstrata e n\u00e3o uma vida espiritual concreta. E a caridade tem sempre semelhan\u00e7a com o que acontece com Maria e Isabel: \u201c<sup>40<\/sup>Entrou na casa de Zacarias e cumprimentou Isabel. <sup>41<\/sup>Quando Isabel ouviu a sauda\u00e7\u00e3o de Maria, a crian\u00e7a pulou no seu ventre e Isabel ficou cheia do Esp\u00edrito Santo\u201d. A caridade \u00e9 levar alegria na vida dos outros, especialmente na vida daqueles que se sentem desesperados e sozinhos. \u00c9 uma alegria que nasce da nossa presen\u00e7a que rende concreta a presen\u00e7a daquele Deus que socorre todos os oprimidos. Jo\u00e3o Batista exulta no seio da velha m\u00e3e, parece quase querer dan\u00e7ar assim como Davi dan\u00e7ou diante da Arca da Alian\u00e7a. De fato, agora tamb\u00e9m eles se encontram diante da Arca da Nova Alian\u00e7a, Maria. Paradoxalmente, por\u00e9m, tamb\u00e9m quem recebe quem \u00e9 objeto da nossa caridade te d\u00e1 um retorno inesperado. Isabel cheia do Esp\u00edrito Santo tamb\u00e9m exclamou a Gra\u00e7a que estava em Maria: \u201cBendita \u00e9s tu entre as mulheres e bendito \u00e9 o fruto do teu ventre!\u201d <sup>43<\/sup>Como posso merecer que a m\u00e3e do meu Senhor me venha visitar? <sup>44<\/sup>Logo que a tua sauda\u00e7\u00e3o chegou aos meus ouvidos, a crian\u00e7a pulou de alegria no meu ventre. <sup>45<\/sup>\u201cBem-aventurada aquela que acreditou, porque ser\u00e1 cumprido o que o Senhor lhe prometeu\u201d. S\u00e3o os pobres a dizer-nos e fazer-nos entender de verdade quem somo e que sentido tem a nossa vida. Se voc\u00ea deseja fazer discernimento, coloque-se a servi\u00e7o. O medo e a confus\u00e3o que Maria tinha experimentado diante do Anjo Gabriel, encontrou luz e acolhimento nas palavras de Isabel. A caridade nos diz sempre a verdade.<\/p>\n<p><strong>Pe. Paulo Eduardo J\u00e1como, SDB.<\/strong><\/p>\n","protected":false},"excerpt":{"rendered":"<p>S\u00e1bado, 21 de dezembro de 2024. &nbsp; Evangelho (Lc 1,39-45) &nbsp; \u201cO Esp\u00edrito vir\u00e1 sobre ti, e o poder do Alt\u00edssimo te cobrir\u00e1 com a&#8230;<\/p>\n","protected":false},"author":1,"featured_media":11640,"comment_status":"closed","ping_status":"closed","sticky":false,"template":"","format":"standard","meta":{"_acf_changed":false,"footnotes":""},"categories":[13],"tags":[],"class_list":["post-11639","post","type-post","status-publish","format-standard","has-post-thumbnail","hentry","category-reflexaodoevagelho"],"acf":[],"yoast_head":"<!-- This site is optimized with the Yoast SEO plugin v27.3 - https:\/\/yoast.com\/product\/yoast-seo-wordpress\/ -->\n<title>21\/12 - O Esp\u00edrito vir\u00e1 sobre ti, e o poder do Alt\u00edssimo te cobrir\u00e1 com a sua sombra. - Pastoral Universit\u00e1ria UniSALESIANO<\/title>\n<meta name=\"robots\" content=\"index, follow, max-snippet:-1, max-image-preview:large, max-video-preview:-1\" \/>\n<link rel=\"canonical\" href=\"https:\/\/unisale.com.br\/pastoral\/21-12-o-espirito-vira-sobre-ti-e-o-poder-do-altissimo-te-cobrira-com-a-sua-sombra-4\/\" \/>\n<meta property=\"og:locale\" content=\"pt_BR\" \/>\n<meta property=\"og:type\" content=\"article\" \/>\n<meta property=\"og:title\" content=\"21\/12 - O Esp\u00edrito vir\u00e1 sobre ti, e o poder do Alt\u00edssimo te cobrir\u00e1 com a sua sombra. - Pastoral Universit\u00e1ria UniSALESIANO\" \/>\n<meta property=\"og:description\" content=\"S\u00e1bado, 21 de dezembro de 2024. &nbsp; Evangelho (Lc 1,39-45) &nbsp; \u201cO Esp\u00edrito vir\u00e1 sobre ti, e o poder do Alt\u00edssimo te cobrir\u00e1 com a...\" \/>\n<meta property=\"og:url\" content=\"https:\/\/unisale.com.br\/pastoral\/21-12-o-espirito-vira-sobre-ti-e-o-poder-do-altissimo-te-cobrira-com-a-sua-sombra-4\/\" \/>\n<meta property=\"og:site_name\" content=\"Pastoral Universit\u00e1ria UniSALESIANO\" \/>\n<meta property=\"article:published_time\" content=\"2024-12-09T13:53:21+00:00\" \/>\n<meta property=\"og:image\" content=\"https:\/\/unisale.com.br\/pastoral\/wp-content\/uploads\/2024\/12\/Design-sem-nome-27.png\" \/>\n\t<meta property=\"og:image:width\" content=\"1080\" \/>\n\t<meta property=\"og:image:height\" content=\"1080\" \/>\n\t<meta property=\"og:image:type\" content=\"image\/png\" \/>\n<meta name=\"author\" content=\"pastoral\" \/>\n<meta name=\"twitter:card\" content=\"summary_large_image\" \/>\n<meta name=\"twitter:label1\" content=\"Escrito por\" \/>\n\t<meta name=\"twitter:data1\" content=\"pastoral\" \/>\n\t<meta name=\"twitter:label2\" content=\"Est. tempo de leitura\" \/>\n\t<meta name=\"twitter:data2\" content=\"3 minutos\" \/>\n<script type=\"application\/ld+json\" class=\"yoast-schema-graph\">{\"@context\":\"https:\\\/\\\/schema.org\",\"@graph\":[{\"@type\":\"Article\",\"@id\":\"https:\\\/\\\/unisale.com.br\\\/pastoral\\\/21-12-o-espirito-vira-sobre-ti-e-o-poder-do-altissimo-te-cobrira-com-a-sua-sombra-4\\\/#article\",\"isPartOf\":{\"@id\":\"https:\\\/\\\/unisale.com.br\\\/pastoral\\\/21-12-o-espirito-vira-sobre-ti-e-o-poder-do-altissimo-te-cobrira-com-a-sua-sombra-4\\\/\"},\"author\":{\"name\":\"pastoral\",\"@id\":\"https:\\\/\\\/unisale.com.br\\\/pastoral\\\/#\\\/schema\\\/person\\\/a16ba711a0f7dec9cb6b44563144d5a3\"},\"headline\":\"21\\\/12 &#8211; O Esp\u00edrito vir\u00e1 sobre ti, e o poder do Alt\u00edssimo te cobrir\u00e1 com a sua sombra.\",\"datePublished\":\"2024-12-09T13:53:21+00:00\",\"mainEntityOfPage\":{\"@id\":\"https:\\\/\\\/unisale.com.br\\\/pastoral\\\/21-12-o-espirito-vira-sobre-ti-e-o-poder-do-altissimo-te-cobrira-com-a-sua-sombra-4\\\/\"},\"wordCount\":518,\"image\":{\"@id\":\"https:\\\/\\\/unisale.com.br\\\/pastoral\\\/21-12-o-espirito-vira-sobre-ti-e-o-poder-do-altissimo-te-cobrira-com-a-sua-sombra-4\\\/#primaryimage\"},\"thumbnailUrl\":\"https:\\\/\\\/unisale.com.br\\\/pastoral\\\/wp-content\\\/uploads\\\/2024\\\/12\\\/Design-sem-nome-27.jpg\",\"articleSection\":[\"Reflex\u00e3o do Evangelho\"],\"inLanguage\":\"pt-BR\"},{\"@type\":\"WebPage\",\"@id\":\"https:\\\/\\\/unisale.com.br\\\/pastoral\\\/21-12-o-espirito-vira-sobre-ti-e-o-poder-do-altissimo-te-cobrira-com-a-sua-sombra-4\\\/\",\"url\":\"https:\\\/\\\/unisale.com.br\\\/pastoral\\\/21-12-o-espirito-vira-sobre-ti-e-o-poder-do-altissimo-te-cobrira-com-a-sua-sombra-4\\\/\",\"name\":\"21\\\/12 - O Esp\u00edrito vir\u00e1 sobre ti, e o poder do Alt\u00edssimo te cobrir\u00e1 com a sua sombra. - Pastoral Universit\u00e1ria UniSALESIANO\",\"isPartOf\":{\"@id\":\"https:\\\/\\\/unisale.com.br\\\/pastoral\\\/#website\"},\"primaryImageOfPage\":{\"@id\":\"https:\\\/\\\/unisale.com.br\\\/pastoral\\\/21-12-o-espirito-vira-sobre-ti-e-o-poder-do-altissimo-te-cobrira-com-a-sua-sombra-4\\\/#primaryimage\"},\"image\":{\"@id\":\"https:\\\/\\\/unisale.com.br\\\/pastoral\\\/21-12-o-espirito-vira-sobre-ti-e-o-poder-do-altissimo-te-cobrira-com-a-sua-sombra-4\\\/#primaryimage\"},\"thumbnailUrl\":\"https:\\\/\\\/unisale.com.br\\\/pastoral\\\/wp-content\\\/uploads\\\/2024\\\/12\\\/Design-sem-nome-27.jpg\",\"datePublished\":\"2024-12-09T13:53:21+00:00\",\"author\":{\"@id\":\"https:\\\/\\\/unisale.com.br\\\/pastoral\\\/#\\\/schema\\\/person\\\/a16ba711a0f7dec9cb6b44563144d5a3\"},\"inLanguage\":\"pt-BR\",\"potentialAction\":[{\"@type\":\"ReadAction\",\"target\":[\"https:\\\/\\\/unisale.com.br\\\/pastoral\\\/21-12-o-espirito-vira-sobre-ti-e-o-poder-do-altissimo-te-cobrira-com-a-sua-sombra-4\\\/\"]}]},{\"@type\":\"ImageObject\",\"inLanguage\":\"pt-BR\",\"@id\":\"https:\\\/\\\/unisale.com.br\\\/pastoral\\\/21-12-o-espirito-vira-sobre-ti-e-o-poder-do-altissimo-te-cobrira-com-a-sua-sombra-4\\\/#primaryimage\",\"url\":\"https:\\\/\\\/unisale.com.br\\\/pastoral\\\/wp-content\\\/uploads\\\/2024\\\/12\\\/Design-sem-nome-27.jpg\",\"contentUrl\":\"https:\\\/\\\/unisale.com.br\\\/pastoral\\\/wp-content\\\/uploads\\\/2024\\\/12\\\/Design-sem-nome-27.jpg\",\"width\":500,\"height\":500},{\"@type\":\"WebSite\",\"@id\":\"https:\\\/\\\/unisale.com.br\\\/pastoral\\\/#website\",\"url\":\"https:\\\/\\\/unisale.com.br\\\/pastoral\\\/\",\"name\":\"Pastoral Universit\u00e1ria UniSALESIANO\",\"description\":\"Site da Pastoral Universit\u00e1ria do UniSALESIANO\",\"potentialAction\":[{\"@type\":\"SearchAction\",\"target\":{\"@type\":\"EntryPoint\",\"urlTemplate\":\"https:\\\/\\\/unisale.com.br\\\/pastoral\\\/?s={search_term_string}\"},\"query-input\":{\"@type\":\"PropertyValueSpecification\",\"valueRequired\":true,\"valueName\":\"search_term_string\"}}],\"inLanguage\":\"pt-BR\"},{\"@type\":\"Person\",\"@id\":\"https:\\\/\\\/unisale.com.br\\\/pastoral\\\/#\\\/schema\\\/person\\\/a16ba711a0f7dec9cb6b44563144d5a3\",\"name\":\"pastoral\",\"url\":\"https:\\\/\\\/unisale.com.br\\\/pastoral\\\/author\\\/pastoral\\\/\"}]}<\/script>\n<!-- \/ Yoast SEO plugin. -->","yoast_head_json":{"title":"21\/12 - O Esp\u00edrito vir\u00e1 sobre ti, e o poder do Alt\u00edssimo te cobrir\u00e1 com a sua sombra. - Pastoral Universit\u00e1ria UniSALESIANO","robots":{"index":"index","follow":"follow","max-snippet":"max-snippet:-1","max-image-preview":"max-image-preview:large","max-video-preview":"max-video-preview:-1"},"canonical":"https:\/\/unisale.com.br\/pastoral\/21-12-o-espirito-vira-sobre-ti-e-o-poder-do-altissimo-te-cobrira-com-a-sua-sombra-4\/","og_locale":"pt_BR","og_type":"article","og_title":"21\/12 - O Esp\u00edrito vir\u00e1 sobre ti, e o poder do Alt\u00edssimo te cobrir\u00e1 com a sua sombra. - Pastoral Universit\u00e1ria UniSALESIANO","og_description":"S\u00e1bado, 21 de dezembro de 2024. &nbsp; Evangelho (Lc 1,39-45) &nbsp; \u201cO Esp\u00edrito vir\u00e1 sobre ti, e o poder do Alt\u00edssimo te cobrir\u00e1 com a...","og_url":"https:\/\/unisale.com.br\/pastoral\/21-12-o-espirito-vira-sobre-ti-e-o-poder-do-altissimo-te-cobrira-com-a-sua-sombra-4\/","og_site_name":"Pastoral Universit\u00e1ria UniSALESIANO","article_published_time":"2024-12-09T13:53:21+00:00","og_image":[{"width":1080,"height":1080,"url":"https:\/\/unisale.com.br\/pastoral\/wp-content\/uploads\/2024\/12\/Design-sem-nome-27.png","type":"image\/png"}],"author":"pastoral","twitter_card":"summary_large_image","twitter_misc":{"Escrito por":"pastoral","Est. tempo de leitura":"3 minutos"},"schema":{"@context":"https:\/\/schema.org","@graph":[{"@type":"Article","@id":"https:\/\/unisale.com.br\/pastoral\/21-12-o-espirito-vira-sobre-ti-e-o-poder-do-altissimo-te-cobrira-com-a-sua-sombra-4\/#article","isPartOf":{"@id":"https:\/\/unisale.com.br\/pastoral\/21-12-o-espirito-vira-sobre-ti-e-o-poder-do-altissimo-te-cobrira-com-a-sua-sombra-4\/"},"author":{"name":"pastoral","@id":"https:\/\/unisale.com.br\/pastoral\/#\/schema\/person\/a16ba711a0f7dec9cb6b44563144d5a3"},"headline":"21\/12 &#8211; O Esp\u00edrito vir\u00e1 sobre ti, e o poder do Alt\u00edssimo te cobrir\u00e1 com a sua sombra.","datePublished":"2024-12-09T13:53:21+00:00","mainEntityOfPage":{"@id":"https:\/\/unisale.com.br\/pastoral\/21-12-o-espirito-vira-sobre-ti-e-o-poder-do-altissimo-te-cobrira-com-a-sua-sombra-4\/"},"wordCount":518,"image":{"@id":"https:\/\/unisale.com.br\/pastoral\/21-12-o-espirito-vira-sobre-ti-e-o-poder-do-altissimo-te-cobrira-com-a-sua-sombra-4\/#primaryimage"},"thumbnailUrl":"https:\/\/unisale.com.br\/pastoral\/wp-content\/uploads\/2024\/12\/Design-sem-nome-27.jpg","articleSection":["Reflex\u00e3o do Evangelho"],"inLanguage":"pt-BR"},{"@type":"WebPage","@id":"https:\/\/unisale.com.br\/pastoral\/21-12-o-espirito-vira-sobre-ti-e-o-poder-do-altissimo-te-cobrira-com-a-sua-sombra-4\/","url":"https:\/\/unisale.com.br\/pastoral\/21-12-o-espirito-vira-sobre-ti-e-o-poder-do-altissimo-te-cobrira-com-a-sua-sombra-4\/","name":"21\/12 - O Esp\u00edrito vir\u00e1 sobre ti, e o poder do Alt\u00edssimo te cobrir\u00e1 com a sua sombra. - Pastoral Universit\u00e1ria UniSALESIANO","isPartOf":{"@id":"https:\/\/unisale.com.br\/pastoral\/#website"},"primaryImageOfPage":{"@id":"https:\/\/unisale.com.br\/pastoral\/21-12-o-espirito-vira-sobre-ti-e-o-poder-do-altissimo-te-cobrira-com-a-sua-sombra-4\/#primaryimage"},"image":{"@id":"https:\/\/unisale.com.br\/pastoral\/21-12-o-espirito-vira-sobre-ti-e-o-poder-do-altissimo-te-cobrira-com-a-sua-sombra-4\/#primaryimage"},"thumbnailUrl":"https:\/\/unisale.com.br\/pastoral\/wp-content\/uploads\/2024\/12\/Design-sem-nome-27.jpg","datePublished":"2024-12-09T13:53:21+00:00","author":{"@id":"https:\/\/unisale.com.br\/pastoral\/#\/schema\/person\/a16ba711a0f7dec9cb6b44563144d5a3"},"inLanguage":"pt-BR","potentialAction":[{"@type":"ReadAction","target":["https:\/\/unisale.com.br\/pastoral\/21-12-o-espirito-vira-sobre-ti-e-o-poder-do-altissimo-te-cobrira-com-a-sua-sombra-4\/"]}]},{"@type":"ImageObject","inLanguage":"pt-BR","@id":"https:\/\/unisale.com.br\/pastoral\/21-12-o-espirito-vira-sobre-ti-e-o-poder-do-altissimo-te-cobrira-com-a-sua-sombra-4\/#primaryimage","url":"https:\/\/unisale.com.br\/pastoral\/wp-content\/uploads\/2024\/12\/Design-sem-nome-27.jpg","contentUrl":"https:\/\/unisale.com.br\/pastoral\/wp-content\/uploads\/2024\/12\/Design-sem-nome-27.jpg","width":500,"height":500},{"@type":"WebSite","@id":"https:\/\/unisale.com.br\/pastoral\/#website","url":"https:\/\/unisale.com.br\/pastoral\/","name":"Pastoral Universit\u00e1ria UniSALESIANO","description":"Site da Pastoral Universit\u00e1ria do UniSALESIANO","potentialAction":[{"@type":"SearchAction","target":{"@type":"EntryPoint","urlTemplate":"https:\/\/unisale.com.br\/pastoral\/?s={search_term_string}"},"query-input":{"@type":"PropertyValueSpecification","valueRequired":true,"valueName":"search_term_string"}}],"inLanguage":"pt-BR"},{"@type":"Person","@id":"https:\/\/unisale.com.br\/pastoral\/#\/schema\/person\/a16ba711a0f7dec9cb6b44563144d5a3","name":"pastoral","url":"https:\/\/unisale.com.br\/pastoral\/author\/pastoral\/"}]}},"_links":{"self":[{"href":"https:\/\/unisale.com.br\/pastoral\/wp-json\/wp\/v2\/posts\/11639","targetHints":{"allow":["GET"]}}],"collection":[{"href":"https:\/\/unisale.com.br\/pastoral\/wp-json\/wp\/v2\/posts"}],"about":[{"href":"https:\/\/unisale.com.br\/pastoral\/wp-json\/wp\/v2\/types\/post"}],"author":[{"embeddable":true,"href":"https:\/\/unisale.com.br\/pastoral\/wp-json\/wp\/v2\/users\/1"}],"replies":[{"embeddable":true,"href":"https:\/\/unisale.com.br\/pastoral\/wp-json\/wp\/v2\/comments?post=11639"}],"version-history":[{"count":1,"href":"https:\/\/unisale.com.br\/pastoral\/wp-json\/wp\/v2\/posts\/11639\/revisions"}],"predecessor-version":[{"id":11641,"href":"https:\/\/unisale.com.br\/pastoral\/wp-json\/wp\/v2\/posts\/11639\/revisions\/11641"}],"wp:featuredmedia":[{"embeddable":true,"href":"https:\/\/unisale.com.br\/pastoral\/wp-json\/wp\/v2\/media\/11640"}],"wp:attachment":[{"href":"https:\/\/unisale.com.br\/pastoral\/wp-json\/wp\/v2\/media?parent=11639"}],"wp:term":[{"taxonomy":"category","embeddable":true,"href":"https:\/\/unisale.com.br\/pastoral\/wp-json\/wp\/v2\/categories?post=11639"},{"taxonomy":"post_tag","embeddable":true,"href":"https:\/\/unisale.com.br\/pastoral\/wp-json\/wp\/v2\/tags?post=11639"}],"curies":[{"name":"wp","href":"https:\/\/api.w.org\/{rel}","templated":true}]}}