{"id":11658,"date":"2024-12-18T11:55:29","date_gmt":"2024-12-18T11:55:29","guid":{"rendered":"https:\/\/unisale.com.br\/pastoral\/?p=11658"},"modified":"2024-12-18T11:55:29","modified_gmt":"2024-12-18T11:55:29","slug":"29-12-ao-ve-lo-seus-pais-ficaram-muito-admirados-e-sua-mae-lhe-disse-meu-filho-por-que-agiste-assim-conosco","status":"publish","type":"post","link":"https:\/\/unisale.com.br\/pastoral\/29-12-ao-ve-lo-seus-pais-ficaram-muito-admirados-e-sua-mae-lhe-disse-meu-filho-por-que-agiste-assim-conosco\/","title":{"rendered":"29\/12 &#8211; Ao v\u00ea-lo, seus pais ficaram muito admirados, e sua m\u00e3e lhe disse: \u201cMeu filho, por que agiste assim conosco?"},"content":{"rendered":"<p>Domingo, 29 de dezembro de 2024.<\/p>\n<p>&nbsp;<\/p>\n<p>Evangelho (Lc 2,41-52)<\/p>\n<p>&nbsp;<\/p>\n<p><strong>\u201cAo v\u00ea-lo, seus pais ficaram muito admirados, e sua m\u00e3e lhe disse: \u201cMeu filho, por que agiste assim conosco?\u201d<\/strong><\/p>\n<p>&nbsp;<\/p>\n<p><sup>41<\/sup>Os pais de Jesus iam todos os anos a Jerusal\u00e9m, para a festa da P\u00e1scoa. <sup>42<\/sup>Quando ele completou doze anos, subiram para a festa, como de costume. <sup>43<\/sup>Passados os dias da P\u00e1scoa, come\u00e7aram a viagem de volta, mas o menino Jesus ficou em Jerusal\u00e9m, sem que seus pais o notassem. <sup>44<\/sup>Pensando que ele estivesse na caravana, caminharam um dia inteiro. Depois come\u00e7aram a procur\u00e1-lo entre os parentes e conhecidos. <sup>45<\/sup>N\u00e3o o tendo encontrado, voltaram para Jerusal\u00e9m \u00e0 sua procura. <sup>46<\/sup>Tr\u00eas dias depois, o encontraram no Templo. Estava sentado no meio dos mestres, escutando e fazendo perguntas. <sup>47<\/sup>Todos os que ouviam o menino estavam maravilhados com sua intelig\u00eancia e suas respostas. <sup>48<\/sup>Ao v\u00ea-lo, seus pais ficaram muito admirados e sua m\u00e3e lhe disse: \u201cMeu filho, por que agiste assim conosco? Olha que teu pai e eu est\u00e1vamos, angustiados, \u00e0 tua procura\u201d. <sup>49<\/sup>Jesus respondeu: \u201cPor que me procur\u00e1veis? N\u00e3o sabeis que devo estar na casa de meu Pai?\u201d <sup>50<\/sup>Eles, por\u00e9m, n\u00e3o compreenderam as palavras que lhes dissera. <sup>51<\/sup>Jesus desceu ent\u00e3o com seus pais para Nazar\u00e9, e era-lhes obediente. Sua m\u00e3e, por\u00e9m, conservava no cora\u00e7\u00e3o todas estas coisas. <sup>52<\/sup>E Jesus crescia em sabedoria, estatura e gra\u00e7a, diante de Deus e diante dos homens.<\/p>\n<p>&nbsp;<\/p>\n<p><strong>Reflex\u00e3o<\/strong><\/p>\n<p>&nbsp;<\/p>\n<p>Acabamos de celebrar a Festa do Natal e hoje a liturgia volta seus olhos para a Fam\u00edlia de Nazar\u00e9. A Fam\u00edlia de Nazar\u00e9 \u00e9 uma fam\u00edlia normal e Jesus partilha o destino dos homens, n\u00e3o vive um destino diferente. \u00c9 a Fam\u00edlia amada por Deus, objeto atento de sua Provid\u00eancia. Poder\u00edamos ent\u00e3o nos perguntar: se era a Fam\u00edlia predileta, ent\u00e3o porque persegui\u00e7\u00e3o e sofrimento? \u00c9 preciso entender que o amor de Deus salva os homens, mas n\u00e3o os subtrai \u00e0 hist\u00f3ria do homem, e nem sequer \u00e0 hist\u00f3ria da viol\u00eancia. Deus acompanha a Fam\u00edlia de Nazar\u00e9 e ajuda-os nas dificuldades. Assim fez com Jesus, n\u00e3o O subtraiu \u00e0 morte, mas acompanhou-O na morte. \u00c9 preciso que olhemos com f\u00e9 a Fam\u00edlia de Nazar\u00e9 para descobrimos nela uma dimens\u00e3o cotidiana para podermos escolh\u00ea-la como modelo de todas as fam\u00edlias. O menino Jesus cresceu nesta Fam\u00edlia e aprendeu nela a obedi\u00eancia. Ele Se nos apresenta neste Evangelho como o Filho obediente ao Pai. Temos muito o que aprender com a Fam\u00edlia de Nazar\u00e9, principalmente porque ela \u00e9 para n\u00f3s a Fam\u00edlia onde reina a f\u00e9. Maria acreditou, obedeceu e tornou-se a M\u00e3e do Salvador. Jos\u00e9 acreditou, obedeceu e tornou-se o pai adotivo de Jesus, o modelo do homem justo. Jesus, obediente ao Pai, se torna o Salvador da humanida.<\/p>\n<p><strong>Pe. Paulo Eduardo J\u00e1como, SDB.\u00a0<\/strong><\/p>\n","protected":false},"excerpt":{"rendered":"<p>Domingo, 29 de dezembro de 2024. &nbsp; Evangelho (Lc 2,41-52) &nbsp; \u201cAo v\u00ea-lo, seus pais ficaram muito admirados, e sua m\u00e3e lhe disse: \u201cMeu filho,&#8230;<\/p>\n","protected":false},"author":1,"featured_media":11659,"comment_status":"closed","ping_status":"closed","sticky":false,"template":"","format":"standard","meta":{"_acf_changed":false,"footnotes":""},"categories":[13],"tags":[],"class_list":["post-11658","post","type-post","status-publish","format-standard","has-post-thumbnail","hentry","category-reflexaodoevagelho"],"acf":[],"yoast_head":"<!-- This site is optimized with the Yoast SEO plugin v27.3 - https:\/\/yoast.com\/product\/yoast-seo-wordpress\/ -->\n<title>29\/12 - Ao v\u00ea-lo, seus pais ficaram muito admirados, e sua m\u00e3e lhe disse: \u201cMeu filho, por que agiste assim conosco? - Pastoral Universit\u00e1ria UniSALESIANO<\/title>\n<meta name=\"robots\" content=\"index, follow, max-snippet:-1, max-image-preview:large, max-video-preview:-1\" \/>\n<link rel=\"canonical\" href=\"https:\/\/unisale.com.br\/pastoral\/29-12-ao-ve-lo-seus-pais-ficaram-muito-admirados-e-sua-mae-lhe-disse-meu-filho-por-que-agiste-assim-conosco\/\" \/>\n<meta property=\"og:locale\" content=\"pt_BR\" \/>\n<meta property=\"og:type\" content=\"article\" \/>\n<meta property=\"og:title\" content=\"29\/12 - Ao v\u00ea-lo, seus pais ficaram muito admirados, e sua m\u00e3e lhe disse: \u201cMeu filho, por que agiste assim conosco? - Pastoral Universit\u00e1ria UniSALESIANO\" \/>\n<meta property=\"og:description\" content=\"Domingo, 29 de dezembro de 2024. &nbsp; Evangelho (Lc 2,41-52) &nbsp; \u201cAo v\u00ea-lo, seus pais ficaram muito admirados, e sua m\u00e3e lhe disse: \u201cMeu filho,...\" \/>\n<meta property=\"og:url\" content=\"https:\/\/unisale.com.br\/pastoral\/29-12-ao-ve-lo-seus-pais-ficaram-muito-admirados-e-sua-mae-lhe-disse-meu-filho-por-que-agiste-assim-conosco\/\" \/>\n<meta property=\"og:site_name\" content=\"Pastoral Universit\u00e1ria UniSALESIANO\" \/>\n<meta property=\"article:published_time\" content=\"2024-12-18T11:55:29+00:00\" \/>\n<meta property=\"og:image\" content=\"https:\/\/unisale.com.br\/pastoral\/wp-content\/uploads\/2024\/12\/Design-sem-nome-32.png\" \/>\n\t<meta property=\"og:image:width\" content=\"1080\" \/>\n\t<meta property=\"og:image:height\" content=\"1080\" \/>\n\t<meta property=\"og:image:type\" content=\"image\/png\" \/>\n<meta name=\"author\" content=\"pastoral\" \/>\n<meta name=\"twitter:card\" content=\"summary_large_image\" \/>\n<meta name=\"twitter:label1\" content=\"Escrito por\" \/>\n\t<meta name=\"twitter:data1\" content=\"pastoral\" \/>\n\t<meta name=\"twitter:label2\" content=\"Est. tempo de leitura\" \/>\n\t<meta name=\"twitter:data2\" content=\"3 minutos\" \/>\n<script type=\"application\/ld+json\" class=\"yoast-schema-graph\">{\"@context\":\"https:\\\/\\\/schema.org\",\"@graph\":[{\"@type\":\"Article\",\"@id\":\"https:\\\/\\\/unisale.com.br\\\/pastoral\\\/29-12-ao-ve-lo-seus-pais-ficaram-muito-admirados-e-sua-mae-lhe-disse-meu-filho-por-que-agiste-assim-conosco\\\/#article\",\"isPartOf\":{\"@id\":\"https:\\\/\\\/unisale.com.br\\\/pastoral\\\/29-12-ao-ve-lo-seus-pais-ficaram-muito-admirados-e-sua-mae-lhe-disse-meu-filho-por-que-agiste-assim-conosco\\\/\"},\"author\":{\"name\":\"pastoral\",\"@id\":\"https:\\\/\\\/unisale.com.br\\\/pastoral\\\/#\\\/schema\\\/person\\\/a16ba711a0f7dec9cb6b44563144d5a3\"},\"headline\":\"29\\\/12 &#8211; Ao v\u00ea-lo, seus pais ficaram muito admirados, e sua m\u00e3e lhe disse: \u201cMeu filho, por que agiste assim conosco?\",\"datePublished\":\"2024-12-18T11:55:29+00:00\",\"mainEntityOfPage\":{\"@id\":\"https:\\\/\\\/unisale.com.br\\\/pastoral\\\/29-12-ao-ve-lo-seus-pais-ficaram-muito-admirados-e-sua-mae-lhe-disse-meu-filho-por-que-agiste-assim-conosco\\\/\"},\"wordCount\":520,\"image\":{\"@id\":\"https:\\\/\\\/unisale.com.br\\\/pastoral\\\/29-12-ao-ve-lo-seus-pais-ficaram-muito-admirados-e-sua-mae-lhe-disse-meu-filho-por-que-agiste-assim-conosco\\\/#primaryimage\"},\"thumbnailUrl\":\"https:\\\/\\\/unisale.com.br\\\/pastoral\\\/wp-content\\\/uploads\\\/2024\\\/12\\\/Design-sem-nome-32.jpg\",\"articleSection\":[\"Reflex\u00e3o do Evangelho\"],\"inLanguage\":\"pt-BR\"},{\"@type\":\"WebPage\",\"@id\":\"https:\\\/\\\/unisale.com.br\\\/pastoral\\\/29-12-ao-ve-lo-seus-pais-ficaram-muito-admirados-e-sua-mae-lhe-disse-meu-filho-por-que-agiste-assim-conosco\\\/\",\"url\":\"https:\\\/\\\/unisale.com.br\\\/pastoral\\\/29-12-ao-ve-lo-seus-pais-ficaram-muito-admirados-e-sua-mae-lhe-disse-meu-filho-por-que-agiste-assim-conosco\\\/\",\"name\":\"29\\\/12 - Ao v\u00ea-lo, seus pais ficaram muito admirados, e sua m\u00e3e lhe disse: \u201cMeu filho, por que agiste assim conosco? - Pastoral Universit\u00e1ria UniSALESIANO\",\"isPartOf\":{\"@id\":\"https:\\\/\\\/unisale.com.br\\\/pastoral\\\/#website\"},\"primaryImageOfPage\":{\"@id\":\"https:\\\/\\\/unisale.com.br\\\/pastoral\\\/29-12-ao-ve-lo-seus-pais-ficaram-muito-admirados-e-sua-mae-lhe-disse-meu-filho-por-que-agiste-assim-conosco\\\/#primaryimage\"},\"image\":{\"@id\":\"https:\\\/\\\/unisale.com.br\\\/pastoral\\\/29-12-ao-ve-lo-seus-pais-ficaram-muito-admirados-e-sua-mae-lhe-disse-meu-filho-por-que-agiste-assim-conosco\\\/#primaryimage\"},\"thumbnailUrl\":\"https:\\\/\\\/unisale.com.br\\\/pastoral\\\/wp-content\\\/uploads\\\/2024\\\/12\\\/Design-sem-nome-32.jpg\",\"datePublished\":\"2024-12-18T11:55:29+00:00\",\"author\":{\"@id\":\"https:\\\/\\\/unisale.com.br\\\/pastoral\\\/#\\\/schema\\\/person\\\/a16ba711a0f7dec9cb6b44563144d5a3\"},\"inLanguage\":\"pt-BR\",\"potentialAction\":[{\"@type\":\"ReadAction\",\"target\":[\"https:\\\/\\\/unisale.com.br\\\/pastoral\\\/29-12-ao-ve-lo-seus-pais-ficaram-muito-admirados-e-sua-mae-lhe-disse-meu-filho-por-que-agiste-assim-conosco\\\/\"]}]},{\"@type\":\"ImageObject\",\"inLanguage\":\"pt-BR\",\"@id\":\"https:\\\/\\\/unisale.com.br\\\/pastoral\\\/29-12-ao-ve-lo-seus-pais-ficaram-muito-admirados-e-sua-mae-lhe-disse-meu-filho-por-que-agiste-assim-conosco\\\/#primaryimage\",\"url\":\"https:\\\/\\\/unisale.com.br\\\/pastoral\\\/wp-content\\\/uploads\\\/2024\\\/12\\\/Design-sem-nome-32.jpg\",\"contentUrl\":\"https:\\\/\\\/unisale.com.br\\\/pastoral\\\/wp-content\\\/uploads\\\/2024\\\/12\\\/Design-sem-nome-32.jpg\",\"width\":500,\"height\":500},{\"@type\":\"WebSite\",\"@id\":\"https:\\\/\\\/unisale.com.br\\\/pastoral\\\/#website\",\"url\":\"https:\\\/\\\/unisale.com.br\\\/pastoral\\\/\",\"name\":\"Pastoral Universit\u00e1ria UniSALESIANO\",\"description\":\"Site da Pastoral Universit\u00e1ria do UniSALESIANO\",\"potentialAction\":[{\"@type\":\"SearchAction\",\"target\":{\"@type\":\"EntryPoint\",\"urlTemplate\":\"https:\\\/\\\/unisale.com.br\\\/pastoral\\\/?s={search_term_string}\"},\"query-input\":{\"@type\":\"PropertyValueSpecification\",\"valueRequired\":true,\"valueName\":\"search_term_string\"}}],\"inLanguage\":\"pt-BR\"},{\"@type\":\"Person\",\"@id\":\"https:\\\/\\\/unisale.com.br\\\/pastoral\\\/#\\\/schema\\\/person\\\/a16ba711a0f7dec9cb6b44563144d5a3\",\"name\":\"pastoral\",\"url\":\"https:\\\/\\\/unisale.com.br\\\/pastoral\\\/author\\\/pastoral\\\/\"}]}<\/script>\n<!-- \/ Yoast SEO plugin. -->","yoast_head_json":{"title":"29\/12 - Ao v\u00ea-lo, seus pais ficaram muito admirados, e sua m\u00e3e lhe disse: \u201cMeu filho, por que agiste assim conosco? - Pastoral Universit\u00e1ria UniSALESIANO","robots":{"index":"index","follow":"follow","max-snippet":"max-snippet:-1","max-image-preview":"max-image-preview:large","max-video-preview":"max-video-preview:-1"},"canonical":"https:\/\/unisale.com.br\/pastoral\/29-12-ao-ve-lo-seus-pais-ficaram-muito-admirados-e-sua-mae-lhe-disse-meu-filho-por-que-agiste-assim-conosco\/","og_locale":"pt_BR","og_type":"article","og_title":"29\/12 - Ao v\u00ea-lo, seus pais ficaram muito admirados, e sua m\u00e3e lhe disse: \u201cMeu filho, por que agiste assim conosco? - Pastoral Universit\u00e1ria UniSALESIANO","og_description":"Domingo, 29 de dezembro de 2024. &nbsp; Evangelho (Lc 2,41-52) &nbsp; \u201cAo v\u00ea-lo, seus pais ficaram muito admirados, e sua m\u00e3e lhe disse: \u201cMeu filho,...","og_url":"https:\/\/unisale.com.br\/pastoral\/29-12-ao-ve-lo-seus-pais-ficaram-muito-admirados-e-sua-mae-lhe-disse-meu-filho-por-que-agiste-assim-conosco\/","og_site_name":"Pastoral Universit\u00e1ria UniSALESIANO","article_published_time":"2024-12-18T11:55:29+00:00","og_image":[{"width":1080,"height":1080,"url":"https:\/\/unisale.com.br\/pastoral\/wp-content\/uploads\/2024\/12\/Design-sem-nome-32.png","type":"image\/png"}],"author":"pastoral","twitter_card":"summary_large_image","twitter_misc":{"Escrito por":"pastoral","Est. tempo de leitura":"3 minutos"},"schema":{"@context":"https:\/\/schema.org","@graph":[{"@type":"Article","@id":"https:\/\/unisale.com.br\/pastoral\/29-12-ao-ve-lo-seus-pais-ficaram-muito-admirados-e-sua-mae-lhe-disse-meu-filho-por-que-agiste-assim-conosco\/#article","isPartOf":{"@id":"https:\/\/unisale.com.br\/pastoral\/29-12-ao-ve-lo-seus-pais-ficaram-muito-admirados-e-sua-mae-lhe-disse-meu-filho-por-que-agiste-assim-conosco\/"},"author":{"name":"pastoral","@id":"https:\/\/unisale.com.br\/pastoral\/#\/schema\/person\/a16ba711a0f7dec9cb6b44563144d5a3"},"headline":"29\/12 &#8211; Ao v\u00ea-lo, seus pais ficaram muito admirados, e sua m\u00e3e lhe disse: \u201cMeu filho, por que agiste assim conosco?","datePublished":"2024-12-18T11:55:29+00:00","mainEntityOfPage":{"@id":"https:\/\/unisale.com.br\/pastoral\/29-12-ao-ve-lo-seus-pais-ficaram-muito-admirados-e-sua-mae-lhe-disse-meu-filho-por-que-agiste-assim-conosco\/"},"wordCount":520,"image":{"@id":"https:\/\/unisale.com.br\/pastoral\/29-12-ao-ve-lo-seus-pais-ficaram-muito-admirados-e-sua-mae-lhe-disse-meu-filho-por-que-agiste-assim-conosco\/#primaryimage"},"thumbnailUrl":"https:\/\/unisale.com.br\/pastoral\/wp-content\/uploads\/2024\/12\/Design-sem-nome-32.jpg","articleSection":["Reflex\u00e3o do Evangelho"],"inLanguage":"pt-BR"},{"@type":"WebPage","@id":"https:\/\/unisale.com.br\/pastoral\/29-12-ao-ve-lo-seus-pais-ficaram-muito-admirados-e-sua-mae-lhe-disse-meu-filho-por-que-agiste-assim-conosco\/","url":"https:\/\/unisale.com.br\/pastoral\/29-12-ao-ve-lo-seus-pais-ficaram-muito-admirados-e-sua-mae-lhe-disse-meu-filho-por-que-agiste-assim-conosco\/","name":"29\/12 - Ao v\u00ea-lo, seus pais ficaram muito admirados, e sua m\u00e3e lhe disse: \u201cMeu filho, por que agiste assim conosco? - Pastoral Universit\u00e1ria UniSALESIANO","isPartOf":{"@id":"https:\/\/unisale.com.br\/pastoral\/#website"},"primaryImageOfPage":{"@id":"https:\/\/unisale.com.br\/pastoral\/29-12-ao-ve-lo-seus-pais-ficaram-muito-admirados-e-sua-mae-lhe-disse-meu-filho-por-que-agiste-assim-conosco\/#primaryimage"},"image":{"@id":"https:\/\/unisale.com.br\/pastoral\/29-12-ao-ve-lo-seus-pais-ficaram-muito-admirados-e-sua-mae-lhe-disse-meu-filho-por-que-agiste-assim-conosco\/#primaryimage"},"thumbnailUrl":"https:\/\/unisale.com.br\/pastoral\/wp-content\/uploads\/2024\/12\/Design-sem-nome-32.jpg","datePublished":"2024-12-18T11:55:29+00:00","author":{"@id":"https:\/\/unisale.com.br\/pastoral\/#\/schema\/person\/a16ba711a0f7dec9cb6b44563144d5a3"},"inLanguage":"pt-BR","potentialAction":[{"@type":"ReadAction","target":["https:\/\/unisale.com.br\/pastoral\/29-12-ao-ve-lo-seus-pais-ficaram-muito-admirados-e-sua-mae-lhe-disse-meu-filho-por-que-agiste-assim-conosco\/"]}]},{"@type":"ImageObject","inLanguage":"pt-BR","@id":"https:\/\/unisale.com.br\/pastoral\/29-12-ao-ve-lo-seus-pais-ficaram-muito-admirados-e-sua-mae-lhe-disse-meu-filho-por-que-agiste-assim-conosco\/#primaryimage","url":"https:\/\/unisale.com.br\/pastoral\/wp-content\/uploads\/2024\/12\/Design-sem-nome-32.jpg","contentUrl":"https:\/\/unisale.com.br\/pastoral\/wp-content\/uploads\/2024\/12\/Design-sem-nome-32.jpg","width":500,"height":500},{"@type":"WebSite","@id":"https:\/\/unisale.com.br\/pastoral\/#website","url":"https:\/\/unisale.com.br\/pastoral\/","name":"Pastoral Universit\u00e1ria UniSALESIANO","description":"Site da Pastoral Universit\u00e1ria do UniSALESIANO","potentialAction":[{"@type":"SearchAction","target":{"@type":"EntryPoint","urlTemplate":"https:\/\/unisale.com.br\/pastoral\/?s={search_term_string}"},"query-input":{"@type":"PropertyValueSpecification","valueRequired":true,"valueName":"search_term_string"}}],"inLanguage":"pt-BR"},{"@type":"Person","@id":"https:\/\/unisale.com.br\/pastoral\/#\/schema\/person\/a16ba711a0f7dec9cb6b44563144d5a3","name":"pastoral","url":"https:\/\/unisale.com.br\/pastoral\/author\/pastoral\/"}]}},"_links":{"self":[{"href":"https:\/\/unisale.com.br\/pastoral\/wp-json\/wp\/v2\/posts\/11658","targetHints":{"allow":["GET"]}}],"collection":[{"href":"https:\/\/unisale.com.br\/pastoral\/wp-json\/wp\/v2\/posts"}],"about":[{"href":"https:\/\/unisale.com.br\/pastoral\/wp-json\/wp\/v2\/types\/post"}],"author":[{"embeddable":true,"href":"https:\/\/unisale.com.br\/pastoral\/wp-json\/wp\/v2\/users\/1"}],"replies":[{"embeddable":true,"href":"https:\/\/unisale.com.br\/pastoral\/wp-json\/wp\/v2\/comments?post=11658"}],"version-history":[{"count":1,"href":"https:\/\/unisale.com.br\/pastoral\/wp-json\/wp\/v2\/posts\/11658\/revisions"}],"predecessor-version":[{"id":11660,"href":"https:\/\/unisale.com.br\/pastoral\/wp-json\/wp\/v2\/posts\/11658\/revisions\/11660"}],"wp:featuredmedia":[{"embeddable":true,"href":"https:\/\/unisale.com.br\/pastoral\/wp-json\/wp\/v2\/media\/11659"}],"wp:attachment":[{"href":"https:\/\/unisale.com.br\/pastoral\/wp-json\/wp\/v2\/media?parent=11658"}],"wp:term":[{"taxonomy":"category","embeddable":true,"href":"https:\/\/unisale.com.br\/pastoral\/wp-json\/wp\/v2\/categories?post=11658"},{"taxonomy":"post_tag","embeddable":true,"href":"https:\/\/unisale.com.br\/pastoral\/wp-json\/wp\/v2\/tags?post=11658"}],"curies":[{"name":"wp","href":"https:\/\/api.w.org\/{rel}","templated":true}]}}