{"id":11676,"date":"2024-12-20T15:41:34","date_gmt":"2024-12-20T15:41:34","guid":{"rendered":"https:\/\/unisale.com.br\/pastoral\/?p=11676"},"modified":"2024-12-20T15:41:34","modified_gmt":"2024-12-20T15:41:34","slug":"03-01-eu-vi-e-dou-testemunho-este-e-o-filho-de-deus-2","status":"publish","type":"post","link":"https:\/\/unisale.com.br\/pastoral\/03-01-eu-vi-e-dou-testemunho-este-e-o-filho-de-deus-2\/","title":{"rendered":"03\/01 &#8211; Eu vi e dou testemunho: Este \u00e9 o Filho de Deus!"},"content":{"rendered":"<p>Sexta-feira, 03 de janeiro de 2025.<\/p>\n<p>&nbsp;<\/p>\n<p>Evangelho (Jo 1,29-34)<\/p>\n<p>&nbsp;<\/p>\n<p><strong>\u201cEu vi e dou testemunho: Este \u00e9 o Filho de Deus!\u201d<\/strong><\/p>\n<p>&nbsp;<\/p>\n<p>Naquele tempo, <sup>29<\/sup>Jo\u00e3o viu Jesus aproximar-se dele e disse: \u201cEis o Cordeiro de Deus, que tira o pecado do mundo. <sup>30<\/sup>Dele \u00e9 que eu disse: Depois de mim vem um homem que passou \u00e0 minha frente, porque existia antes de mim. <sup>31<\/sup>Tamb\u00e9m eu n\u00e3o o conhecia, mas se eu vim batizar com \u00e1gua, foi para que ele fosse manifestado a Israel\u201d. <sup>32<\/sup>E Jo\u00e3o deu testemunho, dizendo: \u201cEu vi o Esp\u00edrito descer, como uma pomba do c\u00e9u, e permanecer sobre ele. <sup>33<\/sup>Tamb\u00e9m eu n\u00e3o o conhecia, mas aquele que me enviou a batizar com \u00e1gua me disse: \u2018Aquele sobre quem vires o Esp\u00edrito descer e permanecer, este \u00e9 quem batiza com o Esp\u00edrito Santo\u2019. <sup>34<\/sup>Eu vi e dou testemunho: Este \u00e9 o Filho de Deus!\u201d<\/p>\n<p>&nbsp;<\/p>\n<p><strong>Reflex\u00e3o<\/strong><\/p>\n<p>&nbsp;<\/p>\n<p>N\u00f3s sabemos que n\u00e3o podemos reconhecer Deus como estamos habituados a reconhecer pessoas pela estrada. Mas Jo\u00e3o faz algo bastante semelhante, como descreve o Evangelho de hoje: \u201cJo\u00e3o viu Jesus aproximar-se dele e disse: \u201cEis o Cordeiro de Deus, que tira o pecado do mundo\u201d. O que leva Jo\u00e3o a esta certeza? Que sinal Jesus d\u00e1 para ser reconhecido como o Messias? Nada, externamente falando. Jo\u00e3o faz a afirma\u00e7\u00e3o n\u00e3o se baseando a algo exterior a Jesus, mas partindo de algo que existe no seu pr\u00f3prio interior. \u201cE Jo\u00e3o deu testemunho, dizendo: \u2018Eu vi o Esp\u00edrito descer, como uma pomba do c\u00e9u, e permanecer sobre ele. 33Tamb\u00e9m eu n\u00e3o o conhecia, mas aquele que me enviou a batizar com \u00e1gua me disse: \u2018Aquele sobre quem vires o Esp\u00edrito descer e permanecer, este \u00e9 quem batiza com o Esp\u00edrito Santo\u2019. 34Eu vi e dou testemunho: Este \u00e9 o Filho de Deus!\u2019\u201d. A experi\u00eancia de Jo\u00e3o \u00e9 uma experi\u00eancia espiritual. Quem cultiva uma vida espiritual \u00e9 colocado nas condi\u00e7\u00f5es de ver e sentir coisas que normalmente n\u00e3o podemos ver e nem sentir. N\u00e3o falamos aqui de coisas espetaculares. Ali\u00e1s, quem tem uma vida espiritual jamais se deixa levar e ser enganado por sinais que possuem mais um sabor de fogos de artif\u00edcios do que a identidade de coisas do c\u00e9u. A capacidade que nasce da vida espiriutal n\u00e3o diz respeito \u00e0 esfera das sensa\u00e7\u00f5es, das emo\u00e7\u00f5es ou dos fen\u00f4menos extraordin\u00e1rios, mas \u00e9 a capacidade de conseguir entender onde Deus est\u00e1 e onde ao inv\u00e9s tem somente imita\u00e7\u00f5es banais. Esta capacidade espiritual tem um nome: discernimento. Jo\u00e3o tem discernimento. Por isto pode indicar com certeza jesus e dizer que Ele \u00e9 o cordeiro de Deus.<\/p>\n<p><strong>Pe. Paulo Eduardo J\u00e1como, SDB.<\/strong><\/p>\n","protected":false},"excerpt":{"rendered":"<p>Sexta-feira, 03 de janeiro de 2025. &nbsp; Evangelho (Jo 1,29-34) &nbsp; \u201cEu vi e dou testemunho: Este \u00e9 o Filho de Deus!\u201d &nbsp; Naquele tempo,&#8230;<\/p>\n","protected":false},"author":1,"featured_media":11677,"comment_status":"closed","ping_status":"closed","sticky":false,"template":"","format":"standard","meta":{"_acf_changed":false,"footnotes":""},"categories":[13],"tags":[],"class_list":["post-11676","post","type-post","status-publish","format-standard","has-post-thumbnail","hentry","category-reflexaodoevagelho"],"acf":[],"yoast_head":"<!-- This site is optimized with the Yoast SEO plugin v27.3 - https:\/\/yoast.com\/product\/yoast-seo-wordpress\/ -->\n<title>03\/01 - Eu vi e dou testemunho: Este \u00e9 o Filho de Deus! - Pastoral Universit\u00e1ria UniSALESIANO<\/title>\n<meta name=\"robots\" content=\"index, follow, max-snippet:-1, max-image-preview:large, max-video-preview:-1\" \/>\n<link rel=\"canonical\" href=\"https:\/\/unisale.com.br\/pastoral\/03-01-eu-vi-e-dou-testemunho-este-e-o-filho-de-deus-2\/\" \/>\n<meta property=\"og:locale\" content=\"pt_BR\" \/>\n<meta property=\"og:type\" content=\"article\" \/>\n<meta property=\"og:title\" content=\"03\/01 - Eu vi e dou testemunho: Este \u00e9 o Filho de Deus! - Pastoral Universit\u00e1ria UniSALESIANO\" \/>\n<meta property=\"og:description\" content=\"Sexta-feira, 03 de janeiro de 2025. &nbsp; Evangelho (Jo 1,29-34) &nbsp; \u201cEu vi e dou testemunho: Este \u00e9 o Filho de Deus!\u201d &nbsp; Naquele tempo,...\" \/>\n<meta property=\"og:url\" content=\"https:\/\/unisale.com.br\/pastoral\/03-01-eu-vi-e-dou-testemunho-este-e-o-filho-de-deus-2\/\" \/>\n<meta property=\"og:site_name\" content=\"Pastoral Universit\u00e1ria UniSALESIANO\" \/>\n<meta property=\"article:published_time\" content=\"2024-12-20T15:41:34+00:00\" \/>\n<meta property=\"og:image\" content=\"https:\/\/unisale.com.br\/pastoral\/wp-content\/uploads\/2024\/12\/Design-sem-nome-9-1.png\" \/>\n\t<meta property=\"og:image:width\" content=\"1080\" \/>\n\t<meta property=\"og:image:height\" content=\"1080\" \/>\n\t<meta property=\"og:image:type\" content=\"image\/png\" \/>\n<meta name=\"author\" content=\"pastoral\" \/>\n<meta name=\"twitter:card\" content=\"summary_large_image\" \/>\n<meta name=\"twitter:label1\" content=\"Escrito por\" \/>\n\t<meta name=\"twitter:data1\" content=\"pastoral\" \/>\n\t<meta name=\"twitter:label2\" content=\"Est. tempo de leitura\" \/>\n\t<meta name=\"twitter:data2\" content=\"3 minutos\" \/>\n<script type=\"application\/ld+json\" class=\"yoast-schema-graph\">{\"@context\":\"https:\\\/\\\/schema.org\",\"@graph\":[{\"@type\":\"Article\",\"@id\":\"https:\\\/\\\/unisale.com.br\\\/pastoral\\\/03-01-eu-vi-e-dou-testemunho-este-e-o-filho-de-deus-2\\\/#article\",\"isPartOf\":{\"@id\":\"https:\\\/\\\/unisale.com.br\\\/pastoral\\\/03-01-eu-vi-e-dou-testemunho-este-e-o-filho-de-deus-2\\\/\"},\"author\":{\"name\":\"pastoral\",\"@id\":\"https:\\\/\\\/unisale.com.br\\\/pastoral\\\/#\\\/schema\\\/person\\\/a16ba711a0f7dec9cb6b44563144d5a3\"},\"headline\":\"03\\\/01 &#8211; Eu vi e dou testemunho: Este \u00e9 o Filho de Deus!\",\"datePublished\":\"2024-12-20T15:41:34+00:00\",\"mainEntityOfPage\":{\"@id\":\"https:\\\/\\\/unisale.com.br\\\/pastoral\\\/03-01-eu-vi-e-dou-testemunho-este-e-o-filho-de-deus-2\\\/\"},\"wordCount\":479,\"image\":{\"@id\":\"https:\\\/\\\/unisale.com.br\\\/pastoral\\\/03-01-eu-vi-e-dou-testemunho-este-e-o-filho-de-deus-2\\\/#primaryimage\"},\"thumbnailUrl\":\"https:\\\/\\\/unisale.com.br\\\/pastoral\\\/wp-content\\\/uploads\\\/2024\\\/12\\\/Design-sem-nome-9-1.jpg\",\"articleSection\":[\"Reflex\u00e3o do Evangelho\"],\"inLanguage\":\"pt-BR\"},{\"@type\":\"WebPage\",\"@id\":\"https:\\\/\\\/unisale.com.br\\\/pastoral\\\/03-01-eu-vi-e-dou-testemunho-este-e-o-filho-de-deus-2\\\/\",\"url\":\"https:\\\/\\\/unisale.com.br\\\/pastoral\\\/03-01-eu-vi-e-dou-testemunho-este-e-o-filho-de-deus-2\\\/\",\"name\":\"03\\\/01 - Eu vi e dou testemunho: Este \u00e9 o Filho de Deus! - Pastoral Universit\u00e1ria UniSALESIANO\",\"isPartOf\":{\"@id\":\"https:\\\/\\\/unisale.com.br\\\/pastoral\\\/#website\"},\"primaryImageOfPage\":{\"@id\":\"https:\\\/\\\/unisale.com.br\\\/pastoral\\\/03-01-eu-vi-e-dou-testemunho-este-e-o-filho-de-deus-2\\\/#primaryimage\"},\"image\":{\"@id\":\"https:\\\/\\\/unisale.com.br\\\/pastoral\\\/03-01-eu-vi-e-dou-testemunho-este-e-o-filho-de-deus-2\\\/#primaryimage\"},\"thumbnailUrl\":\"https:\\\/\\\/unisale.com.br\\\/pastoral\\\/wp-content\\\/uploads\\\/2024\\\/12\\\/Design-sem-nome-9-1.jpg\",\"datePublished\":\"2024-12-20T15:41:34+00:00\",\"author\":{\"@id\":\"https:\\\/\\\/unisale.com.br\\\/pastoral\\\/#\\\/schema\\\/person\\\/a16ba711a0f7dec9cb6b44563144d5a3\"},\"inLanguage\":\"pt-BR\",\"potentialAction\":[{\"@type\":\"ReadAction\",\"target\":[\"https:\\\/\\\/unisale.com.br\\\/pastoral\\\/03-01-eu-vi-e-dou-testemunho-este-e-o-filho-de-deus-2\\\/\"]}]},{\"@type\":\"ImageObject\",\"inLanguage\":\"pt-BR\",\"@id\":\"https:\\\/\\\/unisale.com.br\\\/pastoral\\\/03-01-eu-vi-e-dou-testemunho-este-e-o-filho-de-deus-2\\\/#primaryimage\",\"url\":\"https:\\\/\\\/unisale.com.br\\\/pastoral\\\/wp-content\\\/uploads\\\/2024\\\/12\\\/Design-sem-nome-9-1.jpg\",\"contentUrl\":\"https:\\\/\\\/unisale.com.br\\\/pastoral\\\/wp-content\\\/uploads\\\/2024\\\/12\\\/Design-sem-nome-9-1.jpg\",\"width\":500,\"height\":500},{\"@type\":\"WebSite\",\"@id\":\"https:\\\/\\\/unisale.com.br\\\/pastoral\\\/#website\",\"url\":\"https:\\\/\\\/unisale.com.br\\\/pastoral\\\/\",\"name\":\"Pastoral Universit\u00e1ria UniSALESIANO\",\"description\":\"Site da Pastoral Universit\u00e1ria do UniSALESIANO\",\"potentialAction\":[{\"@type\":\"SearchAction\",\"target\":{\"@type\":\"EntryPoint\",\"urlTemplate\":\"https:\\\/\\\/unisale.com.br\\\/pastoral\\\/?s={search_term_string}\"},\"query-input\":{\"@type\":\"PropertyValueSpecification\",\"valueRequired\":true,\"valueName\":\"search_term_string\"}}],\"inLanguage\":\"pt-BR\"},{\"@type\":\"Person\",\"@id\":\"https:\\\/\\\/unisale.com.br\\\/pastoral\\\/#\\\/schema\\\/person\\\/a16ba711a0f7dec9cb6b44563144d5a3\",\"name\":\"pastoral\",\"url\":\"https:\\\/\\\/unisale.com.br\\\/pastoral\\\/author\\\/pastoral\\\/\"}]}<\/script>\n<!-- \/ Yoast SEO plugin. -->","yoast_head_json":{"title":"03\/01 - Eu vi e dou testemunho: Este \u00e9 o Filho de Deus! - Pastoral Universit\u00e1ria UniSALESIANO","robots":{"index":"index","follow":"follow","max-snippet":"max-snippet:-1","max-image-preview":"max-image-preview:large","max-video-preview":"max-video-preview:-1"},"canonical":"https:\/\/unisale.com.br\/pastoral\/03-01-eu-vi-e-dou-testemunho-este-e-o-filho-de-deus-2\/","og_locale":"pt_BR","og_type":"article","og_title":"03\/01 - Eu vi e dou testemunho: Este \u00e9 o Filho de Deus! - Pastoral Universit\u00e1ria UniSALESIANO","og_description":"Sexta-feira, 03 de janeiro de 2025. &nbsp; Evangelho (Jo 1,29-34) &nbsp; \u201cEu vi e dou testemunho: Este \u00e9 o Filho de Deus!\u201d &nbsp; Naquele tempo,...","og_url":"https:\/\/unisale.com.br\/pastoral\/03-01-eu-vi-e-dou-testemunho-este-e-o-filho-de-deus-2\/","og_site_name":"Pastoral Universit\u00e1ria UniSALESIANO","article_published_time":"2024-12-20T15:41:34+00:00","og_image":[{"width":1080,"height":1080,"url":"https:\/\/unisale.com.br\/pastoral\/wp-content\/uploads\/2024\/12\/Design-sem-nome-9-1.png","type":"image\/png"}],"author":"pastoral","twitter_card":"summary_large_image","twitter_misc":{"Escrito por":"pastoral","Est. tempo de leitura":"3 minutos"},"schema":{"@context":"https:\/\/schema.org","@graph":[{"@type":"Article","@id":"https:\/\/unisale.com.br\/pastoral\/03-01-eu-vi-e-dou-testemunho-este-e-o-filho-de-deus-2\/#article","isPartOf":{"@id":"https:\/\/unisale.com.br\/pastoral\/03-01-eu-vi-e-dou-testemunho-este-e-o-filho-de-deus-2\/"},"author":{"name":"pastoral","@id":"https:\/\/unisale.com.br\/pastoral\/#\/schema\/person\/a16ba711a0f7dec9cb6b44563144d5a3"},"headline":"03\/01 &#8211; Eu vi e dou testemunho: Este \u00e9 o Filho de Deus!","datePublished":"2024-12-20T15:41:34+00:00","mainEntityOfPage":{"@id":"https:\/\/unisale.com.br\/pastoral\/03-01-eu-vi-e-dou-testemunho-este-e-o-filho-de-deus-2\/"},"wordCount":479,"image":{"@id":"https:\/\/unisale.com.br\/pastoral\/03-01-eu-vi-e-dou-testemunho-este-e-o-filho-de-deus-2\/#primaryimage"},"thumbnailUrl":"https:\/\/unisale.com.br\/pastoral\/wp-content\/uploads\/2024\/12\/Design-sem-nome-9-1.jpg","articleSection":["Reflex\u00e3o do Evangelho"],"inLanguage":"pt-BR"},{"@type":"WebPage","@id":"https:\/\/unisale.com.br\/pastoral\/03-01-eu-vi-e-dou-testemunho-este-e-o-filho-de-deus-2\/","url":"https:\/\/unisale.com.br\/pastoral\/03-01-eu-vi-e-dou-testemunho-este-e-o-filho-de-deus-2\/","name":"03\/01 - Eu vi e dou testemunho: Este \u00e9 o Filho de Deus! - Pastoral Universit\u00e1ria UniSALESIANO","isPartOf":{"@id":"https:\/\/unisale.com.br\/pastoral\/#website"},"primaryImageOfPage":{"@id":"https:\/\/unisale.com.br\/pastoral\/03-01-eu-vi-e-dou-testemunho-este-e-o-filho-de-deus-2\/#primaryimage"},"image":{"@id":"https:\/\/unisale.com.br\/pastoral\/03-01-eu-vi-e-dou-testemunho-este-e-o-filho-de-deus-2\/#primaryimage"},"thumbnailUrl":"https:\/\/unisale.com.br\/pastoral\/wp-content\/uploads\/2024\/12\/Design-sem-nome-9-1.jpg","datePublished":"2024-12-20T15:41:34+00:00","author":{"@id":"https:\/\/unisale.com.br\/pastoral\/#\/schema\/person\/a16ba711a0f7dec9cb6b44563144d5a3"},"inLanguage":"pt-BR","potentialAction":[{"@type":"ReadAction","target":["https:\/\/unisale.com.br\/pastoral\/03-01-eu-vi-e-dou-testemunho-este-e-o-filho-de-deus-2\/"]}]},{"@type":"ImageObject","inLanguage":"pt-BR","@id":"https:\/\/unisale.com.br\/pastoral\/03-01-eu-vi-e-dou-testemunho-este-e-o-filho-de-deus-2\/#primaryimage","url":"https:\/\/unisale.com.br\/pastoral\/wp-content\/uploads\/2024\/12\/Design-sem-nome-9-1.jpg","contentUrl":"https:\/\/unisale.com.br\/pastoral\/wp-content\/uploads\/2024\/12\/Design-sem-nome-9-1.jpg","width":500,"height":500},{"@type":"WebSite","@id":"https:\/\/unisale.com.br\/pastoral\/#website","url":"https:\/\/unisale.com.br\/pastoral\/","name":"Pastoral Universit\u00e1ria UniSALESIANO","description":"Site da Pastoral Universit\u00e1ria do UniSALESIANO","potentialAction":[{"@type":"SearchAction","target":{"@type":"EntryPoint","urlTemplate":"https:\/\/unisale.com.br\/pastoral\/?s={search_term_string}"},"query-input":{"@type":"PropertyValueSpecification","valueRequired":true,"valueName":"search_term_string"}}],"inLanguage":"pt-BR"},{"@type":"Person","@id":"https:\/\/unisale.com.br\/pastoral\/#\/schema\/person\/a16ba711a0f7dec9cb6b44563144d5a3","name":"pastoral","url":"https:\/\/unisale.com.br\/pastoral\/author\/pastoral\/"}]}},"_links":{"self":[{"href":"https:\/\/unisale.com.br\/pastoral\/wp-json\/wp\/v2\/posts\/11676","targetHints":{"allow":["GET"]}}],"collection":[{"href":"https:\/\/unisale.com.br\/pastoral\/wp-json\/wp\/v2\/posts"}],"about":[{"href":"https:\/\/unisale.com.br\/pastoral\/wp-json\/wp\/v2\/types\/post"}],"author":[{"embeddable":true,"href":"https:\/\/unisale.com.br\/pastoral\/wp-json\/wp\/v2\/users\/1"}],"replies":[{"embeddable":true,"href":"https:\/\/unisale.com.br\/pastoral\/wp-json\/wp\/v2\/comments?post=11676"}],"version-history":[{"count":1,"href":"https:\/\/unisale.com.br\/pastoral\/wp-json\/wp\/v2\/posts\/11676\/revisions"}],"predecessor-version":[{"id":11678,"href":"https:\/\/unisale.com.br\/pastoral\/wp-json\/wp\/v2\/posts\/11676\/revisions\/11678"}],"wp:featuredmedia":[{"embeddable":true,"href":"https:\/\/unisale.com.br\/pastoral\/wp-json\/wp\/v2\/media\/11677"}],"wp:attachment":[{"href":"https:\/\/unisale.com.br\/pastoral\/wp-json\/wp\/v2\/media?parent=11676"}],"wp:term":[{"taxonomy":"category","embeddable":true,"href":"https:\/\/unisale.com.br\/pastoral\/wp-json\/wp\/v2\/categories?post=11676"},{"taxonomy":"post_tag","embeddable":true,"href":"https:\/\/unisale.com.br\/pastoral\/wp-json\/wp\/v2\/tags?post=11676"}],"curies":[{"name":"wp","href":"https:\/\/api.w.org\/{rel}","templated":true}]}}