{"id":11691,"date":"2025-01-03T11:49:54","date_gmt":"2025-01-03T11:49:54","guid":{"rendered":"https:\/\/unisale.com.br\/pastoral\/?p=11691"},"modified":"2025-01-03T11:49:54","modified_gmt":"2025-01-03T11:49:54","slug":"08-01-coragem-sou-eu-nao-tenhais-medo","status":"publish","type":"post","link":"https:\/\/unisale.com.br\/pastoral\/08-01-coragem-sou-eu-nao-tenhais-medo\/","title":{"rendered":"08\/01 &#8211; Coragem, sou eu! N\u00e3o tenhais medo!"},"content":{"rendered":"<p>Quarta-feira, 08 de janeiro de 2025.<\/p>\n<p>&nbsp;<\/p>\n<p>Evangelho (Mc 6,45-52)<\/p>\n<p>&nbsp;<\/p>\n<p><strong>\u201cCoragem, sou eu! N\u00e3o tenhais medo!\u201d<\/strong><\/p>\n<p>&nbsp;<\/p>\n<p>Depois de saciar os cinco mil homens, <sup>45<\/sup>Jesus obrigou os disc\u00edpulos a entrarem na barca e irem na frente para Betsaida, na outra margem, enquanto ele despedia a multid\u00e3o. <sup>46<\/sup>Logo depois de se despedir deles, subiu ao monte para rezar. <sup>47<\/sup>Ao anoitecer, a barca estava no meio do mar e Jesus sozinho em terra. <sup>48<\/sup>Ele viu os disc\u00edpulos cansados de remar, porque o vento era contr\u00e1rio. Ent\u00e3o, pelas tr\u00eas da madrugada, Jesus foi at\u00e9 eles andando sobre as \u00e1guas, e queria passar na frente deles. <sup>49<\/sup>Quando os disc\u00edpulos o viram andando sobre o mar, pensaram que era um fantasma e come\u00e7aram a gritar. <sup>50<\/sup>Com efeito, todos o tinham visto e ficaram assustados. Mas Jesus logo falou: \u201cCoragem, sou eu! N\u00e3o tenhais medo!\u201d <sup>51<\/sup>Ent\u00e3o subiu com eles na barca, e o vento cessou. Mas os disc\u00edpulos ficaram ainda mais espantados, <sup>52<\/sup>porque n\u00e3o tinham compreendido nada a respeito dos p\u00e3es. O cora\u00e7\u00e3o deles estava endurecido.<\/p>\n<p>&nbsp;<\/p>\n<p><strong>Reflex\u00e3o<\/strong><\/p>\n<p>&nbsp;<\/p>\n<p>Quando a gente l\u00ea o Evangelho de hoje, temos a sensa\u00e7\u00e3o de que o protagonista principal da Evangeliza\u00e7\u00e3o \u00e9 Jesus e n\u00e3os os seus disc\u00edpulos. Mas se olharmos as nossas igrejas e as nossas comunidades, a gente poderia ter outra percep\u00e7\u00e3o: parece que o protagonista somos n\u00f3s e n\u00e3o Jesus. Parece que tudo somos n\u00f3s que fazemos e que Jesus est\u00e1 no canto esperando os resultados. O Evangelho de hoje \u00e9 justamente importante para percebermos que as coisas se desenvolvem de uma outra maneira. No Evangelho a gente v\u00ea que \u00e9 Jesus quem faz o milagre da multiplica\u00e7\u00e3o, \u00e9 Ele que re\u00fane a multid\u00e3o, \u00e9 Ele quem reza. Isto nos devia libertar de cada uma de nossas \u00e2nsias, que muitas vezes nos adoenta nos nossos projetos pastorais e nos nossos afazeres cotidianos. Devemos aprender a relativizarmos, a nos colocarmos no nosso devido lugar, e a destronizar-nos de um protagonismo exagerado. Sobretudo porque depois chega sempre o tempo no qual nos encontramos na mesma situa\u00e7\u00e3o incomoda dos disc\u00edpulos, e tamb\u00e9m a\u00ed devemos saber como afrontar tudo isso. Nos momentos de cansa\u00e7o, toda a nossa aten\u00e7\u00e3o est\u00e1 concentrada sobre o esfor\u00e7o que fazemos e n\u00e3o sobre a certeza de que Jesus n\u00e3o permanece indiferente diante do nosso cansa\u00e7o. Isso \u00e9 t\u00e3o verdadeiro que possu\u00edmos os olhos excessivamente fixados sobre a nossa fadiga que, quando Jesus decide de intervir, a nossa rea\u00e7\u00e3o n\u00e3o \u00e9 de gratid\u00e3o, mas de espanto porque com a boca dizemos que Jesus nos ama, quando fazemos a experi\u00eancia deste amor, permanecemos assombrados, maravilhados, perturbados, como se fosse uma coisa estranha. Agora temos ainda necessidade d\u2019Ele para que nos libere tamb\u00e9m desta dificuldade: \u201cCoragem, sou eu! N\u00e3o tenhais medo!\u201d.<\/p>\n<p><strong>Pe. Paulo Eduardo J\u00e1como, SDB.<\/strong><\/p>\n","protected":false},"excerpt":{"rendered":"<p>Quarta-feira, 08 de janeiro de 2025. &nbsp; Evangelho (Mc 6,45-52) &nbsp; \u201cCoragem, sou eu! N\u00e3o tenhais medo!\u201d &nbsp; Depois de saciar os cinco mil homens,&#8230;<\/p>\n","protected":false},"author":1,"featured_media":11692,"comment_status":"closed","ping_status":"closed","sticky":false,"template":"","format":"standard","meta":{"_acf_changed":false,"footnotes":""},"categories":[13],"tags":[],"class_list":["post-11691","post","type-post","status-publish","format-standard","has-post-thumbnail","hentry","category-reflexaodoevagelho"],"acf":[],"yoast_head":"<!-- This site is optimized with the Yoast SEO plugin v27.3 - https:\/\/yoast.com\/product\/yoast-seo-wordpress\/ -->\n<title>08\/01 - Coragem, sou eu! N\u00e3o tenhais medo! - Pastoral Universit\u00e1ria UniSALESIANO<\/title>\n<meta name=\"robots\" content=\"index, follow, max-snippet:-1, max-image-preview:large, max-video-preview:-1\" \/>\n<link rel=\"canonical\" href=\"https:\/\/unisale.com.br\/pastoral\/08-01-coragem-sou-eu-nao-tenhais-medo\/\" \/>\n<meta property=\"og:locale\" content=\"pt_BR\" \/>\n<meta property=\"og:type\" content=\"article\" \/>\n<meta property=\"og:title\" content=\"08\/01 - Coragem, sou eu! N\u00e3o tenhais medo! - Pastoral Universit\u00e1ria UniSALESIANO\" \/>\n<meta property=\"og:description\" content=\"Quarta-feira, 08 de janeiro de 2025. &nbsp; Evangelho (Mc 6,45-52) &nbsp; \u201cCoragem, sou eu! N\u00e3o tenhais medo!\u201d &nbsp; Depois de saciar os cinco mil homens,...\" \/>\n<meta property=\"og:url\" content=\"https:\/\/unisale.com.br\/pastoral\/08-01-coragem-sou-eu-nao-tenhais-medo\/\" \/>\n<meta property=\"og:site_name\" content=\"Pastoral Universit\u00e1ria UniSALESIANO\" \/>\n<meta property=\"article:published_time\" content=\"2025-01-03T11:49:54+00:00\" \/>\n<meta property=\"og:image\" content=\"https:\/\/unisale.com.br\/pastoral\/wp-content\/uploads\/2025\/01\/Design-sem-nome-7.png\" \/>\n\t<meta property=\"og:image:width\" content=\"1080\" \/>\n\t<meta property=\"og:image:height\" content=\"1080\" \/>\n\t<meta property=\"og:image:type\" content=\"image\/png\" \/>\n<meta name=\"author\" content=\"pastoral\" \/>\n<meta name=\"twitter:card\" content=\"summary_large_image\" \/>\n<meta name=\"twitter:label1\" content=\"Escrito por\" \/>\n\t<meta name=\"twitter:data1\" content=\"pastoral\" \/>\n\t<meta name=\"twitter:label2\" content=\"Est. tempo de leitura\" \/>\n\t<meta name=\"twitter:data2\" content=\"3 minutos\" \/>\n<script type=\"application\/ld+json\" class=\"yoast-schema-graph\">{\"@context\":\"https:\\\/\\\/schema.org\",\"@graph\":[{\"@type\":\"Article\",\"@id\":\"https:\\\/\\\/unisale.com.br\\\/pastoral\\\/08-01-coragem-sou-eu-nao-tenhais-medo\\\/#article\",\"isPartOf\":{\"@id\":\"https:\\\/\\\/unisale.com.br\\\/pastoral\\\/08-01-coragem-sou-eu-nao-tenhais-medo\\\/\"},\"author\":{\"name\":\"pastoral\",\"@id\":\"https:\\\/\\\/unisale.com.br\\\/pastoral\\\/#\\\/schema\\\/person\\\/a16ba711a0f7dec9cb6b44563144d5a3\"},\"headline\":\"08\\\/01 &#8211; Coragem, sou eu! N\u00e3o tenhais medo!\",\"datePublished\":\"2025-01-03T11:49:54+00:00\",\"mainEntityOfPage\":{\"@id\":\"https:\\\/\\\/unisale.com.br\\\/pastoral\\\/08-01-coragem-sou-eu-nao-tenhais-medo\\\/\"},\"wordCount\":503,\"image\":{\"@id\":\"https:\\\/\\\/unisale.com.br\\\/pastoral\\\/08-01-coragem-sou-eu-nao-tenhais-medo\\\/#primaryimage\"},\"thumbnailUrl\":\"https:\\\/\\\/unisale.com.br\\\/pastoral\\\/wp-content\\\/uploads\\\/2025\\\/01\\\/Design-sem-nome-7.jpg\",\"articleSection\":[\"Reflex\u00e3o do Evangelho\"],\"inLanguage\":\"pt-BR\"},{\"@type\":\"WebPage\",\"@id\":\"https:\\\/\\\/unisale.com.br\\\/pastoral\\\/08-01-coragem-sou-eu-nao-tenhais-medo\\\/\",\"url\":\"https:\\\/\\\/unisale.com.br\\\/pastoral\\\/08-01-coragem-sou-eu-nao-tenhais-medo\\\/\",\"name\":\"08\\\/01 - Coragem, sou eu! N\u00e3o tenhais medo! - Pastoral Universit\u00e1ria UniSALESIANO\",\"isPartOf\":{\"@id\":\"https:\\\/\\\/unisale.com.br\\\/pastoral\\\/#website\"},\"primaryImageOfPage\":{\"@id\":\"https:\\\/\\\/unisale.com.br\\\/pastoral\\\/08-01-coragem-sou-eu-nao-tenhais-medo\\\/#primaryimage\"},\"image\":{\"@id\":\"https:\\\/\\\/unisale.com.br\\\/pastoral\\\/08-01-coragem-sou-eu-nao-tenhais-medo\\\/#primaryimage\"},\"thumbnailUrl\":\"https:\\\/\\\/unisale.com.br\\\/pastoral\\\/wp-content\\\/uploads\\\/2025\\\/01\\\/Design-sem-nome-7.jpg\",\"datePublished\":\"2025-01-03T11:49:54+00:00\",\"author\":{\"@id\":\"https:\\\/\\\/unisale.com.br\\\/pastoral\\\/#\\\/schema\\\/person\\\/a16ba711a0f7dec9cb6b44563144d5a3\"},\"inLanguage\":\"pt-BR\",\"potentialAction\":[{\"@type\":\"ReadAction\",\"target\":[\"https:\\\/\\\/unisale.com.br\\\/pastoral\\\/08-01-coragem-sou-eu-nao-tenhais-medo\\\/\"]}]},{\"@type\":\"ImageObject\",\"inLanguage\":\"pt-BR\",\"@id\":\"https:\\\/\\\/unisale.com.br\\\/pastoral\\\/08-01-coragem-sou-eu-nao-tenhais-medo\\\/#primaryimage\",\"url\":\"https:\\\/\\\/unisale.com.br\\\/pastoral\\\/wp-content\\\/uploads\\\/2025\\\/01\\\/Design-sem-nome-7.jpg\",\"contentUrl\":\"https:\\\/\\\/unisale.com.br\\\/pastoral\\\/wp-content\\\/uploads\\\/2025\\\/01\\\/Design-sem-nome-7.jpg\",\"width\":500,\"height\":500},{\"@type\":\"WebSite\",\"@id\":\"https:\\\/\\\/unisale.com.br\\\/pastoral\\\/#website\",\"url\":\"https:\\\/\\\/unisale.com.br\\\/pastoral\\\/\",\"name\":\"Pastoral Universit\u00e1ria UniSALESIANO\",\"description\":\"Site da Pastoral Universit\u00e1ria do UniSALESIANO\",\"potentialAction\":[{\"@type\":\"SearchAction\",\"target\":{\"@type\":\"EntryPoint\",\"urlTemplate\":\"https:\\\/\\\/unisale.com.br\\\/pastoral\\\/?s={search_term_string}\"},\"query-input\":{\"@type\":\"PropertyValueSpecification\",\"valueRequired\":true,\"valueName\":\"search_term_string\"}}],\"inLanguage\":\"pt-BR\"},{\"@type\":\"Person\",\"@id\":\"https:\\\/\\\/unisale.com.br\\\/pastoral\\\/#\\\/schema\\\/person\\\/a16ba711a0f7dec9cb6b44563144d5a3\",\"name\":\"pastoral\",\"url\":\"https:\\\/\\\/unisale.com.br\\\/pastoral\\\/author\\\/pastoral\\\/\"}]}<\/script>\n<!-- \/ Yoast SEO plugin. -->","yoast_head_json":{"title":"08\/01 - Coragem, sou eu! N\u00e3o tenhais medo! - Pastoral Universit\u00e1ria UniSALESIANO","robots":{"index":"index","follow":"follow","max-snippet":"max-snippet:-1","max-image-preview":"max-image-preview:large","max-video-preview":"max-video-preview:-1"},"canonical":"https:\/\/unisale.com.br\/pastoral\/08-01-coragem-sou-eu-nao-tenhais-medo\/","og_locale":"pt_BR","og_type":"article","og_title":"08\/01 - Coragem, sou eu! N\u00e3o tenhais medo! - Pastoral Universit\u00e1ria UniSALESIANO","og_description":"Quarta-feira, 08 de janeiro de 2025. &nbsp; Evangelho (Mc 6,45-52) &nbsp; \u201cCoragem, sou eu! N\u00e3o tenhais medo!\u201d &nbsp; Depois de saciar os cinco mil homens,...","og_url":"https:\/\/unisale.com.br\/pastoral\/08-01-coragem-sou-eu-nao-tenhais-medo\/","og_site_name":"Pastoral Universit\u00e1ria UniSALESIANO","article_published_time":"2025-01-03T11:49:54+00:00","og_image":[{"width":1080,"height":1080,"url":"https:\/\/unisale.com.br\/pastoral\/wp-content\/uploads\/2025\/01\/Design-sem-nome-7.png","type":"image\/png"}],"author":"pastoral","twitter_card":"summary_large_image","twitter_misc":{"Escrito por":"pastoral","Est. tempo de leitura":"3 minutos"},"schema":{"@context":"https:\/\/schema.org","@graph":[{"@type":"Article","@id":"https:\/\/unisale.com.br\/pastoral\/08-01-coragem-sou-eu-nao-tenhais-medo\/#article","isPartOf":{"@id":"https:\/\/unisale.com.br\/pastoral\/08-01-coragem-sou-eu-nao-tenhais-medo\/"},"author":{"name":"pastoral","@id":"https:\/\/unisale.com.br\/pastoral\/#\/schema\/person\/a16ba711a0f7dec9cb6b44563144d5a3"},"headline":"08\/01 &#8211; Coragem, sou eu! N\u00e3o tenhais medo!","datePublished":"2025-01-03T11:49:54+00:00","mainEntityOfPage":{"@id":"https:\/\/unisale.com.br\/pastoral\/08-01-coragem-sou-eu-nao-tenhais-medo\/"},"wordCount":503,"image":{"@id":"https:\/\/unisale.com.br\/pastoral\/08-01-coragem-sou-eu-nao-tenhais-medo\/#primaryimage"},"thumbnailUrl":"https:\/\/unisale.com.br\/pastoral\/wp-content\/uploads\/2025\/01\/Design-sem-nome-7.jpg","articleSection":["Reflex\u00e3o do Evangelho"],"inLanguage":"pt-BR"},{"@type":"WebPage","@id":"https:\/\/unisale.com.br\/pastoral\/08-01-coragem-sou-eu-nao-tenhais-medo\/","url":"https:\/\/unisale.com.br\/pastoral\/08-01-coragem-sou-eu-nao-tenhais-medo\/","name":"08\/01 - Coragem, sou eu! N\u00e3o tenhais medo! - Pastoral Universit\u00e1ria UniSALESIANO","isPartOf":{"@id":"https:\/\/unisale.com.br\/pastoral\/#website"},"primaryImageOfPage":{"@id":"https:\/\/unisale.com.br\/pastoral\/08-01-coragem-sou-eu-nao-tenhais-medo\/#primaryimage"},"image":{"@id":"https:\/\/unisale.com.br\/pastoral\/08-01-coragem-sou-eu-nao-tenhais-medo\/#primaryimage"},"thumbnailUrl":"https:\/\/unisale.com.br\/pastoral\/wp-content\/uploads\/2025\/01\/Design-sem-nome-7.jpg","datePublished":"2025-01-03T11:49:54+00:00","author":{"@id":"https:\/\/unisale.com.br\/pastoral\/#\/schema\/person\/a16ba711a0f7dec9cb6b44563144d5a3"},"inLanguage":"pt-BR","potentialAction":[{"@type":"ReadAction","target":["https:\/\/unisale.com.br\/pastoral\/08-01-coragem-sou-eu-nao-tenhais-medo\/"]}]},{"@type":"ImageObject","inLanguage":"pt-BR","@id":"https:\/\/unisale.com.br\/pastoral\/08-01-coragem-sou-eu-nao-tenhais-medo\/#primaryimage","url":"https:\/\/unisale.com.br\/pastoral\/wp-content\/uploads\/2025\/01\/Design-sem-nome-7.jpg","contentUrl":"https:\/\/unisale.com.br\/pastoral\/wp-content\/uploads\/2025\/01\/Design-sem-nome-7.jpg","width":500,"height":500},{"@type":"WebSite","@id":"https:\/\/unisale.com.br\/pastoral\/#website","url":"https:\/\/unisale.com.br\/pastoral\/","name":"Pastoral Universit\u00e1ria UniSALESIANO","description":"Site da Pastoral Universit\u00e1ria do UniSALESIANO","potentialAction":[{"@type":"SearchAction","target":{"@type":"EntryPoint","urlTemplate":"https:\/\/unisale.com.br\/pastoral\/?s={search_term_string}"},"query-input":{"@type":"PropertyValueSpecification","valueRequired":true,"valueName":"search_term_string"}}],"inLanguage":"pt-BR"},{"@type":"Person","@id":"https:\/\/unisale.com.br\/pastoral\/#\/schema\/person\/a16ba711a0f7dec9cb6b44563144d5a3","name":"pastoral","url":"https:\/\/unisale.com.br\/pastoral\/author\/pastoral\/"}]}},"_links":{"self":[{"href":"https:\/\/unisale.com.br\/pastoral\/wp-json\/wp\/v2\/posts\/11691","targetHints":{"allow":["GET"]}}],"collection":[{"href":"https:\/\/unisale.com.br\/pastoral\/wp-json\/wp\/v2\/posts"}],"about":[{"href":"https:\/\/unisale.com.br\/pastoral\/wp-json\/wp\/v2\/types\/post"}],"author":[{"embeddable":true,"href":"https:\/\/unisale.com.br\/pastoral\/wp-json\/wp\/v2\/users\/1"}],"replies":[{"embeddable":true,"href":"https:\/\/unisale.com.br\/pastoral\/wp-json\/wp\/v2\/comments?post=11691"}],"version-history":[{"count":1,"href":"https:\/\/unisale.com.br\/pastoral\/wp-json\/wp\/v2\/posts\/11691\/revisions"}],"predecessor-version":[{"id":11693,"href":"https:\/\/unisale.com.br\/pastoral\/wp-json\/wp\/v2\/posts\/11691\/revisions\/11693"}],"wp:featuredmedia":[{"embeddable":true,"href":"https:\/\/unisale.com.br\/pastoral\/wp-json\/wp\/v2\/media\/11692"}],"wp:attachment":[{"href":"https:\/\/unisale.com.br\/pastoral\/wp-json\/wp\/v2\/media?parent=11691"}],"wp:term":[{"taxonomy":"category","embeddable":true,"href":"https:\/\/unisale.com.br\/pastoral\/wp-json\/wp\/v2\/categories?post=11691"},{"taxonomy":"post_tag","embeddable":true,"href":"https:\/\/unisale.com.br\/pastoral\/wp-json\/wp\/v2\/tags?post=11691"}],"curies":[{"name":"wp","href":"https:\/\/api.w.org\/{rel}","templated":true}]}}