{"id":11697,"date":"2025-01-03T11:54:05","date_gmt":"2025-01-03T11:54:05","guid":{"rendered":"https:\/\/unisale.com.br\/pastoral\/?p=11697"},"modified":"2025-01-03T11:54:05","modified_gmt":"2025-01-03T11:54:05","slug":"11-01-e-necessario-que-ele-cresca-e-eu-diminua","status":"publish","type":"post","link":"https:\/\/unisale.com.br\/pastoral\/11-01-e-necessario-que-ele-cresca-e-eu-diminua\/","title":{"rendered":"11\/01 &#8211; \u00c9 necess\u00e1rio que ele cres\u00e7a e eu diminua."},"content":{"rendered":"<p>S\u00e1bado, 11 de janeiro de 2025.<\/p>\n<p>&nbsp;<\/p>\n<p>Evangelho (Jo 3,22-30)<\/p>\n<p>&nbsp;<\/p>\n<p><strong>\u201c\u00c9 necess\u00e1rio que ele cres\u00e7a e eu diminua\u201d<\/strong><\/p>\n<p>&nbsp;<\/p>\n<p>Naquele tempo, <sup>22<\/sup>Jesus foi com seus disc\u00edpulos para a regi\u00e3o da Judeia. Permaneceu a\u00ed com eles e batizava. <sup>23<\/sup>Tamb\u00e9m Jo\u00e3o estava batizando, em Enon, perto de Salim, onde havia muita \u00e1gua. A\u00ed chegavam as pessoas e eram batizadas. <sup>24<\/sup>Jo\u00e3o ainda n\u00e3o tinha sido posto no c\u00e1rcere. <sup>25<\/sup>Alguns disc\u00edpulos de Jo\u00e3o estavam discutindo com um judeu a respeito da purifica\u00e7\u00e3o. <sup>26<\/sup>Foram a Jo\u00e3o e disseram: \u201cRabi, aquele que estava contigo al\u00e9m do Jord\u00e3o e do qual tu deste testemunho, agora est\u00e1 batizando e todos v\u00e3o a ele\u201d. <sup>27<\/sup>Jo\u00e3o respondeu: \u201cNingu\u00e9m pode receber alguma coisa, se n\u00e3o lhe for dada do c\u00e9u. <sup>28<\/sup>V\u00f3s mesmos sois testemunhas daquilo que eu disse: \u2018Eu n\u00e3o sou o Messias, mas fui enviado na frente dele\u2019. <sup>29<\/sup>\u00c9 o noivo que recebe a noiva, mas o amigo, que est\u00e1 presente e o escuta, enche-se de alegria ao ouvir a voz do noivo. Esta \u00e9 a minha alegria, e ela \u00e9 completa. <sup>30<\/sup>\u00c9 necess\u00e1rio que ele cres\u00e7a e eu diminua\u201d.<\/p>\n<p>&nbsp;<\/p>\n<p><strong>Reflex\u00e3o<\/strong><\/p>\n<p>&nbsp;<\/p>\n<p>Este texto do evangelho de hoje nos apresenta o \u00faltimo testemunho de Jo\u00e3o Batista, antes de ser preso por Herodes, sobre o Messias Jesus que ele anunciou. A miss\u00e3o do precursor \u00e9 dar testemunho de Jesus. Jo\u00e3o define Jesus como o Belo esposo do novo povo de Deus e da humanidade nova. \u201cEle tem que crescer e eu tenho que diminuir\u201d. O evangelista ressalta o papel de Jo\u00e3o Batista como \u201ctestemunho\u201d em favor de Jesus. A medida que a figura de Cristo cresce e vai se afirmando entre o povo, Jo\u00e3o corda o passo a poss\u00edveis invejas entre os seus seguidores a respeito do rabi de Nazar\u00e9. Jo\u00e3o \u00e9 o amigo do noivo, que ajuda e o ouve, e se alegra com a voz do esposo. A alegria de Jo\u00e3o \u00e9 completa porque jesus est\u00e1 crescendo, a sua presen\u00e7a est\u00e1 se tornando mais s\u00f3lida entre o povo, enquanto que Jo\u00e3o cumpriu o seu trabalho. Sublime grandeza do maior dos profetas. Devemos nos perguntar se nossos trabalhos pastorais, nossas a\u00e7\u00f5es concretas t\u00eam este mesmo objetivo de Jo\u00e3o Batista: \u201cQue ele cres\u00e7a e eu diminua\u201d. Afinal, Jesus \u00e9 centro de tudo, tamb\u00e9m do nosso trabalho evangelizador, somos apenas \u201cservos\u201d.<\/p>\n<p><strong>Pe. Paulo Eduardo J\u00e1como, SDB.\u00a0<\/strong><\/p>\n","protected":false},"excerpt":{"rendered":"<p>S\u00e1bado, 11 de janeiro de 2025. &nbsp; Evangelho (Jo 3,22-30) &nbsp; \u201c\u00c9 necess\u00e1rio que ele cres\u00e7a e eu diminua\u201d &nbsp; Naquele tempo, 22Jesus foi com&#8230;<\/p>\n","protected":false},"author":1,"featured_media":11698,"comment_status":"closed","ping_status":"closed","sticky":false,"template":"","format":"standard","meta":{"_acf_changed":false,"footnotes":""},"categories":[13],"tags":[],"class_list":["post-11697","post","type-post","status-publish","format-standard","has-post-thumbnail","hentry","category-reflexaodoevagelho"],"acf":[],"yoast_head":"<!-- This site is optimized with the Yoast SEO plugin v27.3 - https:\/\/yoast.com\/product\/yoast-seo-wordpress\/ -->\n<title>11\/01 - \u00c9 necess\u00e1rio que ele cres\u00e7a e eu diminua. - Pastoral Universit\u00e1ria UniSALESIANO<\/title>\n<meta name=\"robots\" content=\"index, follow, max-snippet:-1, max-image-preview:large, max-video-preview:-1\" \/>\n<link rel=\"canonical\" href=\"https:\/\/unisale.com.br\/pastoral\/11-01-e-necessario-que-ele-cresca-e-eu-diminua\/\" \/>\n<meta property=\"og:locale\" content=\"pt_BR\" \/>\n<meta property=\"og:type\" content=\"article\" \/>\n<meta property=\"og:title\" content=\"11\/01 - \u00c9 necess\u00e1rio que ele cres\u00e7a e eu diminua. - Pastoral Universit\u00e1ria UniSALESIANO\" \/>\n<meta property=\"og:description\" content=\"S\u00e1bado, 11 de janeiro de 2025. &nbsp; Evangelho (Jo 3,22-30) &nbsp; \u201c\u00c9 necess\u00e1rio que ele cres\u00e7a e eu diminua\u201d &nbsp; Naquele tempo, 22Jesus foi com...\" \/>\n<meta property=\"og:url\" content=\"https:\/\/unisale.com.br\/pastoral\/11-01-e-necessario-que-ele-cresca-e-eu-diminua\/\" \/>\n<meta property=\"og:site_name\" content=\"Pastoral Universit\u00e1ria UniSALESIANO\" \/>\n<meta property=\"article:published_time\" content=\"2025-01-03T11:54:05+00:00\" \/>\n<meta property=\"og:image\" content=\"https:\/\/unisale.com.br\/pastoral\/wp-content\/uploads\/2025\/01\/Design-sem-nome-9.png\" \/>\n\t<meta property=\"og:image:width\" content=\"1080\" \/>\n\t<meta property=\"og:image:height\" content=\"1080\" \/>\n\t<meta property=\"og:image:type\" content=\"image\/png\" \/>\n<meta name=\"author\" content=\"pastoral\" \/>\n<meta name=\"twitter:card\" content=\"summary_large_image\" \/>\n<meta name=\"twitter:label1\" content=\"Escrito por\" \/>\n\t<meta name=\"twitter:data1\" content=\"pastoral\" \/>\n\t<meta name=\"twitter:label2\" content=\"Est. tempo de leitura\" \/>\n\t<meta name=\"twitter:data2\" content=\"3 minutos\" \/>\n<script type=\"application\/ld+json\" class=\"yoast-schema-graph\">{\"@context\":\"https:\\\/\\\/schema.org\",\"@graph\":[{\"@type\":\"Article\",\"@id\":\"https:\\\/\\\/unisale.com.br\\\/pastoral\\\/11-01-e-necessario-que-ele-cresca-e-eu-diminua\\\/#article\",\"isPartOf\":{\"@id\":\"https:\\\/\\\/unisale.com.br\\\/pastoral\\\/11-01-e-necessario-que-ele-cresca-e-eu-diminua\\\/\"},\"author\":{\"name\":\"pastoral\",\"@id\":\"https:\\\/\\\/unisale.com.br\\\/pastoral\\\/#\\\/schema\\\/person\\\/a16ba711a0f7dec9cb6b44563144d5a3\"},\"headline\":\"11\\\/01 &#8211; \u00c9 necess\u00e1rio que ele cres\u00e7a e eu diminua.\",\"datePublished\":\"2025-01-03T11:54:05+00:00\",\"mainEntityOfPage\":{\"@id\":\"https:\\\/\\\/unisale.com.br\\\/pastoral\\\/11-01-e-necessario-que-ele-cresca-e-eu-diminua\\\/\"},\"wordCount\":428,\"image\":{\"@id\":\"https:\\\/\\\/unisale.com.br\\\/pastoral\\\/11-01-e-necessario-que-ele-cresca-e-eu-diminua\\\/#primaryimage\"},\"thumbnailUrl\":\"https:\\\/\\\/unisale.com.br\\\/pastoral\\\/wp-content\\\/uploads\\\/2025\\\/01\\\/Design-sem-nome-9.jpg\",\"articleSection\":[\"Reflex\u00e3o do Evangelho\"],\"inLanguage\":\"pt-BR\"},{\"@type\":\"WebPage\",\"@id\":\"https:\\\/\\\/unisale.com.br\\\/pastoral\\\/11-01-e-necessario-que-ele-cresca-e-eu-diminua\\\/\",\"url\":\"https:\\\/\\\/unisale.com.br\\\/pastoral\\\/11-01-e-necessario-que-ele-cresca-e-eu-diminua\\\/\",\"name\":\"11\\\/01 - \u00c9 necess\u00e1rio que ele cres\u00e7a e eu diminua. - Pastoral Universit\u00e1ria UniSALESIANO\",\"isPartOf\":{\"@id\":\"https:\\\/\\\/unisale.com.br\\\/pastoral\\\/#website\"},\"primaryImageOfPage\":{\"@id\":\"https:\\\/\\\/unisale.com.br\\\/pastoral\\\/11-01-e-necessario-que-ele-cresca-e-eu-diminua\\\/#primaryimage\"},\"image\":{\"@id\":\"https:\\\/\\\/unisale.com.br\\\/pastoral\\\/11-01-e-necessario-que-ele-cresca-e-eu-diminua\\\/#primaryimage\"},\"thumbnailUrl\":\"https:\\\/\\\/unisale.com.br\\\/pastoral\\\/wp-content\\\/uploads\\\/2025\\\/01\\\/Design-sem-nome-9.jpg\",\"datePublished\":\"2025-01-03T11:54:05+00:00\",\"author\":{\"@id\":\"https:\\\/\\\/unisale.com.br\\\/pastoral\\\/#\\\/schema\\\/person\\\/a16ba711a0f7dec9cb6b44563144d5a3\"},\"inLanguage\":\"pt-BR\",\"potentialAction\":[{\"@type\":\"ReadAction\",\"target\":[\"https:\\\/\\\/unisale.com.br\\\/pastoral\\\/11-01-e-necessario-que-ele-cresca-e-eu-diminua\\\/\"]}]},{\"@type\":\"ImageObject\",\"inLanguage\":\"pt-BR\",\"@id\":\"https:\\\/\\\/unisale.com.br\\\/pastoral\\\/11-01-e-necessario-que-ele-cresca-e-eu-diminua\\\/#primaryimage\",\"url\":\"https:\\\/\\\/unisale.com.br\\\/pastoral\\\/wp-content\\\/uploads\\\/2025\\\/01\\\/Design-sem-nome-9.jpg\",\"contentUrl\":\"https:\\\/\\\/unisale.com.br\\\/pastoral\\\/wp-content\\\/uploads\\\/2025\\\/01\\\/Design-sem-nome-9.jpg\",\"width\":500,\"height\":500},{\"@type\":\"WebSite\",\"@id\":\"https:\\\/\\\/unisale.com.br\\\/pastoral\\\/#website\",\"url\":\"https:\\\/\\\/unisale.com.br\\\/pastoral\\\/\",\"name\":\"Pastoral Universit\u00e1ria UniSALESIANO\",\"description\":\"Site da Pastoral Universit\u00e1ria do UniSALESIANO\",\"potentialAction\":[{\"@type\":\"SearchAction\",\"target\":{\"@type\":\"EntryPoint\",\"urlTemplate\":\"https:\\\/\\\/unisale.com.br\\\/pastoral\\\/?s={search_term_string}\"},\"query-input\":{\"@type\":\"PropertyValueSpecification\",\"valueRequired\":true,\"valueName\":\"search_term_string\"}}],\"inLanguage\":\"pt-BR\"},{\"@type\":\"Person\",\"@id\":\"https:\\\/\\\/unisale.com.br\\\/pastoral\\\/#\\\/schema\\\/person\\\/a16ba711a0f7dec9cb6b44563144d5a3\",\"name\":\"pastoral\",\"url\":\"https:\\\/\\\/unisale.com.br\\\/pastoral\\\/author\\\/pastoral\\\/\"}]}<\/script>\n<!-- \/ Yoast SEO plugin. -->","yoast_head_json":{"title":"11\/01 - \u00c9 necess\u00e1rio que ele cres\u00e7a e eu diminua. - Pastoral Universit\u00e1ria UniSALESIANO","robots":{"index":"index","follow":"follow","max-snippet":"max-snippet:-1","max-image-preview":"max-image-preview:large","max-video-preview":"max-video-preview:-1"},"canonical":"https:\/\/unisale.com.br\/pastoral\/11-01-e-necessario-que-ele-cresca-e-eu-diminua\/","og_locale":"pt_BR","og_type":"article","og_title":"11\/01 - \u00c9 necess\u00e1rio que ele cres\u00e7a e eu diminua. - Pastoral Universit\u00e1ria UniSALESIANO","og_description":"S\u00e1bado, 11 de janeiro de 2025. &nbsp; Evangelho (Jo 3,22-30) &nbsp; \u201c\u00c9 necess\u00e1rio que ele cres\u00e7a e eu diminua\u201d &nbsp; Naquele tempo, 22Jesus foi com...","og_url":"https:\/\/unisale.com.br\/pastoral\/11-01-e-necessario-que-ele-cresca-e-eu-diminua\/","og_site_name":"Pastoral Universit\u00e1ria UniSALESIANO","article_published_time":"2025-01-03T11:54:05+00:00","og_image":[{"width":1080,"height":1080,"url":"https:\/\/unisale.com.br\/pastoral\/wp-content\/uploads\/2025\/01\/Design-sem-nome-9.png","type":"image\/png"}],"author":"pastoral","twitter_card":"summary_large_image","twitter_misc":{"Escrito por":"pastoral","Est. tempo de leitura":"3 minutos"},"schema":{"@context":"https:\/\/schema.org","@graph":[{"@type":"Article","@id":"https:\/\/unisale.com.br\/pastoral\/11-01-e-necessario-que-ele-cresca-e-eu-diminua\/#article","isPartOf":{"@id":"https:\/\/unisale.com.br\/pastoral\/11-01-e-necessario-que-ele-cresca-e-eu-diminua\/"},"author":{"name":"pastoral","@id":"https:\/\/unisale.com.br\/pastoral\/#\/schema\/person\/a16ba711a0f7dec9cb6b44563144d5a3"},"headline":"11\/01 &#8211; \u00c9 necess\u00e1rio que ele cres\u00e7a e eu diminua.","datePublished":"2025-01-03T11:54:05+00:00","mainEntityOfPage":{"@id":"https:\/\/unisale.com.br\/pastoral\/11-01-e-necessario-que-ele-cresca-e-eu-diminua\/"},"wordCount":428,"image":{"@id":"https:\/\/unisale.com.br\/pastoral\/11-01-e-necessario-que-ele-cresca-e-eu-diminua\/#primaryimage"},"thumbnailUrl":"https:\/\/unisale.com.br\/pastoral\/wp-content\/uploads\/2025\/01\/Design-sem-nome-9.jpg","articleSection":["Reflex\u00e3o do Evangelho"],"inLanguage":"pt-BR"},{"@type":"WebPage","@id":"https:\/\/unisale.com.br\/pastoral\/11-01-e-necessario-que-ele-cresca-e-eu-diminua\/","url":"https:\/\/unisale.com.br\/pastoral\/11-01-e-necessario-que-ele-cresca-e-eu-diminua\/","name":"11\/01 - \u00c9 necess\u00e1rio que ele cres\u00e7a e eu diminua. - Pastoral Universit\u00e1ria UniSALESIANO","isPartOf":{"@id":"https:\/\/unisale.com.br\/pastoral\/#website"},"primaryImageOfPage":{"@id":"https:\/\/unisale.com.br\/pastoral\/11-01-e-necessario-que-ele-cresca-e-eu-diminua\/#primaryimage"},"image":{"@id":"https:\/\/unisale.com.br\/pastoral\/11-01-e-necessario-que-ele-cresca-e-eu-diminua\/#primaryimage"},"thumbnailUrl":"https:\/\/unisale.com.br\/pastoral\/wp-content\/uploads\/2025\/01\/Design-sem-nome-9.jpg","datePublished":"2025-01-03T11:54:05+00:00","author":{"@id":"https:\/\/unisale.com.br\/pastoral\/#\/schema\/person\/a16ba711a0f7dec9cb6b44563144d5a3"},"inLanguage":"pt-BR","potentialAction":[{"@type":"ReadAction","target":["https:\/\/unisale.com.br\/pastoral\/11-01-e-necessario-que-ele-cresca-e-eu-diminua\/"]}]},{"@type":"ImageObject","inLanguage":"pt-BR","@id":"https:\/\/unisale.com.br\/pastoral\/11-01-e-necessario-que-ele-cresca-e-eu-diminua\/#primaryimage","url":"https:\/\/unisale.com.br\/pastoral\/wp-content\/uploads\/2025\/01\/Design-sem-nome-9.jpg","contentUrl":"https:\/\/unisale.com.br\/pastoral\/wp-content\/uploads\/2025\/01\/Design-sem-nome-9.jpg","width":500,"height":500},{"@type":"WebSite","@id":"https:\/\/unisale.com.br\/pastoral\/#website","url":"https:\/\/unisale.com.br\/pastoral\/","name":"Pastoral Universit\u00e1ria UniSALESIANO","description":"Site da Pastoral Universit\u00e1ria do UniSALESIANO","potentialAction":[{"@type":"SearchAction","target":{"@type":"EntryPoint","urlTemplate":"https:\/\/unisale.com.br\/pastoral\/?s={search_term_string}"},"query-input":{"@type":"PropertyValueSpecification","valueRequired":true,"valueName":"search_term_string"}}],"inLanguage":"pt-BR"},{"@type":"Person","@id":"https:\/\/unisale.com.br\/pastoral\/#\/schema\/person\/a16ba711a0f7dec9cb6b44563144d5a3","name":"pastoral","url":"https:\/\/unisale.com.br\/pastoral\/author\/pastoral\/"}]}},"_links":{"self":[{"href":"https:\/\/unisale.com.br\/pastoral\/wp-json\/wp\/v2\/posts\/11697","targetHints":{"allow":["GET"]}}],"collection":[{"href":"https:\/\/unisale.com.br\/pastoral\/wp-json\/wp\/v2\/posts"}],"about":[{"href":"https:\/\/unisale.com.br\/pastoral\/wp-json\/wp\/v2\/types\/post"}],"author":[{"embeddable":true,"href":"https:\/\/unisale.com.br\/pastoral\/wp-json\/wp\/v2\/users\/1"}],"replies":[{"embeddable":true,"href":"https:\/\/unisale.com.br\/pastoral\/wp-json\/wp\/v2\/comments?post=11697"}],"version-history":[{"count":1,"href":"https:\/\/unisale.com.br\/pastoral\/wp-json\/wp\/v2\/posts\/11697\/revisions"}],"predecessor-version":[{"id":11699,"href":"https:\/\/unisale.com.br\/pastoral\/wp-json\/wp\/v2\/posts\/11697\/revisions\/11699"}],"wp:featuredmedia":[{"embeddable":true,"href":"https:\/\/unisale.com.br\/pastoral\/wp-json\/wp\/v2\/media\/11698"}],"wp:attachment":[{"href":"https:\/\/unisale.com.br\/pastoral\/wp-json\/wp\/v2\/media?parent=11697"}],"wp:term":[{"taxonomy":"category","embeddable":true,"href":"https:\/\/unisale.com.br\/pastoral\/wp-json\/wp\/v2\/categories?post=11697"},{"taxonomy":"post_tag","embeddable":true,"href":"https:\/\/unisale.com.br\/pastoral\/wp-json\/wp\/v2\/tags?post=11697"}],"curies":[{"name":"wp","href":"https:\/\/api.w.org\/{rel}","templated":true}]}}