{"id":11726,"date":"2025-01-06T11:36:22","date_gmt":"2025-01-06T11:36:22","guid":{"rendered":"https:\/\/unisale.com.br\/pastoral\/?p=11726"},"modified":"2025-01-06T11:36:22","modified_gmt":"2025-01-06T11:36:22","slug":"21-01-o-sabado-foi-feito-para-o-homem-e-nao-o-homem-para-o-sabado","status":"publish","type":"post","link":"https:\/\/unisale.com.br\/pastoral\/21-01-o-sabado-foi-feito-para-o-homem-e-nao-o-homem-para-o-sabado\/","title":{"rendered":"21\/01 &#8211; O s\u00e1bado foi feito para o homem, e n\u00e3o o homem para o s\u00e1bado."},"content":{"rendered":"<p>Ter\u00e7a-feira, 21 de janeiro de 2025.<\/p>\n<p>Evangelho (Mc 2,23-28)<\/p>\n<p><strong>\u201cO s\u00e1bado foi feito para o homem, e n\u00e3o o homem para o s\u00e1bado\u201d<\/strong><\/p>\n<p>Jesus estava passando por uns campos de trigo, em dia de s\u00e1bado. Seus disc\u00edpulos come\u00e7aram a arrancar espigas, enquanto caminhavam. 24 Ent\u00e3o os fariseus disseram a Jesus: &#8220;Olha! Por que eles fazem em dia de s\u00e1bado o que n\u00e3o \u00e9 permitido?&#8221; 25 Jesus lhes disse: &#8220;Por acaso, nunca lestes o que Davi e seus companheiros fizeram quando passaram necessidade e tiveram fome? 26 Como ele entrou na casa de Deus, no tempo em que Abiatar era sumo sacerdote, comeu os p\u00e3es oferecidos a Deus, e os deu tamb\u00e9m aos seus companheiros? No entanto, s\u00f3 aos sacerdotes \u00e9 permitido comer esses p\u00e3es&#8221;. 27 E acrescentou: &#8220;O s\u00e1bado foi feito para o homem, e n\u00e3o o homem para o s\u00e1bado. 28 Portanto, o Filho do Homem \u00e9 senhor tamb\u00e9m do s\u00e1bado&#8221;.<\/p>\n<p><strong>Reflex\u00e3o<\/strong><\/p>\n<p>Hoje o Evangelho nos apresenta a controv\u00e9rsia de Jesus com os fariseus sobre a observ\u00e2ncia do s\u00e1bado. Os guardi\u00f5es da ortodoxia acusam os disc\u00edpulos de Jesus de viola\u00e7\u00e3o do descanso sab\u00e1tico. A resposta de Jesus defendendo os seus, relativiza a intoc\u00e1vel lei do s\u00e1bado ao situ\u00e1-la no plano da pessoa. Para Jesus, \u00e9 o homem, na abertura a Deus, que d\u00e1 o seu valor e a sua medida ao s\u00e1bado; pois para o homem foi feita tal lei, e n\u00e3o vice-versa. O homem deve cumprir o s\u00e1bado, mas n\u00e3o ser escravizado por tal obriga\u00e7\u00e3o. E se, como no caso do evangelho de hoje, a lei se volta contra o homem, desviou-se da finalidade do legislador e n\u00e3o obriga ao seu cumprimento. Isso n\u00e3o compreendiam e nem admitiam os fariseus. \u00c9 farisa\u00edsmo tentar conseguir a salva\u00e7\u00e3o absolutizando alguns meios, tempos e lugares, como o s\u00e1bado e o templo, e sacralizando algumas media\u00e7\u00f5es, como a da lei, para assegurar o favor divino. Assim, a religi\u00e3o, em vez de ser libertadora, converte-se em obriga\u00e7\u00e3o escravizadora do homem, um \u201cjugo insuport\u00e1vel\u201d que Jesus denunciou. N\u00f3s crist\u00e3os precisamos saber que o \u00fanico Senhor, a nossa \u00fanica lei e o nosso \u00fanico mediador \u00e9 Cristo. A nossa salva\u00e7\u00e3o n\u00e3o depende de media\u00e7\u00f5es externas, mas da oferta amorosa de Deus em Cristo e de uma resposta pessoal e incondicional a essa iniciativa de Deus, ao dom do seu amor. Cristo obedeceu ao Pai, e n\u00f3s tamb\u00e9m precisamos ser obedientes mediante a f\u00e9.<\/p>\n<p><strong>Pe. Paulo Eduardo J\u00e1como, SDB.<\/strong><\/p>\n","protected":false},"excerpt":{"rendered":"<p>Ter\u00e7a-feira, 21 de janeiro de 2025. Evangelho (Mc 2,23-28) \u201cO s\u00e1bado foi feito para o homem, e n\u00e3o o homem para o s\u00e1bado\u201d Jesus estava&#8230;<\/p>\n","protected":false},"author":1,"featured_media":11727,"comment_status":"closed","ping_status":"closed","sticky":false,"template":"","format":"standard","meta":{"_acf_changed":false,"footnotes":""},"categories":[13],"tags":[],"class_list":["post-11726","post","type-post","status-publish","format-standard","has-post-thumbnail","hentry","category-reflexaodoevagelho"],"acf":[],"yoast_head":"<!-- This site is optimized with the Yoast SEO plugin v27.3 - https:\/\/yoast.com\/product\/yoast-seo-wordpress\/ -->\n<title>21\/01 - O s\u00e1bado foi feito para o homem, e n\u00e3o o homem para o s\u00e1bado. - Pastoral Universit\u00e1ria UniSALESIANO<\/title>\n<meta name=\"robots\" content=\"index, follow, max-snippet:-1, max-image-preview:large, max-video-preview:-1\" \/>\n<link rel=\"canonical\" href=\"https:\/\/unisale.com.br\/pastoral\/21-01-o-sabado-foi-feito-para-o-homem-e-nao-o-homem-para-o-sabado\/\" \/>\n<meta property=\"og:locale\" content=\"pt_BR\" \/>\n<meta property=\"og:type\" content=\"article\" \/>\n<meta property=\"og:title\" content=\"21\/01 - O s\u00e1bado foi feito para o homem, e n\u00e3o o homem para o s\u00e1bado. - Pastoral Universit\u00e1ria UniSALESIANO\" \/>\n<meta property=\"og:description\" content=\"Ter\u00e7a-feira, 21 de janeiro de 2025. Evangelho (Mc 2,23-28) \u201cO s\u00e1bado foi feito para o homem, e n\u00e3o o homem para o s\u00e1bado\u201d Jesus estava...\" \/>\n<meta property=\"og:url\" content=\"https:\/\/unisale.com.br\/pastoral\/21-01-o-sabado-foi-feito-para-o-homem-e-nao-o-homem-para-o-sabado\/\" \/>\n<meta property=\"og:site_name\" content=\"Pastoral Universit\u00e1ria UniSALESIANO\" \/>\n<meta property=\"article:published_time\" content=\"2025-01-06T11:36:22+00:00\" \/>\n<meta property=\"og:image\" content=\"https:\/\/unisale.com.br\/pastoral\/wp-content\/uploads\/2025\/01\/Design-sem-nome-18-1024x1024.png\" \/>\n\t<meta property=\"og:image:width\" content=\"1024\" \/>\n\t<meta property=\"og:image:height\" content=\"1024\" \/>\n\t<meta property=\"og:image:type\" content=\"image\/png\" \/>\n<meta name=\"author\" content=\"pastoral\" \/>\n<meta name=\"twitter:card\" content=\"summary_large_image\" \/>\n<meta name=\"twitter:label1\" content=\"Escrito por\" \/>\n\t<meta name=\"twitter:data1\" content=\"pastoral\" \/>\n\t<meta name=\"twitter:label2\" content=\"Est. tempo de leitura\" \/>\n\t<meta name=\"twitter:data2\" content=\"3 minutos\" \/>\n<script type=\"application\/ld+json\" class=\"yoast-schema-graph\">{\"@context\":\"https:\\\/\\\/schema.org\",\"@graph\":[{\"@type\":\"Article\",\"@id\":\"https:\\\/\\\/unisale.com.br\\\/pastoral\\\/21-01-o-sabado-foi-feito-para-o-homem-e-nao-o-homem-para-o-sabado\\\/#article\",\"isPartOf\":{\"@id\":\"https:\\\/\\\/unisale.com.br\\\/pastoral\\\/21-01-o-sabado-foi-feito-para-o-homem-e-nao-o-homem-para-o-sabado\\\/\"},\"author\":{\"name\":\"pastoral\",\"@id\":\"https:\\\/\\\/unisale.com.br\\\/pastoral\\\/#\\\/schema\\\/person\\\/a16ba711a0f7dec9cb6b44563144d5a3\"},\"headline\":\"21\\\/01 &#8211; O s\u00e1bado foi feito para o homem, e n\u00e3o o homem para o s\u00e1bado.\",\"datePublished\":\"2025-01-06T11:36:22+00:00\",\"mainEntityOfPage\":{\"@id\":\"https:\\\/\\\/unisale.com.br\\\/pastoral\\\/21-01-o-sabado-foi-feito-para-o-homem-e-nao-o-homem-para-o-sabado\\\/\"},\"wordCount\":459,\"image\":{\"@id\":\"https:\\\/\\\/unisale.com.br\\\/pastoral\\\/21-01-o-sabado-foi-feito-para-o-homem-e-nao-o-homem-para-o-sabado\\\/#primaryimage\"},\"thumbnailUrl\":\"https:\\\/\\\/unisale.com.br\\\/pastoral\\\/wp-content\\\/uploads\\\/2025\\\/01\\\/Design-sem-nome-18.jpg\",\"articleSection\":[\"Reflex\u00e3o do Evangelho\"],\"inLanguage\":\"pt-BR\"},{\"@type\":\"WebPage\",\"@id\":\"https:\\\/\\\/unisale.com.br\\\/pastoral\\\/21-01-o-sabado-foi-feito-para-o-homem-e-nao-o-homem-para-o-sabado\\\/\",\"url\":\"https:\\\/\\\/unisale.com.br\\\/pastoral\\\/21-01-o-sabado-foi-feito-para-o-homem-e-nao-o-homem-para-o-sabado\\\/\",\"name\":\"21\\\/01 - O s\u00e1bado foi feito para o homem, e n\u00e3o o homem para o s\u00e1bado. - Pastoral Universit\u00e1ria UniSALESIANO\",\"isPartOf\":{\"@id\":\"https:\\\/\\\/unisale.com.br\\\/pastoral\\\/#website\"},\"primaryImageOfPage\":{\"@id\":\"https:\\\/\\\/unisale.com.br\\\/pastoral\\\/21-01-o-sabado-foi-feito-para-o-homem-e-nao-o-homem-para-o-sabado\\\/#primaryimage\"},\"image\":{\"@id\":\"https:\\\/\\\/unisale.com.br\\\/pastoral\\\/21-01-o-sabado-foi-feito-para-o-homem-e-nao-o-homem-para-o-sabado\\\/#primaryimage\"},\"thumbnailUrl\":\"https:\\\/\\\/unisale.com.br\\\/pastoral\\\/wp-content\\\/uploads\\\/2025\\\/01\\\/Design-sem-nome-18.jpg\",\"datePublished\":\"2025-01-06T11:36:22+00:00\",\"author\":{\"@id\":\"https:\\\/\\\/unisale.com.br\\\/pastoral\\\/#\\\/schema\\\/person\\\/a16ba711a0f7dec9cb6b44563144d5a3\"},\"inLanguage\":\"pt-BR\",\"potentialAction\":[{\"@type\":\"ReadAction\",\"target\":[\"https:\\\/\\\/unisale.com.br\\\/pastoral\\\/21-01-o-sabado-foi-feito-para-o-homem-e-nao-o-homem-para-o-sabado\\\/\"]}]},{\"@type\":\"ImageObject\",\"inLanguage\":\"pt-BR\",\"@id\":\"https:\\\/\\\/unisale.com.br\\\/pastoral\\\/21-01-o-sabado-foi-feito-para-o-homem-e-nao-o-homem-para-o-sabado\\\/#primaryimage\",\"url\":\"https:\\\/\\\/unisale.com.br\\\/pastoral\\\/wp-content\\\/uploads\\\/2025\\\/01\\\/Design-sem-nome-18.jpg\",\"contentUrl\":\"https:\\\/\\\/unisale.com.br\\\/pastoral\\\/wp-content\\\/uploads\\\/2025\\\/01\\\/Design-sem-nome-18.jpg\",\"width\":500,\"height\":500},{\"@type\":\"WebSite\",\"@id\":\"https:\\\/\\\/unisale.com.br\\\/pastoral\\\/#website\",\"url\":\"https:\\\/\\\/unisale.com.br\\\/pastoral\\\/\",\"name\":\"Pastoral Universit\u00e1ria UniSALESIANO\",\"description\":\"Site da Pastoral Universit\u00e1ria do UniSALESIANO\",\"potentialAction\":[{\"@type\":\"SearchAction\",\"target\":{\"@type\":\"EntryPoint\",\"urlTemplate\":\"https:\\\/\\\/unisale.com.br\\\/pastoral\\\/?s={search_term_string}\"},\"query-input\":{\"@type\":\"PropertyValueSpecification\",\"valueRequired\":true,\"valueName\":\"search_term_string\"}}],\"inLanguage\":\"pt-BR\"},{\"@type\":\"Person\",\"@id\":\"https:\\\/\\\/unisale.com.br\\\/pastoral\\\/#\\\/schema\\\/person\\\/a16ba711a0f7dec9cb6b44563144d5a3\",\"name\":\"pastoral\",\"url\":\"https:\\\/\\\/unisale.com.br\\\/pastoral\\\/author\\\/pastoral\\\/\"}]}<\/script>\n<!-- \/ Yoast SEO plugin. -->","yoast_head_json":{"title":"21\/01 - O s\u00e1bado foi feito para o homem, e n\u00e3o o homem para o s\u00e1bado. - Pastoral Universit\u00e1ria UniSALESIANO","robots":{"index":"index","follow":"follow","max-snippet":"max-snippet:-1","max-image-preview":"max-image-preview:large","max-video-preview":"max-video-preview:-1"},"canonical":"https:\/\/unisale.com.br\/pastoral\/21-01-o-sabado-foi-feito-para-o-homem-e-nao-o-homem-para-o-sabado\/","og_locale":"pt_BR","og_type":"article","og_title":"21\/01 - O s\u00e1bado foi feito para o homem, e n\u00e3o o homem para o s\u00e1bado. - Pastoral Universit\u00e1ria UniSALESIANO","og_description":"Ter\u00e7a-feira, 21 de janeiro de 2025. Evangelho (Mc 2,23-28) \u201cO s\u00e1bado foi feito para o homem, e n\u00e3o o homem para o s\u00e1bado\u201d Jesus estava...","og_url":"https:\/\/unisale.com.br\/pastoral\/21-01-o-sabado-foi-feito-para-o-homem-e-nao-o-homem-para-o-sabado\/","og_site_name":"Pastoral Universit\u00e1ria UniSALESIANO","article_published_time":"2025-01-06T11:36:22+00:00","og_image":[{"width":1024,"height":1024,"url":"https:\/\/unisale.com.br\/pastoral\/wp-content\/uploads\/2025\/01\/Design-sem-nome-18-1024x1024.png","type":"image\/png"}],"author":"pastoral","twitter_card":"summary_large_image","twitter_misc":{"Escrito por":"pastoral","Est. tempo de leitura":"3 minutos"},"schema":{"@context":"https:\/\/schema.org","@graph":[{"@type":"Article","@id":"https:\/\/unisale.com.br\/pastoral\/21-01-o-sabado-foi-feito-para-o-homem-e-nao-o-homem-para-o-sabado\/#article","isPartOf":{"@id":"https:\/\/unisale.com.br\/pastoral\/21-01-o-sabado-foi-feito-para-o-homem-e-nao-o-homem-para-o-sabado\/"},"author":{"name":"pastoral","@id":"https:\/\/unisale.com.br\/pastoral\/#\/schema\/person\/a16ba711a0f7dec9cb6b44563144d5a3"},"headline":"21\/01 &#8211; O s\u00e1bado foi feito para o homem, e n\u00e3o o homem para o s\u00e1bado.","datePublished":"2025-01-06T11:36:22+00:00","mainEntityOfPage":{"@id":"https:\/\/unisale.com.br\/pastoral\/21-01-o-sabado-foi-feito-para-o-homem-e-nao-o-homem-para-o-sabado\/"},"wordCount":459,"image":{"@id":"https:\/\/unisale.com.br\/pastoral\/21-01-o-sabado-foi-feito-para-o-homem-e-nao-o-homem-para-o-sabado\/#primaryimage"},"thumbnailUrl":"https:\/\/unisale.com.br\/pastoral\/wp-content\/uploads\/2025\/01\/Design-sem-nome-18.jpg","articleSection":["Reflex\u00e3o do Evangelho"],"inLanguage":"pt-BR"},{"@type":"WebPage","@id":"https:\/\/unisale.com.br\/pastoral\/21-01-o-sabado-foi-feito-para-o-homem-e-nao-o-homem-para-o-sabado\/","url":"https:\/\/unisale.com.br\/pastoral\/21-01-o-sabado-foi-feito-para-o-homem-e-nao-o-homem-para-o-sabado\/","name":"21\/01 - O s\u00e1bado foi feito para o homem, e n\u00e3o o homem para o s\u00e1bado. - Pastoral Universit\u00e1ria UniSALESIANO","isPartOf":{"@id":"https:\/\/unisale.com.br\/pastoral\/#website"},"primaryImageOfPage":{"@id":"https:\/\/unisale.com.br\/pastoral\/21-01-o-sabado-foi-feito-para-o-homem-e-nao-o-homem-para-o-sabado\/#primaryimage"},"image":{"@id":"https:\/\/unisale.com.br\/pastoral\/21-01-o-sabado-foi-feito-para-o-homem-e-nao-o-homem-para-o-sabado\/#primaryimage"},"thumbnailUrl":"https:\/\/unisale.com.br\/pastoral\/wp-content\/uploads\/2025\/01\/Design-sem-nome-18.jpg","datePublished":"2025-01-06T11:36:22+00:00","author":{"@id":"https:\/\/unisale.com.br\/pastoral\/#\/schema\/person\/a16ba711a0f7dec9cb6b44563144d5a3"},"inLanguage":"pt-BR","potentialAction":[{"@type":"ReadAction","target":["https:\/\/unisale.com.br\/pastoral\/21-01-o-sabado-foi-feito-para-o-homem-e-nao-o-homem-para-o-sabado\/"]}]},{"@type":"ImageObject","inLanguage":"pt-BR","@id":"https:\/\/unisale.com.br\/pastoral\/21-01-o-sabado-foi-feito-para-o-homem-e-nao-o-homem-para-o-sabado\/#primaryimage","url":"https:\/\/unisale.com.br\/pastoral\/wp-content\/uploads\/2025\/01\/Design-sem-nome-18.jpg","contentUrl":"https:\/\/unisale.com.br\/pastoral\/wp-content\/uploads\/2025\/01\/Design-sem-nome-18.jpg","width":500,"height":500},{"@type":"WebSite","@id":"https:\/\/unisale.com.br\/pastoral\/#website","url":"https:\/\/unisale.com.br\/pastoral\/","name":"Pastoral Universit\u00e1ria UniSALESIANO","description":"Site da Pastoral Universit\u00e1ria do UniSALESIANO","potentialAction":[{"@type":"SearchAction","target":{"@type":"EntryPoint","urlTemplate":"https:\/\/unisale.com.br\/pastoral\/?s={search_term_string}"},"query-input":{"@type":"PropertyValueSpecification","valueRequired":true,"valueName":"search_term_string"}}],"inLanguage":"pt-BR"},{"@type":"Person","@id":"https:\/\/unisale.com.br\/pastoral\/#\/schema\/person\/a16ba711a0f7dec9cb6b44563144d5a3","name":"pastoral","url":"https:\/\/unisale.com.br\/pastoral\/author\/pastoral\/"}]}},"_links":{"self":[{"href":"https:\/\/unisale.com.br\/pastoral\/wp-json\/wp\/v2\/posts\/11726","targetHints":{"allow":["GET"]}}],"collection":[{"href":"https:\/\/unisale.com.br\/pastoral\/wp-json\/wp\/v2\/posts"}],"about":[{"href":"https:\/\/unisale.com.br\/pastoral\/wp-json\/wp\/v2\/types\/post"}],"author":[{"embeddable":true,"href":"https:\/\/unisale.com.br\/pastoral\/wp-json\/wp\/v2\/users\/1"}],"replies":[{"embeddable":true,"href":"https:\/\/unisale.com.br\/pastoral\/wp-json\/wp\/v2\/comments?post=11726"}],"version-history":[{"count":1,"href":"https:\/\/unisale.com.br\/pastoral\/wp-json\/wp\/v2\/posts\/11726\/revisions"}],"predecessor-version":[{"id":11728,"href":"https:\/\/unisale.com.br\/pastoral\/wp-json\/wp\/v2\/posts\/11726\/revisions\/11728"}],"wp:featuredmedia":[{"embeddable":true,"href":"https:\/\/unisale.com.br\/pastoral\/wp-json\/wp\/v2\/media\/11727"}],"wp:attachment":[{"href":"https:\/\/unisale.com.br\/pastoral\/wp-json\/wp\/v2\/media?parent=11726"}],"wp:term":[{"taxonomy":"category","embeddable":true,"href":"https:\/\/unisale.com.br\/pastoral\/wp-json\/wp\/v2\/categories?post=11726"},{"taxonomy":"post_tag","embeddable":true,"href":"https:\/\/unisale.com.br\/pastoral\/wp-json\/wp\/v2\/tags?post=11726"}],"curies":[{"name":"wp","href":"https:\/\/api.w.org\/{rel}","templated":true}]}}