{"id":11738,"date":"2025-01-06T11:43:33","date_gmt":"2025-01-06T11:43:33","guid":{"rendered":"https:\/\/unisale.com.br\/pastoral\/?p=11738"},"modified":"2025-01-06T11:43:33","modified_gmt":"2025-01-06T11:43:33","slug":"25-01-ide-por-todo-o-mundo-e-pregai-o-evangelho-a-todas-as-criaturas-3","status":"publish","type":"post","link":"https:\/\/unisale.com.br\/pastoral\/25-01-ide-por-todo-o-mundo-e-pregai-o-evangelho-a-todas-as-criaturas-3\/","title":{"rendered":"25\/01 &#8211; Ide por todo o mundo e pregai o Evangelho a todas as criaturas&#8230;"},"content":{"rendered":"<p>S\u00e1bado, 25 de janeiro de 2025.<\/p>\n<p>&nbsp;<\/p>\n<p>Evangelho (Mc 16,15-18)<\/p>\n<p><strong>\u00a0<\/strong><\/p>\n<p><strong>\u201cIde por todo o mundo e pregai o Evangelho a todas as criaturas&#8230;\u201d<\/strong><\/p>\n<p>Naquele tempo, Jesus se manifestou aos onze disc\u00edpulos, <sup>15<\/sup>e disse-lhes: \u201cIde pelo mundo inteiro e anunciai o Evangelho a toda criatura! <sup>16<\/sup>Quem crer e for batizado ser\u00e1 salvo. Quem n\u00e3o crer ser\u00e1 condenado. <sup>17<\/sup>Os sinais que acompanhar\u00e3o aqueles que crerem ser\u00e3o estes: expulsar\u00e3o dem\u00f4nios em meu nome, falar\u00e3o novas l\u00ednguas; 18se pegarem em serpentes ou beberem algum veneno mortal n\u00e3o lhes far\u00e1 mal algum; quando impuserem as m\u00e3os sobre os doentes, eles ficar\u00e3o curados\u201d.<\/p>\n<p><strong>\u00a0<\/strong><\/p>\n<p><strong>Reflex\u00e3o<\/strong><\/p>\n<p><strong>\u00a0<\/strong><\/p>\n<p>De S\u00e3o Paulo n\u00e3o recordamos somente a mem\u00f3ria da sua santidade, do seu testemunho, mas tamb\u00e9m da sua convers\u00e3o. Talvez porque sua convers\u00e3o n\u00e3o tem nada a haver com a convers\u00e3o de um ateu, ou de um descrente, mas sim com a convers\u00e3o de um homem que j\u00e1 acreditava em Deus. Acreditava tanto, ao ponto de perseguir os crist\u00e3os para defender o nome de Deus. S\u00e3o Paulo \u00e9 um \u201ccrente convertido\u201d. Ele passa da religi\u00e3o \u00e0 f\u00e9. Talvez dev\u00eassemos rezar para que acontecesse o mesmo conosco. Muitas vezes a nossa vida \u00e9 cheia de religi\u00e3o, mas vazia da verdadeira f\u00e9. A religi\u00e3o \u00e9 fruto da educa\u00e7\u00e3o, de tradi\u00e7\u00f5es, de expectativas, mas a f\u00e9 pode tamb\u00e9m n\u00e3o ter nada a haver com isso. Se encontra a f\u00e9 quando de maneira forte e decisiva se faz uma experi\u00eancia que nos marca t\u00e3o profundamente de nos fazer passar do crer em valores e ideias, a crer em Algu\u00e9m. Saulo encontra Cristo na sua estrada. Eis porque o evangelho de hoje nos ordena de \u201canunciar por todo o mundo, a todas as criaturas&#8230;\u201d. Porque se de uma parte a f\u00e9 \u00e9 um dom que se recebe de uma experi\u00eancia que te muda a vida, \u00e9 tamb\u00e9m verdadeiro que diante desta experi\u00eancia permane\u00e7amos livres para dizer sim ou n\u00e3o. Os frutos do an\u00fancio n\u00e3o consistem nos \u201cconvencimentos\u201d ret\u00f3ricos, mas em provas de fato. Isso nos prova S\u00e3o Paulo: ele que de ret\u00f3rica e argumentos teol\u00f3gicos era bastante entendedor, compreende que Deus age pelos fatos, e n\u00e3o por meros racioc\u00ednios.<\/p>\n<p><strong>Pe. Paulo Eduardo J\u00e1como, SDB.<\/strong><\/p>\n","protected":false},"excerpt":{"rendered":"<p>S\u00e1bado, 25 de janeiro de 2025. &nbsp; Evangelho (Mc 16,15-18) \u00a0 \u201cIde por todo o mundo e pregai o Evangelho a todas as criaturas&#8230;\u201d Naquele&#8230;<\/p>\n","protected":false},"author":1,"featured_media":11739,"comment_status":"closed","ping_status":"closed","sticky":false,"template":"","format":"standard","meta":{"_acf_changed":false,"footnotes":""},"categories":[13],"tags":[],"class_list":["post-11738","post","type-post","status-publish","format-standard","has-post-thumbnail","hentry","category-reflexaodoevagelho"],"acf":[],"yoast_head":"<!-- This site is optimized with the Yoast SEO plugin v27.3 - https:\/\/yoast.com\/product\/yoast-seo-wordpress\/ -->\n<title>25\/01 - Ide por todo o mundo e pregai o Evangelho a todas as criaturas... - Pastoral Universit\u00e1ria UniSALESIANO<\/title>\n<meta name=\"robots\" content=\"index, follow, max-snippet:-1, max-image-preview:large, max-video-preview:-1\" \/>\n<link rel=\"canonical\" href=\"https:\/\/unisale.com.br\/pastoral\/25-01-ide-por-todo-o-mundo-e-pregai-o-evangelho-a-todas-as-criaturas-3\/\" \/>\n<meta property=\"og:locale\" content=\"pt_BR\" \/>\n<meta property=\"og:type\" content=\"article\" \/>\n<meta property=\"og:title\" content=\"25\/01 - Ide por todo o mundo e pregai o Evangelho a todas as criaturas... - Pastoral Universit\u00e1ria UniSALESIANO\" \/>\n<meta property=\"og:description\" content=\"S\u00e1bado, 25 de janeiro de 2025. &nbsp; Evangelho (Mc 16,15-18) \u00a0 \u201cIde por todo o mundo e pregai o Evangelho a todas as criaturas&#8230;\u201d Naquele...\" \/>\n<meta property=\"og:url\" content=\"https:\/\/unisale.com.br\/pastoral\/25-01-ide-por-todo-o-mundo-e-pregai-o-evangelho-a-todas-as-criaturas-3\/\" \/>\n<meta property=\"og:site_name\" content=\"Pastoral Universit\u00e1ria UniSALESIANO\" \/>\n<meta property=\"article:published_time\" content=\"2025-01-06T11:43:33+00:00\" \/>\n<meta property=\"og:image\" content=\"https:\/\/unisale.com.br\/pastoral\/wp-content\/uploads\/2025\/01\/Design-sem-nome-22.png\" \/>\n\t<meta property=\"og:image:width\" content=\"1080\" \/>\n\t<meta property=\"og:image:height\" content=\"1080\" \/>\n\t<meta property=\"og:image:type\" content=\"image\/png\" \/>\n<meta name=\"author\" content=\"pastoral\" \/>\n<meta name=\"twitter:card\" content=\"summary_large_image\" \/>\n<meta name=\"twitter:label1\" content=\"Escrito por\" \/>\n\t<meta name=\"twitter:data1\" content=\"pastoral\" \/>\n\t<meta name=\"twitter:label2\" content=\"Est. tempo de leitura\" \/>\n\t<meta name=\"twitter:data2\" content=\"3 minutos\" \/>\n<script type=\"application\/ld+json\" class=\"yoast-schema-graph\">{\"@context\":\"https:\\\/\\\/schema.org\",\"@graph\":[{\"@type\":\"Article\",\"@id\":\"https:\\\/\\\/unisale.com.br\\\/pastoral\\\/25-01-ide-por-todo-o-mundo-e-pregai-o-evangelho-a-todas-as-criaturas-3\\\/#article\",\"isPartOf\":{\"@id\":\"https:\\\/\\\/unisale.com.br\\\/pastoral\\\/25-01-ide-por-todo-o-mundo-e-pregai-o-evangelho-a-todas-as-criaturas-3\\\/\"},\"author\":{\"name\":\"pastoral\",\"@id\":\"https:\\\/\\\/unisale.com.br\\\/pastoral\\\/#\\\/schema\\\/person\\\/a16ba711a0f7dec9cb6b44563144d5a3\"},\"headline\":\"25\\\/01 &#8211; Ide por todo o mundo e pregai o Evangelho a todas as criaturas&#8230;\",\"datePublished\":\"2025-01-06T11:43:33+00:00\",\"mainEntityOfPage\":{\"@id\":\"https:\\\/\\\/unisale.com.br\\\/pastoral\\\/25-01-ide-por-todo-o-mundo-e-pregai-o-evangelho-a-todas-as-criaturas-3\\\/\"},\"wordCount\":412,\"image\":{\"@id\":\"https:\\\/\\\/unisale.com.br\\\/pastoral\\\/25-01-ide-por-todo-o-mundo-e-pregai-o-evangelho-a-todas-as-criaturas-3\\\/#primaryimage\"},\"thumbnailUrl\":\"https:\\\/\\\/unisale.com.br\\\/pastoral\\\/wp-content\\\/uploads\\\/2025\\\/01\\\/Design-sem-nome-22.jpg\",\"articleSection\":[\"Reflex\u00e3o do Evangelho\"],\"inLanguage\":\"pt-BR\"},{\"@type\":\"WebPage\",\"@id\":\"https:\\\/\\\/unisale.com.br\\\/pastoral\\\/25-01-ide-por-todo-o-mundo-e-pregai-o-evangelho-a-todas-as-criaturas-3\\\/\",\"url\":\"https:\\\/\\\/unisale.com.br\\\/pastoral\\\/25-01-ide-por-todo-o-mundo-e-pregai-o-evangelho-a-todas-as-criaturas-3\\\/\",\"name\":\"25\\\/01 - Ide por todo o mundo e pregai o Evangelho a todas as criaturas... - Pastoral Universit\u00e1ria UniSALESIANO\",\"isPartOf\":{\"@id\":\"https:\\\/\\\/unisale.com.br\\\/pastoral\\\/#website\"},\"primaryImageOfPage\":{\"@id\":\"https:\\\/\\\/unisale.com.br\\\/pastoral\\\/25-01-ide-por-todo-o-mundo-e-pregai-o-evangelho-a-todas-as-criaturas-3\\\/#primaryimage\"},\"image\":{\"@id\":\"https:\\\/\\\/unisale.com.br\\\/pastoral\\\/25-01-ide-por-todo-o-mundo-e-pregai-o-evangelho-a-todas-as-criaturas-3\\\/#primaryimage\"},\"thumbnailUrl\":\"https:\\\/\\\/unisale.com.br\\\/pastoral\\\/wp-content\\\/uploads\\\/2025\\\/01\\\/Design-sem-nome-22.jpg\",\"datePublished\":\"2025-01-06T11:43:33+00:00\",\"author\":{\"@id\":\"https:\\\/\\\/unisale.com.br\\\/pastoral\\\/#\\\/schema\\\/person\\\/a16ba711a0f7dec9cb6b44563144d5a3\"},\"inLanguage\":\"pt-BR\",\"potentialAction\":[{\"@type\":\"ReadAction\",\"target\":[\"https:\\\/\\\/unisale.com.br\\\/pastoral\\\/25-01-ide-por-todo-o-mundo-e-pregai-o-evangelho-a-todas-as-criaturas-3\\\/\"]}]},{\"@type\":\"ImageObject\",\"inLanguage\":\"pt-BR\",\"@id\":\"https:\\\/\\\/unisale.com.br\\\/pastoral\\\/25-01-ide-por-todo-o-mundo-e-pregai-o-evangelho-a-todas-as-criaturas-3\\\/#primaryimage\",\"url\":\"https:\\\/\\\/unisale.com.br\\\/pastoral\\\/wp-content\\\/uploads\\\/2025\\\/01\\\/Design-sem-nome-22.jpg\",\"contentUrl\":\"https:\\\/\\\/unisale.com.br\\\/pastoral\\\/wp-content\\\/uploads\\\/2025\\\/01\\\/Design-sem-nome-22.jpg\",\"width\":500,\"height\":500},{\"@type\":\"WebSite\",\"@id\":\"https:\\\/\\\/unisale.com.br\\\/pastoral\\\/#website\",\"url\":\"https:\\\/\\\/unisale.com.br\\\/pastoral\\\/\",\"name\":\"Pastoral Universit\u00e1ria UniSALESIANO\",\"description\":\"Site da Pastoral Universit\u00e1ria do UniSALESIANO\",\"potentialAction\":[{\"@type\":\"SearchAction\",\"target\":{\"@type\":\"EntryPoint\",\"urlTemplate\":\"https:\\\/\\\/unisale.com.br\\\/pastoral\\\/?s={search_term_string}\"},\"query-input\":{\"@type\":\"PropertyValueSpecification\",\"valueRequired\":true,\"valueName\":\"search_term_string\"}}],\"inLanguage\":\"pt-BR\"},{\"@type\":\"Person\",\"@id\":\"https:\\\/\\\/unisale.com.br\\\/pastoral\\\/#\\\/schema\\\/person\\\/a16ba711a0f7dec9cb6b44563144d5a3\",\"name\":\"pastoral\",\"url\":\"https:\\\/\\\/unisale.com.br\\\/pastoral\\\/author\\\/pastoral\\\/\"}]}<\/script>\n<!-- \/ Yoast SEO plugin. -->","yoast_head_json":{"title":"25\/01 - Ide por todo o mundo e pregai o Evangelho a todas as criaturas... - Pastoral Universit\u00e1ria UniSALESIANO","robots":{"index":"index","follow":"follow","max-snippet":"max-snippet:-1","max-image-preview":"max-image-preview:large","max-video-preview":"max-video-preview:-1"},"canonical":"https:\/\/unisale.com.br\/pastoral\/25-01-ide-por-todo-o-mundo-e-pregai-o-evangelho-a-todas-as-criaturas-3\/","og_locale":"pt_BR","og_type":"article","og_title":"25\/01 - Ide por todo o mundo e pregai o Evangelho a todas as criaturas... - Pastoral Universit\u00e1ria UniSALESIANO","og_description":"S\u00e1bado, 25 de janeiro de 2025. &nbsp; Evangelho (Mc 16,15-18) \u00a0 \u201cIde por todo o mundo e pregai o Evangelho a todas as criaturas&#8230;\u201d Naquele...","og_url":"https:\/\/unisale.com.br\/pastoral\/25-01-ide-por-todo-o-mundo-e-pregai-o-evangelho-a-todas-as-criaturas-3\/","og_site_name":"Pastoral Universit\u00e1ria UniSALESIANO","article_published_time":"2025-01-06T11:43:33+00:00","og_image":[{"width":1080,"height":1080,"url":"https:\/\/unisale.com.br\/pastoral\/wp-content\/uploads\/2025\/01\/Design-sem-nome-22.png","type":"image\/png"}],"author":"pastoral","twitter_card":"summary_large_image","twitter_misc":{"Escrito por":"pastoral","Est. tempo de leitura":"3 minutos"},"schema":{"@context":"https:\/\/schema.org","@graph":[{"@type":"Article","@id":"https:\/\/unisale.com.br\/pastoral\/25-01-ide-por-todo-o-mundo-e-pregai-o-evangelho-a-todas-as-criaturas-3\/#article","isPartOf":{"@id":"https:\/\/unisale.com.br\/pastoral\/25-01-ide-por-todo-o-mundo-e-pregai-o-evangelho-a-todas-as-criaturas-3\/"},"author":{"name":"pastoral","@id":"https:\/\/unisale.com.br\/pastoral\/#\/schema\/person\/a16ba711a0f7dec9cb6b44563144d5a3"},"headline":"25\/01 &#8211; Ide por todo o mundo e pregai o Evangelho a todas as criaturas&#8230;","datePublished":"2025-01-06T11:43:33+00:00","mainEntityOfPage":{"@id":"https:\/\/unisale.com.br\/pastoral\/25-01-ide-por-todo-o-mundo-e-pregai-o-evangelho-a-todas-as-criaturas-3\/"},"wordCount":412,"image":{"@id":"https:\/\/unisale.com.br\/pastoral\/25-01-ide-por-todo-o-mundo-e-pregai-o-evangelho-a-todas-as-criaturas-3\/#primaryimage"},"thumbnailUrl":"https:\/\/unisale.com.br\/pastoral\/wp-content\/uploads\/2025\/01\/Design-sem-nome-22.jpg","articleSection":["Reflex\u00e3o do Evangelho"],"inLanguage":"pt-BR"},{"@type":"WebPage","@id":"https:\/\/unisale.com.br\/pastoral\/25-01-ide-por-todo-o-mundo-e-pregai-o-evangelho-a-todas-as-criaturas-3\/","url":"https:\/\/unisale.com.br\/pastoral\/25-01-ide-por-todo-o-mundo-e-pregai-o-evangelho-a-todas-as-criaturas-3\/","name":"25\/01 - Ide por todo o mundo e pregai o Evangelho a todas as criaturas... - Pastoral Universit\u00e1ria UniSALESIANO","isPartOf":{"@id":"https:\/\/unisale.com.br\/pastoral\/#website"},"primaryImageOfPage":{"@id":"https:\/\/unisale.com.br\/pastoral\/25-01-ide-por-todo-o-mundo-e-pregai-o-evangelho-a-todas-as-criaturas-3\/#primaryimage"},"image":{"@id":"https:\/\/unisale.com.br\/pastoral\/25-01-ide-por-todo-o-mundo-e-pregai-o-evangelho-a-todas-as-criaturas-3\/#primaryimage"},"thumbnailUrl":"https:\/\/unisale.com.br\/pastoral\/wp-content\/uploads\/2025\/01\/Design-sem-nome-22.jpg","datePublished":"2025-01-06T11:43:33+00:00","author":{"@id":"https:\/\/unisale.com.br\/pastoral\/#\/schema\/person\/a16ba711a0f7dec9cb6b44563144d5a3"},"inLanguage":"pt-BR","potentialAction":[{"@type":"ReadAction","target":["https:\/\/unisale.com.br\/pastoral\/25-01-ide-por-todo-o-mundo-e-pregai-o-evangelho-a-todas-as-criaturas-3\/"]}]},{"@type":"ImageObject","inLanguage":"pt-BR","@id":"https:\/\/unisale.com.br\/pastoral\/25-01-ide-por-todo-o-mundo-e-pregai-o-evangelho-a-todas-as-criaturas-3\/#primaryimage","url":"https:\/\/unisale.com.br\/pastoral\/wp-content\/uploads\/2025\/01\/Design-sem-nome-22.jpg","contentUrl":"https:\/\/unisale.com.br\/pastoral\/wp-content\/uploads\/2025\/01\/Design-sem-nome-22.jpg","width":500,"height":500},{"@type":"WebSite","@id":"https:\/\/unisale.com.br\/pastoral\/#website","url":"https:\/\/unisale.com.br\/pastoral\/","name":"Pastoral Universit\u00e1ria UniSALESIANO","description":"Site da Pastoral Universit\u00e1ria do UniSALESIANO","potentialAction":[{"@type":"SearchAction","target":{"@type":"EntryPoint","urlTemplate":"https:\/\/unisale.com.br\/pastoral\/?s={search_term_string}"},"query-input":{"@type":"PropertyValueSpecification","valueRequired":true,"valueName":"search_term_string"}}],"inLanguage":"pt-BR"},{"@type":"Person","@id":"https:\/\/unisale.com.br\/pastoral\/#\/schema\/person\/a16ba711a0f7dec9cb6b44563144d5a3","name":"pastoral","url":"https:\/\/unisale.com.br\/pastoral\/author\/pastoral\/"}]}},"_links":{"self":[{"href":"https:\/\/unisale.com.br\/pastoral\/wp-json\/wp\/v2\/posts\/11738","targetHints":{"allow":["GET"]}}],"collection":[{"href":"https:\/\/unisale.com.br\/pastoral\/wp-json\/wp\/v2\/posts"}],"about":[{"href":"https:\/\/unisale.com.br\/pastoral\/wp-json\/wp\/v2\/types\/post"}],"author":[{"embeddable":true,"href":"https:\/\/unisale.com.br\/pastoral\/wp-json\/wp\/v2\/users\/1"}],"replies":[{"embeddable":true,"href":"https:\/\/unisale.com.br\/pastoral\/wp-json\/wp\/v2\/comments?post=11738"}],"version-history":[{"count":1,"href":"https:\/\/unisale.com.br\/pastoral\/wp-json\/wp\/v2\/posts\/11738\/revisions"}],"predecessor-version":[{"id":11740,"href":"https:\/\/unisale.com.br\/pastoral\/wp-json\/wp\/v2\/posts\/11738\/revisions\/11740"}],"wp:featuredmedia":[{"embeddable":true,"href":"https:\/\/unisale.com.br\/pastoral\/wp-json\/wp\/v2\/media\/11739"}],"wp:attachment":[{"href":"https:\/\/unisale.com.br\/pastoral\/wp-json\/wp\/v2\/media?parent=11738"}],"wp:term":[{"taxonomy":"category","embeddable":true,"href":"https:\/\/unisale.com.br\/pastoral\/wp-json\/wp\/v2\/categories?post=11738"},{"taxonomy":"post_tag","embeddable":true,"href":"https:\/\/unisale.com.br\/pastoral\/wp-json\/wp\/v2\/tags?post=11738"}],"curies":[{"name":"wp","href":"https:\/\/api.w.org\/{rel}","templated":true}]}}