{"id":11741,"date":"2025-01-06T11:45:11","date_gmt":"2025-01-06T11:45:11","guid":{"rendered":"https:\/\/unisale.com.br\/pastoral\/?p=11741"},"modified":"2025-01-06T11:45:11","modified_gmt":"2025-01-06T11:45:11","slug":"26-01-o-espirito-do-senhor-esta-sobre-mim","status":"publish","type":"post","link":"https:\/\/unisale.com.br\/pastoral\/26-01-o-espirito-do-senhor-esta-sobre-mim\/","title":{"rendered":"26\/01 &#8211; O Esp\u00edrito do Senhor est\u00e1 sobre mim."},"content":{"rendered":"<p>Domingo, 26 de janeiro de 2025.<\/p>\n<p>Evangelho (Lc 1,1-4;4,14-21)<\/p>\n<p><strong>\u201cO Esp\u00edrito do Senhor est\u00e1 sobre mim\u201d<\/strong><\/p>\n<p>Muitas pessoas j\u00e1 tentaram escrever a hist\u00f3ria dos acontecimentos que se realizaram entre n\u00f3s, 2 como nos foram transmitidos por aqueles que, desde o princ\u00edpio, foram testemunhas oculares e ministros da palavra. 3 Assim sendo, ap\u00f3s fazer um estudo cuidadoso de tudo o que aconteceu desde o princ\u00edpio, tamb\u00e9m eu decidi escrever de modo ordenado para ti, excelent\u00edssimo Te\u00f3filo. 4 Deste modo, poder\u00e1s verificar a solidez dos ensinamentos que recebeste. Naquele tempo, 4,14 Jesus voltou para a Galileia, com a for\u00e7a do Esp\u00edrito, e sua fama espalhou-se por toda a redondeza. 15 Ele ensinava nas suas sinagogas e todos o elogiavam. 16 E veio \u00e0 cidade de Nazar\u00e9, onde se tinha criado. Conforme seu costume, entrou na sinagoga no s\u00e1bado, e levantou-se para fazer a leitura. 17 Deram-lhe o livro do profeta Isa\u00edas. Abrindo o livro, Jesus achou a passagem em que est\u00e1 escrito: 18 &#8220;O Esp\u00edrito do Senhor est\u00e1 sobre mim, porque ele me consagrou com a un\u00e7\u00e3o para anunciar a Boa-Nova aos pobres; enviou-me para proclamar a liberta\u00e7\u00e3o aos cativos e aos cegos a recupera\u00e7\u00e3o da vista; para libertar os oprimidos 19 e para proclamar um ano da gra\u00e7a do Senhor&#8221;. 20 Depois fechou o livro, entregou-o ao ajudante, e sentou-se. Todos os que estavam na sinagoga tinham os olhos fixos nele. 21 Ent\u00e3o come\u00e7ou a dizer-lhes: &#8220;Hoje se cumpriu esta passagem da Escritura que acabastes de ouvir&#8221;.<\/p>\n<p><strong>Reflex\u00e3o<\/strong><\/p>\n<p>Podemos dizer que hoje o evangelista Lucas nos oferece o in\u00edcio de tudo da a\u00e7\u00e3o de Jesus. Todo in\u00edcio h\u00e1 em si uma riqueza de tudo particular e contem, em pot\u00eancia, tudo o que depois se realiza tamb\u00e9m mais fatigosamente, mas n\u00e3o menos verdadeiramente. Por isso que precisamos ler com aten\u00e7\u00e3o os sinais contidos nos in\u00edcios do caminho entre n\u00f3s do Senhor que se apresenta nos acontecimentos da hist\u00f3ria e encontra o nosso particular caminho de hist\u00f3ria. Precisamos dobrar a nossa aten\u00e7\u00e3o para colher o quanto nos \u00e9 testemunhado. O evangelho de hoje nos apresenta Jesus que entra na sinagoga de Nazar\u00e9, o filho do carpinteiro toma uma segunda vez a palavra e encontra a coragem de dizer aos seus concidad\u00e3os, \u201cenquanto os olhos de todos estavam fixos nele\u201d, que n\u00e3o \u00e9 mais necess\u00e1rio esperar um tempo futuro para atravessar as portas do Reino de Deus. Jesus anuncia o in\u00edcio de um novo tempo no qual se abre para todos a possibilidade de uma plenitude de vida. Na leitura que faz das escrituras na sinagoga de Nazar\u00e9, Jesus, lendo o trecho do profeta Isa\u00edas, exp\u00f5e todo o seu projeto de a\u00e7\u00e3o pastoral e anuncia para que veio: \u201cpara proclamar a gra\u00e7a do Senhor\u201d. Para sermos crist\u00e3os s\u00e9rios e serenos, devemos afrontar com paci\u00eancia a trabalhosa escuta da Palavra presente nas Escrituras, cumprindo aquele trabalho espiritual que abre po\u00e7os de \u00e1gua viva nos terrenos da nossa alma. Para iniciar este percurso de escuta e de salva\u00e7\u00e3o n\u00e3o s\u00e3o necess\u00e1rios muitos requisitos. \u00c9 suficiente a humildade reconhecer que pobres e necessitados n\u00f3s somos h\u00e1 muito tempo, e que um tempo melhor do que aquele presente, simplesmente n\u00e3o existe. O Esp\u00edrito que um dia consagrou profeta de Salva\u00e7\u00e3o o Senhor Jesus, posa, hoje, tamb\u00e9m sobre n\u00f3s, para ajudar-nos a responder com alegria e juntos \u00e0 voz do \u201cDeus grande\u201d e Pai de todos n\u00f3s.<\/p>\n<p><strong>Pe. Paulo Eduardo J\u00e1como, SDB.<\/strong><\/p>\n","protected":false},"excerpt":{"rendered":"<p>Domingo, 26 de janeiro de 2025. Evangelho (Lc 1,1-4;4,14-21) \u201cO Esp\u00edrito do Senhor est\u00e1 sobre mim\u201d Muitas pessoas j\u00e1 tentaram escrever a hist\u00f3ria dos acontecimentos&#8230;<\/p>\n","protected":false},"author":1,"featured_media":11742,"comment_status":"closed","ping_status":"closed","sticky":false,"template":"","format":"standard","meta":{"_acf_changed":false,"footnotes":""},"categories":[13],"tags":[],"class_list":["post-11741","post","type-post","status-publish","format-standard","has-post-thumbnail","hentry","category-reflexaodoevagelho"],"acf":[],"yoast_head":"<!-- This site is optimized with the Yoast SEO plugin v27.3 - https:\/\/yoast.com\/product\/yoast-seo-wordpress\/ -->\n<title>26\/01 - O Esp\u00edrito do Senhor est\u00e1 sobre mim. - Pastoral Universit\u00e1ria UniSALESIANO<\/title>\n<meta name=\"robots\" content=\"index, follow, max-snippet:-1, max-image-preview:large, max-video-preview:-1\" \/>\n<link rel=\"canonical\" href=\"https:\/\/unisale.com.br\/pastoral\/26-01-o-espirito-do-senhor-esta-sobre-mim\/\" \/>\n<meta property=\"og:locale\" content=\"pt_BR\" \/>\n<meta property=\"og:type\" content=\"article\" \/>\n<meta property=\"og:title\" content=\"26\/01 - O Esp\u00edrito do Senhor est\u00e1 sobre mim. - Pastoral Universit\u00e1ria UniSALESIANO\" \/>\n<meta property=\"og:description\" content=\"Domingo, 26 de janeiro de 2025. Evangelho (Lc 1,1-4;4,14-21) \u201cO Esp\u00edrito do Senhor est\u00e1 sobre mim\u201d Muitas pessoas j\u00e1 tentaram escrever a hist\u00f3ria dos acontecimentos...\" \/>\n<meta property=\"og:url\" content=\"https:\/\/unisale.com.br\/pastoral\/26-01-o-espirito-do-senhor-esta-sobre-mim\/\" \/>\n<meta property=\"og:site_name\" content=\"Pastoral Universit\u00e1ria UniSALESIANO\" \/>\n<meta property=\"article:published_time\" content=\"2025-01-06T11:45:11+00:00\" \/>\n<meta property=\"og:image\" content=\"https:\/\/unisale.com.br\/pastoral\/wp-content\/uploads\/2025\/01\/Design-sem-nome-23-1024x1024.png\" \/>\n\t<meta property=\"og:image:width\" content=\"1024\" \/>\n\t<meta property=\"og:image:height\" content=\"1024\" \/>\n\t<meta property=\"og:image:type\" content=\"image\/png\" \/>\n<meta name=\"author\" content=\"pastoral\" \/>\n<meta name=\"twitter:card\" content=\"summary_large_image\" \/>\n<meta name=\"twitter:label1\" content=\"Escrito por\" \/>\n\t<meta name=\"twitter:data1\" content=\"pastoral\" \/>\n\t<meta name=\"twitter:label2\" content=\"Est. tempo de leitura\" \/>\n\t<meta name=\"twitter:data2\" content=\"4 minutos\" \/>\n<script type=\"application\/ld+json\" class=\"yoast-schema-graph\">{\"@context\":\"https:\\\/\\\/schema.org\",\"@graph\":[{\"@type\":\"Article\",\"@id\":\"https:\\\/\\\/unisale.com.br\\\/pastoral\\\/26-01-o-espirito-do-senhor-esta-sobre-mim\\\/#article\",\"isPartOf\":{\"@id\":\"https:\\\/\\\/unisale.com.br\\\/pastoral\\\/26-01-o-espirito-do-senhor-esta-sobre-mim\\\/\"},\"author\":{\"name\":\"pastoral\",\"@id\":\"https:\\\/\\\/unisale.com.br\\\/pastoral\\\/#\\\/schema\\\/person\\\/a16ba711a0f7dec9cb6b44563144d5a3\"},\"headline\":\"26\\\/01 &#8211; O Esp\u00edrito do Senhor est\u00e1 sobre mim.\",\"datePublished\":\"2025-01-06T11:45:11+00:00\",\"mainEntityOfPage\":{\"@id\":\"https:\\\/\\\/unisale.com.br\\\/pastoral\\\/26-01-o-espirito-do-senhor-esta-sobre-mim\\\/\"},\"wordCount\":613,\"image\":{\"@id\":\"https:\\\/\\\/unisale.com.br\\\/pastoral\\\/26-01-o-espirito-do-senhor-esta-sobre-mim\\\/#primaryimage\"},\"thumbnailUrl\":\"https:\\\/\\\/unisale.com.br\\\/pastoral\\\/wp-content\\\/uploads\\\/2025\\\/01\\\/Design-sem-nome-23.jpg\",\"articleSection\":[\"Reflex\u00e3o do Evangelho\"],\"inLanguage\":\"pt-BR\"},{\"@type\":\"WebPage\",\"@id\":\"https:\\\/\\\/unisale.com.br\\\/pastoral\\\/26-01-o-espirito-do-senhor-esta-sobre-mim\\\/\",\"url\":\"https:\\\/\\\/unisale.com.br\\\/pastoral\\\/26-01-o-espirito-do-senhor-esta-sobre-mim\\\/\",\"name\":\"26\\\/01 - O Esp\u00edrito do Senhor est\u00e1 sobre mim. - Pastoral Universit\u00e1ria UniSALESIANO\",\"isPartOf\":{\"@id\":\"https:\\\/\\\/unisale.com.br\\\/pastoral\\\/#website\"},\"primaryImageOfPage\":{\"@id\":\"https:\\\/\\\/unisale.com.br\\\/pastoral\\\/26-01-o-espirito-do-senhor-esta-sobre-mim\\\/#primaryimage\"},\"image\":{\"@id\":\"https:\\\/\\\/unisale.com.br\\\/pastoral\\\/26-01-o-espirito-do-senhor-esta-sobre-mim\\\/#primaryimage\"},\"thumbnailUrl\":\"https:\\\/\\\/unisale.com.br\\\/pastoral\\\/wp-content\\\/uploads\\\/2025\\\/01\\\/Design-sem-nome-23.jpg\",\"datePublished\":\"2025-01-06T11:45:11+00:00\",\"author\":{\"@id\":\"https:\\\/\\\/unisale.com.br\\\/pastoral\\\/#\\\/schema\\\/person\\\/a16ba711a0f7dec9cb6b44563144d5a3\"},\"inLanguage\":\"pt-BR\",\"potentialAction\":[{\"@type\":\"ReadAction\",\"target\":[\"https:\\\/\\\/unisale.com.br\\\/pastoral\\\/26-01-o-espirito-do-senhor-esta-sobre-mim\\\/\"]}]},{\"@type\":\"ImageObject\",\"inLanguage\":\"pt-BR\",\"@id\":\"https:\\\/\\\/unisale.com.br\\\/pastoral\\\/26-01-o-espirito-do-senhor-esta-sobre-mim\\\/#primaryimage\",\"url\":\"https:\\\/\\\/unisale.com.br\\\/pastoral\\\/wp-content\\\/uploads\\\/2025\\\/01\\\/Design-sem-nome-23.jpg\",\"contentUrl\":\"https:\\\/\\\/unisale.com.br\\\/pastoral\\\/wp-content\\\/uploads\\\/2025\\\/01\\\/Design-sem-nome-23.jpg\",\"width\":500,\"height\":500},{\"@type\":\"WebSite\",\"@id\":\"https:\\\/\\\/unisale.com.br\\\/pastoral\\\/#website\",\"url\":\"https:\\\/\\\/unisale.com.br\\\/pastoral\\\/\",\"name\":\"Pastoral Universit\u00e1ria UniSALESIANO\",\"description\":\"Site da Pastoral Universit\u00e1ria do UniSALESIANO\",\"potentialAction\":[{\"@type\":\"SearchAction\",\"target\":{\"@type\":\"EntryPoint\",\"urlTemplate\":\"https:\\\/\\\/unisale.com.br\\\/pastoral\\\/?s={search_term_string}\"},\"query-input\":{\"@type\":\"PropertyValueSpecification\",\"valueRequired\":true,\"valueName\":\"search_term_string\"}}],\"inLanguage\":\"pt-BR\"},{\"@type\":\"Person\",\"@id\":\"https:\\\/\\\/unisale.com.br\\\/pastoral\\\/#\\\/schema\\\/person\\\/a16ba711a0f7dec9cb6b44563144d5a3\",\"name\":\"pastoral\",\"url\":\"https:\\\/\\\/unisale.com.br\\\/pastoral\\\/author\\\/pastoral\\\/\"}]}<\/script>\n<!-- \/ Yoast SEO plugin. -->","yoast_head_json":{"title":"26\/01 - O Esp\u00edrito do Senhor est\u00e1 sobre mim. - Pastoral Universit\u00e1ria UniSALESIANO","robots":{"index":"index","follow":"follow","max-snippet":"max-snippet:-1","max-image-preview":"max-image-preview:large","max-video-preview":"max-video-preview:-1"},"canonical":"https:\/\/unisale.com.br\/pastoral\/26-01-o-espirito-do-senhor-esta-sobre-mim\/","og_locale":"pt_BR","og_type":"article","og_title":"26\/01 - O Esp\u00edrito do Senhor est\u00e1 sobre mim. - Pastoral Universit\u00e1ria UniSALESIANO","og_description":"Domingo, 26 de janeiro de 2025. Evangelho (Lc 1,1-4;4,14-21) \u201cO Esp\u00edrito do Senhor est\u00e1 sobre mim\u201d Muitas pessoas j\u00e1 tentaram escrever a hist\u00f3ria dos acontecimentos...","og_url":"https:\/\/unisale.com.br\/pastoral\/26-01-o-espirito-do-senhor-esta-sobre-mim\/","og_site_name":"Pastoral Universit\u00e1ria UniSALESIANO","article_published_time":"2025-01-06T11:45:11+00:00","og_image":[{"width":1024,"height":1024,"url":"https:\/\/unisale.com.br\/pastoral\/wp-content\/uploads\/2025\/01\/Design-sem-nome-23-1024x1024.png","type":"image\/png"}],"author":"pastoral","twitter_card":"summary_large_image","twitter_misc":{"Escrito por":"pastoral","Est. tempo de leitura":"4 minutos"},"schema":{"@context":"https:\/\/schema.org","@graph":[{"@type":"Article","@id":"https:\/\/unisale.com.br\/pastoral\/26-01-o-espirito-do-senhor-esta-sobre-mim\/#article","isPartOf":{"@id":"https:\/\/unisale.com.br\/pastoral\/26-01-o-espirito-do-senhor-esta-sobre-mim\/"},"author":{"name":"pastoral","@id":"https:\/\/unisale.com.br\/pastoral\/#\/schema\/person\/a16ba711a0f7dec9cb6b44563144d5a3"},"headline":"26\/01 &#8211; O Esp\u00edrito do Senhor est\u00e1 sobre mim.","datePublished":"2025-01-06T11:45:11+00:00","mainEntityOfPage":{"@id":"https:\/\/unisale.com.br\/pastoral\/26-01-o-espirito-do-senhor-esta-sobre-mim\/"},"wordCount":613,"image":{"@id":"https:\/\/unisale.com.br\/pastoral\/26-01-o-espirito-do-senhor-esta-sobre-mim\/#primaryimage"},"thumbnailUrl":"https:\/\/unisale.com.br\/pastoral\/wp-content\/uploads\/2025\/01\/Design-sem-nome-23.jpg","articleSection":["Reflex\u00e3o do Evangelho"],"inLanguage":"pt-BR"},{"@type":"WebPage","@id":"https:\/\/unisale.com.br\/pastoral\/26-01-o-espirito-do-senhor-esta-sobre-mim\/","url":"https:\/\/unisale.com.br\/pastoral\/26-01-o-espirito-do-senhor-esta-sobre-mim\/","name":"26\/01 - O Esp\u00edrito do Senhor est\u00e1 sobre mim. - Pastoral Universit\u00e1ria UniSALESIANO","isPartOf":{"@id":"https:\/\/unisale.com.br\/pastoral\/#website"},"primaryImageOfPage":{"@id":"https:\/\/unisale.com.br\/pastoral\/26-01-o-espirito-do-senhor-esta-sobre-mim\/#primaryimage"},"image":{"@id":"https:\/\/unisale.com.br\/pastoral\/26-01-o-espirito-do-senhor-esta-sobre-mim\/#primaryimage"},"thumbnailUrl":"https:\/\/unisale.com.br\/pastoral\/wp-content\/uploads\/2025\/01\/Design-sem-nome-23.jpg","datePublished":"2025-01-06T11:45:11+00:00","author":{"@id":"https:\/\/unisale.com.br\/pastoral\/#\/schema\/person\/a16ba711a0f7dec9cb6b44563144d5a3"},"inLanguage":"pt-BR","potentialAction":[{"@type":"ReadAction","target":["https:\/\/unisale.com.br\/pastoral\/26-01-o-espirito-do-senhor-esta-sobre-mim\/"]}]},{"@type":"ImageObject","inLanguage":"pt-BR","@id":"https:\/\/unisale.com.br\/pastoral\/26-01-o-espirito-do-senhor-esta-sobre-mim\/#primaryimage","url":"https:\/\/unisale.com.br\/pastoral\/wp-content\/uploads\/2025\/01\/Design-sem-nome-23.jpg","contentUrl":"https:\/\/unisale.com.br\/pastoral\/wp-content\/uploads\/2025\/01\/Design-sem-nome-23.jpg","width":500,"height":500},{"@type":"WebSite","@id":"https:\/\/unisale.com.br\/pastoral\/#website","url":"https:\/\/unisale.com.br\/pastoral\/","name":"Pastoral Universit\u00e1ria UniSALESIANO","description":"Site da Pastoral Universit\u00e1ria do UniSALESIANO","potentialAction":[{"@type":"SearchAction","target":{"@type":"EntryPoint","urlTemplate":"https:\/\/unisale.com.br\/pastoral\/?s={search_term_string}"},"query-input":{"@type":"PropertyValueSpecification","valueRequired":true,"valueName":"search_term_string"}}],"inLanguage":"pt-BR"},{"@type":"Person","@id":"https:\/\/unisale.com.br\/pastoral\/#\/schema\/person\/a16ba711a0f7dec9cb6b44563144d5a3","name":"pastoral","url":"https:\/\/unisale.com.br\/pastoral\/author\/pastoral\/"}]}},"_links":{"self":[{"href":"https:\/\/unisale.com.br\/pastoral\/wp-json\/wp\/v2\/posts\/11741","targetHints":{"allow":["GET"]}}],"collection":[{"href":"https:\/\/unisale.com.br\/pastoral\/wp-json\/wp\/v2\/posts"}],"about":[{"href":"https:\/\/unisale.com.br\/pastoral\/wp-json\/wp\/v2\/types\/post"}],"author":[{"embeddable":true,"href":"https:\/\/unisale.com.br\/pastoral\/wp-json\/wp\/v2\/users\/1"}],"replies":[{"embeddable":true,"href":"https:\/\/unisale.com.br\/pastoral\/wp-json\/wp\/v2\/comments?post=11741"}],"version-history":[{"count":1,"href":"https:\/\/unisale.com.br\/pastoral\/wp-json\/wp\/v2\/posts\/11741\/revisions"}],"predecessor-version":[{"id":11743,"href":"https:\/\/unisale.com.br\/pastoral\/wp-json\/wp\/v2\/posts\/11741\/revisions\/11743"}],"wp:featuredmedia":[{"embeddable":true,"href":"https:\/\/unisale.com.br\/pastoral\/wp-json\/wp\/v2\/media\/11742"}],"wp:attachment":[{"href":"https:\/\/unisale.com.br\/pastoral\/wp-json\/wp\/v2\/media?parent=11741"}],"wp:term":[{"taxonomy":"category","embeddable":true,"href":"https:\/\/unisale.com.br\/pastoral\/wp-json\/wp\/v2\/categories?post=11741"},{"taxonomy":"post_tag","embeddable":true,"href":"https:\/\/unisale.com.br\/pastoral\/wp-json\/wp\/v2\/tags?post=11741"}],"curies":[{"name":"wp","href":"https:\/\/api.w.org\/{rel}","templated":true}]}}