{"id":11745,"date":"2025-01-07T16:10:21","date_gmt":"2025-01-07T16:10:21","guid":{"rendered":"https:\/\/unisale.com.br\/pastoral\/?p=11745"},"modified":"2025-01-07T16:10:29","modified_gmt":"2025-01-07T16:10:29","slug":"27-01-se-um-reino-se-divide-contra-si-mesmo-ele-nao-podera-manter-se","status":"publish","type":"post","link":"https:\/\/unisale.com.br\/pastoral\/27-01-se-um-reino-se-divide-contra-si-mesmo-ele-nao-podera-manter-se\/","title":{"rendered":"27\/01 &#8211; Se um reino se divide contra si mesmo, ele n\u00e3o poder\u00e1 manter-se."},"content":{"rendered":"<p>Segunda-feira, 27 de janeiro de 2025.<\/p>\n<p>Evangelho (Mc 3,22-30)<\/p>\n<p><strong>\u201cSe um reino se divide contra si mesmo, ele n\u00e3o poder\u00e1 manter-se\u201d<\/strong><\/p>\n<p>Naquele tempo, <sup>22<\/sup>os mestres da Lei, que tinham vindo de Jerusal\u00e9m, diziam que ele estava possu\u00eddo por Beelzebul, e que pelo pr\u00edncipe dos dem\u00f4nios ele expulsava os dem\u00f4nios. <sup>23<\/sup>Ent\u00e3o Jesus os chamou e falou-lhes em par\u00e1bolas: \u201cComo \u00e9 que Satan\u00e1s pode expulsar a Satan\u00e1s? <sup>24<\/sup>Se um reino se divide contra si mesmo ele n\u00e3o poder\u00e1 manter-se. <sup>25<\/sup>Se uma fam\u00edlia se divide contra si mesma, n\u00e3o poder\u00e1 manter-se. <sup>26<\/sup>Assim, se Satan\u00e1s se levanta contra si mesmo e se divide, n\u00e3o poder\u00e1 sobreviver, mas ser\u00e1 destru\u00eddo. <sup>27<\/sup>Ningu\u00e9m pode entrar na casa de um homem forte para roubar seus bens, sem antes o amarrar. S\u00f3 depois poder\u00e1 saquear sua casa. <sup>28<\/sup>Em verdade vos digo: tudo ser\u00e1 perdoado aos homens, tanto nos pecados, como qualquer blasf\u00eamia que tiverem dito. <sup>29<\/sup>Mas quem blasfemar contra o Esp\u00edrito Santo, nunca ser\u00e1 perdoado, mas ser\u00e1 culpado de um pecado eterno\u201d. <sup>30<\/sup>Jesus falou isso, porque diziam: \u201cEle est\u00e1 possu\u00eddo por um esp\u00edrito mal\u201d.<\/p>\n<p><strong>Reflex\u00e3o<\/strong><\/p>\n<p>O texto do evangelho de hoje refor\u00e7a a cren\u00e7a judaica da exist\u00eancia de dois esp\u00edritos, um bom e outro mau. No combate que se trava entre ambos, Cristo \u00e9 o mais forte, ele vence o maligno, expulsa o dem\u00f4nio dos possessos. A controv\u00e9rsia entre Jesus e os seus inimigos \u00e9 justamente sobre o poder com que o Rabi de Nazar\u00e9 curava os possu\u00eddos por esp\u00edritos impuros. Os seus advers\u00e1rios se negam em admitir que o reino de Deus se manifeste na pessoa de Jesus e nos seus milagres. Atribuem tudo \u00e0 cumplicidade com o diabo, em vez de as verem como de fato s\u00e3o: o fim do dom\u00ednio de Satan\u00e1s. Sobre tal acusa\u00e7\u00e3o Jesus contesta, para ele \u00e9 um absurdo, pois Satan\u00e1s n\u00e3o se auto destr\u00f3i. Jesus demonstra que se vence, \u00e9 porque ele \u00e9 mais forte do que Satan\u00e1s. Para Jesus, a acusa\u00e7\u00e3o dos escribas \u00e0 sua pessoa constitui uma blasf\u00eamia contra o Esp\u00edrito Santo, com cuja for\u00e7a ele expulsa os dem\u00f4nios. \u00c9 pecado imperdo\u00e1vel porque \u00e9 nega\u00e7\u00e3o \u00e0 gra\u00e7a salvadora de Deus. O que eles pretendem com tal acusa\u00e7\u00e3o \u00e9 desprestigiar Jesus perante o povo. O mal \u00e9 um poder que infelizmente existe. \u00c9 um dado da experi\u00eancia di\u00e1ria. Est\u00e1 presente em tantas situa\u00e7\u00f5es de pecado, dentro e fora de n\u00f3s. S\u00e3o tantos que optam pela viol\u00eancia, destrui\u00e7\u00e3o, corrup\u00e7\u00e3o, injusti\u00e7as, \u00f3dio, rancor, viola\u00e7\u00e3o dos direitos da pessoa, ego\u00edsmo, etc. Porqu\u00ea tudo isso? N\u00e3o porque Deus o queira, mas porque o homem produz com o abuso da liberdade, isto \u00e9, com o pecado. Poderemos vencer o mal? Sim, porque Jesus conseguiu. Cristo venceu o mal, o pecado e a morte. Ele \u00e9 mais forte do que o mal que nos oprime. Se optarmos pelo servi\u00e7o do bem mediante o amor que Deus derrama nos nossos cora\u00e7\u00f5es pelo seu Esp\u00edrito, n\u00f3s tamb\u00e9m poderemos vencer o mal. Temos que escolher constantemente entre o bem e o mal, o amor ou o ego\u00edsmo, a b\u00ean\u00e7\u00e3o ou a maldi\u00e7\u00e3o, a vida ou a morte. Optemos por Cristo, pelo amor que \u00e9 a \u00fanica for\u00e7a eficaz contra o mal.<\/p>\n<p><strong>Pe. Paulo Eduardo J\u00e1como, SDB.<\/strong><\/p>\n","protected":false},"excerpt":{"rendered":"<p>Segunda-feira, 27 de janeiro de 2025. Evangelho (Mc 3,22-30) \u201cSe um reino se divide contra si mesmo, ele n\u00e3o poder\u00e1 manter-se\u201d Naquele tempo, 22os mestres&#8230;<\/p>\n","protected":false},"author":1,"featured_media":11746,"comment_status":"closed","ping_status":"closed","sticky":false,"template":"","format":"standard","meta":{"_acf_changed":false,"footnotes":""},"categories":[13],"tags":[],"class_list":["post-11745","post","type-post","status-publish","format-standard","has-post-thumbnail","hentry","category-reflexaodoevagelho"],"acf":[],"yoast_head":"<!-- This site is optimized with the Yoast SEO plugin v27.3 - https:\/\/yoast.com\/product\/yoast-seo-wordpress\/ -->\n<title>27\/01 - Se um reino se divide contra si mesmo, ele n\u00e3o poder\u00e1 manter-se. - Pastoral Universit\u00e1ria UniSALESIANO<\/title>\n<meta name=\"robots\" content=\"index, follow, max-snippet:-1, max-image-preview:large, max-video-preview:-1\" \/>\n<link rel=\"canonical\" href=\"https:\/\/unisale.com.br\/pastoral\/27-01-se-um-reino-se-divide-contra-si-mesmo-ele-nao-podera-manter-se\/\" \/>\n<meta property=\"og:locale\" content=\"pt_BR\" \/>\n<meta property=\"og:type\" content=\"article\" \/>\n<meta property=\"og:title\" content=\"27\/01 - Se um reino se divide contra si mesmo, ele n\u00e3o poder\u00e1 manter-se. - Pastoral Universit\u00e1ria UniSALESIANO\" \/>\n<meta property=\"og:description\" content=\"Segunda-feira, 27 de janeiro de 2025. Evangelho (Mc 3,22-30) \u201cSe um reino se divide contra si mesmo, ele n\u00e3o poder\u00e1 manter-se\u201d Naquele tempo, 22os mestres...\" \/>\n<meta property=\"og:url\" content=\"https:\/\/unisale.com.br\/pastoral\/27-01-se-um-reino-se-divide-contra-si-mesmo-ele-nao-podera-manter-se\/\" \/>\n<meta property=\"og:site_name\" content=\"Pastoral Universit\u00e1ria UniSALESIANO\" \/>\n<meta property=\"article:published_time\" content=\"2025-01-07T16:10:21+00:00\" \/>\n<meta property=\"article:modified_time\" content=\"2025-01-07T16:10:29+00:00\" \/>\n<meta property=\"og:image\" content=\"https:\/\/unisale.com.br\/pastoral\/wp-content\/uploads\/2025\/01\/Design-sem-nome-24.png\" \/>\n\t<meta property=\"og:image:width\" content=\"1080\" \/>\n\t<meta property=\"og:image:height\" content=\"1080\" \/>\n\t<meta property=\"og:image:type\" content=\"image\/png\" \/>\n<meta name=\"author\" content=\"pastoral\" \/>\n<meta name=\"twitter:card\" content=\"summary_large_image\" \/>\n<meta name=\"twitter:label1\" content=\"Escrito por\" \/>\n\t<meta name=\"twitter:data1\" content=\"pastoral\" \/>\n\t<meta name=\"twitter:label2\" content=\"Est. tempo de leitura\" \/>\n\t<meta name=\"twitter:data2\" content=\"3 minutos\" \/>\n<script type=\"application\/ld+json\" class=\"yoast-schema-graph\">{\"@context\":\"https:\\\/\\\/schema.org\",\"@graph\":[{\"@type\":\"Article\",\"@id\":\"https:\\\/\\\/unisale.com.br\\\/pastoral\\\/27-01-se-um-reino-se-divide-contra-si-mesmo-ele-nao-podera-manter-se\\\/#article\",\"isPartOf\":{\"@id\":\"https:\\\/\\\/unisale.com.br\\\/pastoral\\\/27-01-se-um-reino-se-divide-contra-si-mesmo-ele-nao-podera-manter-se\\\/\"},\"author\":{\"name\":\"pastoral\",\"@id\":\"https:\\\/\\\/unisale.com.br\\\/pastoral\\\/#\\\/schema\\\/person\\\/a16ba711a0f7dec9cb6b44563144d5a3\"},\"headline\":\"27\\\/01 &#8211; Se um reino se divide contra si mesmo, ele n\u00e3o poder\u00e1 manter-se.\",\"datePublished\":\"2025-01-07T16:10:21+00:00\",\"dateModified\":\"2025-01-07T16:10:29+00:00\",\"mainEntityOfPage\":{\"@id\":\"https:\\\/\\\/unisale.com.br\\\/pastoral\\\/27-01-se-um-reino-se-divide-contra-si-mesmo-ele-nao-podera-manter-se\\\/\"},\"wordCount\":592,\"image\":{\"@id\":\"https:\\\/\\\/unisale.com.br\\\/pastoral\\\/27-01-se-um-reino-se-divide-contra-si-mesmo-ele-nao-podera-manter-se\\\/#primaryimage\"},\"thumbnailUrl\":\"https:\\\/\\\/unisale.com.br\\\/pastoral\\\/wp-content\\\/uploads\\\/2025\\\/01\\\/Design-sem-nome-24.jpg\",\"articleSection\":[\"Reflex\u00e3o do Evangelho\"],\"inLanguage\":\"pt-BR\"},{\"@type\":\"WebPage\",\"@id\":\"https:\\\/\\\/unisale.com.br\\\/pastoral\\\/27-01-se-um-reino-se-divide-contra-si-mesmo-ele-nao-podera-manter-se\\\/\",\"url\":\"https:\\\/\\\/unisale.com.br\\\/pastoral\\\/27-01-se-um-reino-se-divide-contra-si-mesmo-ele-nao-podera-manter-se\\\/\",\"name\":\"27\\\/01 - Se um reino se divide contra si mesmo, ele n\u00e3o poder\u00e1 manter-se. - Pastoral Universit\u00e1ria UniSALESIANO\",\"isPartOf\":{\"@id\":\"https:\\\/\\\/unisale.com.br\\\/pastoral\\\/#website\"},\"primaryImageOfPage\":{\"@id\":\"https:\\\/\\\/unisale.com.br\\\/pastoral\\\/27-01-se-um-reino-se-divide-contra-si-mesmo-ele-nao-podera-manter-se\\\/#primaryimage\"},\"image\":{\"@id\":\"https:\\\/\\\/unisale.com.br\\\/pastoral\\\/27-01-se-um-reino-se-divide-contra-si-mesmo-ele-nao-podera-manter-se\\\/#primaryimage\"},\"thumbnailUrl\":\"https:\\\/\\\/unisale.com.br\\\/pastoral\\\/wp-content\\\/uploads\\\/2025\\\/01\\\/Design-sem-nome-24.jpg\",\"datePublished\":\"2025-01-07T16:10:21+00:00\",\"dateModified\":\"2025-01-07T16:10:29+00:00\",\"author\":{\"@id\":\"https:\\\/\\\/unisale.com.br\\\/pastoral\\\/#\\\/schema\\\/person\\\/a16ba711a0f7dec9cb6b44563144d5a3\"},\"inLanguage\":\"pt-BR\",\"potentialAction\":[{\"@type\":\"ReadAction\",\"target\":[\"https:\\\/\\\/unisale.com.br\\\/pastoral\\\/27-01-se-um-reino-se-divide-contra-si-mesmo-ele-nao-podera-manter-se\\\/\"]}]},{\"@type\":\"ImageObject\",\"inLanguage\":\"pt-BR\",\"@id\":\"https:\\\/\\\/unisale.com.br\\\/pastoral\\\/27-01-se-um-reino-se-divide-contra-si-mesmo-ele-nao-podera-manter-se\\\/#primaryimage\",\"url\":\"https:\\\/\\\/unisale.com.br\\\/pastoral\\\/wp-content\\\/uploads\\\/2025\\\/01\\\/Design-sem-nome-24.jpg\",\"contentUrl\":\"https:\\\/\\\/unisale.com.br\\\/pastoral\\\/wp-content\\\/uploads\\\/2025\\\/01\\\/Design-sem-nome-24.jpg\",\"width\":500,\"height\":500},{\"@type\":\"WebSite\",\"@id\":\"https:\\\/\\\/unisale.com.br\\\/pastoral\\\/#website\",\"url\":\"https:\\\/\\\/unisale.com.br\\\/pastoral\\\/\",\"name\":\"Pastoral Universit\u00e1ria UniSALESIANO\",\"description\":\"Site da Pastoral Universit\u00e1ria do UniSALESIANO\",\"potentialAction\":[{\"@type\":\"SearchAction\",\"target\":{\"@type\":\"EntryPoint\",\"urlTemplate\":\"https:\\\/\\\/unisale.com.br\\\/pastoral\\\/?s={search_term_string}\"},\"query-input\":{\"@type\":\"PropertyValueSpecification\",\"valueRequired\":true,\"valueName\":\"search_term_string\"}}],\"inLanguage\":\"pt-BR\"},{\"@type\":\"Person\",\"@id\":\"https:\\\/\\\/unisale.com.br\\\/pastoral\\\/#\\\/schema\\\/person\\\/a16ba711a0f7dec9cb6b44563144d5a3\",\"name\":\"pastoral\",\"url\":\"https:\\\/\\\/unisale.com.br\\\/pastoral\\\/author\\\/pastoral\\\/\"}]}<\/script>\n<!-- \/ Yoast SEO plugin. -->","yoast_head_json":{"title":"27\/01 - Se um reino se divide contra si mesmo, ele n\u00e3o poder\u00e1 manter-se. - Pastoral Universit\u00e1ria UniSALESIANO","robots":{"index":"index","follow":"follow","max-snippet":"max-snippet:-1","max-image-preview":"max-image-preview:large","max-video-preview":"max-video-preview:-1"},"canonical":"https:\/\/unisale.com.br\/pastoral\/27-01-se-um-reino-se-divide-contra-si-mesmo-ele-nao-podera-manter-se\/","og_locale":"pt_BR","og_type":"article","og_title":"27\/01 - Se um reino se divide contra si mesmo, ele n\u00e3o poder\u00e1 manter-se. - Pastoral Universit\u00e1ria UniSALESIANO","og_description":"Segunda-feira, 27 de janeiro de 2025. Evangelho (Mc 3,22-30) \u201cSe um reino se divide contra si mesmo, ele n\u00e3o poder\u00e1 manter-se\u201d Naquele tempo, 22os mestres...","og_url":"https:\/\/unisale.com.br\/pastoral\/27-01-se-um-reino-se-divide-contra-si-mesmo-ele-nao-podera-manter-se\/","og_site_name":"Pastoral Universit\u00e1ria UniSALESIANO","article_published_time":"2025-01-07T16:10:21+00:00","article_modified_time":"2025-01-07T16:10:29+00:00","og_image":[{"width":1080,"height":1080,"url":"https:\/\/unisale.com.br\/pastoral\/wp-content\/uploads\/2025\/01\/Design-sem-nome-24.png","type":"image\/png"}],"author":"pastoral","twitter_card":"summary_large_image","twitter_misc":{"Escrito por":"pastoral","Est. tempo de leitura":"3 minutos"},"schema":{"@context":"https:\/\/schema.org","@graph":[{"@type":"Article","@id":"https:\/\/unisale.com.br\/pastoral\/27-01-se-um-reino-se-divide-contra-si-mesmo-ele-nao-podera-manter-se\/#article","isPartOf":{"@id":"https:\/\/unisale.com.br\/pastoral\/27-01-se-um-reino-se-divide-contra-si-mesmo-ele-nao-podera-manter-se\/"},"author":{"name":"pastoral","@id":"https:\/\/unisale.com.br\/pastoral\/#\/schema\/person\/a16ba711a0f7dec9cb6b44563144d5a3"},"headline":"27\/01 &#8211; Se um reino se divide contra si mesmo, ele n\u00e3o poder\u00e1 manter-se.","datePublished":"2025-01-07T16:10:21+00:00","dateModified":"2025-01-07T16:10:29+00:00","mainEntityOfPage":{"@id":"https:\/\/unisale.com.br\/pastoral\/27-01-se-um-reino-se-divide-contra-si-mesmo-ele-nao-podera-manter-se\/"},"wordCount":592,"image":{"@id":"https:\/\/unisale.com.br\/pastoral\/27-01-se-um-reino-se-divide-contra-si-mesmo-ele-nao-podera-manter-se\/#primaryimage"},"thumbnailUrl":"https:\/\/unisale.com.br\/pastoral\/wp-content\/uploads\/2025\/01\/Design-sem-nome-24.jpg","articleSection":["Reflex\u00e3o do Evangelho"],"inLanguage":"pt-BR"},{"@type":"WebPage","@id":"https:\/\/unisale.com.br\/pastoral\/27-01-se-um-reino-se-divide-contra-si-mesmo-ele-nao-podera-manter-se\/","url":"https:\/\/unisale.com.br\/pastoral\/27-01-se-um-reino-se-divide-contra-si-mesmo-ele-nao-podera-manter-se\/","name":"27\/01 - Se um reino se divide contra si mesmo, ele n\u00e3o poder\u00e1 manter-se. - Pastoral Universit\u00e1ria UniSALESIANO","isPartOf":{"@id":"https:\/\/unisale.com.br\/pastoral\/#website"},"primaryImageOfPage":{"@id":"https:\/\/unisale.com.br\/pastoral\/27-01-se-um-reino-se-divide-contra-si-mesmo-ele-nao-podera-manter-se\/#primaryimage"},"image":{"@id":"https:\/\/unisale.com.br\/pastoral\/27-01-se-um-reino-se-divide-contra-si-mesmo-ele-nao-podera-manter-se\/#primaryimage"},"thumbnailUrl":"https:\/\/unisale.com.br\/pastoral\/wp-content\/uploads\/2025\/01\/Design-sem-nome-24.jpg","datePublished":"2025-01-07T16:10:21+00:00","dateModified":"2025-01-07T16:10:29+00:00","author":{"@id":"https:\/\/unisale.com.br\/pastoral\/#\/schema\/person\/a16ba711a0f7dec9cb6b44563144d5a3"},"inLanguage":"pt-BR","potentialAction":[{"@type":"ReadAction","target":["https:\/\/unisale.com.br\/pastoral\/27-01-se-um-reino-se-divide-contra-si-mesmo-ele-nao-podera-manter-se\/"]}]},{"@type":"ImageObject","inLanguage":"pt-BR","@id":"https:\/\/unisale.com.br\/pastoral\/27-01-se-um-reino-se-divide-contra-si-mesmo-ele-nao-podera-manter-se\/#primaryimage","url":"https:\/\/unisale.com.br\/pastoral\/wp-content\/uploads\/2025\/01\/Design-sem-nome-24.jpg","contentUrl":"https:\/\/unisale.com.br\/pastoral\/wp-content\/uploads\/2025\/01\/Design-sem-nome-24.jpg","width":500,"height":500},{"@type":"WebSite","@id":"https:\/\/unisale.com.br\/pastoral\/#website","url":"https:\/\/unisale.com.br\/pastoral\/","name":"Pastoral Universit\u00e1ria UniSALESIANO","description":"Site da Pastoral Universit\u00e1ria do UniSALESIANO","potentialAction":[{"@type":"SearchAction","target":{"@type":"EntryPoint","urlTemplate":"https:\/\/unisale.com.br\/pastoral\/?s={search_term_string}"},"query-input":{"@type":"PropertyValueSpecification","valueRequired":true,"valueName":"search_term_string"}}],"inLanguage":"pt-BR"},{"@type":"Person","@id":"https:\/\/unisale.com.br\/pastoral\/#\/schema\/person\/a16ba711a0f7dec9cb6b44563144d5a3","name":"pastoral","url":"https:\/\/unisale.com.br\/pastoral\/author\/pastoral\/"}]}},"_links":{"self":[{"href":"https:\/\/unisale.com.br\/pastoral\/wp-json\/wp\/v2\/posts\/11745","targetHints":{"allow":["GET"]}}],"collection":[{"href":"https:\/\/unisale.com.br\/pastoral\/wp-json\/wp\/v2\/posts"}],"about":[{"href":"https:\/\/unisale.com.br\/pastoral\/wp-json\/wp\/v2\/types\/post"}],"author":[{"embeddable":true,"href":"https:\/\/unisale.com.br\/pastoral\/wp-json\/wp\/v2\/users\/1"}],"replies":[{"embeddable":true,"href":"https:\/\/unisale.com.br\/pastoral\/wp-json\/wp\/v2\/comments?post=11745"}],"version-history":[{"count":1,"href":"https:\/\/unisale.com.br\/pastoral\/wp-json\/wp\/v2\/posts\/11745\/revisions"}],"predecessor-version":[{"id":11747,"href":"https:\/\/unisale.com.br\/pastoral\/wp-json\/wp\/v2\/posts\/11745\/revisions\/11747"}],"wp:featuredmedia":[{"embeddable":true,"href":"https:\/\/unisale.com.br\/pastoral\/wp-json\/wp\/v2\/media\/11746"}],"wp:attachment":[{"href":"https:\/\/unisale.com.br\/pastoral\/wp-json\/wp\/v2\/media?parent=11745"}],"wp:term":[{"taxonomy":"category","embeddable":true,"href":"https:\/\/unisale.com.br\/pastoral\/wp-json\/wp\/v2\/categories?post=11745"},{"taxonomy":"post_tag","embeddable":true,"href":"https:\/\/unisale.com.br\/pastoral\/wp-json\/wp\/v2\/tags?post=11745"}],"curies":[{"name":"wp","href":"https:\/\/api.w.org\/{rel}","templated":true}]}}