{"id":11837,"date":"2025-01-23T11:32:46","date_gmt":"2025-01-23T11:32:46","guid":{"rendered":"https:\/\/unisale.com.br\/pastoral\/?p=11837"},"modified":"2025-01-23T11:32:46","modified_gmt":"2025-01-23T11:32:46","slug":"19-02-ficou-curado-e-enxergava-todas-as-coisas-com-nitidez","status":"publish","type":"post","link":"https:\/\/unisale.com.br\/pastoral\/19-02-ficou-curado-e-enxergava-todas-as-coisas-com-nitidez\/","title":{"rendered":"19\/02 &#8211; Ficou curado e enxergava todas as coisas com nitidez."},"content":{"rendered":"<p>Quarta-feira, 19 de fevereiro de 2025.<\/p>\n<p>&nbsp;<\/p>\n<p>Evangelho (Mc 8,22-26)<\/p>\n<p>&nbsp;<\/p>\n<p><strong>\u201cFicou curado e enxergava todas as coisas com nitidez\u201d<\/strong><\/p>\n<p>&nbsp;<\/p>\n<p>Naquele tempo, <sup>22<\/sup>Jesus e seus disc\u00edpulos chegaram a Betsaida. Algumas pessoas trouxeram-lhe um cego e pediram a Jesus que tocasse nele. <sup>23<\/sup>Jesus pegou o cego pela m\u00e3o, levou-o para fora do povoado, cuspiu nos olhos dele, p\u00f4s as m\u00e3os sobre ele, e perguntou: \u201cEst\u00e1s vendo alguma coisa?\u201d <sup>24<\/sup>O homem levantou os olhos e disse: \u201cEstou vendo os homens. Eles parecem \u00e1rvores que andam\u201d. <sup>25<\/sup>Ent\u00e3o Jesus voltou a p\u00f4r as m\u00e3os sobre os olhos dele e ele passou a enxergar claramente. Ficou curado, e enxergava todas as coisas com nitidez. <sup>26<\/sup>Jesus mandou o homem ir para casa, e lhe disse: \u201cN\u00e3o entres no povoado!\u201d<\/p>\n<p>&nbsp;<\/p>\n<p><strong>Reflex\u00e3o<\/strong><\/p>\n<p>&nbsp;<\/p>\n<p>Quem enxerga n\u00e3o teme obst\u00e1culos e barreiras; o cego ao inv\u00e9s, deve ser guiado. Depende da boa ou m\u00e1 vontade de algu\u00e9m que possa ajuda-lo ou engan\u00e1-lo, conduzi-lo por uma estrada errada ou faz\u00ea-lo cair. Felizes os que enxergam, mesmo que n\u00e3o enxergam da mesma maneira. Tem quem v\u00ea bem, existem pessoas m\u00edopes e outros que enxergam de modo embara\u00e7ado. O mesmo acontece na vida espiritual. Tamb\u00e9m aqui parece que existem alguns que s\u00e3o totalmente cegos, que decidem tomando como base o julgamento dos outros, conforme a opini\u00e3o p\u00fablica. Existem os m\u00edopes, concentrados somente naquilo que lhe diz respeito, indiferentes aos grandes problemas da humanidade. As pessoas adoram contar vantagem de sua liberdade de pensamento, mas isso \u00e9 pura ilus\u00e3o. \u00c9 melhor tomar consci\u00eancia do quanto somos influenciados pela opini\u00e3o dos outros nas escolhas e nas rela\u00e7\u00f5es: e seria interessante se estes nos conduzissem a Cristo, para podermos receber a verdadeira vis\u00e3o das coisas. O pobre cego cansado de ser conduzido de c\u00e1 e de l\u00e1 pelas pessoas \u00e9 conduzido agora por Jesus para fora da multid\u00e3o. \u00c9 somente Jesus que agora o conduz para o destino certo. Quando precisamos da dire\u00e7\u00e3o certa, muitos nos querem conduzir, mas somente Cristo deseja iluminar o nosso cora\u00e7\u00e3o com a luz da consci\u00eancia pura, a \u00fanica que nos faz testemunhas acima de tudo e de todos, porque esta consci\u00eancia pura est\u00e1 em Cristo. A vis\u00e3o espiritual se conquista e cresce progressivamente. N\u00f3s precisamos ter consci\u00eancia das pessoas. As pessoas n\u00e3o s\u00e3o como coisas, n\u00e3o s\u00e3o n\u00fameros sem vida. Precisamos de calor humano e de amizade.<\/p>\n<p><strong>Pe. Paulo Eduardo J\u00e1como, SDB.<\/strong><\/p>\n","protected":false},"excerpt":{"rendered":"<p>Quarta-feira, 19 de fevereiro de 2025. &nbsp; Evangelho (Mc 8,22-26) &nbsp; \u201cFicou curado e enxergava todas as coisas com nitidez\u201d &nbsp; Naquele tempo, 22Jesus e&#8230;<\/p>\n","protected":false},"author":1,"featured_media":11838,"comment_status":"closed","ping_status":"closed","sticky":false,"template":"","format":"standard","meta":{"_acf_changed":false,"footnotes":""},"categories":[13],"tags":[],"class_list":["post-11837","post","type-post","status-publish","format-standard","has-post-thumbnail","hentry","category-reflexaodoevagelho"],"acf":[],"yoast_head":"<!-- This site is optimized with the Yoast SEO plugin v27.3 - https:\/\/yoast.com\/product\/yoast-seo-wordpress\/ -->\n<title>19\/02 - Ficou curado e enxergava todas as coisas com nitidez. - Pastoral Universit\u00e1ria UniSALESIANO<\/title>\n<meta name=\"robots\" content=\"index, follow, max-snippet:-1, max-image-preview:large, max-video-preview:-1\" \/>\n<link rel=\"canonical\" href=\"https:\/\/unisale.com.br\/pastoral\/19-02-ficou-curado-e-enxergava-todas-as-coisas-com-nitidez\/\" \/>\n<meta property=\"og:locale\" content=\"pt_BR\" \/>\n<meta property=\"og:type\" content=\"article\" \/>\n<meta property=\"og:title\" content=\"19\/02 - Ficou curado e enxergava todas as coisas com nitidez. - Pastoral Universit\u00e1ria UniSALESIANO\" \/>\n<meta property=\"og:description\" content=\"Quarta-feira, 19 de fevereiro de 2025. &nbsp; Evangelho (Mc 8,22-26) &nbsp; \u201cFicou curado e enxergava todas as coisas com nitidez\u201d &nbsp; Naquele tempo, 22Jesus e...\" \/>\n<meta property=\"og:url\" content=\"https:\/\/unisale.com.br\/pastoral\/19-02-ficou-curado-e-enxergava-todas-as-coisas-com-nitidez\/\" \/>\n<meta property=\"og:site_name\" content=\"Pastoral Universit\u00e1ria UniSALESIANO\" \/>\n<meta property=\"article:published_time\" content=\"2025-01-23T11:32:46+00:00\" \/>\n<meta property=\"og:image\" content=\"https:\/\/unisale.com.br\/pastoral\/wp-content\/uploads\/2025\/01\/Naquele-tempo-35Joao-estava-de-novo-com-dois-de-seus-discipulos-36e-vendo-Jesus-passar-disse-Eis-o-Cordeiro-de-Deus-37Ouvindo-essas-palavras-os-dois-discipulos-seguiram-Jesus.-38Voltando-se-1.png\" \/>\n\t<meta property=\"og:image:width\" content=\"1080\" \/>\n\t<meta property=\"og:image:height\" content=\"1080\" \/>\n\t<meta property=\"og:image:type\" content=\"image\/png\" \/>\n<meta name=\"author\" content=\"pastoral\" \/>\n<meta name=\"twitter:card\" content=\"summary_large_image\" \/>\n<meta name=\"twitter:label1\" content=\"Escrito por\" \/>\n\t<meta name=\"twitter:data1\" content=\"pastoral\" \/>\n\t<meta name=\"twitter:label2\" content=\"Est. tempo de leitura\" \/>\n\t<meta name=\"twitter:data2\" content=\"3 minutos\" \/>\n<script type=\"application\/ld+json\" class=\"yoast-schema-graph\">{\"@context\":\"https:\\\/\\\/schema.org\",\"@graph\":[{\"@type\":\"Article\",\"@id\":\"https:\\\/\\\/unisale.com.br\\\/pastoral\\\/19-02-ficou-curado-e-enxergava-todas-as-coisas-com-nitidez\\\/#article\",\"isPartOf\":{\"@id\":\"https:\\\/\\\/unisale.com.br\\\/pastoral\\\/19-02-ficou-curado-e-enxergava-todas-as-coisas-com-nitidez\\\/\"},\"author\":{\"name\":\"pastoral\",\"@id\":\"https:\\\/\\\/unisale.com.br\\\/pastoral\\\/#\\\/schema\\\/person\\\/a16ba711a0f7dec9cb6b44563144d5a3\"},\"headline\":\"19\\\/02 &#8211; Ficou curado e enxergava todas as coisas com nitidez.\",\"datePublished\":\"2025-01-23T11:32:46+00:00\",\"mainEntityOfPage\":{\"@id\":\"https:\\\/\\\/unisale.com.br\\\/pastoral\\\/19-02-ficou-curado-e-enxergava-todas-as-coisas-com-nitidez\\\/\"},\"wordCount\":441,\"image\":{\"@id\":\"https:\\\/\\\/unisale.com.br\\\/pastoral\\\/19-02-ficou-curado-e-enxergava-todas-as-coisas-com-nitidez\\\/#primaryimage\"},\"thumbnailUrl\":\"https:\\\/\\\/unisale.com.br\\\/pastoral\\\/wp-content\\\/uploads\\\/2025\\\/01\\\/Naquele-tempo-35Joao-estava-de-novo-com-dois-de-seus-discipulos-36e-vendo-Jesus-passar-disse-Eis-o-Cordeiro-de-Deus-37Ouvindo-essas-palavras-os-dois-discipulos-seguiram-Jesus.-38Voltando-se-1.jpg\",\"articleSection\":[\"Reflex\u00e3o do Evangelho\"],\"inLanguage\":\"pt-BR\"},{\"@type\":\"WebPage\",\"@id\":\"https:\\\/\\\/unisale.com.br\\\/pastoral\\\/19-02-ficou-curado-e-enxergava-todas-as-coisas-com-nitidez\\\/\",\"url\":\"https:\\\/\\\/unisale.com.br\\\/pastoral\\\/19-02-ficou-curado-e-enxergava-todas-as-coisas-com-nitidez\\\/\",\"name\":\"19\\\/02 - Ficou curado e enxergava todas as coisas com nitidez. - Pastoral Universit\u00e1ria UniSALESIANO\",\"isPartOf\":{\"@id\":\"https:\\\/\\\/unisale.com.br\\\/pastoral\\\/#website\"},\"primaryImageOfPage\":{\"@id\":\"https:\\\/\\\/unisale.com.br\\\/pastoral\\\/19-02-ficou-curado-e-enxergava-todas-as-coisas-com-nitidez\\\/#primaryimage\"},\"image\":{\"@id\":\"https:\\\/\\\/unisale.com.br\\\/pastoral\\\/19-02-ficou-curado-e-enxergava-todas-as-coisas-com-nitidez\\\/#primaryimage\"},\"thumbnailUrl\":\"https:\\\/\\\/unisale.com.br\\\/pastoral\\\/wp-content\\\/uploads\\\/2025\\\/01\\\/Naquele-tempo-35Joao-estava-de-novo-com-dois-de-seus-discipulos-36e-vendo-Jesus-passar-disse-Eis-o-Cordeiro-de-Deus-37Ouvindo-essas-palavras-os-dois-discipulos-seguiram-Jesus.-38Voltando-se-1.jpg\",\"datePublished\":\"2025-01-23T11:32:46+00:00\",\"author\":{\"@id\":\"https:\\\/\\\/unisale.com.br\\\/pastoral\\\/#\\\/schema\\\/person\\\/a16ba711a0f7dec9cb6b44563144d5a3\"},\"inLanguage\":\"pt-BR\",\"potentialAction\":[{\"@type\":\"ReadAction\",\"target\":[\"https:\\\/\\\/unisale.com.br\\\/pastoral\\\/19-02-ficou-curado-e-enxergava-todas-as-coisas-com-nitidez\\\/\"]}]},{\"@type\":\"ImageObject\",\"inLanguage\":\"pt-BR\",\"@id\":\"https:\\\/\\\/unisale.com.br\\\/pastoral\\\/19-02-ficou-curado-e-enxergava-todas-as-coisas-com-nitidez\\\/#primaryimage\",\"url\":\"https:\\\/\\\/unisale.com.br\\\/pastoral\\\/wp-content\\\/uploads\\\/2025\\\/01\\\/Naquele-tempo-35Joao-estava-de-novo-com-dois-de-seus-discipulos-36e-vendo-Jesus-passar-disse-Eis-o-Cordeiro-de-Deus-37Ouvindo-essas-palavras-os-dois-discipulos-seguiram-Jesus.-38Voltando-se-1.jpg\",\"contentUrl\":\"https:\\\/\\\/unisale.com.br\\\/pastoral\\\/wp-content\\\/uploads\\\/2025\\\/01\\\/Naquele-tempo-35Joao-estava-de-novo-com-dois-de-seus-discipulos-36e-vendo-Jesus-passar-disse-Eis-o-Cordeiro-de-Deus-37Ouvindo-essas-palavras-os-dois-discipulos-seguiram-Jesus.-38Voltando-se-1.jpg\",\"width\":500,\"height\":500},{\"@type\":\"WebSite\",\"@id\":\"https:\\\/\\\/unisale.com.br\\\/pastoral\\\/#website\",\"url\":\"https:\\\/\\\/unisale.com.br\\\/pastoral\\\/\",\"name\":\"Pastoral Universit\u00e1ria UniSALESIANO\",\"description\":\"Site da Pastoral Universit\u00e1ria do UniSALESIANO\",\"potentialAction\":[{\"@type\":\"SearchAction\",\"target\":{\"@type\":\"EntryPoint\",\"urlTemplate\":\"https:\\\/\\\/unisale.com.br\\\/pastoral\\\/?s={search_term_string}\"},\"query-input\":{\"@type\":\"PropertyValueSpecification\",\"valueRequired\":true,\"valueName\":\"search_term_string\"}}],\"inLanguage\":\"pt-BR\"},{\"@type\":\"Person\",\"@id\":\"https:\\\/\\\/unisale.com.br\\\/pastoral\\\/#\\\/schema\\\/person\\\/a16ba711a0f7dec9cb6b44563144d5a3\",\"name\":\"pastoral\",\"url\":\"https:\\\/\\\/unisale.com.br\\\/pastoral\\\/author\\\/pastoral\\\/\"}]}<\/script>\n<!-- \/ Yoast SEO plugin. -->","yoast_head_json":{"title":"19\/02 - Ficou curado e enxergava todas as coisas com nitidez. - Pastoral Universit\u00e1ria UniSALESIANO","robots":{"index":"index","follow":"follow","max-snippet":"max-snippet:-1","max-image-preview":"max-image-preview:large","max-video-preview":"max-video-preview:-1"},"canonical":"https:\/\/unisale.com.br\/pastoral\/19-02-ficou-curado-e-enxergava-todas-as-coisas-com-nitidez\/","og_locale":"pt_BR","og_type":"article","og_title":"19\/02 - Ficou curado e enxergava todas as coisas com nitidez. - Pastoral Universit\u00e1ria UniSALESIANO","og_description":"Quarta-feira, 19 de fevereiro de 2025. &nbsp; Evangelho (Mc 8,22-26) &nbsp; \u201cFicou curado e enxergava todas as coisas com nitidez\u201d &nbsp; Naquele tempo, 22Jesus e...","og_url":"https:\/\/unisale.com.br\/pastoral\/19-02-ficou-curado-e-enxergava-todas-as-coisas-com-nitidez\/","og_site_name":"Pastoral Universit\u00e1ria UniSALESIANO","article_published_time":"2025-01-23T11:32:46+00:00","og_image":[{"width":1080,"height":1080,"url":"https:\/\/unisale.com.br\/pastoral\/wp-content\/uploads\/2025\/01\/Naquele-tempo-35Joao-estava-de-novo-com-dois-de-seus-discipulos-36e-vendo-Jesus-passar-disse-Eis-o-Cordeiro-de-Deus-37Ouvindo-essas-palavras-os-dois-discipulos-seguiram-Jesus.-38Voltando-se-1.png","type":"image\/png"}],"author":"pastoral","twitter_card":"summary_large_image","twitter_misc":{"Escrito por":"pastoral","Est. tempo de leitura":"3 minutos"},"schema":{"@context":"https:\/\/schema.org","@graph":[{"@type":"Article","@id":"https:\/\/unisale.com.br\/pastoral\/19-02-ficou-curado-e-enxergava-todas-as-coisas-com-nitidez\/#article","isPartOf":{"@id":"https:\/\/unisale.com.br\/pastoral\/19-02-ficou-curado-e-enxergava-todas-as-coisas-com-nitidez\/"},"author":{"name":"pastoral","@id":"https:\/\/unisale.com.br\/pastoral\/#\/schema\/person\/a16ba711a0f7dec9cb6b44563144d5a3"},"headline":"19\/02 &#8211; Ficou curado e enxergava todas as coisas com nitidez.","datePublished":"2025-01-23T11:32:46+00:00","mainEntityOfPage":{"@id":"https:\/\/unisale.com.br\/pastoral\/19-02-ficou-curado-e-enxergava-todas-as-coisas-com-nitidez\/"},"wordCount":441,"image":{"@id":"https:\/\/unisale.com.br\/pastoral\/19-02-ficou-curado-e-enxergava-todas-as-coisas-com-nitidez\/#primaryimage"},"thumbnailUrl":"https:\/\/unisale.com.br\/pastoral\/wp-content\/uploads\/2025\/01\/Naquele-tempo-35Joao-estava-de-novo-com-dois-de-seus-discipulos-36e-vendo-Jesus-passar-disse-Eis-o-Cordeiro-de-Deus-37Ouvindo-essas-palavras-os-dois-discipulos-seguiram-Jesus.-38Voltando-se-1.jpg","articleSection":["Reflex\u00e3o do Evangelho"],"inLanguage":"pt-BR"},{"@type":"WebPage","@id":"https:\/\/unisale.com.br\/pastoral\/19-02-ficou-curado-e-enxergava-todas-as-coisas-com-nitidez\/","url":"https:\/\/unisale.com.br\/pastoral\/19-02-ficou-curado-e-enxergava-todas-as-coisas-com-nitidez\/","name":"19\/02 - Ficou curado e enxergava todas as coisas com nitidez. - Pastoral Universit\u00e1ria UniSALESIANO","isPartOf":{"@id":"https:\/\/unisale.com.br\/pastoral\/#website"},"primaryImageOfPage":{"@id":"https:\/\/unisale.com.br\/pastoral\/19-02-ficou-curado-e-enxergava-todas-as-coisas-com-nitidez\/#primaryimage"},"image":{"@id":"https:\/\/unisale.com.br\/pastoral\/19-02-ficou-curado-e-enxergava-todas-as-coisas-com-nitidez\/#primaryimage"},"thumbnailUrl":"https:\/\/unisale.com.br\/pastoral\/wp-content\/uploads\/2025\/01\/Naquele-tempo-35Joao-estava-de-novo-com-dois-de-seus-discipulos-36e-vendo-Jesus-passar-disse-Eis-o-Cordeiro-de-Deus-37Ouvindo-essas-palavras-os-dois-discipulos-seguiram-Jesus.-38Voltando-se-1.jpg","datePublished":"2025-01-23T11:32:46+00:00","author":{"@id":"https:\/\/unisale.com.br\/pastoral\/#\/schema\/person\/a16ba711a0f7dec9cb6b44563144d5a3"},"inLanguage":"pt-BR","potentialAction":[{"@type":"ReadAction","target":["https:\/\/unisale.com.br\/pastoral\/19-02-ficou-curado-e-enxergava-todas-as-coisas-com-nitidez\/"]}]},{"@type":"ImageObject","inLanguage":"pt-BR","@id":"https:\/\/unisale.com.br\/pastoral\/19-02-ficou-curado-e-enxergava-todas-as-coisas-com-nitidez\/#primaryimage","url":"https:\/\/unisale.com.br\/pastoral\/wp-content\/uploads\/2025\/01\/Naquele-tempo-35Joao-estava-de-novo-com-dois-de-seus-discipulos-36e-vendo-Jesus-passar-disse-Eis-o-Cordeiro-de-Deus-37Ouvindo-essas-palavras-os-dois-discipulos-seguiram-Jesus.-38Voltando-se-1.jpg","contentUrl":"https:\/\/unisale.com.br\/pastoral\/wp-content\/uploads\/2025\/01\/Naquele-tempo-35Joao-estava-de-novo-com-dois-de-seus-discipulos-36e-vendo-Jesus-passar-disse-Eis-o-Cordeiro-de-Deus-37Ouvindo-essas-palavras-os-dois-discipulos-seguiram-Jesus.-38Voltando-se-1.jpg","width":500,"height":500},{"@type":"WebSite","@id":"https:\/\/unisale.com.br\/pastoral\/#website","url":"https:\/\/unisale.com.br\/pastoral\/","name":"Pastoral Universit\u00e1ria UniSALESIANO","description":"Site da Pastoral Universit\u00e1ria do UniSALESIANO","potentialAction":[{"@type":"SearchAction","target":{"@type":"EntryPoint","urlTemplate":"https:\/\/unisale.com.br\/pastoral\/?s={search_term_string}"},"query-input":{"@type":"PropertyValueSpecification","valueRequired":true,"valueName":"search_term_string"}}],"inLanguage":"pt-BR"},{"@type":"Person","@id":"https:\/\/unisale.com.br\/pastoral\/#\/schema\/person\/a16ba711a0f7dec9cb6b44563144d5a3","name":"pastoral","url":"https:\/\/unisale.com.br\/pastoral\/author\/pastoral\/"}]}},"_links":{"self":[{"href":"https:\/\/unisale.com.br\/pastoral\/wp-json\/wp\/v2\/posts\/11837","targetHints":{"allow":["GET"]}}],"collection":[{"href":"https:\/\/unisale.com.br\/pastoral\/wp-json\/wp\/v2\/posts"}],"about":[{"href":"https:\/\/unisale.com.br\/pastoral\/wp-json\/wp\/v2\/types\/post"}],"author":[{"embeddable":true,"href":"https:\/\/unisale.com.br\/pastoral\/wp-json\/wp\/v2\/users\/1"}],"replies":[{"embeddable":true,"href":"https:\/\/unisale.com.br\/pastoral\/wp-json\/wp\/v2\/comments?post=11837"}],"version-history":[{"count":1,"href":"https:\/\/unisale.com.br\/pastoral\/wp-json\/wp\/v2\/posts\/11837\/revisions"}],"predecessor-version":[{"id":11839,"href":"https:\/\/unisale.com.br\/pastoral\/wp-json\/wp\/v2\/posts\/11837\/revisions\/11839"}],"wp:featuredmedia":[{"embeddable":true,"href":"https:\/\/unisale.com.br\/pastoral\/wp-json\/wp\/v2\/media\/11838"}],"wp:attachment":[{"href":"https:\/\/unisale.com.br\/pastoral\/wp-json\/wp\/v2\/media?parent=11837"}],"wp:term":[{"taxonomy":"category","embeddable":true,"href":"https:\/\/unisale.com.br\/pastoral\/wp-json\/wp\/v2\/categories?post=11837"},{"taxonomy":"post_tag","embeddable":true,"href":"https:\/\/unisale.com.br\/pastoral\/wp-json\/wp\/v2\/tags?post=11837"}],"curies":[{"name":"wp","href":"https:\/\/api.w.org\/{rel}","templated":true}]}}