{"id":11853,"date":"2025-01-23T12:02:50","date_gmt":"2025-01-23T12:02:50","guid":{"rendered":"https:\/\/unisale.com.br\/pastoral\/?p=11853"},"modified":"2025-01-23T12:03:09","modified_gmt":"2025-01-23T12:03:09","slug":"24-02-tudo-e-possivel-para-quem-tem-fe","status":"publish","type":"post","link":"https:\/\/unisale.com.br\/pastoral\/24-02-tudo-e-possivel-para-quem-tem-fe\/","title":{"rendered":"24\/02 &#8211; Tudo \u00e9 poss\u00edvel para quem tem f\u00e9."},"content":{"rendered":"<p>Segunda-feira, 24 de fevereiro de 2025.<\/p>\n<p>&nbsp;<\/p>\n<p>Evangelho (Mc 9,14-29)<\/p>\n<p>&nbsp;<\/p>\n<p><strong>\u201cTudo \u00e9 poss\u00edvel para quem tem f\u00e9\u201d<\/strong><\/p>\n<p>&nbsp;<\/p>\n<p>Naquele tempo, <sup>14<\/sup>descendo Jesus do monte com Pedro, Tiago e Jo\u00e3o e chegando perto dos outros disc\u00edpulos, viram que estavam rodeados por uma grande multid\u00e3o. Alguns mestres da Lei estavam discutindo com eles. <sup>15<\/sup>Logo que a multid\u00e3o viu Jesus, ficou surpresa e correu para saud\u00e1-lo. <sup>16<\/sup>Jesus perguntou aos disc\u00edpulos: \u201cQue discutis com eles?\u201d <sup>17<\/sup>Algu\u00e9m na multid\u00e3o respondeu: \u201cMestre, eu trouxe a ti meu filho que tem um esp\u00edrito mudo. <sup>18<\/sup>Cada vez que o esp\u00edrito o ataca, joga-o no ch\u00e3o e ele come\u00e7a a espumar, range os dentes e fica completamente rijo. Eu pedi aos teus disc\u00edpulos para expulsarem o esp\u00edrito, mas eles n\u00e3o conseguiram\u201d. <sup>19<\/sup>Jesus disse: \u00d3 gera\u00e7\u00e3o incr\u00e9dula! At\u00e9 quando estarei convosco? At\u00e9 quando terei de suportar-vos? Trazei aqui o menino\u201d. <sup>20<\/sup>E levaram-lhe o menino. Quando o esp\u00edrito viu Jesus, sacudiu violentamente o menino, que caiu no ch\u00e3o e come\u00e7ou a rolar e a espumar pela boca. <sup>21<\/sup>Jesus perguntou ao pai: \u201cDesde quando ele est\u00e1 assim?\u201d O pai respondeu: \u201cDesde crian\u00e7a. <sup>22<\/sup>E muitas vezes, o esp\u00edrito j\u00e1 o lan\u00e7ou no fogo e na \u00e1gua para mat\u00e1-lo. Se podes fazer alguma coisa, tem piedade de n\u00f3s e ajuda-nos\u201d. <sup>23<\/sup>Jesus disse: \u201cSe podes!&#8230; Tudo \u00e9 poss\u00edvel para quem tem f\u00e9\u201d. <sup>24<\/sup>O pai do menino disse em alta voz: \u201cEu tenho f\u00e9, mas ajuda a minha falta de f\u00e9\u201d. <sup>25<\/sup>Jesus viu que a multid\u00e3o acorria para junto dele. Ent\u00e3o ordenou ao esp\u00edrito impuro: \u201cEsp\u00edrito mudo e surdo, eu te ordeno que saias do menino e nunca mais entres nele\u201d. <sup>26<\/sup>O esp\u00edrito sacudiu o menino com viol\u00eancia, deu um grito e saiu. O menino ficou como morto, e por isso todos diziam: \u201cEle morreu!\u201d <sup>27<\/sup>Mas Jesus pegou a m\u00e3o do menino, levantou-o e o menino ficou de p\u00e9. <sup>28<\/sup>Depois que Jesus entrou em casa, os disc\u00edpulos lhe perguntaram a s\u00f3s: \u201cPor que n\u00f3s n\u00e3o conseguimos expulsar o esp\u00edrito?\u201d <sup>29<\/sup>Jesus respondeu: \u201cEssa esp\u00e9cie de dem\u00f4nios n\u00e3o pode ser expulsa de nenhum modo, a n\u00e3o ser pela ora\u00e7\u00e3o\u201d.<\/p>\n<p>&nbsp;<\/p>\n<p><strong>Reflex\u00e3o<\/strong><\/p>\n<p>&nbsp;<\/p>\n<p>A B\u00edblia diz que os homens n\u00e3o sofrem influ\u00eancia somente dos outros homens, mas tamb\u00e9m dos esp\u00edritos bons e dos esp\u00edritos ruins. Os esp\u00edritos bons aumentam a nossa liberdade, os ruins a limitam ou destroem. A presen\u00e7a do esp\u00edrito imundo no evangelho muitas vezes tem car\u00e1ter de doen\u00e7a. As causas das doen\u00e7as residem na maior parte das vezes no corpo, mas as causas tamb\u00e9m podem residir na alma: preocupa\u00e7\u00f5es, frustra\u00e7\u00f5es, introvers\u00e3o&#8230; Tamb\u00e9m quando as causas s\u00e3o espirituais, \u00e9 como se a desordem interior se transformasse em sintoma doentio. Nesta passagem do evangelho \u00e9 descrito o sintoma da epilepsia. Quem pode dizer que a causa deste mal seja somente f\u00edsica? Todo mal possui ra\u00edzes mais profundas. Na farm\u00e1cia n\u00f3s compramos medicamentos. Nas igrejas se exorta ao jejum e \u00e0 ora\u00e7\u00e3o. Parem dois mundos com nada em comum. Mas Deus n\u00e3o criou duas realidades separadas, uma material e outra espiritual. A separa\u00e7\u00e3o que existe entre o c\u00e9u e a terra n\u00e3o vem da cria\u00e7\u00e3o, mas do pecado. A reden\u00e7\u00e3o de Cristo cancela esta separa\u00e7\u00e3o. Tamb\u00e9m n\u00f3s, com a nossa f\u00e9, participamos da obra redentora de Cristo, e esta f\u00e9 refor\u00e7a toda vez que aceitamos, junto a Cristo, a sua cruz e a sua obedi\u00eancia ao Pai. Este \u201csim\u201d o pronunciamos com o jejum e a ora\u00e7\u00e3o. S\u00e3o meios que vencem o mal e curam progressivamente a raiz de todas as doen\u00e7as.<\/p>\n<p><strong>Pe. Paulo Eduardo J\u00e1como, SDB.<\/strong><\/p>\n","protected":false},"excerpt":{"rendered":"<p>Segunda-feira, 24 de fevereiro de 2025. &nbsp; Evangelho (Mc 9,14-29) &nbsp; \u201cTudo \u00e9 poss\u00edvel para quem tem f\u00e9\u201d &nbsp; Naquele tempo, 14descendo Jesus do monte&#8230;<\/p>\n","protected":false},"author":1,"featured_media":11854,"comment_status":"closed","ping_status":"closed","sticky":false,"template":"","format":"standard","meta":{"_acf_changed":false,"footnotes":""},"categories":[13],"tags":[],"class_list":["post-11853","post","type-post","status-publish","format-standard","has-post-thumbnail","hentry","category-reflexaodoevagelho"],"acf":[],"yoast_head":"<!-- This site is optimized with the Yoast SEO plugin v27.3 - https:\/\/yoast.com\/product\/yoast-seo-wordpress\/ -->\n<title>24\/02 - Tudo \u00e9 poss\u00edvel para quem tem f\u00e9. - Pastoral Universit\u00e1ria UniSALESIANO<\/title>\n<meta name=\"robots\" content=\"index, follow, max-snippet:-1, max-image-preview:large, max-video-preview:-1\" \/>\n<link rel=\"canonical\" href=\"https:\/\/unisale.com.br\/pastoral\/24-02-tudo-e-possivel-para-quem-tem-fe\/\" \/>\n<meta property=\"og:locale\" content=\"pt_BR\" \/>\n<meta property=\"og:type\" content=\"article\" \/>\n<meta property=\"og:title\" content=\"24\/02 - Tudo \u00e9 poss\u00edvel para quem tem f\u00e9. - Pastoral Universit\u00e1ria UniSALESIANO\" \/>\n<meta property=\"og:description\" content=\"Segunda-feira, 24 de fevereiro de 2025. &nbsp; Evangelho (Mc 9,14-29) &nbsp; \u201cTudo \u00e9 poss\u00edvel para quem tem f\u00e9\u201d &nbsp; Naquele tempo, 14descendo Jesus do monte...\" \/>\n<meta property=\"og:url\" content=\"https:\/\/unisale.com.br\/pastoral\/24-02-tudo-e-possivel-para-quem-tem-fe\/\" \/>\n<meta property=\"og:site_name\" content=\"Pastoral Universit\u00e1ria UniSALESIANO\" \/>\n<meta property=\"article:published_time\" content=\"2025-01-23T12:02:50+00:00\" \/>\n<meta property=\"article:modified_time\" content=\"2025-01-23T12:03:09+00:00\" \/>\n<meta property=\"og:image\" content=\"https:\/\/unisale.com.br\/pastoral\/wp-content\/uploads\/2025\/01\/Naquele-tempo-35Joao-estava-de-novo-com-dois-de-seus-discipulos-36e-vendo-Jesus-passar-disse-Eis-o-Cordeiro-de-Deus-37Ouvindo-essas-palavras-os-dois-discipulos-seguiram-Jesus.-38Voltand-5-3.png\" \/>\n\t<meta property=\"og:image:width\" content=\"1080\" \/>\n\t<meta property=\"og:image:height\" content=\"1080\" \/>\n\t<meta property=\"og:image:type\" content=\"image\/png\" \/>\n<meta name=\"author\" content=\"pastoral\" \/>\n<meta name=\"twitter:card\" content=\"summary_large_image\" \/>\n<meta name=\"twitter:label1\" content=\"Escrito por\" \/>\n\t<meta name=\"twitter:data1\" content=\"pastoral\" \/>\n\t<meta name=\"twitter:label2\" content=\"Est. tempo de leitura\" \/>\n\t<meta name=\"twitter:data2\" content=\"4 minutos\" \/>\n<script type=\"application\/ld+json\" class=\"yoast-schema-graph\">{\"@context\":\"https:\\\/\\\/schema.org\",\"@graph\":[{\"@type\":\"Article\",\"@id\":\"https:\\\/\\\/unisale.com.br\\\/pastoral\\\/24-02-tudo-e-possivel-para-quem-tem-fe\\\/#article\",\"isPartOf\":{\"@id\":\"https:\\\/\\\/unisale.com.br\\\/pastoral\\\/24-02-tudo-e-possivel-para-quem-tem-fe\\\/\"},\"author\":{\"name\":\"pastoral\",\"@id\":\"https:\\\/\\\/unisale.com.br\\\/pastoral\\\/#\\\/schema\\\/person\\\/a16ba711a0f7dec9cb6b44563144d5a3\"},\"headline\":\"24\\\/02 &#8211; Tudo \u00e9 poss\u00edvel para quem tem f\u00e9.\",\"datePublished\":\"2025-01-23T12:02:50+00:00\",\"dateModified\":\"2025-01-23T12:03:09+00:00\",\"mainEntityOfPage\":{\"@id\":\"https:\\\/\\\/unisale.com.br\\\/pastoral\\\/24-02-tudo-e-possivel-para-quem-tem-fe\\\/\"},\"wordCount\":662,\"image\":{\"@id\":\"https:\\\/\\\/unisale.com.br\\\/pastoral\\\/24-02-tudo-e-possivel-para-quem-tem-fe\\\/#primaryimage\"},\"thumbnailUrl\":\"https:\\\/\\\/unisale.com.br\\\/pastoral\\\/wp-content\\\/uploads\\\/2025\\\/01\\\/Naquele-tempo-35Joao-estava-de-novo-com-dois-de-seus-discipulos-36e-vendo-Jesus-passar-disse-Eis-o-Cordeiro-de-Deus-37Ouvindo-essas-palavras-os-dois-discipulos-seguiram-Jesus.-38Voltand-5-3.jpg\",\"articleSection\":[\"Reflex\u00e3o do Evangelho\"],\"inLanguage\":\"pt-BR\"},{\"@type\":\"WebPage\",\"@id\":\"https:\\\/\\\/unisale.com.br\\\/pastoral\\\/24-02-tudo-e-possivel-para-quem-tem-fe\\\/\",\"url\":\"https:\\\/\\\/unisale.com.br\\\/pastoral\\\/24-02-tudo-e-possivel-para-quem-tem-fe\\\/\",\"name\":\"24\\\/02 - Tudo \u00e9 poss\u00edvel para quem tem f\u00e9. - Pastoral Universit\u00e1ria UniSALESIANO\",\"isPartOf\":{\"@id\":\"https:\\\/\\\/unisale.com.br\\\/pastoral\\\/#website\"},\"primaryImageOfPage\":{\"@id\":\"https:\\\/\\\/unisale.com.br\\\/pastoral\\\/24-02-tudo-e-possivel-para-quem-tem-fe\\\/#primaryimage\"},\"image\":{\"@id\":\"https:\\\/\\\/unisale.com.br\\\/pastoral\\\/24-02-tudo-e-possivel-para-quem-tem-fe\\\/#primaryimage\"},\"thumbnailUrl\":\"https:\\\/\\\/unisale.com.br\\\/pastoral\\\/wp-content\\\/uploads\\\/2025\\\/01\\\/Naquele-tempo-35Joao-estava-de-novo-com-dois-de-seus-discipulos-36e-vendo-Jesus-passar-disse-Eis-o-Cordeiro-de-Deus-37Ouvindo-essas-palavras-os-dois-discipulos-seguiram-Jesus.-38Voltand-5-3.jpg\",\"datePublished\":\"2025-01-23T12:02:50+00:00\",\"dateModified\":\"2025-01-23T12:03:09+00:00\",\"author\":{\"@id\":\"https:\\\/\\\/unisale.com.br\\\/pastoral\\\/#\\\/schema\\\/person\\\/a16ba711a0f7dec9cb6b44563144d5a3\"},\"inLanguage\":\"pt-BR\",\"potentialAction\":[{\"@type\":\"ReadAction\",\"target\":[\"https:\\\/\\\/unisale.com.br\\\/pastoral\\\/24-02-tudo-e-possivel-para-quem-tem-fe\\\/\"]}]},{\"@type\":\"ImageObject\",\"inLanguage\":\"pt-BR\",\"@id\":\"https:\\\/\\\/unisale.com.br\\\/pastoral\\\/24-02-tudo-e-possivel-para-quem-tem-fe\\\/#primaryimage\",\"url\":\"https:\\\/\\\/unisale.com.br\\\/pastoral\\\/wp-content\\\/uploads\\\/2025\\\/01\\\/Naquele-tempo-35Joao-estava-de-novo-com-dois-de-seus-discipulos-36e-vendo-Jesus-passar-disse-Eis-o-Cordeiro-de-Deus-37Ouvindo-essas-palavras-os-dois-discipulos-seguiram-Jesus.-38Voltand-5-3.jpg\",\"contentUrl\":\"https:\\\/\\\/unisale.com.br\\\/pastoral\\\/wp-content\\\/uploads\\\/2025\\\/01\\\/Naquele-tempo-35Joao-estava-de-novo-com-dois-de-seus-discipulos-36e-vendo-Jesus-passar-disse-Eis-o-Cordeiro-de-Deus-37Ouvindo-essas-palavras-os-dois-discipulos-seguiram-Jesus.-38Voltand-5-3.jpg\",\"width\":500,\"height\":500},{\"@type\":\"WebSite\",\"@id\":\"https:\\\/\\\/unisale.com.br\\\/pastoral\\\/#website\",\"url\":\"https:\\\/\\\/unisale.com.br\\\/pastoral\\\/\",\"name\":\"Pastoral Universit\u00e1ria UniSALESIANO\",\"description\":\"Site da Pastoral Universit\u00e1ria do UniSALESIANO\",\"potentialAction\":[{\"@type\":\"SearchAction\",\"target\":{\"@type\":\"EntryPoint\",\"urlTemplate\":\"https:\\\/\\\/unisale.com.br\\\/pastoral\\\/?s={search_term_string}\"},\"query-input\":{\"@type\":\"PropertyValueSpecification\",\"valueRequired\":true,\"valueName\":\"search_term_string\"}}],\"inLanguage\":\"pt-BR\"},{\"@type\":\"Person\",\"@id\":\"https:\\\/\\\/unisale.com.br\\\/pastoral\\\/#\\\/schema\\\/person\\\/a16ba711a0f7dec9cb6b44563144d5a3\",\"name\":\"pastoral\",\"url\":\"https:\\\/\\\/unisale.com.br\\\/pastoral\\\/author\\\/pastoral\\\/\"}]}<\/script>\n<!-- \/ Yoast SEO plugin. -->","yoast_head_json":{"title":"24\/02 - Tudo \u00e9 poss\u00edvel para quem tem f\u00e9. - Pastoral Universit\u00e1ria UniSALESIANO","robots":{"index":"index","follow":"follow","max-snippet":"max-snippet:-1","max-image-preview":"max-image-preview:large","max-video-preview":"max-video-preview:-1"},"canonical":"https:\/\/unisale.com.br\/pastoral\/24-02-tudo-e-possivel-para-quem-tem-fe\/","og_locale":"pt_BR","og_type":"article","og_title":"24\/02 - Tudo \u00e9 poss\u00edvel para quem tem f\u00e9. - Pastoral Universit\u00e1ria UniSALESIANO","og_description":"Segunda-feira, 24 de fevereiro de 2025. &nbsp; Evangelho (Mc 9,14-29) &nbsp; \u201cTudo \u00e9 poss\u00edvel para quem tem f\u00e9\u201d &nbsp; Naquele tempo, 14descendo Jesus do monte...","og_url":"https:\/\/unisale.com.br\/pastoral\/24-02-tudo-e-possivel-para-quem-tem-fe\/","og_site_name":"Pastoral Universit\u00e1ria UniSALESIANO","article_published_time":"2025-01-23T12:02:50+00:00","article_modified_time":"2025-01-23T12:03:09+00:00","og_image":[{"width":1080,"height":1080,"url":"https:\/\/unisale.com.br\/pastoral\/wp-content\/uploads\/2025\/01\/Naquele-tempo-35Joao-estava-de-novo-com-dois-de-seus-discipulos-36e-vendo-Jesus-passar-disse-Eis-o-Cordeiro-de-Deus-37Ouvindo-essas-palavras-os-dois-discipulos-seguiram-Jesus.-38Voltand-5-3.png","type":"image\/png"}],"author":"pastoral","twitter_card":"summary_large_image","twitter_misc":{"Escrito por":"pastoral","Est. tempo de leitura":"4 minutos"},"schema":{"@context":"https:\/\/schema.org","@graph":[{"@type":"Article","@id":"https:\/\/unisale.com.br\/pastoral\/24-02-tudo-e-possivel-para-quem-tem-fe\/#article","isPartOf":{"@id":"https:\/\/unisale.com.br\/pastoral\/24-02-tudo-e-possivel-para-quem-tem-fe\/"},"author":{"name":"pastoral","@id":"https:\/\/unisale.com.br\/pastoral\/#\/schema\/person\/a16ba711a0f7dec9cb6b44563144d5a3"},"headline":"24\/02 &#8211; Tudo \u00e9 poss\u00edvel para quem tem f\u00e9.","datePublished":"2025-01-23T12:02:50+00:00","dateModified":"2025-01-23T12:03:09+00:00","mainEntityOfPage":{"@id":"https:\/\/unisale.com.br\/pastoral\/24-02-tudo-e-possivel-para-quem-tem-fe\/"},"wordCount":662,"image":{"@id":"https:\/\/unisale.com.br\/pastoral\/24-02-tudo-e-possivel-para-quem-tem-fe\/#primaryimage"},"thumbnailUrl":"https:\/\/unisale.com.br\/pastoral\/wp-content\/uploads\/2025\/01\/Naquele-tempo-35Joao-estava-de-novo-com-dois-de-seus-discipulos-36e-vendo-Jesus-passar-disse-Eis-o-Cordeiro-de-Deus-37Ouvindo-essas-palavras-os-dois-discipulos-seguiram-Jesus.-38Voltand-5-3.jpg","articleSection":["Reflex\u00e3o do Evangelho"],"inLanguage":"pt-BR"},{"@type":"WebPage","@id":"https:\/\/unisale.com.br\/pastoral\/24-02-tudo-e-possivel-para-quem-tem-fe\/","url":"https:\/\/unisale.com.br\/pastoral\/24-02-tudo-e-possivel-para-quem-tem-fe\/","name":"24\/02 - Tudo \u00e9 poss\u00edvel para quem tem f\u00e9. - Pastoral Universit\u00e1ria UniSALESIANO","isPartOf":{"@id":"https:\/\/unisale.com.br\/pastoral\/#website"},"primaryImageOfPage":{"@id":"https:\/\/unisale.com.br\/pastoral\/24-02-tudo-e-possivel-para-quem-tem-fe\/#primaryimage"},"image":{"@id":"https:\/\/unisale.com.br\/pastoral\/24-02-tudo-e-possivel-para-quem-tem-fe\/#primaryimage"},"thumbnailUrl":"https:\/\/unisale.com.br\/pastoral\/wp-content\/uploads\/2025\/01\/Naquele-tempo-35Joao-estava-de-novo-com-dois-de-seus-discipulos-36e-vendo-Jesus-passar-disse-Eis-o-Cordeiro-de-Deus-37Ouvindo-essas-palavras-os-dois-discipulos-seguiram-Jesus.-38Voltand-5-3.jpg","datePublished":"2025-01-23T12:02:50+00:00","dateModified":"2025-01-23T12:03:09+00:00","author":{"@id":"https:\/\/unisale.com.br\/pastoral\/#\/schema\/person\/a16ba711a0f7dec9cb6b44563144d5a3"},"inLanguage":"pt-BR","potentialAction":[{"@type":"ReadAction","target":["https:\/\/unisale.com.br\/pastoral\/24-02-tudo-e-possivel-para-quem-tem-fe\/"]}]},{"@type":"ImageObject","inLanguage":"pt-BR","@id":"https:\/\/unisale.com.br\/pastoral\/24-02-tudo-e-possivel-para-quem-tem-fe\/#primaryimage","url":"https:\/\/unisale.com.br\/pastoral\/wp-content\/uploads\/2025\/01\/Naquele-tempo-35Joao-estava-de-novo-com-dois-de-seus-discipulos-36e-vendo-Jesus-passar-disse-Eis-o-Cordeiro-de-Deus-37Ouvindo-essas-palavras-os-dois-discipulos-seguiram-Jesus.-38Voltand-5-3.jpg","contentUrl":"https:\/\/unisale.com.br\/pastoral\/wp-content\/uploads\/2025\/01\/Naquele-tempo-35Joao-estava-de-novo-com-dois-de-seus-discipulos-36e-vendo-Jesus-passar-disse-Eis-o-Cordeiro-de-Deus-37Ouvindo-essas-palavras-os-dois-discipulos-seguiram-Jesus.-38Voltand-5-3.jpg","width":500,"height":500},{"@type":"WebSite","@id":"https:\/\/unisale.com.br\/pastoral\/#website","url":"https:\/\/unisale.com.br\/pastoral\/","name":"Pastoral Universit\u00e1ria UniSALESIANO","description":"Site da Pastoral Universit\u00e1ria do UniSALESIANO","potentialAction":[{"@type":"SearchAction","target":{"@type":"EntryPoint","urlTemplate":"https:\/\/unisale.com.br\/pastoral\/?s={search_term_string}"},"query-input":{"@type":"PropertyValueSpecification","valueRequired":true,"valueName":"search_term_string"}}],"inLanguage":"pt-BR"},{"@type":"Person","@id":"https:\/\/unisale.com.br\/pastoral\/#\/schema\/person\/a16ba711a0f7dec9cb6b44563144d5a3","name":"pastoral","url":"https:\/\/unisale.com.br\/pastoral\/author\/pastoral\/"}]}},"_links":{"self":[{"href":"https:\/\/unisale.com.br\/pastoral\/wp-json\/wp\/v2\/posts\/11853","targetHints":{"allow":["GET"]}}],"collection":[{"href":"https:\/\/unisale.com.br\/pastoral\/wp-json\/wp\/v2\/posts"}],"about":[{"href":"https:\/\/unisale.com.br\/pastoral\/wp-json\/wp\/v2\/types\/post"}],"author":[{"embeddable":true,"href":"https:\/\/unisale.com.br\/pastoral\/wp-json\/wp\/v2\/users\/1"}],"replies":[{"embeddable":true,"href":"https:\/\/unisale.com.br\/pastoral\/wp-json\/wp\/v2\/comments?post=11853"}],"version-history":[{"count":1,"href":"https:\/\/unisale.com.br\/pastoral\/wp-json\/wp\/v2\/posts\/11853\/revisions"}],"predecessor-version":[{"id":11855,"href":"https:\/\/unisale.com.br\/pastoral\/wp-json\/wp\/v2\/posts\/11853\/revisions\/11855"}],"wp:featuredmedia":[{"embeddable":true,"href":"https:\/\/unisale.com.br\/pastoral\/wp-json\/wp\/v2\/media\/11854"}],"wp:attachment":[{"href":"https:\/\/unisale.com.br\/pastoral\/wp-json\/wp\/v2\/media?parent=11853"}],"wp:term":[{"taxonomy":"category","embeddable":true,"href":"https:\/\/unisale.com.br\/pastoral\/wp-json\/wp\/v2\/categories?post=11853"},{"taxonomy":"post_tag","embeddable":true,"href":"https:\/\/unisale.com.br\/pastoral\/wp-json\/wp\/v2\/tags?post=11853"}],"curies":[{"name":"wp","href":"https:\/\/api.w.org\/{rel}","templated":true}]}}